{"id":43012,"date":"2024-01-14T18:38:36","date_gmt":"2024-01-14T18:38:36","guid":{"rendered":"https:\/\/permbledhja.com\/?p=43012"},"modified":"2024-01-14T18:38:36","modified_gmt":"2024-01-14T18:38:36","slug":"evropa-i-frikesohet-rikthimit-te-trumpit-ne-shtepine-e-bardhe","status":"publish","type":"post","link":"https:\/\/permbledhja.com\/sq\/evropa-i-frikesohet-rikthimit-te-trumpit-ne-shtepine-e-bardhe\/","title":{"rendered":"Evropa i frik\u00ebsohet rikthimit t\u00eb Trumpit n\u00eb Sht\u00ebpin\u00eb e Bardh\u00eb"},"content":{"rendered":"<h3>Ish-presidenti amerikan Donald Trump u kthye shkurtimisht si nj\u00eb personazh qendror n\u00eb politik\u00ebn evropiane n\u00eb fillim t\u00eb k\u00ebsaj jave.<\/h3>\n<p>Sipas shefit t\u00eb tregut t\u00eb brendsh\u00ebm t\u00eb Bashkimit Evropian, Thierry Breton, Trump i tha Presidentes s\u00eb Komisionit Evropian Ursula von der Leyen n\u00eb vitin 2020 se \u201cn\u00ebse Europa \u00ebsht\u00eb n\u00ebn sulm, ne nuk do t\u00eb vijm\u00eb kurr\u00eb p\u00ebr t\u2019ju ndihmuar dhe p\u00ebr t\u2019ju mb\u00ebshtetur\u201d, shkruan CNN, transmeton Klankosova.tv.<\/p>\n<p>V\u00ebrejtjet e Bretonit gjat\u00eb nj\u00eb ngjarjeje n\u00eb Parlamentin Evropian erdh\u00ebn m\u00eb pak se nj\u00eb jav\u00eb p\u00ebrpara zgjedhjeve t\u00eb Io\u00ebas dhe fillimit t\u00eb votimit n\u00eb zgjedhjet presidenciale republikane t\u00eb SHBA-s\u00eb, t\u00eb cilat Trump pritet gjer\u00ebsisht t\u00eb fitoj\u00eb.<\/p>\n<p>Ato gjithashtu p\u00ebrkonin me propozimin e Bretonit p\u00ebr nj\u00eb fond prej 100 miliard\u00eb eurosh p\u00ebr t\u00eb forcuar prodhimin e municioneve n\u00eb t\u00eb gjith\u00eb bllokun \u2013 nj\u00eb fakt q\u00eb nuk humbet p\u00ebr kritik\u00ebt e tij.<\/p>\n<p>Shum\u00eb zyrtar\u00eb dhe diplomat\u00eb t\u00eb BE-s\u00eb vun\u00eb n\u00eb dukje p\u00ebr CNN se kujtimi i tij i papritur erdhi n\u00eb nj\u00eb koh\u00eb ve\u00e7an\u00ebrisht t\u00eb ndjeshme, nd\u00ebrsa BE-ja p\u00ebrpiqet t\u00eb nd\u00ebrtoj\u00eb aft\u00ebsit\u00eb e veta mbrojt\u00ebse jasht\u00eb aleanc\u00ebs s\u00eb NATO-s t\u00eb udh\u00ebhequr nga SHBA.<\/p>\n<p>Nuk \u00ebsht\u00eb sekret q\u00eb rezervat e municioneve n\u00eb t\u00eb gjith\u00eb vendet an\u00ebtare t\u00eb NATO-s jan\u00eb varf\u00ebruar p\u00ebr shkak t\u00eb mb\u00ebshtetjes ushtarake per\u00ebndimore p\u00ebr Ukrain\u00ebn.<\/p>\n<p>N\u00ebse Trump i b\u00ebri k\u00ebto komente apo jo, \u00ebsht\u00eb kryesisht e par\u00ebnd\u00ebsishme p\u00ebr zyrtar\u00ebt evropian\u00eb. Pik\u00ebpamjet e ish-presidentit p\u00ebr rolin historik t\u00eb Amerik\u00ebs n\u00eb sigurin\u00eb evropiane jan\u00eb t\u00eb njohura.<\/p>\n<p>Gjat\u00eb presidenc\u00ebs s\u00eb tij, Trump foli rregullisht p\u00ebr heqjen e fondeve t\u00eb NATO-s, duke komplimentuar gjithashtu lider\u00ebt autoritar\u00eb, duke p\u00ebrfshir\u00eb Vladimir Putinin e Rusis\u00eb, t\u00eb cil\u00ebt konsiderohen si kund\u00ebrshtar\u00eb t\u00eb s\u00eb nj\u00ebjt\u00ebs aleanc\u00eb ushtarake.<\/p>\n<p>Duke kujtuar q\u00eb Trump ka k\u00ebt\u00eb q\u00ebndrim dhe fakti se ai mund t\u00eb kthehet s\u00eb shpejti n\u00eb Sht\u00ebpin\u00eb e Bardh\u00eb, mund t\u00eb shkaktojn\u00eb shqet\u00ebsim dhe ankth t\u00eb v\u00ebrtet\u00eb n\u00eb Bruksel.<\/p>\n","protected":false},"excerpt":{"rendered":"<p>Ish-presidenti amerikan Donald Trump u kthye shkurtimisht si nj\u00eb personazh qendror n\u00eb politik\u00ebn evropiane n\u00eb fillim t\u00eb k\u00ebsaj jave. Sipas shefit t\u00eb tregut t\u00eb brendsh\u00ebm t\u00eb Bashkimit Evropian, Thierry Breton, Trump i tha Presidentes s\u00eb Komisionit Evropian Ursula von der Leyen n\u00eb vitin 2020 se \u201cn\u00ebse Europa \u00ebsht\u00eb n\u00ebn sulm, ne nuk do t\u00eb vijm\u00eb [&hellip;]<\/p>\n","protected":false},"author":2,"featured_media":43013,"comment_status":"closed","ping_status":"closed","sticky":false,"template":"","format":"standard","meta":{"_monsterinsights_skip_tracking":false,"_monsterinsights_sitenote_active":false,"_monsterinsights_sitenote_note":"","_monsterinsights_sitenote_category":0,"_uf_show_specific_survey":0,"_uf_disable_surveys":false,"footnotes":""},"categories":[2645],"tags":[2917],"yoast_head":"<!-- This site is optimized with the Yoast SEO plugin v21.5 - https:\/\/yoast.com\/wordpress\/plugins\/seo\/ -->\n<title>Evropa i frik\u00ebsohet rikthimit t\u00eb Trumpit n\u00eb Sht\u00ebpin\u00eb e Bardh\u00eb<\/title>\n<meta name=\"robots\" content=\"index, follow, max-snippet:-1, max-image-preview:large, max-video-preview:-1\" \/>\n<link rel=\"canonical\" href=\"https:\/\/permbledhja.com\/sq\/evropa-i-frikesohet-rikthimit-te-trumpit-ne-shtepine-e-bardhe\/\" \/>\n<meta property=\"og:locale\" content=\"sq_AL\" \/>\n<meta property=\"og:type\" content=\"article\" \/>\n<meta property=\"og:title\" content=\"Evropa i frik\u00ebsohet rikthimit t\u00eb Trumpit n\u00eb Sht\u00ebpin\u00eb e Bardh\u00eb\" \/>\n<meta property=\"og:description\" content=\"Ish-presidenti amerikan Donald Trump u kthye shkurtimisht si nj\u00eb personazh qendror n\u00eb politik\u00ebn evropiane n\u00eb fillim t\u00eb k\u00ebsaj jave. Sipas shefit t\u00eb tregut t\u00eb brendsh\u00ebm t\u00eb Bashkimit Evropian, Thierry Breton, Trump i tha Presidentes s\u00eb Komisionit Evropian Ursula von der Leyen n\u00eb vitin 2020 se \u201cn\u00ebse Europa \u00ebsht\u00eb n\u00ebn sulm, ne nuk do t\u00eb vijm\u00eb [&hellip;]\" \/>\n<meta property=\"og:url\" content=\"https:\/\/permbledhja.com\/sq\/evropa-i-frikesohet-rikthimit-te-trumpit-ne-shtepine-e-bardhe\/\" \/>\n<meta property=\"og:site_name\" content=\"Ve\u00e7 artikuj p\u00ebrmbledh\u00ebs\" \/>\n<meta property=\"article:publisher\" content=\"https:\/\/www.facebook.com\/press07\/\" \/>\n<meta property=\"article:published_time\" content=\"2024-01-14T18:38:36+00:00\" \/>\n<meta property=\"og:image\" content=\"https:\/\/permbledhja.com\/wp-content\/uploads\/2024\/01\/Donald-Trump-1.jpg\" \/>\n\t<meta property=\"og:image:width\" content=\"840\" \/>\n\t<meta property=\"og:image:height\" content=\"570\" \/>\n\t<meta property=\"og:image:type\" content=\"image\/jpeg\" \/>\n<meta name=\"author\" content=\"M M\" \/>\n<meta name=\"twitter:card\" content=\"summary_large_image\" \/>\n<meta name=\"twitter:label1\" content=\"Written by\" \/>\n\t<meta name=\"twitter:data1\" content=\"M M\" \/>\n\t<meta name=\"twitter:label2\" content=\"Est. reading time\" \/>\n\t<meta name=\"twitter:data2\" content=\"2 minuta\" \/>\n<script type=\"application\/ld+json\" class=\"yoast-schema-graph\">{\"@context\":\"https:\/\/schema.org\",\"@graph\":[{\"@type\":\"Article\",\"@id\":\"https:\/\/permbledhja.com\/evropa-i-frikesohet-rikthimit-te-trumpit-ne-shtepine-e-bardhe\/#article\",\"isPartOf\":{\"@id\":\"https:\/\/permbledhja.com\/evropa-i-frikesohet-rikthimit-te-trumpit-ne-shtepine-e-bardhe\/\"},\"author\":{\"name\":\"M M\",\"@id\":\"https:\/\/permbledhja.com\/#\/schema\/person\/d23f13f59b5722643933d6780783acf3\"},\"headline\":\"Evropa i frik\u00ebsohet rikthimit t\u00eb Trumpit n\u00eb Sht\u00ebpin\u00eb e Bardh\u00eb\",\"datePublished\":\"2024-01-14T18:38:36+00:00\",\"dateModified\":\"2024-01-14T18:38:36+00:00\",\"mainEntityOfPage\":{\"@id\":\"https:\/\/permbledhja.com\/evropa-i-frikesohet-rikthimit-te-trumpit-ne-shtepine-e-bardhe\/\"},\"wordCount\":365,\"publisher\":{\"@id\":\"https:\/\/permbledhja.com\/#organization\"},\"keywords\":[\"Donald Trump\"],\"articleSection\":[\"T\u00eb r\u00ebnd\u00ebsishme\"],\"inLanguage\":\"sq\"},{\"@type\":\"WebPage\",\"@id\":\"https:\/\/permbledhja.com\/evropa-i-frikesohet-rikthimit-te-trumpit-ne-shtepine-e-bardhe\/\",\"url\":\"https:\/\/permbledhja.com\/evropa-i-frikesohet-rikthimit-te-trumpit-ne-shtepine-e-bardhe\/\",\"name\":\"Evropa i frik\u00ebsohet rikthimit t\u00eb Trumpit n\u00eb Sht\u00ebpin\u00eb e Bardh\u00eb\",\"isPartOf\":{\"@id\":\"https:\/\/permbledhja.com\/#website\"},\"datePublished\":\"2024-01-14T18:38:36+00:00\",\"dateModified\":\"2024-01-14T18:38:36+00:00\",\"breadcrumb\":{\"@id\":\"https:\/\/permbledhja.com\/evropa-i-frikesohet-rikthimit-te-trumpit-ne-shtepine-e-bardhe\/#breadcrumb\"},\"inLanguage\":\"sq\",\"potentialAction\":[{\"@type\":\"ReadAction\",\"target\":[\"https:\/\/permbledhja.com\/evropa-i-frikesohet-rikthimit-te-trumpit-ne-shtepine-e-bardhe\/\"]}]},{\"@type\":\"BreadcrumbList\",\"@id\":\"https:\/\/permbledhja.com\/evropa-i-frikesohet-rikthimit-te-trumpit-ne-shtepine-e-bardhe\/#breadcrumb\",\"itemListElement\":[{\"@type\":\"ListItem\",\"position\":1,\"name\":\"Ballina\",\"item\":\"https:\/\/permbledhja.com\/sq\/\"},{\"@type\":\"ListItem\",\"position\":2,\"name\":\"Evropa i frik\u00ebsohet rikthimit t\u00eb Trumpit n\u00eb Sht\u00ebpin\u00eb e Bardh\u00eb\"}]},{\"@type\":\"WebSite\",\"@id\":\"https:\/\/permbledhja.com\/#website\",\"url\":\"https:\/\/permbledhja.com\/\",\"name\":\"Ve\u00e7 artikuj p\u00ebrmbledh\u00ebs\",\"description\":\"\",\"publisher\":{\"@id\":\"https:\/\/permbledhja.com\/#organization\"},\"potentialAction\":[{\"@type\":\"SearchAction\",\"target\":{\"@type\":\"EntryPoint\",\"urlTemplate\":\"https:\/\/permbledhja.com\/?s={search_term_string}\"},\"query-input\":\"required name=search_term_string\"}],\"inLanguage\":\"sq\"},{\"@type\":\"Organization\",\"@id\":\"https:\/\/permbledhja.com\/#organization\",\"name\":\"MK Media & Pr\",\"url\":\"https:\/\/permbledhja.com\/\",\"logo\":{\"@type\":\"ImageObject\",\"inLanguage\":\"sq\",\"@id\":\"https:\/\/permbledhja.com\/#\/schema\/logo\/image\/\",\"url\":\"https:\/\/permbledhja.com\/wp-content\/uploads\/2021\/12\/07-Press-Logo.jpg\",\"contentUrl\":\"https:\/\/permbledhja.com\/wp-content\/uploads\/2021\/12\/07-Press-Logo.jpg\",\"width\":512,\"height\":512,\"caption\":\"MK Media & Pr\"},\"image\":{\"@id\":\"https:\/\/permbledhja.com\/#\/schema\/logo\/image\/\"},\"sameAs\":[\"https:\/\/www.facebook.com\/press07\/\"]},{\"@type\":\"Person\",\"@id\":\"https:\/\/permbledhja.com\/#\/schema\/person\/d23f13f59b5722643933d6780783acf3\",\"name\":\"M M\",\"image\":{\"@type\":\"ImageObject\",\"inLanguage\":\"sq\",\"@id\":\"https:\/\/permbledhja.com\/#\/schema\/person\/image\/\",\"url\":\"https:\/\/secure.gravatar.com\/avatar\/e2835a76ca7c31a2416b2d51c4ec9a8f?s=96&d=mm&r=g\",\"contentUrl\":\"https:\/\/secure.gravatar.com\/avatar\/e2835a76ca7c31a2416b2d51c4ec9a8f?s=96&d=mm&r=g\",\"caption\":\"M M\"},\"sameAs\":[\"http:\/\/MM\"],\"url\":\"https:\/\/permbledhja.com\/sq\/author\/muhamet\/\"}]}<\/script>\n<!-- \/ Yoast SEO plugin. -->","yoast_head_json":{"title":"Evropa i frik\u00ebsohet rikthimit t\u00eb Trumpit n\u00eb Sht\u00ebpin\u00eb e Bardh\u00eb","robots":{"index":"index","follow":"follow","max-snippet":"max-snippet:-1","max-image-preview":"max-image-preview:large","max-video-preview":"max-video-preview:-1"},"canonical":"https:\/\/permbledhja.com\/sq\/evropa-i-frikesohet-rikthimit-te-trumpit-ne-shtepine-e-bardhe\/","og_locale":"sq_AL","og_type":"article","og_title":"Evropa i frik\u00ebsohet rikthimit t\u00eb Trumpit n\u00eb Sht\u00ebpin\u00eb e Bardh\u00eb","og_description":"Ish-presidenti amerikan Donald Trump u kthye shkurtimisht si nj\u00eb personazh qendror n\u00eb politik\u00ebn evropiane n\u00eb fillim t\u00eb k\u00ebsaj jave. Sipas shefit t\u00eb tregut t\u00eb brendsh\u00ebm t\u00eb Bashkimit Evropian, Thierry Breton, Trump i tha Presidentes s\u00eb Komisionit Evropian Ursula von der Leyen n\u00eb vitin 2020 se \u201cn\u00ebse Europa \u00ebsht\u00eb n\u00ebn sulm, ne nuk do t\u00eb vijm\u00eb [&hellip;]","og_url":"https:\/\/permbledhja.com\/sq\/evropa-i-frikesohet-rikthimit-te-trumpit-ne-shtepine-e-bardhe\/","og_site_name":"Ve\u00e7 artikuj p\u00ebrmbledh\u00ebs","article_publisher":"https:\/\/www.facebook.com\/press07\/","article_published_time":"2024-01-14T18:38:36+00:00","og_image":[{"width":840,"height":570,"url":"https:\/\/permbledhja.com\/wp-content\/uploads\/2024\/01\/Donald-Trump-1.jpg","type":"image\/jpeg"}],"author":"M M","twitter_card":"summary_large_image","twitter_misc":{"Written by":"M M","Est. reading time":"2 minuta"},"schema":{"@context":"https:\/\/schema.org","@graph":[{"@type":"Article","@id":"https:\/\/permbledhja.com\/evropa-i-frikesohet-rikthimit-te-trumpit-ne-shtepine-e-bardhe\/#article","isPartOf":{"@id":"https:\/\/permbledhja.com\/evropa-i-frikesohet-rikthimit-te-trumpit-ne-shtepine-e-bardhe\/"},"author":{"name":"M M","@id":"https:\/\/permbledhja.com\/#\/schema\/person\/d23f13f59b5722643933d6780783acf3"},"headline":"Evropa i frik\u00ebsohet rikthimit t\u00eb Trumpit n\u00eb Sht\u00ebpin\u00eb e Bardh\u00eb","datePublished":"2024-01-14T18:38:36+00:00","dateModified":"2024-01-14T18:38:36+00:00","mainEntityOfPage":{"@id":"https:\/\/permbledhja.com\/evropa-i-frikesohet-rikthimit-te-trumpit-ne-shtepine-e-bardhe\/"},"wordCount":365,"publisher":{"@id":"https:\/\/permbledhja.com\/#organization"},"keywords":["Donald Trump"],"articleSection":["T\u00eb r\u00ebnd\u00ebsishme"],"inLanguage":"sq"},{"@type":"WebPage","@id":"https:\/\/permbledhja.com\/evropa-i-frikesohet-rikthimit-te-trumpit-ne-shtepine-e-bardhe\/","url":"https:\/\/permbledhja.com\/evropa-i-frikesohet-rikthimit-te-trumpit-ne-shtepine-e-bardhe\/","name":"Evropa i frik\u00ebsohet rikthimit t\u00eb Trumpit n\u00eb Sht\u00ebpin\u00eb e Bardh\u00eb","isPartOf":{"@id":"https:\/\/permbledhja.com\/#website"},"datePublished":"2024-01-14T18:38:36+00:00","dateModified":"2024-01-14T18:38:36+00:00","breadcrumb":{"@id":"https:\/\/permbledhja.com\/evropa-i-frikesohet-rikthimit-te-trumpit-ne-shtepine-e-bardhe\/#breadcrumb"},"inLanguage":"sq","potentialAction":[{"@type":"ReadAction","target":["https:\/\/permbledhja.com\/evropa-i-frikesohet-rikthimit-te-trumpit-ne-shtepine-e-bardhe\/"]}]},{"@type":"BreadcrumbList","@id":"https:\/\/permbledhja.com\/evropa-i-frikesohet-rikthimit-te-trumpit-ne-shtepine-e-bardhe\/#breadcrumb","itemListElement":[{"@type":"ListItem","position":1,"name":"Ballina","item":"https:\/\/permbledhja.com\/sq\/"},{"@type":"ListItem","position":2,"name":"Evropa i frik\u00ebsohet rikthimit t\u00eb Trumpit n\u00eb Sht\u00ebpin\u00eb e Bardh\u00eb"}]},{"@type":"WebSite","@id":"https:\/\/permbledhja.com\/#website","url":"https:\/\/permbledhja.com\/","name":"Ve\u00e7 artikuj p\u00ebrmbledh\u00ebs","description":"","publisher":{"@id":"https:\/\/permbledhja.com\/#organization"},"potentialAction":[{"@type":"SearchAction","target":{"@type":"EntryPoint","urlTemplate":"https:\/\/permbledhja.com\/?s={search_term_string}"},"query-input":"required name=search_term_string"}],"inLanguage":"sq"},{"@type":"Organization","@id":"https:\/\/permbledhja.com\/#organization","name":"MK Media & Pr","url":"https:\/\/permbledhja.com\/","logo":{"@type":"ImageObject","inLanguage":"sq","@id":"https:\/\/permbledhja.com\/#\/schema\/logo\/image\/","url":"https:\/\/permbledhja.com\/wp-content\/uploads\/2021\/12\/07-Press-Logo.jpg","contentUrl":"https:\/\/permbledhja.com\/wp-content\/uploads\/2021\/12\/07-Press-Logo.jpg","width":512,"height":512,"caption":"MK Media & Pr"},"image":{"@id":"https:\/\/permbledhja.com\/#\/schema\/logo\/image\/"},"sameAs":["https:\/\/www.facebook.com\/press07\/"]},{"@type":"Person","@id":"https:\/\/permbledhja.com\/#\/schema\/person\/d23f13f59b5722643933d6780783acf3","name":"M M","image":{"@type":"ImageObject","inLanguage":"sq","@id":"https:\/\/permbledhja.com\/#\/schema\/person\/image\/","url":"https:\/\/secure.gravatar.com\/avatar\/e2835a76ca7c31a2416b2d51c4ec9a8f?s=96&d=mm&r=g","contentUrl":"https:\/\/secure.gravatar.com\/avatar\/e2835a76ca7c31a2416b2d51c4ec9a8f?s=96&d=mm&r=g","caption":"M M"},"sameAs":["http:\/\/MM"],"url":"https:\/\/permbledhja.com\/sq\/author\/muhamet\/"}]}},"_links":{"self":[{"href":"https:\/\/permbledhja.com\/sq\/wp-json\/wp\/v2\/posts\/43012"}],"collection":[{"href":"https:\/\/permbledhja.com\/sq\/wp-json\/wp\/v2\/posts"}],"about":[{"href":"https:\/\/permbledhja.com\/sq\/wp-json\/wp\/v2\/types\/post"}],"author":[{"embeddable":true,"href":"https:\/\/permbledhja.com\/sq\/wp-json\/wp\/v2\/users\/2"}],"replies":[{"embeddable":true,"href":"https:\/\/permbledhja.com\/sq\/wp-json\/wp\/v2\/comments?post=43012"}],"version-history":[{"count":1,"href":"https:\/\/permbledhja.com\/sq\/wp-json\/wp\/v2\/posts\/43012\/revisions"}],"predecessor-version":[{"id":43014,"href":"https:\/\/permbledhja.com\/sq\/wp-json\/wp\/v2\/posts\/43012\/revisions\/43014"}],"wp:featuredmedia":[{"embeddable":true,"href":"https:\/\/permbledhja.com\/sq\/wp-json\/wp\/v2\/media\/43013"}],"wp:attachment":[{"href":"https:\/\/permbledhja.com\/sq\/wp-json\/wp\/v2\/media?parent=43012"}],"wp:term":[{"taxonomy":"category","embeddable":true,"href":"https:\/\/permbledhja.com\/sq\/wp-json\/wp\/v2\/categories?post=43012"},{"taxonomy":"post_tag","embeddable":true,"href":"https:\/\/permbledhja.com\/sq\/wp-json\/wp\/v2\/tags?post=43012"}],"curies":[{"name":"wp","href":"https:\/\/api.w.org\/{rel}","templated":true}]}}