{"id":43006,"date":"2024-01-14T18:04:29","date_gmt":"2024-01-14T18:04:29","guid":{"rendered":"https:\/\/permbledhja.com\/?p=43006"},"modified":"2024-01-14T18:04:29","modified_gmt":"2024-01-14T18:04:29","slug":"albin-kurti-viziton-pranvera-badivukun-ka-lene-gjurme-te-pashlyeshme-ne-trashegimine-muzikore-te-kosoves","status":"publish","type":"post","link":"https:\/\/permbledhja.com\/sq\/albin-kurti-viziton-pranvera-badivukun-ka-lene-gjurme-te-pashlyeshme-ne-trashegimine-muzikore-te-kosoves\/","title":{"rendered":"Albin Kurti viziton Pranvera Badivukun: Ka l\u00ebn\u00eb gjurm\u00eb t\u00eb pashlyeshme n\u00eb trash\u00ebgimin\u00eb muzikore t\u00eb Kosov\u00ebs"},"content":{"rendered":"<h3>Kryeministri i Kosov\u00ebs, Albin Kurti sot ka vizituar Pranvera Badivukun, nj\u00ebr\u00ebn nd\u00ebr kompozitoret e para t\u00eb Kosov\u00ebs.<\/h3>\n<p>Ai \u00ebsht\u00eb shprehur i g\u00ebzuar, q\u00eb si\u00e7 u shpreh, me gjith\u00eb mosh\u00ebn, Badivukun ishte mir\u00eb me sh\u00ebndet dhe e g\u00ebzueshme.<\/p>\n<p>\u201cPasditen e s\u00eb diel\u00ebs e kaluam me Pranvera Badivukun, nj\u00ebr\u00ebn nd\u00ebr kompozitoret e para t\u00eb Kosov\u00ebs. U g\u00ebzova shum\u00eb q\u00eb me gjith\u00eb mosh\u00ebn, ishte mir\u00eb me sh\u00ebndet dhe e g\u00ebzueshme. P\u00ebr m\u00eb tep\u00ebr, na tregoi q\u00eb nuk i mungon as vullneti p\u00ebr t\u00eb krijuar. P\u00ebrher\u00eb e k\u00ebndshme n\u00eb bised\u00eb dhe mir\u00ebkuptuese n\u00eb kritik\u00eb muzikore, Pranvera me shum\u00eb emocion fliste p\u00ebr dashurin\u00eb dhe disiplin\u00ebn n\u00eb pun\u00eb, si n\u00eb shkoll\u00eb ashtu edhe n\u00eb Radio Televizionin e Prishtin\u00ebs. Krijimet e saj vazhdojn\u00eb t\u2019i q\u00ebndrojn\u00eb koh\u00ebs\u201d, ka shkruar Kurti.<\/p>\n<p>Ai p\u00ebrmes nj\u00eb postimi n\u00eb Facebook tha se Pranvera Badivuku ka l\u00ebn\u00eb gjurm\u00eb t\u00eb pashlyeshme n\u00eb trash\u00ebgimin\u00eb muzikore t\u00eb Kosov\u00ebs, p\u00ebrcjell Klankosova.tv.<\/p>\n<p>\u201cPranvera Badivuku ka l\u00ebn\u00eb gjurm\u00eb t\u00eb pashlyeshme n\u00eb trash\u00ebgimin\u00eb muzikore t\u00eb Kosov\u00ebs. Kompozimet e saj jan\u00eb shp\u00ebrblyer me pes\u00eb \u201cOkarina t\u00eb arta\u201d n\u00eb \u201cAkordet e Kosov\u00ebs\u201d dhe shum\u00eb \u00e7mime e pjes\u00ebmarrje n\u00eb festivale brenda dhe jasht\u00eb vendit. Krijimet e saj jan\u00eb interpretuar nga emra t\u00eb m\u00ebdhenj t\u00eb sken\u00ebs son\u00eb muzikore, nga Nexhmije Pagarusha, Esat Bicurri, Liljana \u00c7avolli, Shpresa Gashi, Bashkim Pa\u00e7uku, Sebahate B\u00ebrlajolli e deri te k\u00ebng\u00ebtar\u00ebt e brezave m\u00eb t\u00eb ri\u201d.<\/p>\n<p>\u201cVepra e saj \u201cE kujtoj at\u00eb takim\u201d e krijuar fiks para 50 vitesh, do t\u00eb vazhdoj\u00eb t\u00eb mbetet himn i k\u00ebng\u00ebs shqipe. Edhe takimin e bised\u00ebn ton\u00eb shum\u00eb t\u00eb ngroht\u00eb sot do t\u2019i kujtojm\u00eb p\u00ebrher\u00eb. Nga banesa e saj u larguam me urimin p\u00ebr sh\u00ebndet e jet\u00eb t\u00eb gjat\u00eb\u201d, shkroi tutje Kurti.<\/p>\n<p><a href=\"https:\/\/klankosova.tv\/wp-content\/uploads\/2024\/01\/Albin-Kurti-4.jpg\"><img loading=\"lazy\" decoding=\"async\" class=\"size-large wp-image-2223905\" src=\"https:\/\/klankosova.tv\/wp-content\/uploads\/2024\/01\/Albin-Kurti-4-1024x683.jpg\" sizes=\"(max-width: 640px) 100vw, 640px\" srcset=\"https:\/\/klankosova.tv\/wp-content\/uploads\/2024\/01\/Albin-Kurti-4-1024x683.jpg 1024w, https:\/\/klankosova.tv\/wp-content\/uploads\/2024\/01\/Albin-Kurti-4-300x200.jpg 300w, https:\/\/klankosova.tv\/wp-content\/uploads\/2024\/01\/Albin-Kurti-4-768x512.jpg 768w, https:\/\/klankosova.tv\/wp-content\/uploads\/2024\/01\/Albin-Kurti-4-1536x1024.jpg 1536w, https:\/\/klankosova.tv\/wp-content\/uploads\/2024\/01\/Albin-Kurti-4-220x147.jpg 220w, https:\/\/klankosova.tv\/wp-content\/uploads\/2024\/01\/Albin-Kurti-4.jpg 2048w\" alt=\"Albin Kurti\" width=\"640\" height=\"427\" \/><\/a><\/p>\n<p>&nbsp;<\/p>\n","protected":false},"excerpt":{"rendered":"<p>Kryeministri i Kosov\u00ebs, Albin Kurti sot ka vizituar Pranvera Badivukun, nj\u00ebr\u00ebn nd\u00ebr kompozitoret e para t\u00eb Kosov\u00ebs. Ai \u00ebsht\u00eb shprehur i g\u00ebzuar, q\u00eb si\u00e7 u shpreh, me gjith\u00eb mosh\u00ebn, Badivukun ishte mir\u00eb me sh\u00ebndet dhe e g\u00ebzueshme. \u201cPasditen e s\u00eb diel\u00ebs e kaluam me Pranvera Badivukun, nj\u00ebr\u00ebn nd\u00ebr kompozitoret e para t\u00eb Kosov\u00ebs. U g\u00ebzova [&hellip;]<\/p>\n","protected":false},"author":2,"featured_media":43007,"comment_status":"closed","ping_status":"closed","sticky":false,"template":"","format":"standard","meta":{"_monsterinsights_skip_tracking":false,"_monsterinsights_sitenote_active":false,"_monsterinsights_sitenote_note":"","_monsterinsights_sitenote_category":0,"_uf_show_specific_survey":0,"_uf_disable_surveys":false,"footnotes":""},"categories":[15],"tags":[86],"yoast_head":"<!-- This site is optimized with the Yoast SEO plugin v21.5 - https:\/\/yoast.com\/wordpress\/plugins\/seo\/ -->\n<title>Albin Kurti viziton Pranvera Badivukun: Ka l\u00ebn\u00eb gjurm\u00eb t\u00eb pashlyeshme n\u00eb trash\u00ebgimin\u00eb muzikore t\u00eb Kosov\u00ebs<\/title>\n<meta name=\"robots\" content=\"index, follow, max-snippet:-1, max-image-preview:large, max-video-preview:-1\" \/>\n<link rel=\"canonical\" href=\"https:\/\/permbledhja.com\/sq\/albin-kurti-viziton-pranvera-badivukun-ka-lene-gjurme-te-pashlyeshme-ne-trashegimine-muzikore-te-kosoves\/\" \/>\n<meta property=\"og:locale\" content=\"sq_AL\" \/>\n<meta property=\"og:type\" content=\"article\" \/>\n<meta property=\"og:title\" content=\"Albin Kurti viziton Pranvera Badivukun: Ka l\u00ebn\u00eb gjurm\u00eb t\u00eb pashlyeshme n\u00eb trash\u00ebgimin\u00eb muzikore t\u00eb Kosov\u00ebs\" \/>\n<meta property=\"og:description\" content=\"Kryeministri i Kosov\u00ebs, Albin Kurti sot ka vizituar Pranvera Badivukun, nj\u00ebr\u00ebn nd\u00ebr kompozitoret e para t\u00eb Kosov\u00ebs. Ai \u00ebsht\u00eb shprehur i g\u00ebzuar, q\u00eb si\u00e7 u shpreh, me gjith\u00eb mosh\u00ebn, Badivukun ishte mir\u00eb me sh\u00ebndet dhe e g\u00ebzueshme. \u201cPasditen e s\u00eb diel\u00ebs e kaluam me Pranvera Badivukun, nj\u00ebr\u00ebn nd\u00ebr kompozitoret e para t\u00eb Kosov\u00ebs. U g\u00ebzova [&hellip;]\" \/>\n<meta property=\"og:url\" content=\"https:\/\/permbledhja.com\/sq\/albin-kurti-viziton-pranvera-badivukun-ka-lene-gjurme-te-pashlyeshme-ne-trashegimine-muzikore-te-kosoves\/\" \/>\n<meta property=\"og:site_name\" content=\"Ve\u00e7 artikuj p\u00ebrmbledh\u00ebs\" \/>\n<meta property=\"article:publisher\" content=\"https:\/\/www.facebook.com\/press07\/\" \/>\n<meta property=\"article:published_time\" content=\"2024-01-14T18:04:29+00:00\" \/>\n<meta property=\"og:image\" content=\"https:\/\/permbledhja.com\/wp-content\/uploads\/2024\/01\/Albin-Kurti-dhe-Pranvera-Badivuku.jpg\" \/>\n\t<meta property=\"og:image:width\" content=\"1181\" \/>\n\t<meta property=\"og:image:height\" content=\"684\" \/>\n\t<meta property=\"og:image:type\" content=\"image\/jpeg\" \/>\n<meta name=\"author\" content=\"M M\" \/>\n<meta name=\"twitter:card\" content=\"summary_large_image\" \/>\n<meta name=\"twitter:label1\" content=\"Written by\" \/>\n\t<meta name=\"twitter:data1\" content=\"M M\" \/>\n\t<meta name=\"twitter:label2\" content=\"Est. reading time\" \/>\n\t<meta name=\"twitter:data2\" content=\"2 minuta\" \/>\n<script type=\"application\/ld+json\" class=\"yoast-schema-graph\">{\"@context\":\"https:\/\/schema.org\",\"@graph\":[{\"@type\":\"Article\",\"@id\":\"https:\/\/permbledhja.com\/sq\/albin-kurti-viziton-pranvera-badivukun-ka-lene-gjurme-te-pashlyeshme-ne-trashegimine-muzikore-te-kosoves\/#article\",\"isPartOf\":{\"@id\":\"https:\/\/permbledhja.com\/sq\/albin-kurti-viziton-pranvera-badivukun-ka-lene-gjurme-te-pashlyeshme-ne-trashegimine-muzikore-te-kosoves\/\"},\"author\":{\"name\":\"M M\",\"@id\":\"https:\/\/permbledhja.com\/#\/schema\/person\/d23f13f59b5722643933d6780783acf3\"},\"headline\":\"Albin Kurti viziton Pranvera Badivukun: Ka l\u00ebn\u00eb gjurm\u00eb t\u00eb pashlyeshme n\u00eb trash\u00ebgimin\u00eb muzikore t\u00eb Kosov\u00ebs\",\"datePublished\":\"2024-01-14T18:04:29+00:00\",\"dateModified\":\"2024-01-14T18:04:29+00:00\",\"mainEntityOfPage\":{\"@id\":\"https:\/\/permbledhja.com\/sq\/albin-kurti-viziton-pranvera-badivukun-ka-lene-gjurme-te-pashlyeshme-ne-trashegimine-muzikore-te-kosoves\/\"},\"wordCount\":342,\"publisher\":{\"@id\":\"https:\/\/permbledhja.com\/#organization\"},\"keywords\":[\"Albin Kurti\"],\"articleSection\":[\"Lajme\"],\"inLanguage\":\"sq\"},{\"@type\":\"WebPage\",\"@id\":\"https:\/\/permbledhja.com\/sq\/albin-kurti-viziton-pranvera-badivukun-ka-lene-gjurme-te-pashlyeshme-ne-trashegimine-muzikore-te-kosoves\/\",\"url\":\"https:\/\/permbledhja.com\/sq\/albin-kurti-viziton-pranvera-badivukun-ka-lene-gjurme-te-pashlyeshme-ne-trashegimine-muzikore-te-kosoves\/\",\"name\":\"Albin Kurti viziton Pranvera Badivukun: Ka l\u00ebn\u00eb gjurm\u00eb t\u00eb pashlyeshme n\u00eb trash\u00ebgimin\u00eb muzikore t\u00eb Kosov\u00ebs\",\"isPartOf\":{\"@id\":\"https:\/\/permbledhja.com\/#website\"},\"datePublished\":\"2024-01-14T18:04:29+00:00\",\"dateModified\":\"2024-01-14T18:04:29+00:00\",\"breadcrumb\":{\"@id\":\"https:\/\/permbledhja.com\/sq\/albin-kurti-viziton-pranvera-badivukun-ka-lene-gjurme-te-pashlyeshme-ne-trashegimine-muzikore-te-kosoves\/#breadcrumb\"},\"inLanguage\":\"sq\",\"potentialAction\":[{\"@type\":\"ReadAction\",\"target\":[\"https:\/\/permbledhja.com\/sq\/albin-kurti-viziton-pranvera-badivukun-ka-lene-gjurme-te-pashlyeshme-ne-trashegimine-muzikore-te-kosoves\/\"]}]},{\"@type\":\"BreadcrumbList\",\"@id\":\"https:\/\/permbledhja.com\/sq\/albin-kurti-viziton-pranvera-badivukun-ka-lene-gjurme-te-pashlyeshme-ne-trashegimine-muzikore-te-kosoves\/#breadcrumb\",\"itemListElement\":[{\"@type\":\"ListItem\",\"position\":1,\"name\":\"Ballina\",\"item\":\"https:\/\/permbledhja.com\/sq\/\"},{\"@type\":\"ListItem\",\"position\":2,\"name\":\"Albin Kurti viziton Pranvera Badivukun: Ka l\u00ebn\u00eb gjurm\u00eb t\u00eb pashlyeshme n\u00eb trash\u00ebgimin\u00eb muzikore t\u00eb Kosov\u00ebs\"}]},{\"@type\":\"WebSite\",\"@id\":\"https:\/\/permbledhja.com\/#website\",\"url\":\"https:\/\/permbledhja.com\/\",\"name\":\"Ve\u00e7 artikuj p\u00ebrmbledh\u00ebs\",\"description\":\"\",\"publisher\":{\"@id\":\"https:\/\/permbledhja.com\/#organization\"},\"potentialAction\":[{\"@type\":\"SearchAction\",\"target\":{\"@type\":\"EntryPoint\",\"urlTemplate\":\"https:\/\/permbledhja.com\/?s={search_term_string}\"},\"query-input\":\"required name=search_term_string\"}],\"inLanguage\":\"sq\"},{\"@type\":\"Organization\",\"@id\":\"https:\/\/permbledhja.com\/#organization\",\"name\":\"MK Media & Pr\",\"url\":\"https:\/\/permbledhja.com\/\",\"logo\":{\"@type\":\"ImageObject\",\"inLanguage\":\"sq\",\"@id\":\"https:\/\/permbledhja.com\/#\/schema\/logo\/image\/\",\"url\":\"https:\/\/permbledhja.com\/wp-content\/uploads\/2021\/12\/07-Press-Logo.jpg\",\"contentUrl\":\"https:\/\/permbledhja.com\/wp-content\/uploads\/2021\/12\/07-Press-Logo.jpg\",\"width\":512,\"height\":512,\"caption\":\"MK Media & Pr\"},\"image\":{\"@id\":\"https:\/\/permbledhja.com\/#\/schema\/logo\/image\/\"},\"sameAs\":[\"https:\/\/www.facebook.com\/press07\/\"]},{\"@type\":\"Person\",\"@id\":\"https:\/\/permbledhja.com\/#\/schema\/person\/d23f13f59b5722643933d6780783acf3\",\"name\":\"M M\",\"image\":{\"@type\":\"ImageObject\",\"inLanguage\":\"sq\",\"@id\":\"https:\/\/permbledhja.com\/#\/schema\/person\/image\/\",\"url\":\"https:\/\/secure.gravatar.com\/avatar\/e2835a76ca7c31a2416b2d51c4ec9a8f?s=96&d=mm&r=g\",\"contentUrl\":\"https:\/\/secure.gravatar.com\/avatar\/e2835a76ca7c31a2416b2d51c4ec9a8f?s=96&d=mm&r=g\",\"caption\":\"M M\"},\"sameAs\":[\"http:\/\/MM\"],\"url\":\"https:\/\/permbledhja.com\/sq\/author\/muhamet\/\"}]}<\/script>\n<!-- \/ Yoast SEO plugin. -->","yoast_head_json":{"title":"Albin Kurti viziton Pranvera Badivukun: Ka l\u00ebn\u00eb gjurm\u00eb t\u00eb pashlyeshme n\u00eb trash\u00ebgimin\u00eb muzikore t\u00eb Kosov\u00ebs","robots":{"index":"index","follow":"follow","max-snippet":"max-snippet:-1","max-image-preview":"max-image-preview:large","max-video-preview":"max-video-preview:-1"},"canonical":"https:\/\/permbledhja.com\/sq\/albin-kurti-viziton-pranvera-badivukun-ka-lene-gjurme-te-pashlyeshme-ne-trashegimine-muzikore-te-kosoves\/","og_locale":"sq_AL","og_type":"article","og_title":"Albin Kurti viziton Pranvera Badivukun: Ka l\u00ebn\u00eb gjurm\u00eb t\u00eb pashlyeshme n\u00eb trash\u00ebgimin\u00eb muzikore t\u00eb Kosov\u00ebs","og_description":"Kryeministri i Kosov\u00ebs, Albin Kurti sot ka vizituar Pranvera Badivukun, nj\u00ebr\u00ebn nd\u00ebr kompozitoret e para t\u00eb Kosov\u00ebs. Ai \u00ebsht\u00eb shprehur i g\u00ebzuar, q\u00eb si\u00e7 u shpreh, me gjith\u00eb mosh\u00ebn, Badivukun ishte mir\u00eb me sh\u00ebndet dhe e g\u00ebzueshme. \u201cPasditen e s\u00eb diel\u00ebs e kaluam me Pranvera Badivukun, nj\u00ebr\u00ebn nd\u00ebr kompozitoret e para t\u00eb Kosov\u00ebs. U g\u00ebzova [&hellip;]","og_url":"https:\/\/permbledhja.com\/sq\/albin-kurti-viziton-pranvera-badivukun-ka-lene-gjurme-te-pashlyeshme-ne-trashegimine-muzikore-te-kosoves\/","og_site_name":"Ve\u00e7 artikuj p\u00ebrmbledh\u00ebs","article_publisher":"https:\/\/www.facebook.com\/press07\/","article_published_time":"2024-01-14T18:04:29+00:00","og_image":[{"width":1181,"height":684,"url":"https:\/\/permbledhja.com\/wp-content\/uploads\/2024\/01\/Albin-Kurti-dhe-Pranvera-Badivuku.jpg","type":"image\/jpeg"}],"author":"M M","twitter_card":"summary_large_image","twitter_misc":{"Written by":"M M","Est. reading time":"2 minuta"},"schema":{"@context":"https:\/\/schema.org","@graph":[{"@type":"Article","@id":"https:\/\/permbledhja.com\/sq\/albin-kurti-viziton-pranvera-badivukun-ka-lene-gjurme-te-pashlyeshme-ne-trashegimine-muzikore-te-kosoves\/#article","isPartOf":{"@id":"https:\/\/permbledhja.com\/sq\/albin-kurti-viziton-pranvera-badivukun-ka-lene-gjurme-te-pashlyeshme-ne-trashegimine-muzikore-te-kosoves\/"},"author":{"name":"M M","@id":"https:\/\/permbledhja.com\/#\/schema\/person\/d23f13f59b5722643933d6780783acf3"},"headline":"Albin Kurti viziton Pranvera Badivukun: Ka l\u00ebn\u00eb gjurm\u00eb t\u00eb pashlyeshme n\u00eb trash\u00ebgimin\u00eb muzikore t\u00eb Kosov\u00ebs","datePublished":"2024-01-14T18:04:29+00:00","dateModified":"2024-01-14T18:04:29+00:00","mainEntityOfPage":{"@id":"https:\/\/permbledhja.com\/sq\/albin-kurti-viziton-pranvera-badivukun-ka-lene-gjurme-te-pashlyeshme-ne-trashegimine-muzikore-te-kosoves\/"},"wordCount":342,"publisher":{"@id":"https:\/\/permbledhja.com\/#organization"},"keywords":["Albin Kurti"],"articleSection":["Lajme"],"inLanguage":"sq"},{"@type":"WebPage","@id":"https:\/\/permbledhja.com\/sq\/albin-kurti-viziton-pranvera-badivukun-ka-lene-gjurme-te-pashlyeshme-ne-trashegimine-muzikore-te-kosoves\/","url":"https:\/\/permbledhja.com\/sq\/albin-kurti-viziton-pranvera-badivukun-ka-lene-gjurme-te-pashlyeshme-ne-trashegimine-muzikore-te-kosoves\/","name":"Albin Kurti viziton Pranvera Badivukun: Ka l\u00ebn\u00eb gjurm\u00eb t\u00eb pashlyeshme n\u00eb trash\u00ebgimin\u00eb muzikore t\u00eb Kosov\u00ebs","isPartOf":{"@id":"https:\/\/permbledhja.com\/#website"},"datePublished":"2024-01-14T18:04:29+00:00","dateModified":"2024-01-14T18:04:29+00:00","breadcrumb":{"@id":"https:\/\/permbledhja.com\/sq\/albin-kurti-viziton-pranvera-badivukun-ka-lene-gjurme-te-pashlyeshme-ne-trashegimine-muzikore-te-kosoves\/#breadcrumb"},"inLanguage":"sq","potentialAction":[{"@type":"ReadAction","target":["https:\/\/permbledhja.com\/sq\/albin-kurti-viziton-pranvera-badivukun-ka-lene-gjurme-te-pashlyeshme-ne-trashegimine-muzikore-te-kosoves\/"]}]},{"@type":"BreadcrumbList","@id":"https:\/\/permbledhja.com\/sq\/albin-kurti-viziton-pranvera-badivukun-ka-lene-gjurme-te-pashlyeshme-ne-trashegimine-muzikore-te-kosoves\/#breadcrumb","itemListElement":[{"@type":"ListItem","position":1,"name":"Ballina","item":"https:\/\/permbledhja.com\/sq\/"},{"@type":"ListItem","position":2,"name":"Albin Kurti viziton Pranvera Badivukun: Ka l\u00ebn\u00eb gjurm\u00eb t\u00eb pashlyeshme n\u00eb trash\u00ebgimin\u00eb muzikore t\u00eb Kosov\u00ebs"}]},{"@type":"WebSite","@id":"https:\/\/permbledhja.com\/#website","url":"https:\/\/permbledhja.com\/","name":"Ve\u00e7 artikuj p\u00ebrmbledh\u00ebs","description":"","publisher":{"@id":"https:\/\/permbledhja.com\/#organization"},"potentialAction":[{"@type":"SearchAction","target":{"@type":"EntryPoint","urlTemplate":"https:\/\/permbledhja.com\/?s={search_term_string}"},"query-input":"required name=search_term_string"}],"inLanguage":"sq"},{"@type":"Organization","@id":"https:\/\/permbledhja.com\/#organization","name":"MK Media & Pr","url":"https:\/\/permbledhja.com\/","logo":{"@type":"ImageObject","inLanguage":"sq","@id":"https:\/\/permbledhja.com\/#\/schema\/logo\/image\/","url":"https:\/\/permbledhja.com\/wp-content\/uploads\/2021\/12\/07-Press-Logo.jpg","contentUrl":"https:\/\/permbledhja.com\/wp-content\/uploads\/2021\/12\/07-Press-Logo.jpg","width":512,"height":512,"caption":"MK Media & Pr"},"image":{"@id":"https:\/\/permbledhja.com\/#\/schema\/logo\/image\/"},"sameAs":["https:\/\/www.facebook.com\/press07\/"]},{"@type":"Person","@id":"https:\/\/permbledhja.com\/#\/schema\/person\/d23f13f59b5722643933d6780783acf3","name":"M M","image":{"@type":"ImageObject","inLanguage":"sq","@id":"https:\/\/permbledhja.com\/#\/schema\/person\/image\/","url":"https:\/\/secure.gravatar.com\/avatar\/e2835a76ca7c31a2416b2d51c4ec9a8f?s=96&d=mm&r=g","contentUrl":"https:\/\/secure.gravatar.com\/avatar\/e2835a76ca7c31a2416b2d51c4ec9a8f?s=96&d=mm&r=g","caption":"M M"},"sameAs":["http:\/\/MM"],"url":"https:\/\/permbledhja.com\/sq\/author\/muhamet\/"}]}},"_links":{"self":[{"href":"https:\/\/permbledhja.com\/sq\/wp-json\/wp\/v2\/posts\/43006"}],"collection":[{"href":"https:\/\/permbledhja.com\/sq\/wp-json\/wp\/v2\/posts"}],"about":[{"href":"https:\/\/permbledhja.com\/sq\/wp-json\/wp\/v2\/types\/post"}],"author":[{"embeddable":true,"href":"https:\/\/permbledhja.com\/sq\/wp-json\/wp\/v2\/users\/2"}],"replies":[{"embeddable":true,"href":"https:\/\/permbledhja.com\/sq\/wp-json\/wp\/v2\/comments?post=43006"}],"version-history":[{"count":1,"href":"https:\/\/permbledhja.com\/sq\/wp-json\/wp\/v2\/posts\/43006\/revisions"}],"predecessor-version":[{"id":43008,"href":"https:\/\/permbledhja.com\/sq\/wp-json\/wp\/v2\/posts\/43006\/revisions\/43008"}],"wp:featuredmedia":[{"embeddable":true,"href":"https:\/\/permbledhja.com\/sq\/wp-json\/wp\/v2\/media\/43007"}],"wp:attachment":[{"href":"https:\/\/permbledhja.com\/sq\/wp-json\/wp\/v2\/media?parent=43006"}],"wp:term":[{"taxonomy":"category","embeddable":true,"href":"https:\/\/permbledhja.com\/sq\/wp-json\/wp\/v2\/categories?post=43006"},{"taxonomy":"post_tag","embeddable":true,"href":"https:\/\/permbledhja.com\/sq\/wp-json\/wp\/v2\/tags?post=43006"}],"curies":[{"name":"wp","href":"https:\/\/api.w.org\/{rel}","templated":true}]}}