{"id":42880,"date":"2024-01-14T07:36:49","date_gmt":"2024-01-14T07:36:49","guid":{"rendered":"https:\/\/permbledhja.com\/?p=42880"},"modified":"2024-01-14T07:36:49","modified_gmt":"2024-01-14T07:36:49","slug":"sot-mbahet-proteste-kunder-mbylljes-se-rruges-george-bush","status":"publish","type":"post","link":"https:\/\/permbledhja.com\/sq\/sot-mbahet-proteste-kunder-mbylljes-se-rruges-george-bush\/","title":{"rendered":"Sot mbahet protest\u00eb kund\u00ebr mbylljes s\u00eb rrug\u00ebs \u201cGeorge Bush\u201d"},"content":{"rendered":"<h3>Sot do t\u00eb mbahet protest\u00eb kund\u00ebr mbylljes s\u00eb rrug\u00ebs \u201cGeorge Bush\u201d nga Komuna e Prishtin\u00ebs.<\/h3>\n<p>Protesta e organizuar nga \u201cVrojtuesit e Lagjes\u201d do t\u00eb mbahet n\u00eb sheshin \u201cGeorge Bush\u201d n\u00eb Kryeqytet.<\/p>\n<p>Ajo do t\u00eb filloj\u00eb nga ora 12:00.<\/p>\n<div class=\"xdj266r x11i5rnm xat24cr x1mh8g0r x1vvkbs x126k92a\">\n<div dir=\"auto\">\u201cNe organizojm\u00eb nj\u00eb protest\u00eb thelb\u00ebsore p\u00ebr hapjen e rrug\u00ebs Xhorxh Bush, nj\u00eb rrug\u00eb e cila mund t\u00eb hapet leht\u00ebsisht duke i larguar betonat q\u00eb e mbyllin. Thirrja \u00ebsht\u00eb e hapur p\u00ebr \u00e7do individ t\u00eb lodhur nga k\u00ebto praktika t\u00eb kryetarit t\u00eb komun\u00ebs ton\u00eb.<\/div>\n<div dir=\"auto\"><span class=\"xt0psk2\">P\u00ebrparim Rama<\/span>\u00a0premtoi se rruga do t\u00eb mbyllej vet\u00ebm p\u00ebr nj\u00eb test 1-javor\u00eb, pastaj tha se do t\u00eb ishte e mbyllur vet\u00ebm p\u00ebr trafikun urban, duke lejuar kalimin e autobus\u00ebve dhe taxit. Megjithat\u00eb, realiteti \u00ebsht\u00eb nj\u00eb varg g\u00ebnjeshtrash pas g\u00ebnjeshtrash, duke mbyllur rrug\u00ebn p\u00ebrfundimisht.<\/div>\n<\/div>\n<div class=\"x11i5rnm xat24cr x1mh8g0r x1vvkbs xtlvy1s x126k92a\">\n<div dir=\"auto\">K\u00ebrkojm\u00eb nj\u00eb Prishtin\u00eb m\u00eb t\u00eb lir\u00eb dhe t\u00eb p\u00ebrshtatshme p\u00ebr t\u00eb gjith\u00eb. Ju lutemi, bashkohuni p\u00ebr nj\u00eb qytet m\u00eb t\u00eb mir\u00eb dhe m\u00eb t\u00eb hapur\u201d, than\u00eb Vrojtuesit e Lagjes n\u00eb nj\u00eb postim n\u00eb Facebook.<\/div>\n<\/div>\n","protected":false},"excerpt":{"rendered":"<p>Sot do t\u00eb mbahet protest\u00eb kund\u00ebr mbylljes s\u00eb rrug\u00ebs \u201cGeorge Bush\u201d nga Komuna e Prishtin\u00ebs. Protesta e organizuar nga \u201cVrojtuesit e Lagjes\u201d do t\u00eb mbahet n\u00eb sheshin \u201cGeorge Bush\u201d n\u00eb Kryeqytet. Ajo do t\u00eb filloj\u00eb nga ora 12:00. \u201cNe organizojm\u00eb nj\u00eb protest\u00eb thelb\u00ebsore p\u00ebr hapjen e rrug\u00ebs Xhorxh Bush, nj\u00eb rrug\u00eb e cila mund t\u00eb [&hellip;]<\/p>\n","protected":false},"author":5,"featured_media":41903,"comment_status":"closed","ping_status":"closed","sticky":false,"template":"","format":"standard","meta":{"_monsterinsights_skip_tracking":false,"_monsterinsights_sitenote_active":false,"_monsterinsights_sitenote_note":"","_monsterinsights_sitenote_category":0,"_uf_show_specific_survey":0,"_uf_disable_surveys":false,"footnotes":""},"categories":[2645],"tags":[],"yoast_head":"<!-- This site is optimized with the Yoast SEO plugin v21.5 - https:\/\/yoast.com\/wordpress\/plugins\/seo\/ -->\n<title>Sot mbahet protest\u00eb kund\u00ebr mbylljes s\u00eb rrug\u00ebs \u201cGeorge Bush\u201d<\/title>\n<meta name=\"robots\" content=\"index, follow, max-snippet:-1, max-image-preview:large, max-video-preview:-1\" \/>\n<link rel=\"canonical\" href=\"https:\/\/permbledhja.com\/sq\/sot-mbahet-proteste-kunder-mbylljes-se-rruges-george-bush\/\" \/>\n<meta property=\"og:locale\" content=\"sq_AL\" \/>\n<meta property=\"og:type\" content=\"article\" \/>\n<meta property=\"og:title\" content=\"Sot mbahet protest\u00eb kund\u00ebr mbylljes s\u00eb rrug\u00ebs \u201cGeorge Bush\u201d\" \/>\n<meta property=\"og:description\" content=\"Sot do t\u00eb mbahet protest\u00eb kund\u00ebr mbylljes s\u00eb rrug\u00ebs \u201cGeorge Bush\u201d nga Komuna e Prishtin\u00ebs. Protesta e organizuar nga \u201cVrojtuesit e Lagjes\u201d do t\u00eb mbahet n\u00eb sheshin \u201cGeorge Bush\u201d n\u00eb Kryeqytet. Ajo do t\u00eb filloj\u00eb nga ora 12:00. \u201cNe organizojm\u00eb nj\u00eb protest\u00eb thelb\u00ebsore p\u00ebr hapjen e rrug\u00ebs Xhorxh Bush, nj\u00eb rrug\u00eb e cila mund t\u00eb [&hellip;]\" \/>\n<meta property=\"og:url\" content=\"https:\/\/permbledhja.com\/sq\/sot-mbahet-proteste-kunder-mbylljes-se-rruges-george-bush\/\" \/>\n<meta property=\"og:site_name\" content=\"Ve\u00e7 artikuj p\u00ebrmbledh\u00ebs\" \/>\n<meta property=\"article:publisher\" content=\"https:\/\/www.facebook.com\/press07\/\" \/>\n<meta property=\"article:published_time\" content=\"2024-01-14T07:36:49+00:00\" \/>\n<meta property=\"og:image\" content=\"https:\/\/permbledhja.com\/wp-content\/uploads\/2024\/01\/rruga.jpg\" \/>\n\t<meta property=\"og:image:width\" content=\"2560\" \/>\n\t<meta property=\"og:image:height\" content=\"1920\" \/>\n\t<meta property=\"og:image:type\" content=\"image\/jpeg\" \/>\n<meta name=\"author\" content=\"DL\" \/>\n<meta name=\"twitter:card\" content=\"summary_large_image\" \/>\n<meta name=\"twitter:label1\" content=\"Written by\" \/>\n\t<meta name=\"twitter:data1\" content=\"DL\" \/>\n\t<meta name=\"twitter:label2\" content=\"Est. reading time\" \/>\n\t<meta name=\"twitter:data2\" content=\"1 minut\u00eb\" \/>\n<script type=\"application\/ld+json\" class=\"yoast-schema-graph\">{\"@context\":\"https:\/\/schema.org\",\"@graph\":[{\"@type\":\"Article\",\"@id\":\"https:\/\/permbledhja.com\/sot-mbahet-proteste-kunder-mbylljes-se-rruges-george-bush\/#article\",\"isPartOf\":{\"@id\":\"https:\/\/permbledhja.com\/sot-mbahet-proteste-kunder-mbylljes-se-rruges-george-bush\/\"},\"author\":{\"name\":\"DL\",\"@id\":\"https:\/\/permbledhja.com\/#\/schema\/person\/9c54260cbc4c6f792cb100550491638c\"},\"headline\":\"Sot mbahet protest\u00eb kund\u00ebr mbylljes s\u00eb rrug\u00ebs \u201cGeorge Bush\u201d\",\"datePublished\":\"2024-01-14T07:36:49+00:00\",\"dateModified\":\"2024-01-14T07:36:49+00:00\",\"mainEntityOfPage\":{\"@id\":\"https:\/\/permbledhja.com\/sot-mbahet-proteste-kunder-mbylljes-se-rruges-george-bush\/\"},\"wordCount\":193,\"publisher\":{\"@id\":\"https:\/\/permbledhja.com\/#organization\"},\"articleSection\":[\"T\u00eb r\u00ebnd\u00ebsishme\"],\"inLanguage\":\"sq\"},{\"@type\":\"WebPage\",\"@id\":\"https:\/\/permbledhja.com\/sot-mbahet-proteste-kunder-mbylljes-se-rruges-george-bush\/\",\"url\":\"https:\/\/permbledhja.com\/sot-mbahet-proteste-kunder-mbylljes-se-rruges-george-bush\/\",\"name\":\"Sot mbahet protest\u00eb kund\u00ebr mbylljes s\u00eb rrug\u00ebs \u201cGeorge Bush\u201d\",\"isPartOf\":{\"@id\":\"https:\/\/permbledhja.com\/#website\"},\"datePublished\":\"2024-01-14T07:36:49+00:00\",\"dateModified\":\"2024-01-14T07:36:49+00:00\",\"breadcrumb\":{\"@id\":\"https:\/\/permbledhja.com\/sot-mbahet-proteste-kunder-mbylljes-se-rruges-george-bush\/#breadcrumb\"},\"inLanguage\":\"sq\",\"potentialAction\":[{\"@type\":\"ReadAction\",\"target\":[\"https:\/\/permbledhja.com\/sot-mbahet-proteste-kunder-mbylljes-se-rruges-george-bush\/\"]}]},{\"@type\":\"BreadcrumbList\",\"@id\":\"https:\/\/permbledhja.com\/sot-mbahet-proteste-kunder-mbylljes-se-rruges-george-bush\/#breadcrumb\",\"itemListElement\":[{\"@type\":\"ListItem\",\"position\":1,\"name\":\"Ballina\",\"item\":\"https:\/\/permbledhja.com\/sq\/\"},{\"@type\":\"ListItem\",\"position\":2,\"name\":\"Sot mbahet protest\u00eb kund\u00ebr mbylljes s\u00eb rrug\u00ebs \u201cGeorge Bush\u201d\"}]},{\"@type\":\"WebSite\",\"@id\":\"https:\/\/permbledhja.com\/#website\",\"url\":\"https:\/\/permbledhja.com\/\",\"name\":\"Ve\u00e7 artikuj p\u00ebrmbledh\u00ebs\",\"description\":\"\",\"publisher\":{\"@id\":\"https:\/\/permbledhja.com\/#organization\"},\"potentialAction\":[{\"@type\":\"SearchAction\",\"target\":{\"@type\":\"EntryPoint\",\"urlTemplate\":\"https:\/\/permbledhja.com\/?s={search_term_string}\"},\"query-input\":\"required name=search_term_string\"}],\"inLanguage\":\"sq\"},{\"@type\":\"Organization\",\"@id\":\"https:\/\/permbledhja.com\/#organization\",\"name\":\"MK Media & Pr\",\"url\":\"https:\/\/permbledhja.com\/\",\"logo\":{\"@type\":\"ImageObject\",\"inLanguage\":\"sq\",\"@id\":\"https:\/\/permbledhja.com\/#\/schema\/logo\/image\/\",\"url\":\"https:\/\/permbledhja.com\/wp-content\/uploads\/2021\/12\/07-Press-Logo.jpg\",\"contentUrl\":\"https:\/\/permbledhja.com\/wp-content\/uploads\/2021\/12\/07-Press-Logo.jpg\",\"width\":512,\"height\":512,\"caption\":\"MK Media & Pr\"},\"image\":{\"@id\":\"https:\/\/permbledhja.com\/#\/schema\/logo\/image\/\"},\"sameAs\":[\"https:\/\/www.facebook.com\/press07\/\"]},{\"@type\":\"Person\",\"@id\":\"https:\/\/permbledhja.com\/#\/schema\/person\/9c54260cbc4c6f792cb100550491638c\",\"name\":\"DL\",\"image\":{\"@type\":\"ImageObject\",\"inLanguage\":\"sq\",\"@id\":\"https:\/\/permbledhja.com\/#\/schema\/person\/image\/\",\"url\":\"https:\/\/secure.gravatar.com\/avatar\/94503eb28d4c4b2005a5c8753e35fc80?s=96&d=mm&r=g\",\"contentUrl\":\"https:\/\/secure.gravatar.com\/avatar\/94503eb28d4c4b2005a5c8753e35fc80?s=96&d=mm&r=g\",\"caption\":\"DL\"},\"url\":\"https:\/\/permbledhja.com\/sq\/author\/dl\/\"}]}<\/script>\n<!-- \/ Yoast SEO plugin. -->","yoast_head_json":{"title":"Sot mbahet protest\u00eb kund\u00ebr mbylljes s\u00eb rrug\u00ebs \u201cGeorge Bush\u201d","robots":{"index":"index","follow":"follow","max-snippet":"max-snippet:-1","max-image-preview":"max-image-preview:large","max-video-preview":"max-video-preview:-1"},"canonical":"https:\/\/permbledhja.com\/sq\/sot-mbahet-proteste-kunder-mbylljes-se-rruges-george-bush\/","og_locale":"sq_AL","og_type":"article","og_title":"Sot mbahet protest\u00eb kund\u00ebr mbylljes s\u00eb rrug\u00ebs \u201cGeorge Bush\u201d","og_description":"Sot do t\u00eb mbahet protest\u00eb kund\u00ebr mbylljes s\u00eb rrug\u00ebs \u201cGeorge Bush\u201d nga Komuna e Prishtin\u00ebs. Protesta e organizuar nga \u201cVrojtuesit e Lagjes\u201d do t\u00eb mbahet n\u00eb sheshin \u201cGeorge Bush\u201d n\u00eb Kryeqytet. Ajo do t\u00eb filloj\u00eb nga ora 12:00. \u201cNe organizojm\u00eb nj\u00eb protest\u00eb thelb\u00ebsore p\u00ebr hapjen e rrug\u00ebs Xhorxh Bush, nj\u00eb rrug\u00eb e cila mund t\u00eb [&hellip;]","og_url":"https:\/\/permbledhja.com\/sq\/sot-mbahet-proteste-kunder-mbylljes-se-rruges-george-bush\/","og_site_name":"Ve\u00e7 artikuj p\u00ebrmbledh\u00ebs","article_publisher":"https:\/\/www.facebook.com\/press07\/","article_published_time":"2024-01-14T07:36:49+00:00","og_image":[{"width":2560,"height":1920,"url":"https:\/\/permbledhja.com\/wp-content\/uploads\/2024\/01\/rruga.jpg","type":"image\/jpeg"}],"author":"DL","twitter_card":"summary_large_image","twitter_misc":{"Written by":"DL","Est. reading time":"1 minut\u00eb"},"schema":{"@context":"https:\/\/schema.org","@graph":[{"@type":"Article","@id":"https:\/\/permbledhja.com\/sot-mbahet-proteste-kunder-mbylljes-se-rruges-george-bush\/#article","isPartOf":{"@id":"https:\/\/permbledhja.com\/sot-mbahet-proteste-kunder-mbylljes-se-rruges-george-bush\/"},"author":{"name":"DL","@id":"https:\/\/permbledhja.com\/#\/schema\/person\/9c54260cbc4c6f792cb100550491638c"},"headline":"Sot mbahet protest\u00eb kund\u00ebr mbylljes s\u00eb rrug\u00ebs \u201cGeorge Bush\u201d","datePublished":"2024-01-14T07:36:49+00:00","dateModified":"2024-01-14T07:36:49+00:00","mainEntityOfPage":{"@id":"https:\/\/permbledhja.com\/sot-mbahet-proteste-kunder-mbylljes-se-rruges-george-bush\/"},"wordCount":193,"publisher":{"@id":"https:\/\/permbledhja.com\/#organization"},"articleSection":["T\u00eb r\u00ebnd\u00ebsishme"],"inLanguage":"sq"},{"@type":"WebPage","@id":"https:\/\/permbledhja.com\/sot-mbahet-proteste-kunder-mbylljes-se-rruges-george-bush\/","url":"https:\/\/permbledhja.com\/sot-mbahet-proteste-kunder-mbylljes-se-rruges-george-bush\/","name":"Sot mbahet protest\u00eb kund\u00ebr mbylljes s\u00eb rrug\u00ebs \u201cGeorge Bush\u201d","isPartOf":{"@id":"https:\/\/permbledhja.com\/#website"},"datePublished":"2024-01-14T07:36:49+00:00","dateModified":"2024-01-14T07:36:49+00:00","breadcrumb":{"@id":"https:\/\/permbledhja.com\/sot-mbahet-proteste-kunder-mbylljes-se-rruges-george-bush\/#breadcrumb"},"inLanguage":"sq","potentialAction":[{"@type":"ReadAction","target":["https:\/\/permbledhja.com\/sot-mbahet-proteste-kunder-mbylljes-se-rruges-george-bush\/"]}]},{"@type":"BreadcrumbList","@id":"https:\/\/permbledhja.com\/sot-mbahet-proteste-kunder-mbylljes-se-rruges-george-bush\/#breadcrumb","itemListElement":[{"@type":"ListItem","position":1,"name":"Ballina","item":"https:\/\/permbledhja.com\/sq\/"},{"@type":"ListItem","position":2,"name":"Sot mbahet protest\u00eb kund\u00ebr mbylljes s\u00eb rrug\u00ebs \u201cGeorge Bush\u201d"}]},{"@type":"WebSite","@id":"https:\/\/permbledhja.com\/#website","url":"https:\/\/permbledhja.com\/","name":"Ve\u00e7 artikuj p\u00ebrmbledh\u00ebs","description":"","publisher":{"@id":"https:\/\/permbledhja.com\/#organization"},"potentialAction":[{"@type":"SearchAction","target":{"@type":"EntryPoint","urlTemplate":"https:\/\/permbledhja.com\/?s={search_term_string}"},"query-input":"required name=search_term_string"}],"inLanguage":"sq"},{"@type":"Organization","@id":"https:\/\/permbledhja.com\/#organization","name":"MK Media & Pr","url":"https:\/\/permbledhja.com\/","logo":{"@type":"ImageObject","inLanguage":"sq","@id":"https:\/\/permbledhja.com\/#\/schema\/logo\/image\/","url":"https:\/\/permbledhja.com\/wp-content\/uploads\/2021\/12\/07-Press-Logo.jpg","contentUrl":"https:\/\/permbledhja.com\/wp-content\/uploads\/2021\/12\/07-Press-Logo.jpg","width":512,"height":512,"caption":"MK Media & Pr"},"image":{"@id":"https:\/\/permbledhja.com\/#\/schema\/logo\/image\/"},"sameAs":["https:\/\/www.facebook.com\/press07\/"]},{"@type":"Person","@id":"https:\/\/permbledhja.com\/#\/schema\/person\/9c54260cbc4c6f792cb100550491638c","name":"DL","image":{"@type":"ImageObject","inLanguage":"sq","@id":"https:\/\/permbledhja.com\/#\/schema\/person\/image\/","url":"https:\/\/secure.gravatar.com\/avatar\/94503eb28d4c4b2005a5c8753e35fc80?s=96&d=mm&r=g","contentUrl":"https:\/\/secure.gravatar.com\/avatar\/94503eb28d4c4b2005a5c8753e35fc80?s=96&d=mm&r=g","caption":"DL"},"url":"https:\/\/permbledhja.com\/sq\/author\/dl\/"}]}},"_links":{"self":[{"href":"https:\/\/permbledhja.com\/sq\/wp-json\/wp\/v2\/posts\/42880"}],"collection":[{"href":"https:\/\/permbledhja.com\/sq\/wp-json\/wp\/v2\/posts"}],"about":[{"href":"https:\/\/permbledhja.com\/sq\/wp-json\/wp\/v2\/types\/post"}],"author":[{"embeddable":true,"href":"https:\/\/permbledhja.com\/sq\/wp-json\/wp\/v2\/users\/5"}],"replies":[{"embeddable":true,"href":"https:\/\/permbledhja.com\/sq\/wp-json\/wp\/v2\/comments?post=42880"}],"version-history":[{"count":1,"href":"https:\/\/permbledhja.com\/sq\/wp-json\/wp\/v2\/posts\/42880\/revisions"}],"predecessor-version":[{"id":42881,"href":"https:\/\/permbledhja.com\/sq\/wp-json\/wp\/v2\/posts\/42880\/revisions\/42881"}],"wp:featuredmedia":[{"embeddable":true,"href":"https:\/\/permbledhja.com\/sq\/wp-json\/wp\/v2\/media\/41903"}],"wp:attachment":[{"href":"https:\/\/permbledhja.com\/sq\/wp-json\/wp\/v2\/media?parent=42880"}],"wp:term":[{"taxonomy":"category","embeddable":true,"href":"https:\/\/permbledhja.com\/sq\/wp-json\/wp\/v2\/categories?post=42880"},{"taxonomy":"post_tag","embeddable":true,"href":"https:\/\/permbledhja.com\/sq\/wp-json\/wp\/v2\/tags?post=42880"}],"curies":[{"name":"wp","href":"https:\/\/api.w.org\/{rel}","templated":true}]}}