{"id":42750,"date":"2024-01-12T17:55:09","date_gmt":"2024-01-12T17:55:09","guid":{"rendered":"https:\/\/permbledhja.com\/?p=42750"},"modified":"2024-01-12T17:55:09","modified_gmt":"2024-01-12T17:55:09","slug":"pervec-raketave-javelin-kosova-kerkon-te-bleje-edhe-arme-te-tjera","status":"publish","type":"post","link":"https:\/\/permbledhja.com\/sq\/pervec-raketave-javelin-kosova-kerkon-te-bleje-edhe-arme-te-tjera\/","title":{"rendered":"P\u00ebrve\u00e7 raketave Javelin, Kosova k\u00ebrkon t\u00eb blej\u00eb edhe arm\u00eb t\u00eb tjera"},"content":{"rendered":"<h3 style=\"font-weight: 400;\">Ministria e Mbrojtjes e Kosov\u00ebs b\u00ebri t\u00eb ditur se ka b\u00ebr\u00eb k\u00ebrkes\u00eb p\u00ebr blerjen edhe t\u00eb arm\u00ebve t\u00eb tjera, p\u00ebrve\u00e7 246 raketave kund\u00ebrtanke t\u00eb tipit Javelin q\u00eb jan\u00eb k\u00ebrkuar t\u00eb blihen nga SHBA-ja.<\/h3>\n<p style=\"font-weight: 400;\">Por, k\u00ebshilltarja politike e ministrit t\u00eb Mbrojtjes s\u00eb Kosov\u00ebs, Liridona Gashi, tha p\u00ebr REL-in se nuk mund ta zbuloj\u00eb se \u00e7far\u00eb lloj armatimi tjet\u00ebr po k\u00ebrkohet nga Kosova \u201cp\u00ebr shkak se kjo p\u00ebrb\u00ebn informacion t\u00eb klasifikuar\u201d.<\/p>\n<p>Ajo sqaroi se k\u00ebrkesa p\u00ebr t\u00eb bler\u00eb raketat Javelin \u00ebsht\u00eb b\u00ebr\u00eb sipas nj\u00eb plani paraprak p\u00ebr t\u2019i p\u00ebrmbushur nevojat e Forc\u00ebs s\u00eb Siguris\u00eb s\u00eb Kosov\u00ebs (FSK) dhe nuk \u00ebsht\u00eb shkaktuar nga incidentet n\u00eb veri t\u00eb Kosov\u00ebs, edhe pse shtoi se \u201csulmi terrorist n\u00eb Banjsk\u00eb, si dhe k\u00ebrc\u00ebnimet e vazhdueshme nga Serbia jan\u00eb nj\u00eb shqet\u00ebsim\u201d. \u201cFurnizimi me arm\u00eb do t\u00eb thot\u00eb investim n\u00eb p\u00ebrmbushjen e misionit kushtetues t\u00eb FSK-s\u00eb, n\u00eb mbrojtjen e territorit t\u00eb Kosov\u00ebs dhe n\u00eb garantimin e siguris\u00eb p\u00ebr t\u00eb gjith\u00eb qytetar\u00ebt tan\u00eb\u201d, tha Gashi, duke p\u00ebrs\u00ebritur q\u00ebndrimin e dh\u00ebn\u00eb nga Uashingtoni zyrtar se \u201cstabiliteti n\u00eb Evrop\u00eb do t\u00eb rritet\u201d.<\/p>\n<p>Kosova akuzoi Serbin\u00eb p\u00ebr sulmin n\u00eb Banjsk\u00eb t\u00eb Zve\u00e7anit, n\u00eb veriun e Kosov\u00ebs t\u00eb banuar me shumic\u00eb serbe, m\u00eb 24 shtator t\u00eb vitit t\u00eb kaluar, kur u vra nj\u00eb polic. Beogradi i mohoi k\u00ebto akuza.<\/p>\n<p>P\u00ebrgjegj\u00ebsin\u00eb p\u00ebr sulmin e mori Milan Radoi\u00e7iq, ish-n\u00ebnkryetar i List\u00ebs Serbe, partis\u00eb m\u00eb t\u00eb madhe t\u00eb serb\u00ebve n\u00eb Kosov\u00eb, q\u00eb ka mb\u00ebshtetjen e Beogradit.<\/p>\n<p>Bashk\u00ebsia nd\u00ebrkomb\u00ebtare e d\u00ebnoi ashp\u00ebr sulmin n\u00eb Banjsk\u00eb dhe k\u00ebrkoi q\u00eb autor\u00ebt t\u00eb vihen para drejt\u00ebsis\u00eb. N\u00eb dit\u00ebt pas sulmit, Policia e Kosov\u00ebs gjeti nj\u00eb arsenal arm\u00ebsh dhe pajisje t\u00eb tjera t\u00eb l\u00ebna pas nga nj\u00eb grup i armatosur serb.<\/p>\n<p><b><strong>Pse po armatoset Kosova?<\/strong><\/b><\/p>\n<p>Rashit Qalaj, an\u00ebtar i Komisionit Parlamentar p\u00ebr \u00c7\u00ebshtje t\u00eb Siguris\u00eb dhe Mbrojtjes, nga Partia opozitare Demokratike e Kosov\u00ebs, vler\u00ebson se Kosova \u00ebsht\u00eb e detyruar t\u00eb jet\u00eb m\u00eb e p\u00ebrgatitur n\u00eb aspektin e pajisjeve dhe armatimit pas sulmit n\u00eb Banjsk\u00eb dhe k\u00ebrc\u00ebnimeve t\u00eb shpeshta nga Serbia p\u00ebr t\u00eb ngritur gatishm\u00ebrin\u00eb luftarake rreth kufijve me Kosov\u00ebn.<\/p>\n<p>Mendim t\u00eb ngjash\u00ebm ndajn\u00eb edhe ekspert\u00ebt nga agjencia e inteligjenc\u00ebs s\u00eb mbrojtjes, Janes, me seli n\u00eb Croydon t\u00eb Britanis\u00eb s\u00eb Madhe.<\/p>\n<p>\u201cSerbia ka ndjekur nj\u00eb linj\u00eb militante koh\u00ebt e fundit dhe posa\u00e7\u00ebrisht Kosov\u00ebs i \u00ebsht\u00eb dashur t\u00eb p\u00ebrballet me destabilitetin n\u00eb veriun e dominuar nga serb\u00ebt, p\u00ebr t\u00eb cilin ata faj\u00ebsojn\u00eb qeverin\u00eb serbe\u201d, thon\u00eb nga kjo agjenci p\u00ebr REL-in.<\/p>\n<p>Ata, gjithashtu, shtojn\u00eb se pushtimi i Ukrain\u00ebs nga Rusia shihet si \u201cparalajm\u00ebrim i asaj se \u00e7far\u00eb mund t\u00eb ndodh\u00eb n\u00eb t\u00eb ardhmen meq\u00eb Serbia e ka rreshtuar veten p\u00ebrkrah Rusis\u00eb\u201d.<\/p>\n<p>K\u00ebt\u00eb argument e p\u00ebrs\u00ebrit edhe Qalaj, i cili thot\u00eb se edhe vendet e Evrop\u00ebs per\u00ebndimore kan\u00eb nisur p\u00ebrforcimin e ushtrive pas nisjes s\u00eb luft\u00ebs n\u00eb Ukrain\u00eb, n\u00eb shkurt t\u00eb vitit 2022.<\/p>\n<p>\u201cKosova, gjithashtu, duhet t\u00eb rris\u00eb kapacitetet e saj, si n\u00eb personel, ashtu edhe n\u00eb aspektin e prokurimit t\u00eb arm\u00ebve dhe pajisjeve ushtarake\u201d, thot\u00eb Qalaj.<\/p>\n<p>Ai shtoi se Kosova duhet t\u00eb zhvillohet edhe nga aspekti profesional n\u00eb m\u00ebnyr\u00eb q\u00eb t\u00eb p\u00ebrgatitet p\u00ebr p\u00ebrdorimin e pajisjeve t\u00eb ndryshme luftarake.<\/p>\n<p>Nd\u00ebrkoh\u00eb, presidentja e Kosov\u00ebs, Vjosa Osmani, m\u00eb 12 janar njoftoi se vendi \u201cpo hyn n\u00eb nj\u00eb faz\u00eb t\u00eb re dhe vendimtare t\u00eb forcimit t\u00eb kapaciteteve mbrojt\u00ebse t\u00eb shtetit\u201d, q\u00eb p\u00ebrfshin zhvillimin e Forc\u00ebs s\u00eb Siguris\u00eb s\u00eb Kosov\u00ebs n\u00eb p\u00ebrputhje me standardet e NATO-s.<\/p>\n<p>Ajo shprehu bindjen e saj se Kongresi Amerikan do ta mb\u00ebshtes\u00eb shitjen e sistemit Javelin p\u00ebr Kosov\u00ebn p\u00ebr ta \u201crritur sigurin\u00eb n\u00eb Kosov\u00eb, n\u00eb rajon dhe n\u00eb Evrop\u00eb\u201d.<\/p>\n<p>M\u00eb 11 janar, administrata e presidentit amerikan, Joe Biden, njoftoi Kongresin p\u00ebr shitjen e propozuar t\u00eb arm\u00ebve n\u00eb Kosov\u00eb si pjes\u00eb e programit t\u00eb SHBA-s\u00eb p\u00ebr shitje ushtarake t\u00eb huaja. P\u00ebrmes k\u00ebtij programi t\u00eb ushtris\u00eb amerikane, Qeveria amerikane dhe nj\u00eb qeveri e huaj mund t\u00eb arrijn\u00eb marr\u00ebveshje nd\u00ebrqeveritare p\u00ebr t\u00eb ofruar ndihm\u00eb t\u00eb siguris\u00eb.<\/p>\n<p>K\u00ebrkesa e Kosov\u00ebs p\u00ebrfshin blerjen e 246 raketave Javelin FGM-148F dhe pajisjeve p\u00ebrcjell\u00ebse, njoftoi Agjencia Amerikane p\u00ebr Bashk\u00ebpunim n\u00eb Mbrojtje dhe Siguri.<\/p>\n<p>Sipas Aktit t\u00eb Kontrollit t\u00eb Eksportit t\u00eb Arm\u00ebve, Kongresi n\u00eb k\u00ebt\u00eb rast ka 30 dit\u00eb p\u00ebr shqyrtimin e k\u00ebrkes\u00ebs, por nuk nevojitet miratimi. Kjo periudh\u00eb nevojitet p\u00ebrpara l\u00ebshimit t\u00eb letr\u00ebs p\u00ebr aprovim t\u00eb shitjes.<\/p>\n<p><b><strong>Pazari ishte planifikuar para sulmit n\u00eb Banjsk\u00eb<\/strong><\/b><\/p>\n<p>Presidentja Osmani ka th\u00ebn\u00eb se lidhur me programin e shitjeve t\u00eb huaja ushtarake kishte biseduar me sekretarin amerikan t\u00eb Shtetit, Antony Blinken, qysh n\u00eb korrik t\u00eb vitit 2022.<\/p>\n<p>&nbsp;<\/p>\n<p>Se kjo blerje ka qen\u00eb pjes\u00eb e nj\u00eb plani t\u00eb p\u00ebrgatitur edhe para sulmit n\u00eb Banjsk\u00eb, e ka konfirmoi edhe Liridona Gashi nga Ministria e Mbrojtjes, sipas nevojave t\u00eb FSK-s\u00eb dhe planeve p\u00ebr transformimin e saj.<\/p>\n<p>Procesi i transformimit t\u00eb FSK-s\u00eb n\u00eb Forc\u00eb t\u00eb Armatosur t\u00eb Kosov\u00ebs ka nisur n\u00eb dhjetor t\u00eb vitit 2018, kurKuvendi i Kosov\u00ebs miratoi ndryshimet ligjore, p\u00ebr t\u00eb ndryshuar mandatin e FSK-s\u00eb. Ky proces \u00ebsht\u00eb planifikuar t\u00eb zgjas\u00eb dhjet\u00eb vjet \u2013 deri n\u00eb vitin 2028.<\/p>\n<p>Forca e Siguris\u00eb e Kosov\u00ebs aktualisht ka rreth 2.500 pjes\u00ebtar\u00eb. Pas periudh\u00ebs s\u00eb tranzicionit, ky num\u00ebr pritet t\u00eb rritet n\u00eb m\u00eb shum\u00eb se 7.500 dhe do t\u00eb p\u00ebrfshij\u00eb an\u00ebtar\u00eb aktiv\u00eb dhe rezerv\u00eb.<\/p>\n<p>M\u00eb par\u00eb, Agjencia Amerikane p\u00ebr Bashk\u00ebpunim p\u00ebr Sigurin\u00eb e Mbrojtjes njoftoi m\u00eb 11 janar se kjo shitje e arm\u00ebve \u201cdo t\u00eb p\u00ebrmir\u00ebsoj\u00eb aft\u00ebsit\u00eb mbrojt\u00ebse t\u00eb Kosov\u00ebs, n\u00eb terma afatgjat\u00eb, p\u00ebr t\u00eb mbrojtur sovranitetin dhe integritetin territorial dhe q\u00eb t\u2019i p\u00ebrmbush\u00eb k\u00ebrkesat e saj t\u00eb mbrojtjes komb\u00ebtare\u201d.<\/p>\n<p><b><strong>\u00c7far\u00eb thon\u00eb nga Serbia?<\/strong><\/b><\/p>\n<p>Presidenti i Serbis\u00eb, Aleksandar Vu\u00e7iq, e cil\u00ebsoi lajmin p\u00ebr raketat Javelin \u201czhg\u00ebnjim i madh, por shtoi se Serbia dhe SHBA-ja do t\u00eb punojn\u00eb p\u00ebr ruajtjen e marr\u00ebdh\u00ebnieve serbo-amerikane\u201d.<\/p>\n<p>\u201cP\u00ebr ne \u00ebsht\u00eb me r\u00ebnd\u00ebsi t\u00eb madhe q\u00eb paqja n\u00eb rajon t\u00eb mos prishet dhe se Serbia do t\u00eb vazhdoj\u00eb t\u00eb veproj\u00eb me p\u00ebrgjegj\u00ebsi dhe t\u00eb kontribuoj\u00eb p\u00ebr stabilitetin n\u00eb Ballkan\u201d, tha ai.<\/p>\n<p>Ministri serb i Mbrojtjes, Millosh Vu\u00e7eviq, i tha portalit beogradas Kurir se Serbia nuk mund ta ndryshoj\u00eb politik\u00ebn e SHBA-s\u00eb, por se mund ta forcoj\u00eb aft\u00ebsin\u00eb e vet mbrojt\u00ebse dhe se do t\u00eb ket\u00eb nj\u00eb \u201cp\u00ebrgjigje adekuate\u201d.\/REL<\/p>\n","protected":false},"excerpt":{"rendered":"<p>Ministria e Mbrojtjes e Kosov\u00ebs b\u00ebri t\u00eb ditur se ka b\u00ebr\u00eb k\u00ebrkes\u00eb p\u00ebr blerjen edhe t\u00eb arm\u00ebve t\u00eb tjera, p\u00ebrve\u00e7 246 raketave kund\u00ebrtanke t\u00eb tipit Javelin q\u00eb jan\u00eb k\u00ebrkuar t\u00eb blihen nga SHBA-ja. Por, k\u00ebshilltarja politike e ministrit t\u00eb Mbrojtjes s\u00eb Kosov\u00ebs, Liridona Gashi, tha p\u00ebr REL-in se nuk mund ta zbuloj\u00eb se \u00e7far\u00eb lloj [&hellip;]<\/p>\n","protected":false},"author":1,"featured_media":42751,"comment_status":"closed","ping_status":"closed","sticky":false,"template":"","format":"standard","meta":{"_monsterinsights_skip_tracking":false,"_monsterinsights_sitenote_active":false,"_monsterinsights_sitenote_note":"","_monsterinsights_sitenote_category":0,"_uf_show_specific_survey":0,"_uf_disable_surveys":false,"footnotes":""},"categories":[1146],"tags":[1066],"yoast_head":"<!-- This site is optimized with the Yoast SEO plugin v21.5 - https:\/\/yoast.com\/wordpress\/plugins\/seo\/ -->\n<title>P\u00ebrve\u00e7 raketave Javelin, Kosova k\u00ebrkon t\u00eb blej\u00eb edhe arm\u00eb t\u00eb tjera<\/title>\n<meta name=\"robots\" content=\"index, follow, max-snippet:-1, max-image-preview:large, max-video-preview:-1\" \/>\n<link rel=\"canonical\" href=\"https:\/\/permbledhja.com\/sq\/pervec-raketave-javelin-kosova-kerkon-te-bleje-edhe-arme-te-tjera\/\" \/>\n<meta property=\"og:locale\" content=\"sq_AL\" \/>\n<meta property=\"og:type\" content=\"article\" \/>\n<meta property=\"og:title\" content=\"P\u00ebrve\u00e7 raketave Javelin, Kosova k\u00ebrkon t\u00eb blej\u00eb edhe arm\u00eb t\u00eb tjera\" \/>\n<meta property=\"og:description\" content=\"Ministria e Mbrojtjes e Kosov\u00ebs b\u00ebri t\u00eb ditur se ka b\u00ebr\u00eb k\u00ebrkes\u00eb p\u00ebr blerjen edhe t\u00eb arm\u00ebve t\u00eb tjera, p\u00ebrve\u00e7 246 raketave kund\u00ebrtanke t\u00eb tipit Javelin q\u00eb jan\u00eb k\u00ebrkuar t\u00eb blihen nga SHBA-ja. Por, k\u00ebshilltarja politike e ministrit t\u00eb Mbrojtjes s\u00eb Kosov\u00ebs, Liridona Gashi, tha p\u00ebr REL-in se nuk mund ta zbuloj\u00eb se \u00e7far\u00eb lloj [&hellip;]\" \/>\n<meta property=\"og:url\" content=\"https:\/\/permbledhja.com\/sq\/pervec-raketave-javelin-kosova-kerkon-te-bleje-edhe-arme-te-tjera\/\" \/>\n<meta property=\"og:site_name\" content=\"Ve\u00e7 artikuj p\u00ebrmbledh\u00ebs\" \/>\n<meta property=\"article:publisher\" content=\"https:\/\/www.facebook.com\/press07\/\" \/>\n<meta property=\"article:author\" content=\"https:\/\/www.facebook.com\/kafexhiu.muharrem\/\" \/>\n<meta property=\"article:published_time\" content=\"2024-01-12T17:55:09+00:00\" \/>\n<meta property=\"og:image\" content=\"https:\/\/permbledhja.com\/wp-content\/uploads\/2024\/01\/18F216BA-FB6C-495C-A972-F30A8CA84F2C.jpeg\" \/>\n\t<meta property=\"og:image:width\" content=\"960\" \/>\n\t<meta property=\"og:image:height\" content=\"640\" \/>\n\t<meta property=\"og:image:type\" content=\"image\/jpeg\" \/>\n<meta name=\"author\" content=\"P\u00ebrmbledhja\" \/>\n<meta name=\"twitter:card\" content=\"summary_large_image\" \/>\n<meta name=\"twitter:label1\" content=\"Written by\" \/>\n\t<meta name=\"twitter:data1\" content=\"P\u00ebrmbledhja\" \/>\n\t<meta name=\"twitter:label2\" content=\"Est. reading time\" \/>\n\t<meta name=\"twitter:data2\" content=\"6 minuta\" \/>\n<script type=\"application\/ld+json\" class=\"yoast-schema-graph\">{\"@context\":\"https:\/\/schema.org\",\"@graph\":[{\"@type\":\"Article\",\"@id\":\"https:\/\/permbledhja.com\/pervec-raketave-javelin-kosova-kerkon-te-bleje-edhe-arme-te-tjera\/#article\",\"isPartOf\":{\"@id\":\"https:\/\/permbledhja.com\/pervec-raketave-javelin-kosova-kerkon-te-bleje-edhe-arme-te-tjera\/\"},\"author\":{\"name\":\"P\u00ebrmbledhja\",\"@id\":\"https:\/\/permbledhja.com\/#\/schema\/person\/0d064377258d3221e50693947b9eb4fe\"},\"headline\":\"P\u00ebrve\u00e7 raketave Javelin, Kosova k\u00ebrkon t\u00eb blej\u00eb edhe arm\u00eb t\u00eb tjera\",\"datePublished\":\"2024-01-12T17:55:09+00:00\",\"dateModified\":\"2024-01-12T17:55:09+00:00\",\"mainEntityOfPage\":{\"@id\":\"https:\/\/permbledhja.com\/pervec-raketave-javelin-kosova-kerkon-te-bleje-edhe-arme-te-tjera\/\"},\"wordCount\":1147,\"publisher\":{\"@id\":\"https:\/\/permbledhja.com\/#organization\"},\"keywords\":[\"FSK\"],\"articleSection\":[\"Kryesoret\"],\"inLanguage\":\"sq\"},{\"@type\":\"WebPage\",\"@id\":\"https:\/\/permbledhja.com\/pervec-raketave-javelin-kosova-kerkon-te-bleje-edhe-arme-te-tjera\/\",\"url\":\"https:\/\/permbledhja.com\/pervec-raketave-javelin-kosova-kerkon-te-bleje-edhe-arme-te-tjera\/\",\"name\":\"P\u00ebrve\u00e7 raketave Javelin, Kosova k\u00ebrkon t\u00eb blej\u00eb edhe arm\u00eb t\u00eb tjera\",\"isPartOf\":{\"@id\":\"https:\/\/permbledhja.com\/#website\"},\"datePublished\":\"2024-01-12T17:55:09+00:00\",\"dateModified\":\"2024-01-12T17:55:09+00:00\",\"breadcrumb\":{\"@id\":\"https:\/\/permbledhja.com\/pervec-raketave-javelin-kosova-kerkon-te-bleje-edhe-arme-te-tjera\/#breadcrumb\"},\"inLanguage\":\"sq\",\"potentialAction\":[{\"@type\":\"ReadAction\",\"target\":[\"https:\/\/permbledhja.com\/pervec-raketave-javelin-kosova-kerkon-te-bleje-edhe-arme-te-tjera\/\"]}]},{\"@type\":\"BreadcrumbList\",\"@id\":\"https:\/\/permbledhja.com\/pervec-raketave-javelin-kosova-kerkon-te-bleje-edhe-arme-te-tjera\/#breadcrumb\",\"itemListElement\":[{\"@type\":\"ListItem\",\"position\":1,\"name\":\"Ballina\",\"item\":\"https:\/\/permbledhja.com\/sq\/\"},{\"@type\":\"ListItem\",\"position\":2,\"name\":\"P\u00ebrve\u00e7 raketave Javelin, Kosova k\u00ebrkon t\u00eb blej\u00eb edhe arm\u00eb t\u00eb tjera\"}]},{\"@type\":\"WebSite\",\"@id\":\"https:\/\/permbledhja.com\/#website\",\"url\":\"https:\/\/permbledhja.com\/\",\"name\":\"Ve\u00e7 artikuj p\u00ebrmbledh\u00ebs\",\"description\":\"\",\"publisher\":{\"@id\":\"https:\/\/permbledhja.com\/#organization\"},\"potentialAction\":[{\"@type\":\"SearchAction\",\"target\":{\"@type\":\"EntryPoint\",\"urlTemplate\":\"https:\/\/permbledhja.com\/?s={search_term_string}\"},\"query-input\":\"required name=search_term_string\"}],\"inLanguage\":\"sq\"},{\"@type\":\"Organization\",\"@id\":\"https:\/\/permbledhja.com\/#organization\",\"name\":\"MK Media & Pr\",\"url\":\"https:\/\/permbledhja.com\/\",\"logo\":{\"@type\":\"ImageObject\",\"inLanguage\":\"sq\",\"@id\":\"https:\/\/permbledhja.com\/#\/schema\/logo\/image\/\",\"url\":\"https:\/\/permbledhja.com\/wp-content\/uploads\/2021\/12\/07-Press-Logo.jpg\",\"contentUrl\":\"https:\/\/permbledhja.com\/wp-content\/uploads\/2021\/12\/07-Press-Logo.jpg\",\"width\":512,\"height\":512,\"caption\":\"MK Media & Pr\"},\"image\":{\"@id\":\"https:\/\/permbledhja.com\/#\/schema\/logo\/image\/\"},\"sameAs\":[\"https:\/\/www.facebook.com\/press07\/\"]},{\"@type\":\"Person\",\"@id\":\"https:\/\/permbledhja.com\/#\/schema\/person\/0d064377258d3221e50693947b9eb4fe\",\"name\":\"P\u00ebrmbledhja\",\"image\":{\"@type\":\"ImageObject\",\"inLanguage\":\"sq\",\"@id\":\"https:\/\/permbledhja.com\/#\/schema\/person\/image\/\",\"url\":\"https:\/\/permbledhja.com\/wp-content\/uploads\/2026\/01\/452004717_1040944174702970_8932037511805513407_n-96x96.jpg\",\"contentUrl\":\"https:\/\/permbledhja.com\/wp-content\/uploads\/2026\/01\/452004717_1040944174702970_8932037511805513407_n-96x96.jpg\",\"caption\":\"P\u00ebrmbledhja\"},\"sameAs\":[\"https:\/\/www.facebook.com\/kafexhiu.muharrem\/\",\"https:\/\/www.instagram.com\/muharrem_kafexhiu\/\"],\"url\":\"https:\/\/permbledhja.com\/sq\/author\/admin\/\"}]}<\/script>\n<!-- \/ Yoast SEO plugin. -->","yoast_head_json":{"title":"P\u00ebrve\u00e7 raketave Javelin, Kosova k\u00ebrkon t\u00eb blej\u00eb edhe arm\u00eb t\u00eb tjera","robots":{"index":"index","follow":"follow","max-snippet":"max-snippet:-1","max-image-preview":"max-image-preview:large","max-video-preview":"max-video-preview:-1"},"canonical":"https:\/\/permbledhja.com\/sq\/pervec-raketave-javelin-kosova-kerkon-te-bleje-edhe-arme-te-tjera\/","og_locale":"sq_AL","og_type":"article","og_title":"P\u00ebrve\u00e7 raketave Javelin, Kosova k\u00ebrkon t\u00eb blej\u00eb edhe arm\u00eb t\u00eb tjera","og_description":"Ministria e Mbrojtjes e Kosov\u00ebs b\u00ebri t\u00eb ditur se ka b\u00ebr\u00eb k\u00ebrkes\u00eb p\u00ebr blerjen edhe t\u00eb arm\u00ebve t\u00eb tjera, p\u00ebrve\u00e7 246 raketave kund\u00ebrtanke t\u00eb tipit Javelin q\u00eb jan\u00eb k\u00ebrkuar t\u00eb blihen nga SHBA-ja. Por, k\u00ebshilltarja politike e ministrit t\u00eb Mbrojtjes s\u00eb Kosov\u00ebs, Liridona Gashi, tha p\u00ebr REL-in se nuk mund ta zbuloj\u00eb se \u00e7far\u00eb lloj [&hellip;]","og_url":"https:\/\/permbledhja.com\/sq\/pervec-raketave-javelin-kosova-kerkon-te-bleje-edhe-arme-te-tjera\/","og_site_name":"Ve\u00e7 artikuj p\u00ebrmbledh\u00ebs","article_publisher":"https:\/\/www.facebook.com\/press07\/","article_author":"https:\/\/www.facebook.com\/kafexhiu.muharrem\/","article_published_time":"2024-01-12T17:55:09+00:00","og_image":[{"width":960,"height":640,"url":"https:\/\/permbledhja.com\/wp-content\/uploads\/2024\/01\/18F216BA-FB6C-495C-A972-F30A8CA84F2C.jpeg","type":"image\/jpeg"}],"author":"P\u00ebrmbledhja","twitter_card":"summary_large_image","twitter_misc":{"Written by":"P\u00ebrmbledhja","Est. reading time":"6 minuta"},"schema":{"@context":"https:\/\/schema.org","@graph":[{"@type":"Article","@id":"https:\/\/permbledhja.com\/pervec-raketave-javelin-kosova-kerkon-te-bleje-edhe-arme-te-tjera\/#article","isPartOf":{"@id":"https:\/\/permbledhja.com\/pervec-raketave-javelin-kosova-kerkon-te-bleje-edhe-arme-te-tjera\/"},"author":{"name":"P\u00ebrmbledhja","@id":"https:\/\/permbledhja.com\/#\/schema\/person\/0d064377258d3221e50693947b9eb4fe"},"headline":"P\u00ebrve\u00e7 raketave Javelin, Kosova k\u00ebrkon t\u00eb blej\u00eb edhe arm\u00eb t\u00eb tjera","datePublished":"2024-01-12T17:55:09+00:00","dateModified":"2024-01-12T17:55:09+00:00","mainEntityOfPage":{"@id":"https:\/\/permbledhja.com\/pervec-raketave-javelin-kosova-kerkon-te-bleje-edhe-arme-te-tjera\/"},"wordCount":1147,"publisher":{"@id":"https:\/\/permbledhja.com\/#organization"},"keywords":["FSK"],"articleSection":["Kryesoret"],"inLanguage":"sq"},{"@type":"WebPage","@id":"https:\/\/permbledhja.com\/pervec-raketave-javelin-kosova-kerkon-te-bleje-edhe-arme-te-tjera\/","url":"https:\/\/permbledhja.com\/pervec-raketave-javelin-kosova-kerkon-te-bleje-edhe-arme-te-tjera\/","name":"P\u00ebrve\u00e7 raketave Javelin, Kosova k\u00ebrkon t\u00eb blej\u00eb edhe arm\u00eb t\u00eb tjera","isPartOf":{"@id":"https:\/\/permbledhja.com\/#website"},"datePublished":"2024-01-12T17:55:09+00:00","dateModified":"2024-01-12T17:55:09+00:00","breadcrumb":{"@id":"https:\/\/permbledhja.com\/pervec-raketave-javelin-kosova-kerkon-te-bleje-edhe-arme-te-tjera\/#breadcrumb"},"inLanguage":"sq","potentialAction":[{"@type":"ReadAction","target":["https:\/\/permbledhja.com\/pervec-raketave-javelin-kosova-kerkon-te-bleje-edhe-arme-te-tjera\/"]}]},{"@type":"BreadcrumbList","@id":"https:\/\/permbledhja.com\/pervec-raketave-javelin-kosova-kerkon-te-bleje-edhe-arme-te-tjera\/#breadcrumb","itemListElement":[{"@type":"ListItem","position":1,"name":"Ballina","item":"https:\/\/permbledhja.com\/sq\/"},{"@type":"ListItem","position":2,"name":"P\u00ebrve\u00e7 raketave Javelin, Kosova k\u00ebrkon t\u00eb blej\u00eb edhe arm\u00eb t\u00eb tjera"}]},{"@type":"WebSite","@id":"https:\/\/permbledhja.com\/#website","url":"https:\/\/permbledhja.com\/","name":"Ve\u00e7 artikuj p\u00ebrmbledh\u00ebs","description":"","publisher":{"@id":"https:\/\/permbledhja.com\/#organization"},"potentialAction":[{"@type":"SearchAction","target":{"@type":"EntryPoint","urlTemplate":"https:\/\/permbledhja.com\/?s={search_term_string}"},"query-input":"required name=search_term_string"}],"inLanguage":"sq"},{"@type":"Organization","@id":"https:\/\/permbledhja.com\/#organization","name":"MK Media & Pr","url":"https:\/\/permbledhja.com\/","logo":{"@type":"ImageObject","inLanguage":"sq","@id":"https:\/\/permbledhja.com\/#\/schema\/logo\/image\/","url":"https:\/\/permbledhja.com\/wp-content\/uploads\/2021\/12\/07-Press-Logo.jpg","contentUrl":"https:\/\/permbledhja.com\/wp-content\/uploads\/2021\/12\/07-Press-Logo.jpg","width":512,"height":512,"caption":"MK Media & Pr"},"image":{"@id":"https:\/\/permbledhja.com\/#\/schema\/logo\/image\/"},"sameAs":["https:\/\/www.facebook.com\/press07\/"]},{"@type":"Person","@id":"https:\/\/permbledhja.com\/#\/schema\/person\/0d064377258d3221e50693947b9eb4fe","name":"P\u00ebrmbledhja","image":{"@type":"ImageObject","inLanguage":"sq","@id":"https:\/\/permbledhja.com\/#\/schema\/person\/image\/","url":"https:\/\/permbledhja.com\/wp-content\/uploads\/2026\/01\/452004717_1040944174702970_8932037511805513407_n-96x96.jpg","contentUrl":"https:\/\/permbledhja.com\/wp-content\/uploads\/2026\/01\/452004717_1040944174702970_8932037511805513407_n-96x96.jpg","caption":"P\u00ebrmbledhja"},"sameAs":["https:\/\/www.facebook.com\/kafexhiu.muharrem\/","https:\/\/www.instagram.com\/muharrem_kafexhiu\/"],"url":"https:\/\/permbledhja.com\/sq\/author\/admin\/"}]}},"_links":{"self":[{"href":"https:\/\/permbledhja.com\/sq\/wp-json\/wp\/v2\/posts\/42750"}],"collection":[{"href":"https:\/\/permbledhja.com\/sq\/wp-json\/wp\/v2\/posts"}],"about":[{"href":"https:\/\/permbledhja.com\/sq\/wp-json\/wp\/v2\/types\/post"}],"author":[{"embeddable":true,"href":"https:\/\/permbledhja.com\/sq\/wp-json\/wp\/v2\/users\/1"}],"replies":[{"embeddable":true,"href":"https:\/\/permbledhja.com\/sq\/wp-json\/wp\/v2\/comments?post=42750"}],"version-history":[{"count":1,"href":"https:\/\/permbledhja.com\/sq\/wp-json\/wp\/v2\/posts\/42750\/revisions"}],"predecessor-version":[{"id":42752,"href":"https:\/\/permbledhja.com\/sq\/wp-json\/wp\/v2\/posts\/42750\/revisions\/42752"}],"wp:featuredmedia":[{"embeddable":true,"href":"https:\/\/permbledhja.com\/sq\/wp-json\/wp\/v2\/media\/42751"}],"wp:attachment":[{"href":"https:\/\/permbledhja.com\/sq\/wp-json\/wp\/v2\/media?parent=42750"}],"wp:term":[{"taxonomy":"category","embeddable":true,"href":"https:\/\/permbledhja.com\/sq\/wp-json\/wp\/v2\/categories?post=42750"},{"taxonomy":"post_tag","embeddable":true,"href":"https:\/\/permbledhja.com\/sq\/wp-json\/wp\/v2\/tags?post=42750"}],"curies":[{"name":"wp","href":"https:\/\/api.w.org\/{rel}","templated":true}]}}