{"id":42724,"date":"2024-01-12T15:17:16","date_gmt":"2024-01-12T15:17:16","guid":{"rendered":"https:\/\/permbledhja.com\/?p=42724"},"modified":"2024-01-12T15:17:16","modified_gmt":"2024-01-12T15:17:16","slug":"ministri-peci-ne-rahovec-nga-atje-konfirmon-rritjen-e-subvencioneve-per-bujqit","status":"publish","type":"post","link":"https:\/\/permbledhja.com\/sq\/ministri-peci-ne-rahovec-nga-atje-konfirmon-rritjen-e-subvencioneve-per-bujqit\/","title":{"rendered":"Ministri Peci n\u00eb Rahovec, nga atje konfirmon rritjen e subvencioneve p\u00ebr bujqit"},"content":{"rendered":"<h3>Ministri i Bujq\u00ebsis\u00eb, Pylltaris\u00eb dhe Zhvillimit Rural, Faton Peci, t\u00eb premten ka q\u00ebndruar n\u00eb Rahovec, nga ku ka dh\u00ebn\u00eb lajmin e mir\u00eb p\u00ebr rritjen e subvencioneve p\u00ebr bujqit e Kosov\u00ebs, raporton Ekonomia Online.<\/h3>\n<p>Gjat\u00eb vizit\u00ebs n\u00eb vreshtat e Rahovecit, Peci tha se nj\u00ebra prej risive t\u00eb programit t\u00eb vitit 2024 do t\u00eb jet\u00eb orientimi n\u00eb mas\u00ebn m\u00eb t\u00eb madhe t\u00eb realizuar ndonj\u00ebher\u00eb n\u00eb p\u00ebrkrahjen e pagesave mbi baz\u00ebn e rendimentit.<\/p>\n<p><em>\u201cNj\u00ebra prej risive t\u00eb programit t\u00eb vitit 2024 do t\u00eb jet\u00eb orientimi n\u00eb mas\u00ebn m\u00eb t\u00eb madhe t\u00eb realizuar ndonj\u00ebher\u00eb n\u00eb p\u00ebrkrahjen e pagesave mbi baz\u00ebn e rendimentit. Rendimenti do te jet\u00eb i orientuar edhe n\u00eb kultur\u00ebn e grurit q\u00eb n\u00ebnkupton p\u00ebr shkak se \u00ebsht\u00eb nj\u00eb produkt edhe n\u00eb interesin racional po q\u00eb paraqet edhe pjes\u00eb t\u00eb siguris\u00eb komb\u00ebtare p\u00ebr vendin ton\u00eb. P\u00ebr her\u00eb t\u00eb par\u00eb do t\u00eb orientojm\u00eb nj\u00eb pjes\u00eb do t\u00eb vazhdoj\u00eb p\u00ebrkrahja p\u00ebr sip\u00ebrfaqe p\u00ebr kultur\u00ebn e vreshtave, por nj\u00ebkoh\u00ebsisht do t\u00eb kemi edhe mbi baz\u00ebn e rendimentit p\u00ebr vreshtat e Rahovecit dhe Kosov\u00ebs\u201d<\/em>, u shpreh Peci.<\/p>\n<p>Ai shpjegoi se kjo nuk do t\u00eb vlej\u00eb p\u00ebr rrushin e tryez\u00ebs.<\/p>\n<p><em>\u201cFermer\u00ebt do t\u00eb subvencionohen po ashtu me 0.04 euro cent\/kg p\u00ebr \u00e7do kilogram rrush t\u00eb prodhuar p\u00ebr rrush t\u00eb ver\u00ebs. Sasia maksimale e rrushit te prodhuar q\u00eb do t\u00eb mb\u00ebshtetet me subvencionim prej 0.04 euro\/kg deri n\u00eb 10,000 kg rrush p\u00ebr 1 ha. Do t\u00eb ket\u00eb rritje t\u00eb p\u00ebrkrahjes (subvencionimit) p\u00ebr sasin\u00eb e ver\u00ebs t\u00eb prodhuar dhe deklaruar zyrtarisht nga 0.04 \u20ac lit\u00ebr sa ka qen\u00eb, tan\u00eb n\u00eb vler\u00eb prej 0.08 \u20ac \/lit\u00ebr. Rritje t\u00eb p\u00ebrkrahjes p\u00ebr sasin\u00eb e dor\u00ebzuar\/ shitur t\u00eb frutave t\u00eb mjedr\u00ebs, nga 0,15\u20ac kg sa ka qen\u00eb, tani n\u00eb prej 0.20 \u20ac\/kg\u201d<\/em>, tha tutje Peci.<\/p>\n","protected":false},"excerpt":{"rendered":"<p>Ministri i Bujq\u00ebsis\u00eb, Pylltaris\u00eb dhe Zhvillimit Rural, Faton Peci, t\u00eb premten ka q\u00ebndruar n\u00eb Rahovec, nga ku ka dh\u00ebn\u00eb lajmin e mir\u00eb p\u00ebr rritjen e subvencioneve p\u00ebr bujqit e Kosov\u00ebs, raporton Ekonomia Online. Gjat\u00eb vizit\u00ebs n\u00eb vreshtat e Rahovecit, Peci tha se nj\u00ebra prej risive t\u00eb programit t\u00eb vitit 2024 do t\u00eb jet\u00eb orientimi n\u00eb [&hellip;]<\/p>\n","protected":false},"author":1,"featured_media":42725,"comment_status":"closed","ping_status":"closed","sticky":false,"template":"","format":"standard","meta":{"_monsterinsights_skip_tracking":false,"_monsterinsights_sitenote_active":false,"_monsterinsights_sitenote_note":"","_monsterinsights_sitenote_category":0,"_uf_show_specific_survey":0,"_uf_disable_surveys":false,"footnotes":""},"categories":[15],"tags":[369],"yoast_head":"<!-- This site is optimized with the Yoast SEO plugin v21.5 - https:\/\/yoast.com\/wordpress\/plugins\/seo\/ -->\n<title>Ministri Peci n\u00eb Rahovec, nga atje konfirmon rritjen e subvencioneve p\u00ebr bujqit<\/title>\n<meta name=\"robots\" content=\"index, follow, max-snippet:-1, max-image-preview:large, max-video-preview:-1\" \/>\n<link rel=\"canonical\" href=\"https:\/\/permbledhja.com\/sq\/ministri-peci-ne-rahovec-nga-atje-konfirmon-rritjen-e-subvencioneve-per-bujqit\/\" \/>\n<meta property=\"og:locale\" content=\"sq_AL\" \/>\n<meta property=\"og:type\" content=\"article\" \/>\n<meta property=\"og:title\" content=\"Ministri Peci n\u00eb Rahovec, nga atje konfirmon rritjen e subvencioneve p\u00ebr bujqit\" \/>\n<meta property=\"og:description\" content=\"Ministri i Bujq\u00ebsis\u00eb, Pylltaris\u00eb dhe Zhvillimit Rural, Faton Peci, t\u00eb premten ka q\u00ebndruar n\u00eb Rahovec, nga ku ka dh\u00ebn\u00eb lajmin e mir\u00eb p\u00ebr rritjen e subvencioneve p\u00ebr bujqit e Kosov\u00ebs, raporton Ekonomia Online. Gjat\u00eb vizit\u00ebs n\u00eb vreshtat e Rahovecit, Peci tha se nj\u00ebra prej risive t\u00eb programit t\u00eb vitit 2024 do t\u00eb jet\u00eb orientimi n\u00eb [&hellip;]\" \/>\n<meta property=\"og:url\" content=\"https:\/\/permbledhja.com\/sq\/ministri-peci-ne-rahovec-nga-atje-konfirmon-rritjen-e-subvencioneve-per-bujqit\/\" \/>\n<meta property=\"og:site_name\" content=\"Ve\u00e7 artikuj p\u00ebrmbledh\u00ebs\" \/>\n<meta property=\"article:publisher\" content=\"https:\/\/www.facebook.com\/press07\/\" \/>\n<meta property=\"article:author\" content=\"https:\/\/www.facebook.com\/kafexhiu.muharrem\/\" \/>\n<meta property=\"article:published_time\" content=\"2024-01-12T15:17:16+00:00\" \/>\n<meta property=\"og:image\" content=\"https:\/\/permbledhja.com\/wp-content\/uploads\/2024\/01\/417026220_863997038804758_8584391736435105549_n-1333x1000-1.jpg\" \/>\n\t<meta property=\"og:image:width\" content=\"1333\" \/>\n\t<meta property=\"og:image:height\" content=\"1000\" \/>\n\t<meta property=\"og:image:type\" content=\"image\/jpeg\" \/>\n<meta name=\"author\" content=\"P\u00ebrmbledhja\" \/>\n<meta name=\"twitter:card\" content=\"summary_large_image\" \/>\n<meta name=\"twitter:label1\" content=\"Written by\" \/>\n\t<meta name=\"twitter:data1\" content=\"P\u00ebrmbledhja\" \/>\n\t<meta name=\"twitter:label2\" content=\"Est. reading time\" \/>\n\t<meta name=\"twitter:data2\" content=\"2 minuta\" \/>\n<script type=\"application\/ld+json\" class=\"yoast-schema-graph\">{\"@context\":\"https:\/\/schema.org\",\"@graph\":[{\"@type\":\"Article\",\"@id\":\"https:\/\/permbledhja.com\/ministri-peci-ne-rahovec-nga-atje-konfirmon-rritjen-e-subvencioneve-per-bujqit\/#article\",\"isPartOf\":{\"@id\":\"https:\/\/permbledhja.com\/ministri-peci-ne-rahovec-nga-atje-konfirmon-rritjen-e-subvencioneve-per-bujqit\/\"},\"author\":{\"name\":\"P\u00ebrmbledhja\",\"@id\":\"https:\/\/permbledhja.com\/#\/schema\/person\/0d064377258d3221e50693947b9eb4fe\"},\"headline\":\"Ministri Peci n\u00eb Rahovec, nga atje konfirmon rritjen e subvencioneve p\u00ebr bujqit\",\"datePublished\":\"2024-01-12T15:17:16+00:00\",\"dateModified\":\"2024-01-12T15:17:16+00:00\",\"mainEntityOfPage\":{\"@id\":\"https:\/\/permbledhja.com\/ministri-peci-ne-rahovec-nga-atje-konfirmon-rritjen-e-subvencioneve-per-bujqit\/\"},\"wordCount\":334,\"publisher\":{\"@id\":\"https:\/\/permbledhja.com\/#organization\"},\"keywords\":[\"Faton Peci\"],\"articleSection\":[\"Lajme\"],\"inLanguage\":\"sq\"},{\"@type\":\"WebPage\",\"@id\":\"https:\/\/permbledhja.com\/ministri-peci-ne-rahovec-nga-atje-konfirmon-rritjen-e-subvencioneve-per-bujqit\/\",\"url\":\"https:\/\/permbledhja.com\/ministri-peci-ne-rahovec-nga-atje-konfirmon-rritjen-e-subvencioneve-per-bujqit\/\",\"name\":\"Ministri Peci n\u00eb Rahovec, nga atje konfirmon rritjen e subvencioneve p\u00ebr bujqit\",\"isPartOf\":{\"@id\":\"https:\/\/permbledhja.com\/#website\"},\"datePublished\":\"2024-01-12T15:17:16+00:00\",\"dateModified\":\"2024-01-12T15:17:16+00:00\",\"breadcrumb\":{\"@id\":\"https:\/\/permbledhja.com\/ministri-peci-ne-rahovec-nga-atje-konfirmon-rritjen-e-subvencioneve-per-bujqit\/#breadcrumb\"},\"inLanguage\":\"sq\",\"potentialAction\":[{\"@type\":\"ReadAction\",\"target\":[\"https:\/\/permbledhja.com\/ministri-peci-ne-rahovec-nga-atje-konfirmon-rritjen-e-subvencioneve-per-bujqit\/\"]}]},{\"@type\":\"BreadcrumbList\",\"@id\":\"https:\/\/permbledhja.com\/ministri-peci-ne-rahovec-nga-atje-konfirmon-rritjen-e-subvencioneve-per-bujqit\/#breadcrumb\",\"itemListElement\":[{\"@type\":\"ListItem\",\"position\":1,\"name\":\"Ballina\",\"item\":\"https:\/\/permbledhja.com\/sq\/\"},{\"@type\":\"ListItem\",\"position\":2,\"name\":\"Ministri Peci n\u00eb Rahovec, nga atje konfirmon rritjen e subvencioneve p\u00ebr bujqit\"}]},{\"@type\":\"WebSite\",\"@id\":\"https:\/\/permbledhja.com\/#website\",\"url\":\"https:\/\/permbledhja.com\/\",\"name\":\"Ve\u00e7 artikuj p\u00ebrmbledh\u00ebs\",\"description\":\"\",\"publisher\":{\"@id\":\"https:\/\/permbledhja.com\/#organization\"},\"potentialAction\":[{\"@type\":\"SearchAction\",\"target\":{\"@type\":\"EntryPoint\",\"urlTemplate\":\"https:\/\/permbledhja.com\/?s={search_term_string}\"},\"query-input\":\"required name=search_term_string\"}],\"inLanguage\":\"sq\"},{\"@type\":\"Organization\",\"@id\":\"https:\/\/permbledhja.com\/#organization\",\"name\":\"MK Media & Pr\",\"url\":\"https:\/\/permbledhja.com\/\",\"logo\":{\"@type\":\"ImageObject\",\"inLanguage\":\"sq\",\"@id\":\"https:\/\/permbledhja.com\/#\/schema\/logo\/image\/\",\"url\":\"https:\/\/permbledhja.com\/wp-content\/uploads\/2021\/12\/07-Press-Logo.jpg\",\"contentUrl\":\"https:\/\/permbledhja.com\/wp-content\/uploads\/2021\/12\/07-Press-Logo.jpg\",\"width\":512,\"height\":512,\"caption\":\"MK Media & Pr\"},\"image\":{\"@id\":\"https:\/\/permbledhja.com\/#\/schema\/logo\/image\/\"},\"sameAs\":[\"https:\/\/www.facebook.com\/press07\/\"]},{\"@type\":\"Person\",\"@id\":\"https:\/\/permbledhja.com\/#\/schema\/person\/0d064377258d3221e50693947b9eb4fe\",\"name\":\"P\u00ebrmbledhja\",\"image\":{\"@type\":\"ImageObject\",\"inLanguage\":\"sq\",\"@id\":\"https:\/\/permbledhja.com\/#\/schema\/person\/image\/\",\"url\":\"https:\/\/permbledhja.com\/wp-content\/uploads\/2026\/01\/452004717_1040944174702970_8932037511805513407_n-96x96.jpg\",\"contentUrl\":\"https:\/\/permbledhja.com\/wp-content\/uploads\/2026\/01\/452004717_1040944174702970_8932037511805513407_n-96x96.jpg\",\"caption\":\"P\u00ebrmbledhja\"},\"sameAs\":[\"https:\/\/www.facebook.com\/kafexhiu.muharrem\/\",\"https:\/\/www.instagram.com\/muharrem_kafexhiu\/\"],\"url\":\"https:\/\/permbledhja.com\/sq\/author\/admin\/\"}]}<\/script>\n<!-- \/ Yoast SEO plugin. -->","yoast_head_json":{"title":"Ministri Peci n\u00eb Rahovec, nga atje konfirmon rritjen e subvencioneve p\u00ebr bujqit","robots":{"index":"index","follow":"follow","max-snippet":"max-snippet:-1","max-image-preview":"max-image-preview:large","max-video-preview":"max-video-preview:-1"},"canonical":"https:\/\/permbledhja.com\/sq\/ministri-peci-ne-rahovec-nga-atje-konfirmon-rritjen-e-subvencioneve-per-bujqit\/","og_locale":"sq_AL","og_type":"article","og_title":"Ministri Peci n\u00eb Rahovec, nga atje konfirmon rritjen e subvencioneve p\u00ebr bujqit","og_description":"Ministri i Bujq\u00ebsis\u00eb, Pylltaris\u00eb dhe Zhvillimit Rural, Faton Peci, t\u00eb premten ka q\u00ebndruar n\u00eb Rahovec, nga ku ka dh\u00ebn\u00eb lajmin e mir\u00eb p\u00ebr rritjen e subvencioneve p\u00ebr bujqit e Kosov\u00ebs, raporton Ekonomia Online. Gjat\u00eb vizit\u00ebs n\u00eb vreshtat e Rahovecit, Peci tha se nj\u00ebra prej risive t\u00eb programit t\u00eb vitit 2024 do t\u00eb jet\u00eb orientimi n\u00eb [&hellip;]","og_url":"https:\/\/permbledhja.com\/sq\/ministri-peci-ne-rahovec-nga-atje-konfirmon-rritjen-e-subvencioneve-per-bujqit\/","og_site_name":"Ve\u00e7 artikuj p\u00ebrmbledh\u00ebs","article_publisher":"https:\/\/www.facebook.com\/press07\/","article_author":"https:\/\/www.facebook.com\/kafexhiu.muharrem\/","article_published_time":"2024-01-12T15:17:16+00:00","og_image":[{"width":1333,"height":1000,"url":"https:\/\/permbledhja.com\/wp-content\/uploads\/2024\/01\/417026220_863997038804758_8584391736435105549_n-1333x1000-1.jpg","type":"image\/jpeg"}],"author":"P\u00ebrmbledhja","twitter_card":"summary_large_image","twitter_misc":{"Written by":"P\u00ebrmbledhja","Est. reading time":"2 minuta"},"schema":{"@context":"https:\/\/schema.org","@graph":[{"@type":"Article","@id":"https:\/\/permbledhja.com\/ministri-peci-ne-rahovec-nga-atje-konfirmon-rritjen-e-subvencioneve-per-bujqit\/#article","isPartOf":{"@id":"https:\/\/permbledhja.com\/ministri-peci-ne-rahovec-nga-atje-konfirmon-rritjen-e-subvencioneve-per-bujqit\/"},"author":{"name":"P\u00ebrmbledhja","@id":"https:\/\/permbledhja.com\/#\/schema\/person\/0d064377258d3221e50693947b9eb4fe"},"headline":"Ministri Peci n\u00eb Rahovec, nga atje konfirmon rritjen e subvencioneve p\u00ebr bujqit","datePublished":"2024-01-12T15:17:16+00:00","dateModified":"2024-01-12T15:17:16+00:00","mainEntityOfPage":{"@id":"https:\/\/permbledhja.com\/ministri-peci-ne-rahovec-nga-atje-konfirmon-rritjen-e-subvencioneve-per-bujqit\/"},"wordCount":334,"publisher":{"@id":"https:\/\/permbledhja.com\/#organization"},"keywords":["Faton Peci"],"articleSection":["Lajme"],"inLanguage":"sq"},{"@type":"WebPage","@id":"https:\/\/permbledhja.com\/ministri-peci-ne-rahovec-nga-atje-konfirmon-rritjen-e-subvencioneve-per-bujqit\/","url":"https:\/\/permbledhja.com\/ministri-peci-ne-rahovec-nga-atje-konfirmon-rritjen-e-subvencioneve-per-bujqit\/","name":"Ministri Peci n\u00eb Rahovec, nga atje konfirmon rritjen e subvencioneve p\u00ebr bujqit","isPartOf":{"@id":"https:\/\/permbledhja.com\/#website"},"datePublished":"2024-01-12T15:17:16+00:00","dateModified":"2024-01-12T15:17:16+00:00","breadcrumb":{"@id":"https:\/\/permbledhja.com\/ministri-peci-ne-rahovec-nga-atje-konfirmon-rritjen-e-subvencioneve-per-bujqit\/#breadcrumb"},"inLanguage":"sq","potentialAction":[{"@type":"ReadAction","target":["https:\/\/permbledhja.com\/ministri-peci-ne-rahovec-nga-atje-konfirmon-rritjen-e-subvencioneve-per-bujqit\/"]}]},{"@type":"BreadcrumbList","@id":"https:\/\/permbledhja.com\/ministri-peci-ne-rahovec-nga-atje-konfirmon-rritjen-e-subvencioneve-per-bujqit\/#breadcrumb","itemListElement":[{"@type":"ListItem","position":1,"name":"Ballina","item":"https:\/\/permbledhja.com\/sq\/"},{"@type":"ListItem","position":2,"name":"Ministri Peci n\u00eb Rahovec, nga atje konfirmon rritjen e subvencioneve p\u00ebr bujqit"}]},{"@type":"WebSite","@id":"https:\/\/permbledhja.com\/#website","url":"https:\/\/permbledhja.com\/","name":"Ve\u00e7 artikuj p\u00ebrmbledh\u00ebs","description":"","publisher":{"@id":"https:\/\/permbledhja.com\/#organization"},"potentialAction":[{"@type":"SearchAction","target":{"@type":"EntryPoint","urlTemplate":"https:\/\/permbledhja.com\/?s={search_term_string}"},"query-input":"required name=search_term_string"}],"inLanguage":"sq"},{"@type":"Organization","@id":"https:\/\/permbledhja.com\/#organization","name":"MK Media & Pr","url":"https:\/\/permbledhja.com\/","logo":{"@type":"ImageObject","inLanguage":"sq","@id":"https:\/\/permbledhja.com\/#\/schema\/logo\/image\/","url":"https:\/\/permbledhja.com\/wp-content\/uploads\/2021\/12\/07-Press-Logo.jpg","contentUrl":"https:\/\/permbledhja.com\/wp-content\/uploads\/2021\/12\/07-Press-Logo.jpg","width":512,"height":512,"caption":"MK Media & Pr"},"image":{"@id":"https:\/\/permbledhja.com\/#\/schema\/logo\/image\/"},"sameAs":["https:\/\/www.facebook.com\/press07\/"]},{"@type":"Person","@id":"https:\/\/permbledhja.com\/#\/schema\/person\/0d064377258d3221e50693947b9eb4fe","name":"P\u00ebrmbledhja","image":{"@type":"ImageObject","inLanguage":"sq","@id":"https:\/\/permbledhja.com\/#\/schema\/person\/image\/","url":"https:\/\/permbledhja.com\/wp-content\/uploads\/2026\/01\/452004717_1040944174702970_8932037511805513407_n-96x96.jpg","contentUrl":"https:\/\/permbledhja.com\/wp-content\/uploads\/2026\/01\/452004717_1040944174702970_8932037511805513407_n-96x96.jpg","caption":"P\u00ebrmbledhja"},"sameAs":["https:\/\/www.facebook.com\/kafexhiu.muharrem\/","https:\/\/www.instagram.com\/muharrem_kafexhiu\/"],"url":"https:\/\/permbledhja.com\/sq\/author\/admin\/"}]}},"_links":{"self":[{"href":"https:\/\/permbledhja.com\/sq\/wp-json\/wp\/v2\/posts\/42724"}],"collection":[{"href":"https:\/\/permbledhja.com\/sq\/wp-json\/wp\/v2\/posts"}],"about":[{"href":"https:\/\/permbledhja.com\/sq\/wp-json\/wp\/v2\/types\/post"}],"author":[{"embeddable":true,"href":"https:\/\/permbledhja.com\/sq\/wp-json\/wp\/v2\/users\/1"}],"replies":[{"embeddable":true,"href":"https:\/\/permbledhja.com\/sq\/wp-json\/wp\/v2\/comments?post=42724"}],"version-history":[{"count":1,"href":"https:\/\/permbledhja.com\/sq\/wp-json\/wp\/v2\/posts\/42724\/revisions"}],"predecessor-version":[{"id":42726,"href":"https:\/\/permbledhja.com\/sq\/wp-json\/wp\/v2\/posts\/42724\/revisions\/42726"}],"wp:featuredmedia":[{"embeddable":true,"href":"https:\/\/permbledhja.com\/sq\/wp-json\/wp\/v2\/media\/42725"}],"wp:attachment":[{"href":"https:\/\/permbledhja.com\/sq\/wp-json\/wp\/v2\/media?parent=42724"}],"wp:term":[{"taxonomy":"category","embeddable":true,"href":"https:\/\/permbledhja.com\/sq\/wp-json\/wp\/v2\/categories?post=42724"},{"taxonomy":"post_tag","embeddable":true,"href":"https:\/\/permbledhja.com\/sq\/wp-json\/wp\/v2\/tags?post=42724"}],"curies":[{"name":"wp","href":"https:\/\/api.w.org\/{rel}","templated":true}]}}