{"id":42721,"date":"2024-01-12T15:02:35","date_gmt":"2024-01-12T15:02:35","guid":{"rendered":"https:\/\/permbledhja.com\/?p=42721"},"modified":"2024-01-12T15:02:35","modified_gmt":"2024-01-12T15:02:35","slug":"nje-kontigjent-i-fsk-se-do-te-zbarkoje-ne-mbreterine-e-bashkuar-marrin-pjese-ne-trajnimin-e-ushtareve-ukrainas","status":"publish","type":"post","link":"https:\/\/permbledhja.com\/sq\/nje-kontigjent-i-fsk-se-do-te-zbarkoje-ne-mbreterine-e-bashkuar-marrin-pjese-ne-trajnimin-e-ushtareve-ukrainas\/","title":{"rendered":"Nj\u00eb kontigjent i FSK-s\u00eb do t\u00eb zbarkoj\u00eb n\u00eb Mbret\u00ebrin\u00eb e Bashkuar, marrin pjes\u00eb n\u00eb trajnimin e ushtar\u00ebve ukrainas"},"content":{"rendered":"<h3>Nj\u00eb kontigjent i FSK-s\u00eb do t\u00eb udh\u00ebtoj\u00eb brenda muajit n\u00eb Mbret\u00ebrin\u00eb e Bashkuar.<\/h3>\n<p>Ata do t\u00eb marrin pjes\u00eb n\u00eb operacionin Interflex q\u00eb ka p\u00ebr q\u00ebllim trajnimin e trupave t\u00eb ushtris\u00eb ukrainase, transmeton lajmi.net.<\/p>\n<p>K\u00ebshtu ka b\u00ebr\u00eb t\u00eb ditur Ministri i Mbrojtjes, Ejup Maqedonci.<\/p>\n<p><em>\u201cMinistria e Mbrojtjes dhe Forca e Siguris\u00eb s\u00eb Kosov\u00ebs kan\u00eb ofruar gatishm\u00ebrin\u00eb q\u00eb t\u00eb angazhojn\u00eb instruktor\u00eb p\u00ebr t\u00eb ndihmuar procesin e st\u00ebrvitjes s\u00eb ushtris\u00eb ukrainase n\u00eb kuad\u00ebr t\u00eb k\u00ebtij operacioni. K\u00ebsisoj, Forca e Siguris\u00eb s\u00eb Kosov\u00ebs do t\u2019i bashk\u00ebngjis\u00eb nj\u00eb kontingjent t\u00eb instruktor\u00ebve profesionist\u00eb nj\u00ebsis\u00eb s\u00eb Ushtris\u00eb s\u00eb Mbret\u00ebris\u00eb s\u00eb Bashkuar q\u00eb realizon operacionin Interlfex\u201d<\/em>, ka shkruar Maqedonci.<\/p>\n<p>Ai ka b\u00ebr\u00eb t\u00eb ditur se ky angazhim i FSK-s\u00eb \u00ebsht\u00eb n\u00eb linj\u00eb me q\u00ebndrimin e institucioneve t\u00eb Kosov\u00ebs n\u00eb mb\u00ebshtetje t\u00eb popullit dhe luft\u00ebs s\u00eb drejt\u00eb t\u00eb Ukrain\u00ebs.<\/p>\n<p><em>\u201cSi pjes\u00eb e p\u00ebrgatitjeve q\u00eb po b\u00ebhen p\u00ebr k\u00ebt\u00eb operacion, sot takova nj\u00eb grup gazetar\u00ebsh ukrainas t\u00eb cil\u00ebt kan\u00eb vizituar Ministrin\u00eb e Mbrojtjes me q\u00ebllim diskutimin rreth situat\u00ebs aktuale n\u00eb Ukrain\u00eb dhe ofrimin e njohurive kulturore dhe gjuh\u00ebsore p\u00ebr pjes\u00ebtar\u00ebt e FSK-s\u00eb t\u00eb cil\u00ebt do t\u00eb q\u00ebndrojn\u00eb p\u00ebr gjasht\u00eb muaj n\u00ebn ombrell\u00ebn e Ushtris\u00eb Britaneze p\u00ebr t\u00eb kontribuar n\u00eb trajnimin e ushtar\u00ebve ukrainas\u201d<\/em>, ka b\u00ebr\u00eb t\u00eb ditur tutje ministri.<\/p>\n","protected":false},"excerpt":{"rendered":"<p>Nj\u00eb kontigjent i FSK-s\u00eb do t\u00eb udh\u00ebtoj\u00eb brenda muajit n\u00eb Mbret\u00ebrin\u00eb e Bashkuar. Ata do t\u00eb marrin pjes\u00eb n\u00eb operacionin Interflex q\u00eb ka p\u00ebr q\u00ebllim trajnimin e trupave t\u00eb ushtris\u00eb ukrainase, transmeton lajmi.net. K\u00ebshtu ka b\u00ebr\u00eb t\u00eb ditur Ministri i Mbrojtjes, Ejup Maqedonci. \u201cMinistria e Mbrojtjes dhe Forca e Siguris\u00eb s\u00eb Kosov\u00ebs kan\u00eb ofruar gatishm\u00ebrin\u00eb [&hellip;]<\/p>\n","protected":false},"author":1,"featured_media":42722,"comment_status":"closed","ping_status":"closed","sticky":false,"template":"","format":"standard","meta":{"_monsterinsights_skip_tracking":false,"_monsterinsights_sitenote_active":false,"_monsterinsights_sitenote_note":"","_monsterinsights_sitenote_category":0,"_uf_show_specific_survey":0,"_uf_disable_surveys":false,"footnotes":""},"categories":[2645],"tags":[1066],"yoast_head":"<!-- This site is optimized with the Yoast SEO plugin v21.5 - https:\/\/yoast.com\/wordpress\/plugins\/seo\/ -->\n<title>Nj\u00eb kontigjent i FSK-s\u00eb do t\u00eb zbarkoj\u00eb n\u00eb Mbret\u00ebrin\u00eb e Bashkuar, marrin pjes\u00eb n\u00eb trajnimin e ushtar\u00ebve ukrainas<\/title>\n<meta name=\"robots\" content=\"index, follow, max-snippet:-1, max-image-preview:large, max-video-preview:-1\" \/>\n<link rel=\"canonical\" href=\"https:\/\/permbledhja.com\/sq\/nje-kontigjent-i-fsk-se-do-te-zbarkoje-ne-mbreterine-e-bashkuar-marrin-pjese-ne-trajnimin-e-ushtareve-ukrainas\/\" \/>\n<meta property=\"og:locale\" content=\"sq_AL\" \/>\n<meta property=\"og:type\" content=\"article\" \/>\n<meta property=\"og:title\" content=\"Nj\u00eb kontigjent i FSK-s\u00eb do t\u00eb zbarkoj\u00eb n\u00eb Mbret\u00ebrin\u00eb e Bashkuar, marrin pjes\u00eb n\u00eb trajnimin e ushtar\u00ebve ukrainas\" \/>\n<meta property=\"og:description\" content=\"Nj\u00eb kontigjent i FSK-s\u00eb do t\u00eb udh\u00ebtoj\u00eb brenda muajit n\u00eb Mbret\u00ebrin\u00eb e Bashkuar. Ata do t\u00eb marrin pjes\u00eb n\u00eb operacionin Interflex q\u00eb ka p\u00ebr q\u00ebllim trajnimin e trupave t\u00eb ushtris\u00eb ukrainase, transmeton lajmi.net. K\u00ebshtu ka b\u00ebr\u00eb t\u00eb ditur Ministri i Mbrojtjes, Ejup Maqedonci. \u201cMinistria e Mbrojtjes dhe Forca e Siguris\u00eb s\u00eb Kosov\u00ebs kan\u00eb ofruar gatishm\u00ebrin\u00eb [&hellip;]\" \/>\n<meta property=\"og:url\" content=\"https:\/\/permbledhja.com\/sq\/nje-kontigjent-i-fsk-se-do-te-zbarkoje-ne-mbreterine-e-bashkuar-marrin-pjese-ne-trajnimin-e-ushtareve-ukrainas\/\" \/>\n<meta property=\"og:site_name\" content=\"Ve\u00e7 artikuj p\u00ebrmbledh\u00ebs\" \/>\n<meta property=\"article:publisher\" content=\"https:\/\/www.facebook.com\/press07\/\" \/>\n<meta property=\"article:author\" content=\"https:\/\/www.facebook.com\/kafexhiu.muharrem\/\" \/>\n<meta property=\"article:published_time\" content=\"2024-01-12T15:02:35+00:00\" \/>\n<meta property=\"og:image\" content=\"https:\/\/permbledhja.com\/wp-content\/uploads\/2024\/01\/fskkk.jpg\" \/>\n\t<meta property=\"og:image:width\" content=\"1024\" \/>\n\t<meta property=\"og:image:height\" content=\"683\" \/>\n\t<meta property=\"og:image:type\" content=\"image\/jpeg\" \/>\n<meta name=\"author\" content=\"P\u00ebrmbledhja\" \/>\n<meta name=\"twitter:card\" content=\"summary_large_image\" \/>\n<meta name=\"twitter:label1\" content=\"Written by\" \/>\n\t<meta name=\"twitter:data1\" content=\"P\u00ebrmbledhja\" \/>\n\t<meta name=\"twitter:label2\" content=\"Est. reading time\" \/>\n\t<meta name=\"twitter:data2\" content=\"2 minuta\" \/>\n<script type=\"application\/ld+json\" class=\"yoast-schema-graph\">{\"@context\":\"https:\/\/schema.org\",\"@graph\":[{\"@type\":\"Article\",\"@id\":\"https:\/\/permbledhja.com\/nje-kontigjent-i-fsk-se-do-te-zbarkoje-ne-mbreterine-e-bashkuar-marrin-pjese-ne-trajnimin-e-ushtareve-ukrainas\/#article\",\"isPartOf\":{\"@id\":\"https:\/\/permbledhja.com\/nje-kontigjent-i-fsk-se-do-te-zbarkoje-ne-mbreterine-e-bashkuar-marrin-pjese-ne-trajnimin-e-ushtareve-ukrainas\/\"},\"author\":{\"name\":\"P\u00ebrmbledhja\",\"@id\":\"https:\/\/permbledhja.com\/#\/schema\/person\/0d064377258d3221e50693947b9eb4fe\"},\"headline\":\"Nj\u00eb kontigjent i FSK-s\u00eb do t\u00eb zbarkoj\u00eb n\u00eb Mbret\u00ebrin\u00eb e Bashkuar, marrin pjes\u00eb n\u00eb trajnimin e ushtar\u00ebve ukrainas\",\"datePublished\":\"2024-01-12T15:02:35+00:00\",\"dateModified\":\"2024-01-12T15:02:35+00:00\",\"mainEntityOfPage\":{\"@id\":\"https:\/\/permbledhja.com\/nje-kontigjent-i-fsk-se-do-te-zbarkoje-ne-mbreterine-e-bashkuar-marrin-pjese-ne-trajnimin-e-ushtareve-ukrainas\/\"},\"wordCount\":265,\"publisher\":{\"@id\":\"https:\/\/permbledhja.com\/#organization\"},\"keywords\":[\"FSK\"],\"articleSection\":[\"T\u00eb r\u00ebnd\u00ebsishme\"],\"inLanguage\":\"sq\"},{\"@type\":\"WebPage\",\"@id\":\"https:\/\/permbledhja.com\/nje-kontigjent-i-fsk-se-do-te-zbarkoje-ne-mbreterine-e-bashkuar-marrin-pjese-ne-trajnimin-e-ushtareve-ukrainas\/\",\"url\":\"https:\/\/permbledhja.com\/nje-kontigjent-i-fsk-se-do-te-zbarkoje-ne-mbreterine-e-bashkuar-marrin-pjese-ne-trajnimin-e-ushtareve-ukrainas\/\",\"name\":\"Nj\u00eb kontigjent i FSK-s\u00eb do t\u00eb zbarkoj\u00eb n\u00eb Mbret\u00ebrin\u00eb e Bashkuar, marrin pjes\u00eb n\u00eb trajnimin e ushtar\u00ebve ukrainas\",\"isPartOf\":{\"@id\":\"https:\/\/permbledhja.com\/#website\"},\"datePublished\":\"2024-01-12T15:02:35+00:00\",\"dateModified\":\"2024-01-12T15:02:35+00:00\",\"breadcrumb\":{\"@id\":\"https:\/\/permbledhja.com\/nje-kontigjent-i-fsk-se-do-te-zbarkoje-ne-mbreterine-e-bashkuar-marrin-pjese-ne-trajnimin-e-ushtareve-ukrainas\/#breadcrumb\"},\"inLanguage\":\"sq\",\"potentialAction\":[{\"@type\":\"ReadAction\",\"target\":[\"https:\/\/permbledhja.com\/nje-kontigjent-i-fsk-se-do-te-zbarkoje-ne-mbreterine-e-bashkuar-marrin-pjese-ne-trajnimin-e-ushtareve-ukrainas\/\"]}]},{\"@type\":\"BreadcrumbList\",\"@id\":\"https:\/\/permbledhja.com\/nje-kontigjent-i-fsk-se-do-te-zbarkoje-ne-mbreterine-e-bashkuar-marrin-pjese-ne-trajnimin-e-ushtareve-ukrainas\/#breadcrumb\",\"itemListElement\":[{\"@type\":\"ListItem\",\"position\":1,\"name\":\"Ballina\",\"item\":\"https:\/\/permbledhja.com\/sq\/\"},{\"@type\":\"ListItem\",\"position\":2,\"name\":\"Nj\u00eb kontigjent i FSK-s\u00eb do t\u00eb zbarkoj\u00eb n\u00eb Mbret\u00ebrin\u00eb e Bashkuar, marrin pjes\u00eb n\u00eb trajnimin e ushtar\u00ebve ukrainas\"}]},{\"@type\":\"WebSite\",\"@id\":\"https:\/\/permbledhja.com\/#website\",\"url\":\"https:\/\/permbledhja.com\/\",\"name\":\"Ve\u00e7 artikuj p\u00ebrmbledh\u00ebs\",\"description\":\"\",\"publisher\":{\"@id\":\"https:\/\/permbledhja.com\/#organization\"},\"potentialAction\":[{\"@type\":\"SearchAction\",\"target\":{\"@type\":\"EntryPoint\",\"urlTemplate\":\"https:\/\/permbledhja.com\/?s={search_term_string}\"},\"query-input\":\"required name=search_term_string\"}],\"inLanguage\":\"sq\"},{\"@type\":\"Organization\",\"@id\":\"https:\/\/permbledhja.com\/#organization\",\"name\":\"MK Media & Pr\",\"url\":\"https:\/\/permbledhja.com\/\",\"logo\":{\"@type\":\"ImageObject\",\"inLanguage\":\"sq\",\"@id\":\"https:\/\/permbledhja.com\/#\/schema\/logo\/image\/\",\"url\":\"https:\/\/permbledhja.com\/wp-content\/uploads\/2021\/12\/07-Press-Logo.jpg\",\"contentUrl\":\"https:\/\/permbledhja.com\/wp-content\/uploads\/2021\/12\/07-Press-Logo.jpg\",\"width\":512,\"height\":512,\"caption\":\"MK Media & Pr\"},\"image\":{\"@id\":\"https:\/\/permbledhja.com\/#\/schema\/logo\/image\/\"},\"sameAs\":[\"https:\/\/www.facebook.com\/press07\/\"]},{\"@type\":\"Person\",\"@id\":\"https:\/\/permbledhja.com\/#\/schema\/person\/0d064377258d3221e50693947b9eb4fe\",\"name\":\"P\u00ebrmbledhja\",\"image\":{\"@type\":\"ImageObject\",\"inLanguage\":\"sq\",\"@id\":\"https:\/\/permbledhja.com\/#\/schema\/person\/image\/\",\"url\":\"https:\/\/permbledhja.com\/wp-content\/uploads\/2026\/01\/452004717_1040944174702970_8932037511805513407_n-96x96.jpg\",\"contentUrl\":\"https:\/\/permbledhja.com\/wp-content\/uploads\/2026\/01\/452004717_1040944174702970_8932037511805513407_n-96x96.jpg\",\"caption\":\"P\u00ebrmbledhja\"},\"sameAs\":[\"https:\/\/www.facebook.com\/kafexhiu.muharrem\/\",\"https:\/\/www.instagram.com\/muharrem_kafexhiu\/\"],\"url\":\"https:\/\/permbledhja.com\/sq\/author\/admin\/\"}]}<\/script>\n<!-- \/ Yoast SEO plugin. -->","yoast_head_json":{"title":"Nj\u00eb kontigjent i FSK-s\u00eb do t\u00eb zbarkoj\u00eb n\u00eb Mbret\u00ebrin\u00eb e Bashkuar, marrin pjes\u00eb n\u00eb trajnimin e ushtar\u00ebve ukrainas","robots":{"index":"index","follow":"follow","max-snippet":"max-snippet:-1","max-image-preview":"max-image-preview:large","max-video-preview":"max-video-preview:-1"},"canonical":"https:\/\/permbledhja.com\/sq\/nje-kontigjent-i-fsk-se-do-te-zbarkoje-ne-mbreterine-e-bashkuar-marrin-pjese-ne-trajnimin-e-ushtareve-ukrainas\/","og_locale":"sq_AL","og_type":"article","og_title":"Nj\u00eb kontigjent i FSK-s\u00eb do t\u00eb zbarkoj\u00eb n\u00eb Mbret\u00ebrin\u00eb e Bashkuar, marrin pjes\u00eb n\u00eb trajnimin e ushtar\u00ebve ukrainas","og_description":"Nj\u00eb kontigjent i FSK-s\u00eb do t\u00eb udh\u00ebtoj\u00eb brenda muajit n\u00eb Mbret\u00ebrin\u00eb e Bashkuar. Ata do t\u00eb marrin pjes\u00eb n\u00eb operacionin Interflex q\u00eb ka p\u00ebr q\u00ebllim trajnimin e trupave t\u00eb ushtris\u00eb ukrainase, transmeton lajmi.net. K\u00ebshtu ka b\u00ebr\u00eb t\u00eb ditur Ministri i Mbrojtjes, Ejup Maqedonci. \u201cMinistria e Mbrojtjes dhe Forca e Siguris\u00eb s\u00eb Kosov\u00ebs kan\u00eb ofruar gatishm\u00ebrin\u00eb [&hellip;]","og_url":"https:\/\/permbledhja.com\/sq\/nje-kontigjent-i-fsk-se-do-te-zbarkoje-ne-mbreterine-e-bashkuar-marrin-pjese-ne-trajnimin-e-ushtareve-ukrainas\/","og_site_name":"Ve\u00e7 artikuj p\u00ebrmbledh\u00ebs","article_publisher":"https:\/\/www.facebook.com\/press07\/","article_author":"https:\/\/www.facebook.com\/kafexhiu.muharrem\/","article_published_time":"2024-01-12T15:02:35+00:00","og_image":[{"width":1024,"height":683,"url":"https:\/\/permbledhja.com\/wp-content\/uploads\/2024\/01\/fskkk.jpg","type":"image\/jpeg"}],"author":"P\u00ebrmbledhja","twitter_card":"summary_large_image","twitter_misc":{"Written by":"P\u00ebrmbledhja","Est. reading time":"2 minuta"},"schema":{"@context":"https:\/\/schema.org","@graph":[{"@type":"Article","@id":"https:\/\/permbledhja.com\/nje-kontigjent-i-fsk-se-do-te-zbarkoje-ne-mbreterine-e-bashkuar-marrin-pjese-ne-trajnimin-e-ushtareve-ukrainas\/#article","isPartOf":{"@id":"https:\/\/permbledhja.com\/nje-kontigjent-i-fsk-se-do-te-zbarkoje-ne-mbreterine-e-bashkuar-marrin-pjese-ne-trajnimin-e-ushtareve-ukrainas\/"},"author":{"name":"P\u00ebrmbledhja","@id":"https:\/\/permbledhja.com\/#\/schema\/person\/0d064377258d3221e50693947b9eb4fe"},"headline":"Nj\u00eb kontigjent i FSK-s\u00eb do t\u00eb zbarkoj\u00eb n\u00eb Mbret\u00ebrin\u00eb e Bashkuar, marrin pjes\u00eb n\u00eb trajnimin e ushtar\u00ebve ukrainas","datePublished":"2024-01-12T15:02:35+00:00","dateModified":"2024-01-12T15:02:35+00:00","mainEntityOfPage":{"@id":"https:\/\/permbledhja.com\/nje-kontigjent-i-fsk-se-do-te-zbarkoje-ne-mbreterine-e-bashkuar-marrin-pjese-ne-trajnimin-e-ushtareve-ukrainas\/"},"wordCount":265,"publisher":{"@id":"https:\/\/permbledhja.com\/#organization"},"keywords":["FSK"],"articleSection":["T\u00eb r\u00ebnd\u00ebsishme"],"inLanguage":"sq"},{"@type":"WebPage","@id":"https:\/\/permbledhja.com\/nje-kontigjent-i-fsk-se-do-te-zbarkoje-ne-mbreterine-e-bashkuar-marrin-pjese-ne-trajnimin-e-ushtareve-ukrainas\/","url":"https:\/\/permbledhja.com\/nje-kontigjent-i-fsk-se-do-te-zbarkoje-ne-mbreterine-e-bashkuar-marrin-pjese-ne-trajnimin-e-ushtareve-ukrainas\/","name":"Nj\u00eb kontigjent i FSK-s\u00eb do t\u00eb zbarkoj\u00eb n\u00eb Mbret\u00ebrin\u00eb e Bashkuar, marrin pjes\u00eb n\u00eb trajnimin e ushtar\u00ebve ukrainas","isPartOf":{"@id":"https:\/\/permbledhja.com\/#website"},"datePublished":"2024-01-12T15:02:35+00:00","dateModified":"2024-01-12T15:02:35+00:00","breadcrumb":{"@id":"https:\/\/permbledhja.com\/nje-kontigjent-i-fsk-se-do-te-zbarkoje-ne-mbreterine-e-bashkuar-marrin-pjese-ne-trajnimin-e-ushtareve-ukrainas\/#breadcrumb"},"inLanguage":"sq","potentialAction":[{"@type":"ReadAction","target":["https:\/\/permbledhja.com\/nje-kontigjent-i-fsk-se-do-te-zbarkoje-ne-mbreterine-e-bashkuar-marrin-pjese-ne-trajnimin-e-ushtareve-ukrainas\/"]}]},{"@type":"BreadcrumbList","@id":"https:\/\/permbledhja.com\/nje-kontigjent-i-fsk-se-do-te-zbarkoje-ne-mbreterine-e-bashkuar-marrin-pjese-ne-trajnimin-e-ushtareve-ukrainas\/#breadcrumb","itemListElement":[{"@type":"ListItem","position":1,"name":"Ballina","item":"https:\/\/permbledhja.com\/sq\/"},{"@type":"ListItem","position":2,"name":"Nj\u00eb kontigjent i FSK-s\u00eb do t\u00eb zbarkoj\u00eb n\u00eb Mbret\u00ebrin\u00eb e Bashkuar, marrin pjes\u00eb n\u00eb trajnimin e ushtar\u00ebve ukrainas"}]},{"@type":"WebSite","@id":"https:\/\/permbledhja.com\/#website","url":"https:\/\/permbledhja.com\/","name":"Ve\u00e7 artikuj p\u00ebrmbledh\u00ebs","description":"","publisher":{"@id":"https:\/\/permbledhja.com\/#organization"},"potentialAction":[{"@type":"SearchAction","target":{"@type":"EntryPoint","urlTemplate":"https:\/\/permbledhja.com\/?s={search_term_string}"},"query-input":"required name=search_term_string"}],"inLanguage":"sq"},{"@type":"Organization","@id":"https:\/\/permbledhja.com\/#organization","name":"MK Media & Pr","url":"https:\/\/permbledhja.com\/","logo":{"@type":"ImageObject","inLanguage":"sq","@id":"https:\/\/permbledhja.com\/#\/schema\/logo\/image\/","url":"https:\/\/permbledhja.com\/wp-content\/uploads\/2021\/12\/07-Press-Logo.jpg","contentUrl":"https:\/\/permbledhja.com\/wp-content\/uploads\/2021\/12\/07-Press-Logo.jpg","width":512,"height":512,"caption":"MK Media & Pr"},"image":{"@id":"https:\/\/permbledhja.com\/#\/schema\/logo\/image\/"},"sameAs":["https:\/\/www.facebook.com\/press07\/"]},{"@type":"Person","@id":"https:\/\/permbledhja.com\/#\/schema\/person\/0d064377258d3221e50693947b9eb4fe","name":"P\u00ebrmbledhja","image":{"@type":"ImageObject","inLanguage":"sq","@id":"https:\/\/permbledhja.com\/#\/schema\/person\/image\/","url":"https:\/\/permbledhja.com\/wp-content\/uploads\/2026\/01\/452004717_1040944174702970_8932037511805513407_n-96x96.jpg","contentUrl":"https:\/\/permbledhja.com\/wp-content\/uploads\/2026\/01\/452004717_1040944174702970_8932037511805513407_n-96x96.jpg","caption":"P\u00ebrmbledhja"},"sameAs":["https:\/\/www.facebook.com\/kafexhiu.muharrem\/","https:\/\/www.instagram.com\/muharrem_kafexhiu\/"],"url":"https:\/\/permbledhja.com\/sq\/author\/admin\/"}]}},"_links":{"self":[{"href":"https:\/\/permbledhja.com\/sq\/wp-json\/wp\/v2\/posts\/42721"}],"collection":[{"href":"https:\/\/permbledhja.com\/sq\/wp-json\/wp\/v2\/posts"}],"about":[{"href":"https:\/\/permbledhja.com\/sq\/wp-json\/wp\/v2\/types\/post"}],"author":[{"embeddable":true,"href":"https:\/\/permbledhja.com\/sq\/wp-json\/wp\/v2\/users\/1"}],"replies":[{"embeddable":true,"href":"https:\/\/permbledhja.com\/sq\/wp-json\/wp\/v2\/comments?post=42721"}],"version-history":[{"count":1,"href":"https:\/\/permbledhja.com\/sq\/wp-json\/wp\/v2\/posts\/42721\/revisions"}],"predecessor-version":[{"id":42723,"href":"https:\/\/permbledhja.com\/sq\/wp-json\/wp\/v2\/posts\/42721\/revisions\/42723"}],"wp:featuredmedia":[{"embeddable":true,"href":"https:\/\/permbledhja.com\/sq\/wp-json\/wp\/v2\/media\/42722"}],"wp:attachment":[{"href":"https:\/\/permbledhja.com\/sq\/wp-json\/wp\/v2\/media?parent=42721"}],"wp:term":[{"taxonomy":"category","embeddable":true,"href":"https:\/\/permbledhja.com\/sq\/wp-json\/wp\/v2\/categories?post=42721"},{"taxonomy":"post_tag","embeddable":true,"href":"https:\/\/permbledhja.com\/sq\/wp-json\/wp\/v2\/tags?post=42721"}],"curies":[{"name":"wp","href":"https:\/\/api.w.org\/{rel}","templated":true}]}}