{"id":42716,"date":"2024-01-12T14:49:35","date_gmt":"2024-01-12T14:49:35","guid":{"rendered":"https:\/\/permbledhja.com\/?p=42716"},"modified":"2024-01-12T14:49:35","modified_gmt":"2024-01-12T14:49:35","slug":"ministri-aliu-tregon-tregon-se-me-rrugen-e-re-per-te-arritur-nga-prizreni-ne-tetove-duhen-vetem-30-minuta","status":"publish","type":"post","link":"https:\/\/permbledhja.com\/sq\/ministri-aliu-tregon-tregon-se-me-rrugen-e-re-per-te-arritur-nga-prizreni-ne-tetove-duhen-vetem-30-minuta\/","title":{"rendered":"Ministri Aliu tregon tregon se me rrug\u00ebn e re p\u00ebr t\u00eb arritur nga Prizreni n\u00eb Tetov\u00eb duhen vet\u00ebm 30 minuta"},"content":{"rendered":"<h3>Ministri i Infrastruktur\u00ebs, Liburn Aliu, ka publikuar nj\u00eb fotografi t\u00eb rrug\u00ebs s\u00eb re q\u00eb pritet t\u00eb nd\u00ebrtohet nga Prizreni p\u00ebr n\u00eb Tetov\u00eb dhe p\u00ebr shkurtimin e diferenc\u00ebs mes dy qyteteve shqiptare si rezultat i nj\u00eb tuneli q\u00eb \u00ebsht\u00eb planifikuar t\u00eb nd\u00ebrtohet.<\/h3>\n<p>Rrug\u00ebs s\u00eb vjet\u00ebr, p\u00ebr t\u00eb arritur n\u00eb Tetov\u00eb, sipas \u201cGoogle Maps\u201d jan\u00eb diku afro 200 kilometra q\u00eb duhet p\u00ebrshkuar me makin\u00eb apo 2 or\u00eb e 24 minuta.<\/p>\n<p>Nd\u00ebrkoh\u00eb q\u00eb si rezultat i rrug\u00ebs s\u00eb re q\u00eb do t\u00eb nd\u00ebrtohet, larg\u00ebsia e Prizrenit me Tetov\u00ebn do t\u00eb jet\u00eb vet\u00ebm 30 minuta, apo 50 kilometra.<\/p>\n<p><img loading=\"lazy\" decoding=\"async\" class=\"alignnone wp-image-42719 size-full\" src=\"https:\/\/permbledhja.com\/wp-content\/uploads\/2024\/01\/image-45-324x600-1.png\" alt=\"\" width=\"324\" height=\"600\" srcset=\"https:\/\/permbledhja.com\/wp-content\/uploads\/2024\/01\/image-45-324x600-1.png 324w, https:\/\/permbledhja.com\/wp-content\/uploads\/2024\/01\/image-45-324x600-1-162x300.png 162w, https:\/\/permbledhja.com\/wp-content\/uploads\/2024\/01\/image-45-324x600-1-6x12.png 6w\" sizes=\"(max-width: 324px) 100vw, 324px\" \/><\/p>\n","protected":false},"excerpt":{"rendered":"<p>Ministri i Infrastruktur\u00ebs, Liburn Aliu, ka publikuar nj\u00eb fotografi t\u00eb rrug\u00ebs s\u00eb re q\u00eb pritet t\u00eb nd\u00ebrtohet nga Prizreni p\u00ebr n\u00eb Tetov\u00eb dhe p\u00ebr shkurtimin e diferenc\u00ebs mes dy qyteteve shqiptare si rezultat i nj\u00eb tuneli q\u00eb \u00ebsht\u00eb planifikuar t\u00eb nd\u00ebrtohet. Rrug\u00ebs s\u00eb vjet\u00ebr, p\u00ebr t\u00eb arritur n\u00eb Tetov\u00eb, sipas \u201cGoogle Maps\u201d jan\u00eb diku afro [&hellip;]<\/p>\n","protected":false},"author":1,"featured_media":42718,"comment_status":"closed","ping_status":"closed","sticky":false,"template":"","format":"standard","meta":{"_monsterinsights_skip_tracking":false,"_monsterinsights_sitenote_active":false,"_monsterinsights_sitenote_note":"","_monsterinsights_sitenote_category":0,"_uf_show_specific_survey":0,"_uf_disable_surveys":false,"footnotes":""},"categories":[15],"tags":[183,538],"yoast_head":"<!-- This site is optimized with the Yoast SEO plugin v21.5 - https:\/\/yoast.com\/wordpress\/plugins\/seo\/ -->\n<title>Ministri Aliu tregon tregon se me rrug\u00ebn e re p\u00ebr t\u00eb arritur nga Prizreni n\u00eb Tetov\u00eb duhen vet\u00ebm 30 minuta<\/title>\n<meta name=\"robots\" content=\"index, follow, max-snippet:-1, max-image-preview:large, max-video-preview:-1\" \/>\n<link rel=\"canonical\" href=\"https:\/\/permbledhja.com\/sq\/ministri-aliu-tregon-tregon-se-me-rrugen-e-re-per-te-arritur-nga-prizreni-ne-tetove-duhen-vetem-30-minuta\/\" \/>\n<meta property=\"og:locale\" content=\"sq_AL\" \/>\n<meta property=\"og:type\" content=\"article\" \/>\n<meta property=\"og:title\" content=\"Ministri Aliu tregon tregon se me rrug\u00ebn e re p\u00ebr t\u00eb arritur nga Prizreni n\u00eb Tetov\u00eb duhen vet\u00ebm 30 minuta\" \/>\n<meta property=\"og:description\" content=\"Ministri i Infrastruktur\u00ebs, Liburn Aliu, ka publikuar nj\u00eb fotografi t\u00eb rrug\u00ebs s\u00eb re q\u00eb pritet t\u00eb nd\u00ebrtohet nga Prizreni p\u00ebr n\u00eb Tetov\u00eb dhe p\u00ebr shkurtimin e diferenc\u00ebs mes dy qyteteve shqiptare si rezultat i nj\u00eb tuneli q\u00eb \u00ebsht\u00eb planifikuar t\u00eb nd\u00ebrtohet. Rrug\u00ebs s\u00eb vjet\u00ebr, p\u00ebr t\u00eb arritur n\u00eb Tetov\u00eb, sipas \u201cGoogle Maps\u201d jan\u00eb diku afro [&hellip;]\" \/>\n<meta property=\"og:url\" content=\"https:\/\/permbledhja.com\/sq\/ministri-aliu-tregon-tregon-se-me-rrugen-e-re-per-te-arritur-nga-prizreni-ne-tetove-duhen-vetem-30-minuta\/\" \/>\n<meta property=\"og:site_name\" content=\"Ve\u00e7 artikuj p\u00ebrmbledh\u00ebs\" \/>\n<meta property=\"article:publisher\" content=\"https:\/\/www.facebook.com\/press07\/\" \/>\n<meta property=\"article:author\" content=\"https:\/\/www.facebook.com\/kafexhiu.muharrem\/\" \/>\n<meta property=\"article:published_time\" content=\"2024-01-12T14:49:35+00:00\" \/>\n<meta property=\"og:image\" content=\"https:\/\/permbledhja.com\/wp-content\/uploads\/2024\/01\/mnmnmnmn.png\" \/>\n\t<meta property=\"og:image:width\" content=\"592\" \/>\n\t<meta property=\"og:image:height\" content=\"370\" \/>\n\t<meta property=\"og:image:type\" content=\"image\/png\" \/>\n<meta name=\"author\" content=\"P\u00ebrmbledhja\" \/>\n<meta name=\"twitter:card\" content=\"summary_large_image\" \/>\n<meta name=\"twitter:label1\" content=\"Written by\" \/>\n\t<meta name=\"twitter:data1\" content=\"P\u00ebrmbledhja\" \/>\n\t<meta name=\"twitter:label2\" content=\"Est. reading time\" \/>\n\t<meta name=\"twitter:data2\" content=\"1 minut\u00eb\" \/>\n<script type=\"application\/ld+json\" class=\"yoast-schema-graph\">{\"@context\":\"https:\/\/schema.org\",\"@graph\":[{\"@type\":\"Article\",\"@id\":\"https:\/\/permbledhja.com\/sq\/ministri-aliu-tregon-tregon-se-me-rrugen-e-re-per-te-arritur-nga-prizreni-ne-tetove-duhen-vetem-30-minuta\/#article\",\"isPartOf\":{\"@id\":\"https:\/\/permbledhja.com\/sq\/ministri-aliu-tregon-tregon-se-me-rrugen-e-re-per-te-arritur-nga-prizreni-ne-tetove-duhen-vetem-30-minuta\/\"},\"author\":{\"name\":\"P\u00ebrmbledhja\",\"@id\":\"https:\/\/permbledhja.com\/#\/schema\/person\/0d064377258d3221e50693947b9eb4fe\"},\"headline\":\"Ministri Aliu tregon tregon se me rrug\u00ebn e re p\u00ebr t\u00eb arritur nga Prizreni n\u00eb Tetov\u00eb duhen vet\u00ebm 30 minuta\",\"datePublished\":\"2024-01-12T14:49:35+00:00\",\"dateModified\":\"2024-01-12T14:49:35+00:00\",\"mainEntityOfPage\":{\"@id\":\"https:\/\/permbledhja.com\/sq\/ministri-aliu-tregon-tregon-se-me-rrugen-e-re-per-te-arritur-nga-prizreni-ne-tetove-duhen-vetem-30-minuta\/\"},\"wordCount\":128,\"publisher\":{\"@id\":\"https:\/\/permbledhja.com\/#organization\"},\"keywords\":[\"Prizren\",\"Tetov\u00eb\"],\"articleSection\":[\"Lajme\"],\"inLanguage\":\"sq\"},{\"@type\":\"WebPage\",\"@id\":\"https:\/\/permbledhja.com\/sq\/ministri-aliu-tregon-tregon-se-me-rrugen-e-re-per-te-arritur-nga-prizreni-ne-tetove-duhen-vetem-30-minuta\/\",\"url\":\"https:\/\/permbledhja.com\/sq\/ministri-aliu-tregon-tregon-se-me-rrugen-e-re-per-te-arritur-nga-prizreni-ne-tetove-duhen-vetem-30-minuta\/\",\"name\":\"Ministri Aliu tregon tregon se me rrug\u00ebn e re p\u00ebr t\u00eb arritur nga Prizreni n\u00eb Tetov\u00eb duhen vet\u00ebm 30 minuta\",\"isPartOf\":{\"@id\":\"https:\/\/permbledhja.com\/#website\"},\"datePublished\":\"2024-01-12T14:49:35+00:00\",\"dateModified\":\"2024-01-12T14:49:35+00:00\",\"breadcrumb\":{\"@id\":\"https:\/\/permbledhja.com\/sq\/ministri-aliu-tregon-tregon-se-me-rrugen-e-re-per-te-arritur-nga-prizreni-ne-tetove-duhen-vetem-30-minuta\/#breadcrumb\"},\"inLanguage\":\"sq\",\"potentialAction\":[{\"@type\":\"ReadAction\",\"target\":[\"https:\/\/permbledhja.com\/sq\/ministri-aliu-tregon-tregon-se-me-rrugen-e-re-per-te-arritur-nga-prizreni-ne-tetove-duhen-vetem-30-minuta\/\"]}]},{\"@type\":\"BreadcrumbList\",\"@id\":\"https:\/\/permbledhja.com\/sq\/ministri-aliu-tregon-tregon-se-me-rrugen-e-re-per-te-arritur-nga-prizreni-ne-tetove-duhen-vetem-30-minuta\/#breadcrumb\",\"itemListElement\":[{\"@type\":\"ListItem\",\"position\":1,\"name\":\"Ballina\",\"item\":\"https:\/\/permbledhja.com\/sq\/\"},{\"@type\":\"ListItem\",\"position\":2,\"name\":\"Ministri Aliu tregon tregon se me rrug\u00ebn e re p\u00ebr t\u00eb arritur nga Prizreni n\u00eb Tetov\u00eb duhen vet\u00ebm 30 minuta\"}]},{\"@type\":\"WebSite\",\"@id\":\"https:\/\/permbledhja.com\/#website\",\"url\":\"https:\/\/permbledhja.com\/\",\"name\":\"Ve\u00e7 artikuj p\u00ebrmbledh\u00ebs\",\"description\":\"\",\"publisher\":{\"@id\":\"https:\/\/permbledhja.com\/#organization\"},\"potentialAction\":[{\"@type\":\"SearchAction\",\"target\":{\"@type\":\"EntryPoint\",\"urlTemplate\":\"https:\/\/permbledhja.com\/?s={search_term_string}\"},\"query-input\":\"required name=search_term_string\"}],\"inLanguage\":\"sq\"},{\"@type\":\"Organization\",\"@id\":\"https:\/\/permbledhja.com\/#organization\",\"name\":\"MK Media & Pr\",\"url\":\"https:\/\/permbledhja.com\/\",\"logo\":{\"@type\":\"ImageObject\",\"inLanguage\":\"sq\",\"@id\":\"https:\/\/permbledhja.com\/#\/schema\/logo\/image\/\",\"url\":\"https:\/\/permbledhja.com\/wp-content\/uploads\/2021\/12\/07-Press-Logo.jpg\",\"contentUrl\":\"https:\/\/permbledhja.com\/wp-content\/uploads\/2021\/12\/07-Press-Logo.jpg\",\"width\":512,\"height\":512,\"caption\":\"MK Media & Pr\"},\"image\":{\"@id\":\"https:\/\/permbledhja.com\/#\/schema\/logo\/image\/\"},\"sameAs\":[\"https:\/\/www.facebook.com\/press07\/\"]},{\"@type\":\"Person\",\"@id\":\"https:\/\/permbledhja.com\/#\/schema\/person\/0d064377258d3221e50693947b9eb4fe\",\"name\":\"P\u00ebrmbledhja\",\"image\":{\"@type\":\"ImageObject\",\"inLanguage\":\"sq\",\"@id\":\"https:\/\/permbledhja.com\/#\/schema\/person\/image\/\",\"url\":\"https:\/\/permbledhja.com\/wp-content\/uploads\/2026\/01\/452004717_1040944174702970_8932037511805513407_n-96x96.jpg\",\"contentUrl\":\"https:\/\/permbledhja.com\/wp-content\/uploads\/2026\/01\/452004717_1040944174702970_8932037511805513407_n-96x96.jpg\",\"caption\":\"P\u00ebrmbledhja\"},\"sameAs\":[\"https:\/\/www.facebook.com\/kafexhiu.muharrem\/\",\"https:\/\/www.instagram.com\/muharrem_kafexhiu\/\"],\"url\":\"https:\/\/permbledhja.com\/sq\/author\/admin\/\"}]}<\/script>\n<!-- \/ Yoast SEO plugin. -->","yoast_head_json":{"title":"Ministri Aliu tregon tregon se me rrug\u00ebn e re p\u00ebr t\u00eb arritur nga Prizreni n\u00eb Tetov\u00eb duhen vet\u00ebm 30 minuta","robots":{"index":"index","follow":"follow","max-snippet":"max-snippet:-1","max-image-preview":"max-image-preview:large","max-video-preview":"max-video-preview:-1"},"canonical":"https:\/\/permbledhja.com\/sq\/ministri-aliu-tregon-tregon-se-me-rrugen-e-re-per-te-arritur-nga-prizreni-ne-tetove-duhen-vetem-30-minuta\/","og_locale":"sq_AL","og_type":"article","og_title":"Ministri Aliu tregon tregon se me rrug\u00ebn e re p\u00ebr t\u00eb arritur nga Prizreni n\u00eb Tetov\u00eb duhen vet\u00ebm 30 minuta","og_description":"Ministri i Infrastruktur\u00ebs, Liburn Aliu, ka publikuar nj\u00eb fotografi t\u00eb rrug\u00ebs s\u00eb re q\u00eb pritet t\u00eb nd\u00ebrtohet nga Prizreni p\u00ebr n\u00eb Tetov\u00eb dhe p\u00ebr shkurtimin e diferenc\u00ebs mes dy qyteteve shqiptare si rezultat i nj\u00eb tuneli q\u00eb \u00ebsht\u00eb planifikuar t\u00eb nd\u00ebrtohet. Rrug\u00ebs s\u00eb vjet\u00ebr, p\u00ebr t\u00eb arritur n\u00eb Tetov\u00eb, sipas \u201cGoogle Maps\u201d jan\u00eb diku afro [&hellip;]","og_url":"https:\/\/permbledhja.com\/sq\/ministri-aliu-tregon-tregon-se-me-rrugen-e-re-per-te-arritur-nga-prizreni-ne-tetove-duhen-vetem-30-minuta\/","og_site_name":"Ve\u00e7 artikuj p\u00ebrmbledh\u00ebs","article_publisher":"https:\/\/www.facebook.com\/press07\/","article_author":"https:\/\/www.facebook.com\/kafexhiu.muharrem\/","article_published_time":"2024-01-12T14:49:35+00:00","og_image":[{"width":592,"height":370,"url":"https:\/\/permbledhja.com\/wp-content\/uploads\/2024\/01\/mnmnmnmn.png","type":"image\/png"}],"author":"P\u00ebrmbledhja","twitter_card":"summary_large_image","twitter_misc":{"Written by":"P\u00ebrmbledhja","Est. reading time":"1 minut\u00eb"},"schema":{"@context":"https:\/\/schema.org","@graph":[{"@type":"Article","@id":"https:\/\/permbledhja.com\/sq\/ministri-aliu-tregon-tregon-se-me-rrugen-e-re-per-te-arritur-nga-prizreni-ne-tetove-duhen-vetem-30-minuta\/#article","isPartOf":{"@id":"https:\/\/permbledhja.com\/sq\/ministri-aliu-tregon-tregon-se-me-rrugen-e-re-per-te-arritur-nga-prizreni-ne-tetove-duhen-vetem-30-minuta\/"},"author":{"name":"P\u00ebrmbledhja","@id":"https:\/\/permbledhja.com\/#\/schema\/person\/0d064377258d3221e50693947b9eb4fe"},"headline":"Ministri Aliu tregon tregon se me rrug\u00ebn e re p\u00ebr t\u00eb arritur nga Prizreni n\u00eb Tetov\u00eb duhen vet\u00ebm 30 minuta","datePublished":"2024-01-12T14:49:35+00:00","dateModified":"2024-01-12T14:49:35+00:00","mainEntityOfPage":{"@id":"https:\/\/permbledhja.com\/sq\/ministri-aliu-tregon-tregon-se-me-rrugen-e-re-per-te-arritur-nga-prizreni-ne-tetove-duhen-vetem-30-minuta\/"},"wordCount":128,"publisher":{"@id":"https:\/\/permbledhja.com\/#organization"},"keywords":["Prizren","Tetov\u00eb"],"articleSection":["Lajme"],"inLanguage":"sq"},{"@type":"WebPage","@id":"https:\/\/permbledhja.com\/sq\/ministri-aliu-tregon-tregon-se-me-rrugen-e-re-per-te-arritur-nga-prizreni-ne-tetove-duhen-vetem-30-minuta\/","url":"https:\/\/permbledhja.com\/sq\/ministri-aliu-tregon-tregon-se-me-rrugen-e-re-per-te-arritur-nga-prizreni-ne-tetove-duhen-vetem-30-minuta\/","name":"Ministri Aliu tregon tregon se me rrug\u00ebn e re p\u00ebr t\u00eb arritur nga Prizreni n\u00eb Tetov\u00eb duhen vet\u00ebm 30 minuta","isPartOf":{"@id":"https:\/\/permbledhja.com\/#website"},"datePublished":"2024-01-12T14:49:35+00:00","dateModified":"2024-01-12T14:49:35+00:00","breadcrumb":{"@id":"https:\/\/permbledhja.com\/sq\/ministri-aliu-tregon-tregon-se-me-rrugen-e-re-per-te-arritur-nga-prizreni-ne-tetove-duhen-vetem-30-minuta\/#breadcrumb"},"inLanguage":"sq","potentialAction":[{"@type":"ReadAction","target":["https:\/\/permbledhja.com\/sq\/ministri-aliu-tregon-tregon-se-me-rrugen-e-re-per-te-arritur-nga-prizreni-ne-tetove-duhen-vetem-30-minuta\/"]}]},{"@type":"BreadcrumbList","@id":"https:\/\/permbledhja.com\/sq\/ministri-aliu-tregon-tregon-se-me-rrugen-e-re-per-te-arritur-nga-prizreni-ne-tetove-duhen-vetem-30-minuta\/#breadcrumb","itemListElement":[{"@type":"ListItem","position":1,"name":"Ballina","item":"https:\/\/permbledhja.com\/sq\/"},{"@type":"ListItem","position":2,"name":"Ministri Aliu tregon tregon se me rrug\u00ebn e re p\u00ebr t\u00eb arritur nga Prizreni n\u00eb Tetov\u00eb duhen vet\u00ebm 30 minuta"}]},{"@type":"WebSite","@id":"https:\/\/permbledhja.com\/#website","url":"https:\/\/permbledhja.com\/","name":"Ve\u00e7 artikuj p\u00ebrmbledh\u00ebs","description":"","publisher":{"@id":"https:\/\/permbledhja.com\/#organization"},"potentialAction":[{"@type":"SearchAction","target":{"@type":"EntryPoint","urlTemplate":"https:\/\/permbledhja.com\/?s={search_term_string}"},"query-input":"required name=search_term_string"}],"inLanguage":"sq"},{"@type":"Organization","@id":"https:\/\/permbledhja.com\/#organization","name":"MK Media & Pr","url":"https:\/\/permbledhja.com\/","logo":{"@type":"ImageObject","inLanguage":"sq","@id":"https:\/\/permbledhja.com\/#\/schema\/logo\/image\/","url":"https:\/\/permbledhja.com\/wp-content\/uploads\/2021\/12\/07-Press-Logo.jpg","contentUrl":"https:\/\/permbledhja.com\/wp-content\/uploads\/2021\/12\/07-Press-Logo.jpg","width":512,"height":512,"caption":"MK Media & Pr"},"image":{"@id":"https:\/\/permbledhja.com\/#\/schema\/logo\/image\/"},"sameAs":["https:\/\/www.facebook.com\/press07\/"]},{"@type":"Person","@id":"https:\/\/permbledhja.com\/#\/schema\/person\/0d064377258d3221e50693947b9eb4fe","name":"P\u00ebrmbledhja","image":{"@type":"ImageObject","inLanguage":"sq","@id":"https:\/\/permbledhja.com\/#\/schema\/person\/image\/","url":"https:\/\/permbledhja.com\/wp-content\/uploads\/2026\/01\/452004717_1040944174702970_8932037511805513407_n-96x96.jpg","contentUrl":"https:\/\/permbledhja.com\/wp-content\/uploads\/2026\/01\/452004717_1040944174702970_8932037511805513407_n-96x96.jpg","caption":"P\u00ebrmbledhja"},"sameAs":["https:\/\/www.facebook.com\/kafexhiu.muharrem\/","https:\/\/www.instagram.com\/muharrem_kafexhiu\/"],"url":"https:\/\/permbledhja.com\/sq\/author\/admin\/"}]}},"_links":{"self":[{"href":"https:\/\/permbledhja.com\/sq\/wp-json\/wp\/v2\/posts\/42716"}],"collection":[{"href":"https:\/\/permbledhja.com\/sq\/wp-json\/wp\/v2\/posts"}],"about":[{"href":"https:\/\/permbledhja.com\/sq\/wp-json\/wp\/v2\/types\/post"}],"author":[{"embeddable":true,"href":"https:\/\/permbledhja.com\/sq\/wp-json\/wp\/v2\/users\/1"}],"replies":[{"embeddable":true,"href":"https:\/\/permbledhja.com\/sq\/wp-json\/wp\/v2\/comments?post=42716"}],"version-history":[{"count":1,"href":"https:\/\/permbledhja.com\/sq\/wp-json\/wp\/v2\/posts\/42716\/revisions"}],"predecessor-version":[{"id":42720,"href":"https:\/\/permbledhja.com\/sq\/wp-json\/wp\/v2\/posts\/42716\/revisions\/42720"}],"wp:featuredmedia":[{"embeddable":true,"href":"https:\/\/permbledhja.com\/sq\/wp-json\/wp\/v2\/media\/42718"}],"wp:attachment":[{"href":"https:\/\/permbledhja.com\/sq\/wp-json\/wp\/v2\/media?parent=42716"}],"wp:term":[{"taxonomy":"category","embeddable":true,"href":"https:\/\/permbledhja.com\/sq\/wp-json\/wp\/v2\/categories?post=42716"},{"taxonomy":"post_tag","embeddable":true,"href":"https:\/\/permbledhja.com\/sq\/wp-json\/wp\/v2\/tags?post=42716"}],"curies":[{"name":"wp","href":"https:\/\/api.w.org\/{rel}","templated":true}]}}