{"id":42713,"date":"2024-01-12T14:29:20","date_gmt":"2024-01-12T14:29:20","guid":{"rendered":"https:\/\/permbledhja.com\/?p=42713"},"modified":"2024-01-12T14:29:20","modified_gmt":"2024-01-12T14:29:20","slug":"komandanti-i-kfor-it-do-te-qendrojme-ne-kosove-per-aq-kohe-sa-eshte-e-nevojshme","status":"publish","type":"post","link":"https:\/\/permbledhja.com\/sq\/komandanti-i-kfor-it-do-te-qendrojme-ne-kosove-per-aq-kohe-sa-eshte-e-nevojshme\/","title":{"rendered":"Komandanti i KFOR-it: Do t\u00eb q\u00ebndrojm\u00eb n\u00eb Kosov\u00eb p\u00ebr aq koh\u00eb sa \u00ebsht\u00eb e nevojshme"},"content":{"rendered":"<h3>Komandanti i KFOR-it, gjeneralmajor Ozkan Ulutash, vler\u00ebsoi sot se situata n\u00eb Kosov\u00eb \u00ebsht\u00eb p\u00ebrgjith\u00ebsisht e qet\u00eb, por ende e ndjeshme.<\/h3>\n<p>Duke folur p\u00ebr njoftimin e Shqip\u00ebris\u00eb dhe Gjermanis\u00eb p\u00ebr d\u00ebrgimin e forcave shtes\u00eb n\u00eb KFOR, Uluta\u015f u shpreh se NATO \u00ebsht\u00eb e vendosur fort p\u00ebr sigurin\u00eb n\u00eb Kosov\u00eb dhe se KFOR-i do t\u00eb q\u00ebndroj\u00eb p\u00ebr aq koh\u00eb sa t\u00eb jet\u00eb e nevojshme.<\/p>\n<p>Ai n\u00eb nj\u00eb intervist\u00eb p\u00ebr Tanjug ka th\u00ebn\u00eb se NATO-ja pas rritjes s\u00eb tensioneve n\u00eb muajt e fundit ka dislokuar qindra ushtar\u00eb shtes\u00eb, m\u00eb sakt\u00ebsisht ka kat\u00ebrfishuar pranin\u00eb e KFOR-it n\u00eb veri t\u00eb Kosov\u00ebs dhe ka trefishuar edhe numrin e patrullimeve n\u00eb vij\u00ebn administrative.<\/p>\n<p><em>\u201cMisioni yn\u00eb aktualisht num\u00ebron rreth 5,000 personel nga 28 vende an\u00ebtare dhe partner\u00eb t\u00eb NATO-s. Q\u00ebllimi i k\u00ebtyre hapave t\u00eb kujdessh\u00ebm \u00ebsht\u00eb t\u00eb sigurojn\u00eb q\u00eb misioni i KFOR-it t\u00eb vazhdoj\u00eb t\u00eb p\u00ebrmbush\u00eb mandatin e tij t\u00eb OKB-s\u00eb, i cili \u00ebsht\u00eb t\u00eb siguroj\u00eb nj\u00eb mjedis t\u00eb sigurt dhe t\u00eb sigurt p\u00ebr t\u00eb gjitha komunitetet q\u00eb jetojn\u00eb n\u00eb Kosov\u00eb, si dhe lirin\u00eb e l\u00ebvizjes, n\u00eb m\u00ebnyr\u00eb t\u00eb paanshme dhe n\u00eb \u00e7do koh\u00eb\u201d<\/em>, tha Ulutash.<\/p>\n","protected":false},"excerpt":{"rendered":"<p>Komandanti i KFOR-it, gjeneralmajor Ozkan Ulutash, vler\u00ebsoi sot se situata n\u00eb Kosov\u00eb \u00ebsht\u00eb p\u00ebrgjith\u00ebsisht e qet\u00eb, por ende e ndjeshme. Duke folur p\u00ebr njoftimin e Shqip\u00ebris\u00eb dhe Gjermanis\u00eb p\u00ebr d\u00ebrgimin e forcave shtes\u00eb n\u00eb KFOR, Uluta\u015f u shpreh se NATO \u00ebsht\u00eb e vendosur fort p\u00ebr sigurin\u00eb n\u00eb Kosov\u00eb dhe se KFOR-i do t\u00eb q\u00ebndroj\u00eb p\u00ebr [&hellip;]<\/p>\n","protected":false},"author":1,"featured_media":42714,"comment_status":"closed","ping_status":"closed","sticky":false,"template":"","format":"standard","meta":{"_monsterinsights_skip_tracking":false,"_monsterinsights_sitenote_active":false,"_monsterinsights_sitenote_note":"","_monsterinsights_sitenote_category":0,"_uf_show_specific_survey":0,"_uf_disable_surveys":false,"footnotes":""},"categories":[1146],"tags":[517],"yoast_head":"<!-- This site is optimized with the Yoast SEO plugin v21.5 - https:\/\/yoast.com\/wordpress\/plugins\/seo\/ -->\n<title>Komandanti i KFOR-it: Do t\u00eb q\u00ebndrojm\u00eb n\u00eb Kosov\u00eb p\u00ebr aq koh\u00eb sa \u00ebsht\u00eb e nevojshme<\/title>\n<meta name=\"robots\" content=\"index, follow, max-snippet:-1, max-image-preview:large, max-video-preview:-1\" \/>\n<link rel=\"canonical\" href=\"https:\/\/permbledhja.com\/sq\/komandanti-i-kfor-it-do-te-qendrojme-ne-kosove-per-aq-kohe-sa-eshte-e-nevojshme\/\" \/>\n<meta property=\"og:locale\" content=\"sq_AL\" \/>\n<meta property=\"og:type\" content=\"article\" \/>\n<meta property=\"og:title\" content=\"Komandanti i KFOR-it: Do t\u00eb q\u00ebndrojm\u00eb n\u00eb Kosov\u00eb p\u00ebr aq koh\u00eb sa \u00ebsht\u00eb e nevojshme\" \/>\n<meta property=\"og:description\" content=\"Komandanti i KFOR-it, gjeneralmajor Ozkan Ulutash, vler\u00ebsoi sot se situata n\u00eb Kosov\u00eb \u00ebsht\u00eb p\u00ebrgjith\u00ebsisht e qet\u00eb, por ende e ndjeshme. Duke folur p\u00ebr njoftimin e Shqip\u00ebris\u00eb dhe Gjermanis\u00eb p\u00ebr d\u00ebrgimin e forcave shtes\u00eb n\u00eb KFOR, Uluta\u015f u shpreh se NATO \u00ebsht\u00eb e vendosur fort p\u00ebr sigurin\u00eb n\u00eb Kosov\u00eb dhe se KFOR-i do t\u00eb q\u00ebndroj\u00eb p\u00ebr [&hellip;]\" \/>\n<meta property=\"og:url\" content=\"https:\/\/permbledhja.com\/sq\/komandanti-i-kfor-it-do-te-qendrojme-ne-kosove-per-aq-kohe-sa-eshte-e-nevojshme\/\" \/>\n<meta property=\"og:site_name\" content=\"Ve\u00e7 artikuj p\u00ebrmbledh\u00ebs\" \/>\n<meta property=\"article:publisher\" content=\"https:\/\/www.facebook.com\/press07\/\" \/>\n<meta property=\"article:author\" content=\"https:\/\/www.facebook.com\/kafexhiu.muharrem\/\" \/>\n<meta property=\"article:published_time\" content=\"2024-01-12T14:29:20+00:00\" \/>\n<meta property=\"og:image\" content=\"https:\/\/permbledhja.com\/wp-content\/uploads\/2024\/01\/U-600x360-1.png\" \/>\n\t<meta property=\"og:image:width\" content=\"600\" \/>\n\t<meta property=\"og:image:height\" content=\"360\" \/>\n\t<meta property=\"og:image:type\" content=\"image\/png\" \/>\n<meta name=\"author\" content=\"P\u00ebrmbledhja\" \/>\n<meta name=\"twitter:card\" content=\"summary_large_image\" \/>\n<meta name=\"twitter:label1\" content=\"Written by\" \/>\n\t<meta name=\"twitter:data1\" content=\"P\u00ebrmbledhja\" \/>\n\t<meta name=\"twitter:label2\" content=\"Est. reading time\" \/>\n\t<meta name=\"twitter:data2\" content=\"1 minut\u00eb\" \/>\n<script type=\"application\/ld+json\" class=\"yoast-schema-graph\">{\"@context\":\"https:\/\/schema.org\",\"@graph\":[{\"@type\":\"Article\",\"@id\":\"https:\/\/permbledhja.com\/sq\/komandanti-i-kfor-it-do-te-qendrojme-ne-kosove-per-aq-kohe-sa-eshte-e-nevojshme\/#article\",\"isPartOf\":{\"@id\":\"https:\/\/permbledhja.com\/sq\/komandanti-i-kfor-it-do-te-qendrojme-ne-kosove-per-aq-kohe-sa-eshte-e-nevojshme\/\"},\"author\":{\"name\":\"P\u00ebrmbledhja\",\"@id\":\"https:\/\/permbledhja.com\/#\/schema\/person\/0d064377258d3221e50693947b9eb4fe\"},\"headline\":\"Komandanti i KFOR-it: Do t\u00eb q\u00ebndrojm\u00eb n\u00eb Kosov\u00eb p\u00ebr aq koh\u00eb sa \u00ebsht\u00eb e nevojshme\",\"datePublished\":\"2024-01-12T14:29:20+00:00\",\"dateModified\":\"2024-01-12T14:29:20+00:00\",\"mainEntityOfPage\":{\"@id\":\"https:\/\/permbledhja.com\/sq\/komandanti-i-kfor-it-do-te-qendrojme-ne-kosove-per-aq-kohe-sa-eshte-e-nevojshme\/\"},\"wordCount\":218,\"publisher\":{\"@id\":\"https:\/\/permbledhja.com\/#organization\"},\"keywords\":[\"KFOR\"],\"articleSection\":[\"Kryesoret\"],\"inLanguage\":\"sq\"},{\"@type\":\"WebPage\",\"@id\":\"https:\/\/permbledhja.com\/sq\/komandanti-i-kfor-it-do-te-qendrojme-ne-kosove-per-aq-kohe-sa-eshte-e-nevojshme\/\",\"url\":\"https:\/\/permbledhja.com\/sq\/komandanti-i-kfor-it-do-te-qendrojme-ne-kosove-per-aq-kohe-sa-eshte-e-nevojshme\/\",\"name\":\"Komandanti i KFOR-it: Do t\u00eb q\u00ebndrojm\u00eb n\u00eb Kosov\u00eb p\u00ebr aq koh\u00eb sa \u00ebsht\u00eb e nevojshme\",\"isPartOf\":{\"@id\":\"https:\/\/permbledhja.com\/#website\"},\"datePublished\":\"2024-01-12T14:29:20+00:00\",\"dateModified\":\"2024-01-12T14:29:20+00:00\",\"breadcrumb\":{\"@id\":\"https:\/\/permbledhja.com\/sq\/komandanti-i-kfor-it-do-te-qendrojme-ne-kosove-per-aq-kohe-sa-eshte-e-nevojshme\/#breadcrumb\"},\"inLanguage\":\"sq\",\"potentialAction\":[{\"@type\":\"ReadAction\",\"target\":[\"https:\/\/permbledhja.com\/sq\/komandanti-i-kfor-it-do-te-qendrojme-ne-kosove-per-aq-kohe-sa-eshte-e-nevojshme\/\"]}]},{\"@type\":\"BreadcrumbList\",\"@id\":\"https:\/\/permbledhja.com\/sq\/komandanti-i-kfor-it-do-te-qendrojme-ne-kosove-per-aq-kohe-sa-eshte-e-nevojshme\/#breadcrumb\",\"itemListElement\":[{\"@type\":\"ListItem\",\"position\":1,\"name\":\"Ballina\",\"item\":\"https:\/\/permbledhja.com\/sq\/\"},{\"@type\":\"ListItem\",\"position\":2,\"name\":\"Komandanti i KFOR-it: Do t\u00eb q\u00ebndrojm\u00eb n\u00eb Kosov\u00eb p\u00ebr aq koh\u00eb sa \u00ebsht\u00eb e nevojshme\"}]},{\"@type\":\"WebSite\",\"@id\":\"https:\/\/permbledhja.com\/#website\",\"url\":\"https:\/\/permbledhja.com\/\",\"name\":\"Ve\u00e7 artikuj p\u00ebrmbledh\u00ebs\",\"description\":\"\",\"publisher\":{\"@id\":\"https:\/\/permbledhja.com\/#organization\"},\"potentialAction\":[{\"@type\":\"SearchAction\",\"target\":{\"@type\":\"EntryPoint\",\"urlTemplate\":\"https:\/\/permbledhja.com\/?s={search_term_string}\"},\"query-input\":\"required name=search_term_string\"}],\"inLanguage\":\"sq\"},{\"@type\":\"Organization\",\"@id\":\"https:\/\/permbledhja.com\/#organization\",\"name\":\"MK Media & Pr\",\"url\":\"https:\/\/permbledhja.com\/\",\"logo\":{\"@type\":\"ImageObject\",\"inLanguage\":\"sq\",\"@id\":\"https:\/\/permbledhja.com\/#\/schema\/logo\/image\/\",\"url\":\"https:\/\/permbledhja.com\/wp-content\/uploads\/2021\/12\/07-Press-Logo.jpg\",\"contentUrl\":\"https:\/\/permbledhja.com\/wp-content\/uploads\/2021\/12\/07-Press-Logo.jpg\",\"width\":512,\"height\":512,\"caption\":\"MK Media & Pr\"},\"image\":{\"@id\":\"https:\/\/permbledhja.com\/#\/schema\/logo\/image\/\"},\"sameAs\":[\"https:\/\/www.facebook.com\/press07\/\"]},{\"@type\":\"Person\",\"@id\":\"https:\/\/permbledhja.com\/#\/schema\/person\/0d064377258d3221e50693947b9eb4fe\",\"name\":\"P\u00ebrmbledhja\",\"image\":{\"@type\":\"ImageObject\",\"inLanguage\":\"sq\",\"@id\":\"https:\/\/permbledhja.com\/#\/schema\/person\/image\/\",\"url\":\"https:\/\/permbledhja.com\/wp-content\/uploads\/2026\/01\/452004717_1040944174702970_8932037511805513407_n-96x96.jpg\",\"contentUrl\":\"https:\/\/permbledhja.com\/wp-content\/uploads\/2026\/01\/452004717_1040944174702970_8932037511805513407_n-96x96.jpg\",\"caption\":\"P\u00ebrmbledhja\"},\"sameAs\":[\"https:\/\/www.facebook.com\/kafexhiu.muharrem\/\",\"https:\/\/www.instagram.com\/muharrem_kafexhiu\/\"],\"url\":\"https:\/\/permbledhja.com\/sq\/author\/admin\/\"}]}<\/script>\n<!-- \/ Yoast SEO plugin. -->","yoast_head_json":{"title":"Komandanti i KFOR-it: Do t\u00eb q\u00ebndrojm\u00eb n\u00eb Kosov\u00eb p\u00ebr aq koh\u00eb sa \u00ebsht\u00eb e nevojshme","robots":{"index":"index","follow":"follow","max-snippet":"max-snippet:-1","max-image-preview":"max-image-preview:large","max-video-preview":"max-video-preview:-1"},"canonical":"https:\/\/permbledhja.com\/sq\/komandanti-i-kfor-it-do-te-qendrojme-ne-kosove-per-aq-kohe-sa-eshte-e-nevojshme\/","og_locale":"sq_AL","og_type":"article","og_title":"Komandanti i KFOR-it: Do t\u00eb q\u00ebndrojm\u00eb n\u00eb Kosov\u00eb p\u00ebr aq koh\u00eb sa \u00ebsht\u00eb e nevojshme","og_description":"Komandanti i KFOR-it, gjeneralmajor Ozkan Ulutash, vler\u00ebsoi sot se situata n\u00eb Kosov\u00eb \u00ebsht\u00eb p\u00ebrgjith\u00ebsisht e qet\u00eb, por ende e ndjeshme. Duke folur p\u00ebr njoftimin e Shqip\u00ebris\u00eb dhe Gjermanis\u00eb p\u00ebr d\u00ebrgimin e forcave shtes\u00eb n\u00eb KFOR, Uluta\u015f u shpreh se NATO \u00ebsht\u00eb e vendosur fort p\u00ebr sigurin\u00eb n\u00eb Kosov\u00eb dhe se KFOR-i do t\u00eb q\u00ebndroj\u00eb p\u00ebr [&hellip;]","og_url":"https:\/\/permbledhja.com\/sq\/komandanti-i-kfor-it-do-te-qendrojme-ne-kosove-per-aq-kohe-sa-eshte-e-nevojshme\/","og_site_name":"Ve\u00e7 artikuj p\u00ebrmbledh\u00ebs","article_publisher":"https:\/\/www.facebook.com\/press07\/","article_author":"https:\/\/www.facebook.com\/kafexhiu.muharrem\/","article_published_time":"2024-01-12T14:29:20+00:00","og_image":[{"width":600,"height":360,"url":"https:\/\/permbledhja.com\/wp-content\/uploads\/2024\/01\/U-600x360-1.png","type":"image\/png"}],"author":"P\u00ebrmbledhja","twitter_card":"summary_large_image","twitter_misc":{"Written by":"P\u00ebrmbledhja","Est. reading time":"1 minut\u00eb"},"schema":{"@context":"https:\/\/schema.org","@graph":[{"@type":"Article","@id":"https:\/\/permbledhja.com\/sq\/komandanti-i-kfor-it-do-te-qendrojme-ne-kosove-per-aq-kohe-sa-eshte-e-nevojshme\/#article","isPartOf":{"@id":"https:\/\/permbledhja.com\/sq\/komandanti-i-kfor-it-do-te-qendrojme-ne-kosove-per-aq-kohe-sa-eshte-e-nevojshme\/"},"author":{"name":"P\u00ebrmbledhja","@id":"https:\/\/permbledhja.com\/#\/schema\/person\/0d064377258d3221e50693947b9eb4fe"},"headline":"Komandanti i KFOR-it: Do t\u00eb q\u00ebndrojm\u00eb n\u00eb Kosov\u00eb p\u00ebr aq koh\u00eb sa \u00ebsht\u00eb e nevojshme","datePublished":"2024-01-12T14:29:20+00:00","dateModified":"2024-01-12T14:29:20+00:00","mainEntityOfPage":{"@id":"https:\/\/permbledhja.com\/sq\/komandanti-i-kfor-it-do-te-qendrojme-ne-kosove-per-aq-kohe-sa-eshte-e-nevojshme\/"},"wordCount":218,"publisher":{"@id":"https:\/\/permbledhja.com\/#organization"},"keywords":["KFOR"],"articleSection":["Kryesoret"],"inLanguage":"sq"},{"@type":"WebPage","@id":"https:\/\/permbledhja.com\/sq\/komandanti-i-kfor-it-do-te-qendrojme-ne-kosove-per-aq-kohe-sa-eshte-e-nevojshme\/","url":"https:\/\/permbledhja.com\/sq\/komandanti-i-kfor-it-do-te-qendrojme-ne-kosove-per-aq-kohe-sa-eshte-e-nevojshme\/","name":"Komandanti i KFOR-it: Do t\u00eb q\u00ebndrojm\u00eb n\u00eb Kosov\u00eb p\u00ebr aq koh\u00eb sa \u00ebsht\u00eb e nevojshme","isPartOf":{"@id":"https:\/\/permbledhja.com\/#website"},"datePublished":"2024-01-12T14:29:20+00:00","dateModified":"2024-01-12T14:29:20+00:00","breadcrumb":{"@id":"https:\/\/permbledhja.com\/sq\/komandanti-i-kfor-it-do-te-qendrojme-ne-kosove-per-aq-kohe-sa-eshte-e-nevojshme\/#breadcrumb"},"inLanguage":"sq","potentialAction":[{"@type":"ReadAction","target":["https:\/\/permbledhja.com\/sq\/komandanti-i-kfor-it-do-te-qendrojme-ne-kosove-per-aq-kohe-sa-eshte-e-nevojshme\/"]}]},{"@type":"BreadcrumbList","@id":"https:\/\/permbledhja.com\/sq\/komandanti-i-kfor-it-do-te-qendrojme-ne-kosove-per-aq-kohe-sa-eshte-e-nevojshme\/#breadcrumb","itemListElement":[{"@type":"ListItem","position":1,"name":"Ballina","item":"https:\/\/permbledhja.com\/sq\/"},{"@type":"ListItem","position":2,"name":"Komandanti i KFOR-it: Do t\u00eb q\u00ebndrojm\u00eb n\u00eb Kosov\u00eb p\u00ebr aq koh\u00eb sa \u00ebsht\u00eb e nevojshme"}]},{"@type":"WebSite","@id":"https:\/\/permbledhja.com\/#website","url":"https:\/\/permbledhja.com\/","name":"Ve\u00e7 artikuj p\u00ebrmbledh\u00ebs","description":"","publisher":{"@id":"https:\/\/permbledhja.com\/#organization"},"potentialAction":[{"@type":"SearchAction","target":{"@type":"EntryPoint","urlTemplate":"https:\/\/permbledhja.com\/?s={search_term_string}"},"query-input":"required name=search_term_string"}],"inLanguage":"sq"},{"@type":"Organization","@id":"https:\/\/permbledhja.com\/#organization","name":"MK Media & Pr","url":"https:\/\/permbledhja.com\/","logo":{"@type":"ImageObject","inLanguage":"sq","@id":"https:\/\/permbledhja.com\/#\/schema\/logo\/image\/","url":"https:\/\/permbledhja.com\/wp-content\/uploads\/2021\/12\/07-Press-Logo.jpg","contentUrl":"https:\/\/permbledhja.com\/wp-content\/uploads\/2021\/12\/07-Press-Logo.jpg","width":512,"height":512,"caption":"MK Media & Pr"},"image":{"@id":"https:\/\/permbledhja.com\/#\/schema\/logo\/image\/"},"sameAs":["https:\/\/www.facebook.com\/press07\/"]},{"@type":"Person","@id":"https:\/\/permbledhja.com\/#\/schema\/person\/0d064377258d3221e50693947b9eb4fe","name":"P\u00ebrmbledhja","image":{"@type":"ImageObject","inLanguage":"sq","@id":"https:\/\/permbledhja.com\/#\/schema\/person\/image\/","url":"https:\/\/permbledhja.com\/wp-content\/uploads\/2026\/01\/452004717_1040944174702970_8932037511805513407_n-96x96.jpg","contentUrl":"https:\/\/permbledhja.com\/wp-content\/uploads\/2026\/01\/452004717_1040944174702970_8932037511805513407_n-96x96.jpg","caption":"P\u00ebrmbledhja"},"sameAs":["https:\/\/www.facebook.com\/kafexhiu.muharrem\/","https:\/\/www.instagram.com\/muharrem_kafexhiu\/"],"url":"https:\/\/permbledhja.com\/sq\/author\/admin\/"}]}},"_links":{"self":[{"href":"https:\/\/permbledhja.com\/sq\/wp-json\/wp\/v2\/posts\/42713"}],"collection":[{"href":"https:\/\/permbledhja.com\/sq\/wp-json\/wp\/v2\/posts"}],"about":[{"href":"https:\/\/permbledhja.com\/sq\/wp-json\/wp\/v2\/types\/post"}],"author":[{"embeddable":true,"href":"https:\/\/permbledhja.com\/sq\/wp-json\/wp\/v2\/users\/1"}],"replies":[{"embeddable":true,"href":"https:\/\/permbledhja.com\/sq\/wp-json\/wp\/v2\/comments?post=42713"}],"version-history":[{"count":1,"href":"https:\/\/permbledhja.com\/sq\/wp-json\/wp\/v2\/posts\/42713\/revisions"}],"predecessor-version":[{"id":42715,"href":"https:\/\/permbledhja.com\/sq\/wp-json\/wp\/v2\/posts\/42713\/revisions\/42715"}],"wp:featuredmedia":[{"embeddable":true,"href":"https:\/\/permbledhja.com\/sq\/wp-json\/wp\/v2\/media\/42714"}],"wp:attachment":[{"href":"https:\/\/permbledhja.com\/sq\/wp-json\/wp\/v2\/media?parent=42713"}],"wp:term":[{"taxonomy":"category","embeddable":true,"href":"https:\/\/permbledhja.com\/sq\/wp-json\/wp\/v2\/categories?post=42713"},{"taxonomy":"post_tag","embeddable":true,"href":"https:\/\/permbledhja.com\/sq\/wp-json\/wp\/v2\/tags?post=42713"}],"curies":[{"name":"wp","href":"https:\/\/api.w.org\/{rel}","templated":true}]}}