{"id":42710,"date":"2024-01-12T13:34:39","date_gmt":"2024-01-12T13:34:39","guid":{"rendered":"https:\/\/permbledhja.com\/?p=42710"},"modified":"2024-01-12T14:32:18","modified_gmt":"2024-01-12T14:32:18","slug":"jutarnji-vuciq-nuk-e-fshehu-dot-tronditjen-kur-hill-i-tregoi-se-cfare-armesh-po-blen-kosova","status":"publish","type":"post","link":"https:\/\/permbledhja.com\/sq\/jutarnji-vuciq-nuk-e-fshehu-dot-tronditjen-kur-hill-i-tregoi-se-cfare-armesh-po-blen-kosova\/","title":{"rendered":"Jutarnji: Vu\u00e7iq nuk e fshehu dot tronditjen kur Hill i tregoi se \u00e7far\u00eb arm\u00ebsh po blen Kosova"},"content":{"rendered":"<h3>\u201cShtetet e Bashkuara t\u00eb Amerik\u00ebs do ta pranojn\u00eb k\u00ebrkes\u00ebn e Kosov\u00ebs p\u00ebr blerjen e raketave antitank Javelin\u201d, i ka th\u00ebn\u00eb presidentit serb Aleksandar Vu\u00e7iq ambasadori amerikan n\u00eb Beograd, Christopher Hill, njoftoi zyra e presidentit serb.<\/h3>\n<p>K\u00ebshtu e ka nisur tekstin gazeta kroate Jutarnji List, rreth lajmit se Kosova ka paraqitur k\u00ebrkes\u00eb p\u00ebr blerjen e raketave \u201cJavelin\u201d.<\/p>\n<p>Gazeta thot\u00eb se ky informacion paraqet nj\u00eb zhg\u00ebnjim t\u00eb madh p\u00ebr Serbin\u00eb, shkruhet n\u00eb faqen e kabinetit t\u00eb Vu\u00e7iqit.<\/p>\n<p>Si\u00e7 tha ambasadori Hill, Departamenti i Shtetit do ta d\u00ebrgoj\u00eb k\u00ebrkes\u00ebn e Prishtin\u00ebs n\u00eb Kongresin Amerikan, i cili do t\u00eb filloj\u00eb procedur\u00ebn zyrtare.<\/p>\n<p>Arma antitank \u201cFGM-148\u201d ose \u201cJavelin\u201d \u00ebsht\u00eb nj\u00eb sistem raketor amerikan i drejtuar, i cili, fal\u00eb p\u00ebrdorimit t\u00eb nj\u00eb kamere termografike p\u00ebr vet\u00ebdrejtim, funksionon n\u00eb parimin \u201czjarr dhe harro\u201d.<\/p>\n<p>Ajo arm\u00eb ishte nj\u00eb nga vendimtaret n\u00eb luft\u00ebn ruso-ukrainase.<\/p>\n<p>Ukrainasit e p\u00ebrdor\u00ebn at\u00eb p\u00ebr t\u00eb shkat\u00ebrruar qindra tanke dhe automjete t\u00eb blinduara ruse, bunker\u00eb, i ndihmoi shum\u00eb q\u00eb t\u00eb parandalonin ushtrin\u00eb ruse t\u00eb kap\u00ebrcej\u00eb Ukrain\u00ebn.<\/p>\n<p>Dhe tani ato raketa vdekjeprur\u00ebse dhe \u201ct\u00eb zgjuara\u201d po mb\u00ebrrijn\u00eb n\u00eb Kosov\u00eb.<\/p>\n<p>\u201cP\u00ebr ne m\u00eb e r\u00ebnd\u00ebsishmja \u00ebsht\u00eb q\u00eb paqja n\u00eb rajon t\u00eb mos prishet dhe Serbia t\u00eb vazhdoj\u00eb t\u00eb sillet me p\u00ebrgjegj\u00ebsi dhe t\u00eb kontribuoj\u00eb p\u00ebr stabilitetin n\u00eb Ballkan\u201d, tha Vu\u00e7iq i zhg\u00ebnjyer.<\/p>\n<p>Vu\u00e7iq m\u00eb her\u00ebt ka shkruar n\u00eb Instagram se ka pasur nj\u00eb bised\u00eb t\u00eb hapur me ambasadorin Christopher Hill p\u00ebr p\u00ebrmir\u00ebsimin e m\u00ebtejsh\u00ebm t\u00eb marr\u00ebdh\u00ebnieve politike dhe ekonomike serbo-amerikane.<\/p>\n<p>\u201cNe diskutuam edhe p\u00ebr pozicionin nd\u00ebrkomb\u00ebtar t\u00eb Serbis\u00eb, situat\u00ebn n\u00eb Kosov\u00eb e Metohi dhe vazhdimin e dialogut me Prishtin\u00ebn, si dhe p\u00ebr ngjarjet aktuale gjeopolitike. Ne konfirmuam angazhimin ton\u00eb p\u00ebr ruajtjen e paqes dhe stabilitetit n\u00eb rajon dhe forcimin e miq\u00ebsis\u00eb dhe bashk\u00ebpunimit mes Serbis\u00eb dhe SHBA-s\u00eb\u201d, ka shkruar Vu\u00e7iq n\u00eb profilin tuaj n\u00eb Instagram, shkruan gazeta kroate\u00a0<a href=\"https:\/\/www.jutarnji.hr\/vijesti\/svijet\/vucic-dozivio-tezak-udarac-na-sastanku-s-ambasadorom-sad-a-nije-mogao-sakriti-da-je-uzdrman-razocaravajuce-15414362\">Jutarnji list.<\/a><\/p>\n","protected":false},"excerpt":{"rendered":"<p>\u201cShtetet e Bashkuara t\u00eb Amerik\u00ebs do ta pranojn\u00eb k\u00ebrkes\u00ebn e Kosov\u00ebs p\u00ebr blerjen e raketave antitank Javelin\u201d, i ka th\u00ebn\u00eb presidentit serb Aleksandar Vu\u00e7iq ambasadori amerikan n\u00eb Beograd, Christopher Hill, njoftoi zyra e presidentit serb. K\u00ebshtu e ka nisur tekstin gazeta kroate Jutarnji List, rreth lajmit se Kosova ka paraqitur k\u00ebrkes\u00eb p\u00ebr blerjen e raketave [&hellip;]<\/p>\n","protected":false},"author":1,"featured_media":42711,"comment_status":"closed","ping_status":"closed","sticky":false,"template":"","format":"standard","meta":{"_monsterinsights_skip_tracking":false,"_monsterinsights_sitenote_active":false,"_monsterinsights_sitenote_note":"","_monsterinsights_sitenote_category":0,"_uf_show_specific_survey":0,"_uf_disable_surveys":false,"footnotes":""},"categories":[2645],"tags":[2909,2908,366],"yoast_head":"<!-- This site is optimized with the Yoast SEO plugin v21.5 - https:\/\/yoast.com\/wordpress\/plugins\/seo\/ -->\n<title>Jutarnji: Vu\u00e7iq nuk e fshehu dot tronditjen kur Hill i tregoi se \u00e7far\u00eb arm\u00ebsh po blen Kosova<\/title>\n<meta name=\"robots\" content=\"index, follow, max-snippet:-1, max-image-preview:large, max-video-preview:-1\" \/>\n<link rel=\"canonical\" href=\"https:\/\/permbledhja.com\/sq\/jutarnji-vuciq-nuk-e-fshehu-dot-tronditjen-kur-hill-i-tregoi-se-cfare-armesh-po-blen-kosova\/\" \/>\n<meta property=\"og:locale\" content=\"sq_AL\" \/>\n<meta property=\"og:type\" content=\"article\" \/>\n<meta property=\"og:title\" content=\"Jutarnji: Vu\u00e7iq nuk e fshehu dot tronditjen kur Hill i tregoi se \u00e7far\u00eb arm\u00ebsh po blen Kosova\" \/>\n<meta property=\"og:description\" content=\"\u201cShtetet e Bashkuara t\u00eb Amerik\u00ebs do ta pranojn\u00eb k\u00ebrkes\u00ebn e Kosov\u00ebs p\u00ebr blerjen e raketave antitank Javelin\u201d, i ka th\u00ebn\u00eb presidentit serb Aleksandar Vu\u00e7iq ambasadori amerikan n\u00eb Beograd, Christopher Hill, njoftoi zyra e presidentit serb. K\u00ebshtu e ka nisur tekstin gazeta kroate Jutarnji List, rreth lajmit se Kosova ka paraqitur k\u00ebrkes\u00eb p\u00ebr blerjen e raketave [&hellip;]\" \/>\n<meta property=\"og:url\" content=\"https:\/\/permbledhja.com\/sq\/jutarnji-vuciq-nuk-e-fshehu-dot-tronditjen-kur-hill-i-tregoi-se-cfare-armesh-po-blen-kosova\/\" \/>\n<meta property=\"og:site_name\" content=\"Ve\u00e7 artikuj p\u00ebrmbledh\u00ebs\" \/>\n<meta property=\"article:publisher\" content=\"https:\/\/www.facebook.com\/press07\/\" \/>\n<meta property=\"article:author\" content=\"https:\/\/www.facebook.com\/kafexhiu.muharrem\/\" \/>\n<meta property=\"article:published_time\" content=\"2024-01-12T13:34:39+00:00\" \/>\n<meta property=\"article:modified_time\" content=\"2024-01-12T14:32:18+00:00\" \/>\n<meta property=\"og:image\" content=\"https:\/\/permbledhja.com\/wp-content\/uploads\/2024\/01\/12345.png\" \/>\n\t<meta property=\"og:image:width\" content=\"626\" \/>\n\t<meta property=\"og:image:height\" content=\"395\" \/>\n\t<meta property=\"og:image:type\" content=\"image\/png\" \/>\n<meta name=\"author\" content=\"P\u00ebrmbledhja\" \/>\n<meta name=\"twitter:card\" content=\"summary_large_image\" \/>\n<meta name=\"twitter:label1\" content=\"Written by\" \/>\n\t<meta name=\"twitter:data1\" content=\"P\u00ebrmbledhja\" \/>\n\t<meta name=\"twitter:label2\" content=\"Est. reading time\" \/>\n\t<meta name=\"twitter:data2\" content=\"2 minuta\" \/>\n<script type=\"application\/ld+json\" class=\"yoast-schema-graph\">{\"@context\":\"https:\/\/schema.org\",\"@graph\":[{\"@type\":\"Article\",\"@id\":\"https:\/\/permbledhja.com\/sq\/jutarnji-vuciq-nuk-e-fshehu-dot-tronditjen-kur-hill-i-tregoi-se-cfare-armesh-po-blen-kosova\/#article\",\"isPartOf\":{\"@id\":\"https:\/\/permbledhja.com\/sq\/jutarnji-vuciq-nuk-e-fshehu-dot-tronditjen-kur-hill-i-tregoi-se-cfare-armesh-po-blen-kosova\/\"},\"author\":{\"name\":\"P\u00ebrmbledhja\",\"@id\":\"https:\/\/permbledhja.com\/#\/schema\/person\/0d064377258d3221e50693947b9eb4fe\"},\"headline\":\"Jutarnji: Vu\u00e7iq nuk e fshehu dot tronditjen kur Hill i tregoi se \u00e7far\u00eb arm\u00ebsh po blen Kosova\",\"datePublished\":\"2024-01-12T13:34:39+00:00\",\"dateModified\":\"2024-01-12T14:32:18+00:00\",\"mainEntityOfPage\":{\"@id\":\"https:\/\/permbledhja.com\/sq\/jutarnji-vuciq-nuk-e-fshehu-dot-tronditjen-kur-hill-i-tregoi-se-cfare-armesh-po-blen-kosova\/\"},\"wordCount\":369,\"publisher\":{\"@id\":\"https:\/\/permbledhja.com\/#organization\"},\"keywords\":[\"Hill\",\"Jutarnji\",\"Vu\u00e7iq\"],\"articleSection\":[\"T\u00eb r\u00ebnd\u00ebsishme\"],\"inLanguage\":\"sq\"},{\"@type\":\"WebPage\",\"@id\":\"https:\/\/permbledhja.com\/sq\/jutarnji-vuciq-nuk-e-fshehu-dot-tronditjen-kur-hill-i-tregoi-se-cfare-armesh-po-blen-kosova\/\",\"url\":\"https:\/\/permbledhja.com\/sq\/jutarnji-vuciq-nuk-e-fshehu-dot-tronditjen-kur-hill-i-tregoi-se-cfare-armesh-po-blen-kosova\/\",\"name\":\"Jutarnji: Vu\u00e7iq nuk e fshehu dot tronditjen kur Hill i tregoi se \u00e7far\u00eb arm\u00ebsh po blen Kosova\",\"isPartOf\":{\"@id\":\"https:\/\/permbledhja.com\/#website\"},\"datePublished\":\"2024-01-12T13:34:39+00:00\",\"dateModified\":\"2024-01-12T14:32:18+00:00\",\"breadcrumb\":{\"@id\":\"https:\/\/permbledhja.com\/sq\/jutarnji-vuciq-nuk-e-fshehu-dot-tronditjen-kur-hill-i-tregoi-se-cfare-armesh-po-blen-kosova\/#breadcrumb\"},\"inLanguage\":\"sq\",\"potentialAction\":[{\"@type\":\"ReadAction\",\"target\":[\"https:\/\/permbledhja.com\/sq\/jutarnji-vuciq-nuk-e-fshehu-dot-tronditjen-kur-hill-i-tregoi-se-cfare-armesh-po-blen-kosova\/\"]}]},{\"@type\":\"BreadcrumbList\",\"@id\":\"https:\/\/permbledhja.com\/sq\/jutarnji-vuciq-nuk-e-fshehu-dot-tronditjen-kur-hill-i-tregoi-se-cfare-armesh-po-blen-kosova\/#breadcrumb\",\"itemListElement\":[{\"@type\":\"ListItem\",\"position\":1,\"name\":\"Ballina\",\"item\":\"https:\/\/permbledhja.com\/sq\/\"},{\"@type\":\"ListItem\",\"position\":2,\"name\":\"Jutarnji: Vu\u00e7iq nuk e fshehu dot tronditjen kur Hill i tregoi se \u00e7far\u00eb arm\u00ebsh po blen Kosova\"}]},{\"@type\":\"WebSite\",\"@id\":\"https:\/\/permbledhja.com\/#website\",\"url\":\"https:\/\/permbledhja.com\/\",\"name\":\"Ve\u00e7 artikuj p\u00ebrmbledh\u00ebs\",\"description\":\"\",\"publisher\":{\"@id\":\"https:\/\/permbledhja.com\/#organization\"},\"potentialAction\":[{\"@type\":\"SearchAction\",\"target\":{\"@type\":\"EntryPoint\",\"urlTemplate\":\"https:\/\/permbledhja.com\/?s={search_term_string}\"},\"query-input\":\"required name=search_term_string\"}],\"inLanguage\":\"sq\"},{\"@type\":\"Organization\",\"@id\":\"https:\/\/permbledhja.com\/#organization\",\"name\":\"MK Media & Pr\",\"url\":\"https:\/\/permbledhja.com\/\",\"logo\":{\"@type\":\"ImageObject\",\"inLanguage\":\"sq\",\"@id\":\"https:\/\/permbledhja.com\/#\/schema\/logo\/image\/\",\"url\":\"https:\/\/permbledhja.com\/wp-content\/uploads\/2021\/12\/07-Press-Logo.jpg\",\"contentUrl\":\"https:\/\/permbledhja.com\/wp-content\/uploads\/2021\/12\/07-Press-Logo.jpg\",\"width\":512,\"height\":512,\"caption\":\"MK Media & Pr\"},\"image\":{\"@id\":\"https:\/\/permbledhja.com\/#\/schema\/logo\/image\/\"},\"sameAs\":[\"https:\/\/www.facebook.com\/press07\/\"]},{\"@type\":\"Person\",\"@id\":\"https:\/\/permbledhja.com\/#\/schema\/person\/0d064377258d3221e50693947b9eb4fe\",\"name\":\"P\u00ebrmbledhja\",\"image\":{\"@type\":\"ImageObject\",\"inLanguage\":\"sq\",\"@id\":\"https:\/\/permbledhja.com\/#\/schema\/person\/image\/\",\"url\":\"https:\/\/permbledhja.com\/wp-content\/uploads\/2026\/01\/452004717_1040944174702970_8932037511805513407_n-96x96.jpg\",\"contentUrl\":\"https:\/\/permbledhja.com\/wp-content\/uploads\/2026\/01\/452004717_1040944174702970_8932037511805513407_n-96x96.jpg\",\"caption\":\"P\u00ebrmbledhja\"},\"sameAs\":[\"https:\/\/www.facebook.com\/kafexhiu.muharrem\/\",\"https:\/\/www.instagram.com\/muharrem_kafexhiu\/\"],\"url\":\"https:\/\/permbledhja.com\/sq\/author\/admin\/\"}]}<\/script>\n<!-- \/ Yoast SEO plugin. -->","yoast_head_json":{"title":"Jutarnji: Vu\u00e7iq nuk e fshehu dot tronditjen kur Hill i tregoi se \u00e7far\u00eb arm\u00ebsh po blen Kosova","robots":{"index":"index","follow":"follow","max-snippet":"max-snippet:-1","max-image-preview":"max-image-preview:large","max-video-preview":"max-video-preview:-1"},"canonical":"https:\/\/permbledhja.com\/sq\/jutarnji-vuciq-nuk-e-fshehu-dot-tronditjen-kur-hill-i-tregoi-se-cfare-armesh-po-blen-kosova\/","og_locale":"sq_AL","og_type":"article","og_title":"Jutarnji: Vu\u00e7iq nuk e fshehu dot tronditjen kur Hill i tregoi se \u00e7far\u00eb arm\u00ebsh po blen Kosova","og_description":"\u201cShtetet e Bashkuara t\u00eb Amerik\u00ebs do ta pranojn\u00eb k\u00ebrkes\u00ebn e Kosov\u00ebs p\u00ebr blerjen e raketave antitank Javelin\u201d, i ka th\u00ebn\u00eb presidentit serb Aleksandar Vu\u00e7iq ambasadori amerikan n\u00eb Beograd, Christopher Hill, njoftoi zyra e presidentit serb. K\u00ebshtu e ka nisur tekstin gazeta kroate Jutarnji List, rreth lajmit se Kosova ka paraqitur k\u00ebrkes\u00eb p\u00ebr blerjen e raketave [&hellip;]","og_url":"https:\/\/permbledhja.com\/sq\/jutarnji-vuciq-nuk-e-fshehu-dot-tronditjen-kur-hill-i-tregoi-se-cfare-armesh-po-blen-kosova\/","og_site_name":"Ve\u00e7 artikuj p\u00ebrmbledh\u00ebs","article_publisher":"https:\/\/www.facebook.com\/press07\/","article_author":"https:\/\/www.facebook.com\/kafexhiu.muharrem\/","article_published_time":"2024-01-12T13:34:39+00:00","article_modified_time":"2024-01-12T14:32:18+00:00","og_image":[{"width":626,"height":395,"url":"https:\/\/permbledhja.com\/wp-content\/uploads\/2024\/01\/12345.png","type":"image\/png"}],"author":"P\u00ebrmbledhja","twitter_card":"summary_large_image","twitter_misc":{"Written by":"P\u00ebrmbledhja","Est. reading time":"2 minuta"},"schema":{"@context":"https:\/\/schema.org","@graph":[{"@type":"Article","@id":"https:\/\/permbledhja.com\/sq\/jutarnji-vuciq-nuk-e-fshehu-dot-tronditjen-kur-hill-i-tregoi-se-cfare-armesh-po-blen-kosova\/#article","isPartOf":{"@id":"https:\/\/permbledhja.com\/sq\/jutarnji-vuciq-nuk-e-fshehu-dot-tronditjen-kur-hill-i-tregoi-se-cfare-armesh-po-blen-kosova\/"},"author":{"name":"P\u00ebrmbledhja","@id":"https:\/\/permbledhja.com\/#\/schema\/person\/0d064377258d3221e50693947b9eb4fe"},"headline":"Jutarnji: Vu\u00e7iq nuk e fshehu dot tronditjen kur Hill i tregoi se \u00e7far\u00eb arm\u00ebsh po blen Kosova","datePublished":"2024-01-12T13:34:39+00:00","dateModified":"2024-01-12T14:32:18+00:00","mainEntityOfPage":{"@id":"https:\/\/permbledhja.com\/sq\/jutarnji-vuciq-nuk-e-fshehu-dot-tronditjen-kur-hill-i-tregoi-se-cfare-armesh-po-blen-kosova\/"},"wordCount":369,"publisher":{"@id":"https:\/\/permbledhja.com\/#organization"},"keywords":["Hill","Jutarnji","Vu\u00e7iq"],"articleSection":["T\u00eb r\u00ebnd\u00ebsishme"],"inLanguage":"sq"},{"@type":"WebPage","@id":"https:\/\/permbledhja.com\/sq\/jutarnji-vuciq-nuk-e-fshehu-dot-tronditjen-kur-hill-i-tregoi-se-cfare-armesh-po-blen-kosova\/","url":"https:\/\/permbledhja.com\/sq\/jutarnji-vuciq-nuk-e-fshehu-dot-tronditjen-kur-hill-i-tregoi-se-cfare-armesh-po-blen-kosova\/","name":"Jutarnji: Vu\u00e7iq nuk e fshehu dot tronditjen kur Hill i tregoi se \u00e7far\u00eb arm\u00ebsh po blen Kosova","isPartOf":{"@id":"https:\/\/permbledhja.com\/#website"},"datePublished":"2024-01-12T13:34:39+00:00","dateModified":"2024-01-12T14:32:18+00:00","breadcrumb":{"@id":"https:\/\/permbledhja.com\/sq\/jutarnji-vuciq-nuk-e-fshehu-dot-tronditjen-kur-hill-i-tregoi-se-cfare-armesh-po-blen-kosova\/#breadcrumb"},"inLanguage":"sq","potentialAction":[{"@type":"ReadAction","target":["https:\/\/permbledhja.com\/sq\/jutarnji-vuciq-nuk-e-fshehu-dot-tronditjen-kur-hill-i-tregoi-se-cfare-armesh-po-blen-kosova\/"]}]},{"@type":"BreadcrumbList","@id":"https:\/\/permbledhja.com\/sq\/jutarnji-vuciq-nuk-e-fshehu-dot-tronditjen-kur-hill-i-tregoi-se-cfare-armesh-po-blen-kosova\/#breadcrumb","itemListElement":[{"@type":"ListItem","position":1,"name":"Ballina","item":"https:\/\/permbledhja.com\/sq\/"},{"@type":"ListItem","position":2,"name":"Jutarnji: Vu\u00e7iq nuk e fshehu dot tronditjen kur Hill i tregoi se \u00e7far\u00eb arm\u00ebsh po blen Kosova"}]},{"@type":"WebSite","@id":"https:\/\/permbledhja.com\/#website","url":"https:\/\/permbledhja.com\/","name":"Ve\u00e7 artikuj p\u00ebrmbledh\u00ebs","description":"","publisher":{"@id":"https:\/\/permbledhja.com\/#organization"},"potentialAction":[{"@type":"SearchAction","target":{"@type":"EntryPoint","urlTemplate":"https:\/\/permbledhja.com\/?s={search_term_string}"},"query-input":"required name=search_term_string"}],"inLanguage":"sq"},{"@type":"Organization","@id":"https:\/\/permbledhja.com\/#organization","name":"MK Media & Pr","url":"https:\/\/permbledhja.com\/","logo":{"@type":"ImageObject","inLanguage":"sq","@id":"https:\/\/permbledhja.com\/#\/schema\/logo\/image\/","url":"https:\/\/permbledhja.com\/wp-content\/uploads\/2021\/12\/07-Press-Logo.jpg","contentUrl":"https:\/\/permbledhja.com\/wp-content\/uploads\/2021\/12\/07-Press-Logo.jpg","width":512,"height":512,"caption":"MK Media & Pr"},"image":{"@id":"https:\/\/permbledhja.com\/#\/schema\/logo\/image\/"},"sameAs":["https:\/\/www.facebook.com\/press07\/"]},{"@type":"Person","@id":"https:\/\/permbledhja.com\/#\/schema\/person\/0d064377258d3221e50693947b9eb4fe","name":"P\u00ebrmbledhja","image":{"@type":"ImageObject","inLanguage":"sq","@id":"https:\/\/permbledhja.com\/#\/schema\/person\/image\/","url":"https:\/\/permbledhja.com\/wp-content\/uploads\/2026\/01\/452004717_1040944174702970_8932037511805513407_n-96x96.jpg","contentUrl":"https:\/\/permbledhja.com\/wp-content\/uploads\/2026\/01\/452004717_1040944174702970_8932037511805513407_n-96x96.jpg","caption":"P\u00ebrmbledhja"},"sameAs":["https:\/\/www.facebook.com\/kafexhiu.muharrem\/","https:\/\/www.instagram.com\/muharrem_kafexhiu\/"],"url":"https:\/\/permbledhja.com\/sq\/author\/admin\/"}]}},"_links":{"self":[{"href":"https:\/\/permbledhja.com\/sq\/wp-json\/wp\/v2\/posts\/42710"}],"collection":[{"href":"https:\/\/permbledhja.com\/sq\/wp-json\/wp\/v2\/posts"}],"about":[{"href":"https:\/\/permbledhja.com\/sq\/wp-json\/wp\/v2\/types\/post"}],"author":[{"embeddable":true,"href":"https:\/\/permbledhja.com\/sq\/wp-json\/wp\/v2\/users\/1"}],"replies":[{"embeddable":true,"href":"https:\/\/permbledhja.com\/sq\/wp-json\/wp\/v2\/comments?post=42710"}],"version-history":[{"count":1,"href":"https:\/\/permbledhja.com\/sq\/wp-json\/wp\/v2\/posts\/42710\/revisions"}],"predecessor-version":[{"id":42712,"href":"https:\/\/permbledhja.com\/sq\/wp-json\/wp\/v2\/posts\/42710\/revisions\/42712"}],"wp:featuredmedia":[{"embeddable":true,"href":"https:\/\/permbledhja.com\/sq\/wp-json\/wp\/v2\/media\/42711"}],"wp:attachment":[{"href":"https:\/\/permbledhja.com\/sq\/wp-json\/wp\/v2\/media?parent=42710"}],"wp:term":[{"taxonomy":"category","embeddable":true,"href":"https:\/\/permbledhja.com\/sq\/wp-json\/wp\/v2\/categories?post=42710"},{"taxonomy":"post_tag","embeddable":true,"href":"https:\/\/permbledhja.com\/sq\/wp-json\/wp\/v2\/tags?post=42710"}],"curies":[{"name":"wp","href":"https:\/\/api.w.org\/{rel}","templated":true}]}}