{"id":42704,"date":"2024-01-12T13:26:55","date_gmt":"2024-01-12T13:26:55","guid":{"rendered":"https:\/\/permbledhja.com\/?p=42704"},"modified":"2024-01-12T13:26:55","modified_gmt":"2024-01-12T13:26:55","slug":"vorbull-dyshimesh-per-peticionin-e-shkarkimit-te-kryetareve-ne-veri-te-kosoves","status":"publish","type":"post","link":"https:\/\/permbledhja.com\/sq\/vorbull-dyshimesh-per-peticionin-e-shkarkimit-te-kryetareve-ne-veri-te-kosoves\/","title":{"rendered":"Vorbull dyshimesh p\u00ebr peticionin e shkarkimit t\u00eb kryetar\u00ebve n\u00eb veri t\u00eb Kosov\u00ebs"},"content":{"rendered":"<h3>Interpretimi i ndrysh\u00ebm i udh\u00ebzimit administrativ t\u00eb Qeveris\u00eb s\u00eb Kosov\u00ebs p\u00ebr z\u00ebvend\u00ebsimin e kryetar\u00ebve, ka shkaktuar edhe nj\u00ebher\u00eb konfuzion se deri ku ka arritur procesi i z\u00ebvend\u00ebsimit t\u00eb kryetar\u00ebve n\u00eb kat\u00ebr komunat me shumic\u00eb serbe n\u00eb veri t\u00eb Kosov\u00ebs.<\/h3>\n<p>Nga Ministria e Administrimit t\u00eb Pushtetit Lokal (MAPL), thon\u00eb se \u00ebsht\u00eb duke u b\u00ebr\u00eb mbledhja e n\u00ebnshkrimeve p\u00ebr peticionin p\u00ebr shkarkimin e kryetarit dhe se emri p\u00ebr nj\u00eb gj\u00eb t\u00eb till\u00eb ka mbetur rreth dy jav\u00eb.<\/p>\n<p>Grupi i qytetar\u00ebve \u2013 t\u00eb cil\u00ebt sipas udh\u00ebzimit administrativ duhet t\u00eb mbledhin k\u00ebto n\u00ebnshkrime \u2013 thot\u00eb se nuk e ka marr\u00eb dokumentacionin e nevojsh\u00ebm p\u00ebr t\u00eb nisur peticionin dhe se askush nuk i ka njoftuar se ka nj\u00eb afat kohor p\u00ebr k\u00ebt\u00eb.<\/p>\n<p>Kryetar\u00ebt e kuvendeve komunale \u2013 t\u00eb cil\u00ebt supozohet se do t\u00eb jen\u00eb nj\u00eb lloj nd\u00ebrmjet\u00ebsimi mes qytetar\u00ebve dhe pushtetit qendror \u2013 pohojn\u00eb se e kan\u00eb b\u00ebr\u00eb pun\u00ebn e tyre dhe se tani u takon qytetar\u00ebve q\u00eb ta nisin peticionin.<\/p>\n<p>Serb\u00ebt nga veriu i Kosov\u00ebs u larguan nga institucionet e Kosov\u00ebs n\u00eb n\u00ebntor t\u00eb vitit 2022, p\u00ebrfshir\u00eb edhe ata n\u00eb pushtetin lokal. Pasi bojkotuan zgjedhjet e jasht\u00ebzakonshme n\u00eb prill, kur n\u00eb krye t\u00eb komunave erdh\u00ebn shqiptar\u00ebt, partia m\u00eb e madhe e serb\u00ebve n\u00eb Kosov\u00eb, Lista Serbe, njoftoi n\u00eb mes t\u00eb tetorit t\u00eb vitit 2023 se \u00ebsht\u00eb gati t\u00eb marr\u00eb pjes\u00eb n\u00eb zgjedhjet e jasht\u00ebzakonshme n\u00eb komunat n\u00eb veri t\u00eb Kosov\u00ebs.<\/p>\n<p><strong>\u00c7far\u00eb kontestohet?<\/strong><\/p>\n<p>Komisioni Qendror i Zgjedhjeve t\u00eb Kosov\u00ebs (KQZ) njoftoi n\u00eb mes t\u00eb dhjetorit t\u00eb vitit t\u00eb kaluar se kryetar\u00ebt e kuvendeve komunale, grupet dhe iniciativat qytetare dhe Ministria e Administrimit t\u00eb Pushtetit Lokal t\u00eb Kosov\u00ebs jan\u00eb njoftuar p\u00ebr numrin e p\u00ebrdit\u00ebsuar t\u00eb votuesve t\u00eb regjistruar n\u00eb k\u00ebto tri komuna.<\/p>\n<p>Ai hap \u00ebsht\u00eb i parapar\u00eb me udh\u00ebzim administrativ, sepse p\u00ebr peticion duhet mbledhur 20 p\u00ebr qind e n\u00ebnshkrimeve nga numri i p\u00ebrgjithsh\u00ebm i votuesve t\u00eb regjistruar me t\u00eb drejt\u00eb vote.<\/p>\n<p>Kjo duhet t\u00eb jet\u00eb nj\u00eb shenj\u00eb se mbledhja e n\u00ebnshkrimeve mund t\u00eb filloj\u00eb, por mbetet e paqart\u00eb n\u00ebse, para k\u00ebtij hapi, Grupi Iniciues ishte regjistruar zyrtarisht p\u00ebr t\u00eb filluar peticionin dhe n\u00ebse mori leje p\u00ebr t\u00eb p\u00ebrdorur nj\u00eb zon\u00eb ose hap\u00ebsir\u00eb publike p\u00ebr k\u00ebt\u00eb q\u00ebllim, sepse pal\u00ebt paraqesin pretendime krejt\u00ebsisht t\u00eb ndryshme.<\/p>\n<p>Procesi i z\u00ebvend\u00ebsimit t\u00eb kryetar\u00ebve t\u00eb komunave n\u00eb Mitrovic\u00ebn e Veriut, Leposaviq, Zve\u00e7an dhe Zubin Potok, pasoi tensionet e larta n\u00eb fund t\u00eb majit t\u00eb vitit t\u00eb kaluar kur kryetar\u00ebt shqiptar\u00eb erdh\u00ebn n\u00eb pushtet p\u00ebr shkak se serb\u00ebt bojkotuan zgjedhjet.<\/p>\n<p>N\u00ebn presionin e bashk\u00ebsis\u00eb nd\u00ebrkomb\u00ebtare, n\u00eb fillim t\u00eb shtatorit 2023, Prishtina zyrtare hartoi nj\u00eb udh\u00ebzim administrativ q\u00eb mund\u00ebson largimin e atyre kryetar\u00ebve t\u00eb komunave dhe shpalljen e zgjedhjeve t\u00eb reja.<\/p>\n<p>Mir\u00ebpo, tash e nj\u00eb muaj po vazhdon \u201cdiskutimi\u201d mes aktor\u00ebve p\u00ebr z\u00ebvend\u00ebsimin e kryetar\u00ebve, me akuza t\u00eb nd\u00ebrsjella se pala tjet\u00ebr nuk po e zbaton udh\u00ebzimin administrativ.<\/p>\n<p><strong>\u00c7far\u00eb thot\u00eb Ministria?<\/strong><\/p>\n<p>Ministri i Administrimit t\u00eb Pushtetit Lokal, Elbert Krasniqi, tha m\u00eb 10 janar se qytetar\u00ebt e Mitrovic\u00ebs s\u00eb Veriut, Leposaviqit dhe Zubina Potokut kan\u00eb edhe 12 dit\u00eb koh\u00eb p\u00ebr t\u2019i mbledhur n\u00ebnshkrimet e nevojshme p\u00ebr shkarkimin e kryetar\u00ebve shqiptar\u00eb.<\/p>\n<p>Ai afat p\u00ebr qytetar\u00ebt e komun\u00ebs s\u00eb Zve\u00e7anit \u00ebsht\u00eb m\u00eb i gjat\u00eb p\u00ebr rreth pes\u00eb dit\u00eb, sepse n\u00eb Komisionin Qendror t\u00eb Zgjedhjeve \u00ebsht\u00eb dor\u00ebzuar m\u00eb von\u00eb k\u00ebrkesa p\u00ebr list\u00ebn me numrin e sakt\u00eb t\u00eb votuesve t\u00eb regjistruar. Ky hap parashihet edhe me udh\u00ebzimin e paralajm\u00ebrues se n\u00eb peticion jan\u00eb mbledhur 20 p\u00ebr qind e n\u00ebnshkrimeve nga numri i p\u00ebrgjithsh\u00ebm i votuesve t\u00eb regjistruar.<\/p>\n<p>Ministri Krasniqi, po ashtu, tha se m\u00eb 9 janar ka mbajtur nj\u00eb takim me shtetet e Quint-it dhe diplomat\u00ebt e BE-s\u00eb lidhur me procesin e nd\u00ebrrimit t\u00eb kryetar\u00ebve shqiptar\u00eb n\u00eb veri. Ai theksoi se peticioni ka nisur n\u00eb dhjetor t\u00eb vitit t\u00eb kaluar dhe se mbledhja e n\u00ebnshkrimeve \u00ebsht\u00eb duke vazhduar.<\/p>\n<p>Mir\u00ebpo, grupe qytetar\u00ebsh e demantojn\u00eb k\u00ebt\u00eb dhe thon\u00eb se nuk kan\u00eb filluar mbledhjen e n\u00ebnshkrimeve, sepse nuk mor\u00ebn konfirmim nga kryetari i Kuvendit t\u00eb Komun\u00ebs se jan\u00eb regjistruar si nj\u00eb grup iniciues, i cili sipas udh\u00ebzimit administrativ, \u00ebsht\u00eb i vetmi q\u00eb mund t\u00eb filloj\u00eb nj\u00eb peticion.<\/p>\n<p>Lidhur me k\u00ebt\u00eb, Radio Evropa e Lir\u00eb kontaktoi me Ministrin\u00eb e Administrimit t\u00eb Pushtetit Lokal, por nuk mori p\u00ebrgjigje.<\/p>\n<p><strong>\u201cNuk dim\u00eb \u00e7far\u00eb t\u00eb b\u00ebjm\u00eb m\u00eb pas\u201d<\/strong><\/p>\n<p>Vesellin Radoviq, i cili \u00ebsht\u00eb pjes\u00eb e Grupit Iniciues t\u00eb Qytetar\u00ebve n\u00eb Leposaviq, thot\u00eb p\u00ebr Radion Evropa e Lir\u00eb se \u00ebsht\u00eb n\u00eb pritje t\u00eb takimit me kryetarin e Kuvendit t\u00eb Komun\u00ebs p\u00ebr t\u00eb \u201carritur marr\u00ebveshje p\u00ebr interpretimin e udh\u00ebzimit administrativ\u201d.<\/p>\n<p>\u201cNuk e kemi marr\u00eb dokumentacionin e nevojsh\u00ebm dhe k\u00ebrkojm\u00eb shpjegim se pse nuk po b\u00ebhet kjo. Thjesht, nuk jemi n\u00eb gjendje ta zbatojm\u00eb peticionin derisa ta marrim dokumentacionin e plot\u00eb\u201d, thot\u00eb Radoviq.<\/p>\n<p>N\u00eb an\u00ebn tjet\u00ebr, kryetari i Kuvendit t\u00eb Komun\u00ebs s\u00eb Leposaviqit, Gorski Buriq, pohoi se ka b\u00ebr\u00eb pun\u00ebn e tij, se Grupit Iniciues ia ka dh\u00ebn\u00eb t\u00eb gjith\u00eb dokumentacionin e nevojsh\u00ebm dhe se i takon t\u00eb mbledh\u00eb n\u00ebnshkrimet.<\/p>\n<p>\u201cAtyre u takon t\u00eb gjejn\u00eb nj\u00eb dhom\u00eb dhe t\u00eb fillojn\u00eb procesin e mbledhjes s\u00eb n\u00ebnshkrimeve\u201d, u shpreh Buriq p\u00ebr Radion Evropa e Lir\u00eb.<\/p>\n<p>Mir\u00ebpo, Radoviq tha se p\u00ebrcaktimi i vendit p\u00ebr fillimin e peticionit \u00ebsht\u00eb \u201cfaza tjet\u00ebr\u201d sipas udh\u00ebzimit administrativ dhe se, para s\u00eb gjithash, \u00ebsht\u00eb e nevojshme q\u00eb zyrtarisht t\u00eb regjistrohet si Grup Iniciues.<\/p>\n<p>\u201cThjesht, nuk dim\u00eb \u00e7far\u00eb t\u00eb b\u00ebjm\u00eb m\u00eb pas, faza tjet\u00ebr \u00ebsht\u00eb autorizimi p\u00ebr dhom\u00ebn (p\u00ebr t\u00eb filluar peticionin). Jemi n\u00eb pritje t\u00eb nj\u00eb ftese (nga kryetari i Kuvendit t\u00eb Komun\u00ebs) p\u00ebr t\u00eb par\u00eb se si do t\u00eb vazhdojm\u00eb, \u00e7far\u00eb hapi t\u00eb hedhim\u201d, theksoi ai.<\/p>\n<p>Radoviq shpreh besimin se p\u00ebr nj\u00eb proces t\u00eb suksessh\u00ebm t\u00eb z\u00ebvend\u00ebsimit t\u00eb kryetarit, s\u00eb pari duhet vullneti i mir\u00eb i t\u00eb gjith\u00eb aktor\u00ebve, por edhe fleksibilitet n\u00eb harmonizimin e pozicioneve dhe interpretimin e udh\u00ebzimeve administrative.<\/p>\n<p>Nj\u00eb an\u00ebtar i Grupit Iniciues n\u00eb Mitrovic\u00ebn Veriore dhe Zve\u00e7an konfirmoi p\u00ebr Radion Evropa e Lir\u00eb se nuk ka filluar me mbledhjen e n\u00ebnshkrimeve, por nuk ka dashur t\u00eb flas\u00eb m\u00eb shum\u00eb p\u00ebr k\u00ebt\u00eb dhe as t\u00eb publikohen emrat e tyre.<\/p>\n<p>Dyshimet p\u00ebr hapat p\u00ebr z\u00ebvend\u00ebsimin e kryetarit n\u00eb veri kan\u00eb qen\u00eb t\u00eb pranishme q\u00eb n\u00eb fillim t\u00eb procesit, kur nj\u00eb grup qytetar\u00ebsh tentuan ta nisin at\u00eb iniciativ\u00eb m\u00eb 5 dhjetor.<\/p>\n<p><strong>Uglanin: Askush nuk k\u00ebrkoi leje p\u00ebr hap\u00ebsir\u00eb publike p\u00ebr t\u00eb mbledhur n\u00ebnshkrime<\/strong><\/p>\n<p>Kryetari i Kuvendit t\u00eb Komun\u00ebs s\u00eb Mitrovic\u00ebs Veriore, Nexhad Uglanin, tha p\u00ebr Radion Evropa e Lir\u00eb se nj\u00eb grupi t\u00eb qytetar\u00ebve ua ka dor\u00ebzuar formularin p\u00ebr t\u00eb filluar nj\u00eb peticion mbi baz\u00ebn e t\u00eb cilit duhet t\u00eb mblidhen n\u00ebnshkrimet dhe se \u00ebsht\u00eb n\u00eb dor\u00ebn e tyre t\u00eb informojn\u00eb se ku do ta b\u00ebjn\u00eb mbledhjen e n\u00ebnshkrimeve.<\/p>\n<p>Si\u00e7 tha ai, ende nuk ka marr\u00eb ndonj\u00eb k\u00ebrkes\u00eb prej tyre p\u00ebr t\u00eb p\u00ebrcaktuar hap\u00ebsir\u00ebn publike ku do t\u00eb niste peticioni p\u00ebr mbledhjen e n\u00ebnshkrimeve.<\/p>\n<p>\u201cUa kam d\u00ebrguar njoftim se jan\u00eb t\u00eb obliguar ta informojn\u00eb Kuvendin e Komun\u00ebs s\u00eb Mitrovic\u00ebs s\u00eb Veriut, i cili menj\u00ebher\u00eb cakton seanc\u00eb dhe jep autorizimin (p\u00ebr shfryt\u00ebzimin e hap\u00ebsir\u00ebs publike). N\u00ebse do ta p\u00ebrdorin nj\u00eb zon\u00eb publike, nj\u00eb sh\u00ebtitore, n\u00ebse do ta p\u00ebrdorin nj\u00eb shkoll\u00eb apo ndonj\u00eb institucion tjet\u00ebr, varet nga ata. Ky \u00ebsht\u00eb problemi m\u00eb i vog\u00ebl p\u00ebr ne\u201d, sqaroi Uglanin.<\/p>\n<p>N\u00eb v\u00ebrejtjen e Grupit Iniciues se nuk \u00ebsht\u00eb regjistruar zyrtarisht, Uglanin tha se \u00ebsht\u00eb dashur ta b\u00ebj\u00eb Komisioni Qendror i Zgjedhjeve dhe se ndoshta \u00ebsht\u00eb b\u00ebr\u00eb sepse jan\u00eb informuar p\u00ebr numrin e n\u00ebnshkrimeve q\u00eb duhet t\u00eb mbledhin.<\/p>\n<p><strong>Sakt\u00ebsisht sa vota ju duhen p\u00ebr t\u00eb mbledhur?<\/strong><\/p>\n<p>Z\u00ebdh\u00ebn\u00ebsi i KQZ-s\u00eb, Valmir Elezi, nuk u p\u00ebrgjigj konkretisht n\u00ebse ky institucion e kishte regjistruar Grupin Iniciues p\u00ebr mbledhjen e n\u00ebnshkrimeve, por tha se partit\u00eb ishin t\u00eb informuara p\u00ebr numrin e p\u00ebrdit\u00ebsuar t\u00eb votuesve dhe se ishte specifikuar sakt\u00ebsisht se sa n\u00ebnshkrime duheshin mbledhur p\u00ebr z\u00ebvend\u00ebsimin e kryetarit t\u00eb Komun\u00ebs.<\/p>\n<p>N\u00eb komun\u00ebn e Leposaviqit t\u00eb drejt\u00eb vote kan\u00eb 13.441 persona, q\u00eb do t\u00eb thot\u00eb se s\u00eb paku 2.689 prej tyre duhet ta n\u00ebnshkruajn\u00eb peticionin p\u00ebr shkarkimin e kryetarit t\u00eb Komun\u00ebs.<\/p>\n<p>N\u00eb Zubin Potok, peticionit duhet t\u2019i p\u00ebrgjigjen s\u00eb paku 1.347 votues, q\u00eb \u00ebsht\u00eb 20 p\u00ebr qind e 6.732 votuesve t\u00eb regjistruar.<\/p>\n<p>M\u00eb s\u00eb shumti n\u00ebnshkrime n\u00eb peticion duhet t\u00eb mblidhen n\u00eb Mitrovic\u00ebn e Veriut, pra s\u00eb paku 3.640, sepse n\u00eb list\u00ebn zgjedhore jan\u00eb regjistruar 18.199 persona me t\u00eb drejt\u00eb vote.<\/p>\n<p>Kurse, n\u00eb Zve\u00e7an peticioni duhet t\u00eb n\u00ebnshkruhet nga s\u00eb paku 1.411 persona, q\u00eb \u00ebsht\u00eb 20 p\u00ebr qind e numrit t\u00eb p\u00ebrgjithsh\u00ebm t\u00eb votuesve t\u00eb regjistruar, sipas nevoj\u00ebs p\u00ebr organizimin e votimit p\u00ebr shkarkimin e kryetarit sipas udh\u00ebzimit administrativ.<\/p>\n","protected":false},"excerpt":{"rendered":"<p>Interpretimi i ndrysh\u00ebm i udh\u00ebzimit administrativ t\u00eb Qeveris\u00eb s\u00eb Kosov\u00ebs p\u00ebr z\u00ebvend\u00ebsimin e kryetar\u00ebve, ka shkaktuar edhe nj\u00ebher\u00eb konfuzion se deri ku ka arritur procesi i z\u00ebvend\u00ebsimit t\u00eb kryetar\u00ebve n\u00eb kat\u00ebr komunat me shumic\u00eb serbe n\u00eb veri t\u00eb Kosov\u00ebs. Nga Ministria e Administrimit t\u00eb Pushtetit Lokal (MAPL), thon\u00eb se \u00ebsht\u00eb duke u b\u00ebr\u00eb mbledhja e [&hellip;]<\/p>\n","protected":false},"author":1,"featured_media":42705,"comment_status":"closed","ping_status":"closed","sticky":false,"template":"","format":"standard","meta":{"_monsterinsights_skip_tracking":false,"_monsterinsights_sitenote_active":false,"_monsterinsights_sitenote_note":"","_monsterinsights_sitenote_category":0,"_uf_show_specific_survey":0,"_uf_disable_surveys":false,"footnotes":""},"categories":[2645],"tags":[91],"yoast_head":"<!-- This site is optimized with the Yoast SEO plugin v21.5 - https:\/\/yoast.com\/wordpress\/plugins\/seo\/ -->\n<title>Vorbull dyshimesh p\u00ebr peticionin e shkarkimit t\u00eb kryetar\u00ebve n\u00eb veri t\u00eb Kosov\u00ebs<\/title>\n<meta name=\"robots\" content=\"index, follow, max-snippet:-1, max-image-preview:large, max-video-preview:-1\" \/>\n<link rel=\"canonical\" href=\"https:\/\/permbledhja.com\/sq\/vorbull-dyshimesh-per-peticionin-e-shkarkimit-te-kryetareve-ne-veri-te-kosoves\/\" \/>\n<meta property=\"og:locale\" content=\"sq_AL\" \/>\n<meta property=\"og:type\" content=\"article\" \/>\n<meta property=\"og:title\" content=\"Vorbull dyshimesh p\u00ebr peticionin e shkarkimit t\u00eb kryetar\u00ebve n\u00eb veri t\u00eb Kosov\u00ebs\" \/>\n<meta property=\"og:description\" content=\"Interpretimi i ndrysh\u00ebm i udh\u00ebzimit administrativ t\u00eb Qeveris\u00eb s\u00eb Kosov\u00ebs p\u00ebr z\u00ebvend\u00ebsimin e kryetar\u00ebve, ka shkaktuar edhe nj\u00ebher\u00eb konfuzion se deri ku ka arritur procesi i z\u00ebvend\u00ebsimit t\u00eb kryetar\u00ebve n\u00eb kat\u00ebr komunat me shumic\u00eb serbe n\u00eb veri t\u00eb Kosov\u00ebs. Nga Ministria e Administrimit t\u00eb Pushtetit Lokal (MAPL), thon\u00eb se \u00ebsht\u00eb duke u b\u00ebr\u00eb mbledhja e [&hellip;]\" \/>\n<meta property=\"og:url\" content=\"https:\/\/permbledhja.com\/sq\/vorbull-dyshimesh-per-peticionin-e-shkarkimit-te-kryetareve-ne-veri-te-kosoves\/\" \/>\n<meta property=\"og:site_name\" content=\"Ve\u00e7 artikuj p\u00ebrmbledh\u00ebs\" \/>\n<meta property=\"article:publisher\" content=\"https:\/\/www.facebook.com\/press07\/\" \/>\n<meta property=\"article:author\" content=\"https:\/\/www.facebook.com\/kafexhiu.muharrem\/\" \/>\n<meta property=\"article:published_time\" content=\"2024-01-12T13:26:55+00:00\" \/>\n<meta property=\"og:image\" content=\"https:\/\/permbledhja.com\/wp-content\/uploads\/2024\/01\/veriu-i-Kosoves.jpg\" \/>\n\t<meta property=\"og:image:width\" content=\"939\" \/>\n\t<meta property=\"og:image:height\" content=\"554\" \/>\n\t<meta property=\"og:image:type\" content=\"image\/jpeg\" \/>\n<meta name=\"author\" content=\"P\u00ebrmbledhja\" \/>\n<meta name=\"twitter:card\" content=\"summary_large_image\" \/>\n<meta name=\"twitter:label1\" content=\"Written by\" \/>\n\t<meta name=\"twitter:data1\" content=\"P\u00ebrmbledhja\" \/>\n\t<meta name=\"twitter:label2\" content=\"Est. reading time\" \/>\n\t<meta name=\"twitter:data2\" content=\"8 minuta\" \/>\n<script type=\"application\/ld+json\" class=\"yoast-schema-graph\">{\"@context\":\"https:\/\/schema.org\",\"@graph\":[{\"@type\":\"Article\",\"@id\":\"https:\/\/permbledhja.com\/vorbull-dyshimesh-per-peticionin-e-shkarkimit-te-kryetareve-ne-veri-te-kosoves\/#article\",\"isPartOf\":{\"@id\":\"https:\/\/permbledhja.com\/vorbull-dyshimesh-per-peticionin-e-shkarkimit-te-kryetareve-ne-veri-te-kosoves\/\"},\"author\":{\"name\":\"P\u00ebrmbledhja\",\"@id\":\"https:\/\/permbledhja.com\/#\/schema\/person\/0d064377258d3221e50693947b9eb4fe\"},\"headline\":\"Vorbull dyshimesh p\u00ebr peticionin e shkarkimit t\u00eb kryetar\u00ebve n\u00eb veri t\u00eb Kosov\u00ebs\",\"datePublished\":\"2024-01-12T13:26:55+00:00\",\"dateModified\":\"2024-01-12T13:26:55+00:00\",\"mainEntityOfPage\":{\"@id\":\"https:\/\/permbledhja.com\/vorbull-dyshimesh-per-peticionin-e-shkarkimit-te-kryetareve-ne-veri-te-kosoves\/\"},\"wordCount\":1621,\"publisher\":{\"@id\":\"https:\/\/permbledhja.com\/#organization\"},\"keywords\":[\"Veriu\"],\"articleSection\":[\"T\u00eb r\u00ebnd\u00ebsishme\"],\"inLanguage\":\"sq\"},{\"@type\":\"WebPage\",\"@id\":\"https:\/\/permbledhja.com\/vorbull-dyshimesh-per-peticionin-e-shkarkimit-te-kryetareve-ne-veri-te-kosoves\/\",\"url\":\"https:\/\/permbledhja.com\/vorbull-dyshimesh-per-peticionin-e-shkarkimit-te-kryetareve-ne-veri-te-kosoves\/\",\"name\":\"Vorbull dyshimesh p\u00ebr peticionin e shkarkimit t\u00eb kryetar\u00ebve n\u00eb veri t\u00eb Kosov\u00ebs\",\"isPartOf\":{\"@id\":\"https:\/\/permbledhja.com\/#website\"},\"datePublished\":\"2024-01-12T13:26:55+00:00\",\"dateModified\":\"2024-01-12T13:26:55+00:00\",\"breadcrumb\":{\"@id\":\"https:\/\/permbledhja.com\/vorbull-dyshimesh-per-peticionin-e-shkarkimit-te-kryetareve-ne-veri-te-kosoves\/#breadcrumb\"},\"inLanguage\":\"sq\",\"potentialAction\":[{\"@type\":\"ReadAction\",\"target\":[\"https:\/\/permbledhja.com\/vorbull-dyshimesh-per-peticionin-e-shkarkimit-te-kryetareve-ne-veri-te-kosoves\/\"]}]},{\"@type\":\"BreadcrumbList\",\"@id\":\"https:\/\/permbledhja.com\/vorbull-dyshimesh-per-peticionin-e-shkarkimit-te-kryetareve-ne-veri-te-kosoves\/#breadcrumb\",\"itemListElement\":[{\"@type\":\"ListItem\",\"position\":1,\"name\":\"Ballina\",\"item\":\"https:\/\/permbledhja.com\/sq\/\"},{\"@type\":\"ListItem\",\"position\":2,\"name\":\"Vorbull dyshimesh p\u00ebr peticionin e shkarkimit t\u00eb kryetar\u00ebve n\u00eb veri t\u00eb Kosov\u00ebs\"}]},{\"@type\":\"WebSite\",\"@id\":\"https:\/\/permbledhja.com\/#website\",\"url\":\"https:\/\/permbledhja.com\/\",\"name\":\"Ve\u00e7 artikuj p\u00ebrmbledh\u00ebs\",\"description\":\"\",\"publisher\":{\"@id\":\"https:\/\/permbledhja.com\/#organization\"},\"potentialAction\":[{\"@type\":\"SearchAction\",\"target\":{\"@type\":\"EntryPoint\",\"urlTemplate\":\"https:\/\/permbledhja.com\/?s={search_term_string}\"},\"query-input\":\"required name=search_term_string\"}],\"inLanguage\":\"sq\"},{\"@type\":\"Organization\",\"@id\":\"https:\/\/permbledhja.com\/#organization\",\"name\":\"MK Media & Pr\",\"url\":\"https:\/\/permbledhja.com\/\",\"logo\":{\"@type\":\"ImageObject\",\"inLanguage\":\"sq\",\"@id\":\"https:\/\/permbledhja.com\/#\/schema\/logo\/image\/\",\"url\":\"https:\/\/permbledhja.com\/wp-content\/uploads\/2021\/12\/07-Press-Logo.jpg\",\"contentUrl\":\"https:\/\/permbledhja.com\/wp-content\/uploads\/2021\/12\/07-Press-Logo.jpg\",\"width\":512,\"height\":512,\"caption\":\"MK Media & Pr\"},\"image\":{\"@id\":\"https:\/\/permbledhja.com\/#\/schema\/logo\/image\/\"},\"sameAs\":[\"https:\/\/www.facebook.com\/press07\/\"]},{\"@type\":\"Person\",\"@id\":\"https:\/\/permbledhja.com\/#\/schema\/person\/0d064377258d3221e50693947b9eb4fe\",\"name\":\"P\u00ebrmbledhja\",\"image\":{\"@type\":\"ImageObject\",\"inLanguage\":\"sq\",\"@id\":\"https:\/\/permbledhja.com\/#\/schema\/person\/image\/\",\"url\":\"https:\/\/permbledhja.com\/wp-content\/uploads\/2026\/01\/452004717_1040944174702970_8932037511805513407_n-96x96.jpg\",\"contentUrl\":\"https:\/\/permbledhja.com\/wp-content\/uploads\/2026\/01\/452004717_1040944174702970_8932037511805513407_n-96x96.jpg\",\"caption\":\"P\u00ebrmbledhja\"},\"sameAs\":[\"https:\/\/www.facebook.com\/kafexhiu.muharrem\/\",\"https:\/\/www.instagram.com\/muharrem_kafexhiu\/\"],\"url\":\"https:\/\/permbledhja.com\/sq\/author\/admin\/\"}]}<\/script>\n<!-- \/ Yoast SEO plugin. -->","yoast_head_json":{"title":"Vorbull dyshimesh p\u00ebr peticionin e shkarkimit t\u00eb kryetar\u00ebve n\u00eb veri t\u00eb Kosov\u00ebs","robots":{"index":"index","follow":"follow","max-snippet":"max-snippet:-1","max-image-preview":"max-image-preview:large","max-video-preview":"max-video-preview:-1"},"canonical":"https:\/\/permbledhja.com\/sq\/vorbull-dyshimesh-per-peticionin-e-shkarkimit-te-kryetareve-ne-veri-te-kosoves\/","og_locale":"sq_AL","og_type":"article","og_title":"Vorbull dyshimesh p\u00ebr peticionin e shkarkimit t\u00eb kryetar\u00ebve n\u00eb veri t\u00eb Kosov\u00ebs","og_description":"Interpretimi i ndrysh\u00ebm i udh\u00ebzimit administrativ t\u00eb Qeveris\u00eb s\u00eb Kosov\u00ebs p\u00ebr z\u00ebvend\u00ebsimin e kryetar\u00ebve, ka shkaktuar edhe nj\u00ebher\u00eb konfuzion se deri ku ka arritur procesi i z\u00ebvend\u00ebsimit t\u00eb kryetar\u00ebve n\u00eb kat\u00ebr komunat me shumic\u00eb serbe n\u00eb veri t\u00eb Kosov\u00ebs. Nga Ministria e Administrimit t\u00eb Pushtetit Lokal (MAPL), thon\u00eb se \u00ebsht\u00eb duke u b\u00ebr\u00eb mbledhja e [&hellip;]","og_url":"https:\/\/permbledhja.com\/sq\/vorbull-dyshimesh-per-peticionin-e-shkarkimit-te-kryetareve-ne-veri-te-kosoves\/","og_site_name":"Ve\u00e7 artikuj p\u00ebrmbledh\u00ebs","article_publisher":"https:\/\/www.facebook.com\/press07\/","article_author":"https:\/\/www.facebook.com\/kafexhiu.muharrem\/","article_published_time":"2024-01-12T13:26:55+00:00","og_image":[{"width":939,"height":554,"url":"https:\/\/permbledhja.com\/wp-content\/uploads\/2024\/01\/veriu-i-Kosoves.jpg","type":"image\/jpeg"}],"author":"P\u00ebrmbledhja","twitter_card":"summary_large_image","twitter_misc":{"Written by":"P\u00ebrmbledhja","Est. reading time":"8 minuta"},"schema":{"@context":"https:\/\/schema.org","@graph":[{"@type":"Article","@id":"https:\/\/permbledhja.com\/vorbull-dyshimesh-per-peticionin-e-shkarkimit-te-kryetareve-ne-veri-te-kosoves\/#article","isPartOf":{"@id":"https:\/\/permbledhja.com\/vorbull-dyshimesh-per-peticionin-e-shkarkimit-te-kryetareve-ne-veri-te-kosoves\/"},"author":{"name":"P\u00ebrmbledhja","@id":"https:\/\/permbledhja.com\/#\/schema\/person\/0d064377258d3221e50693947b9eb4fe"},"headline":"Vorbull dyshimesh p\u00ebr peticionin e shkarkimit t\u00eb kryetar\u00ebve n\u00eb veri t\u00eb Kosov\u00ebs","datePublished":"2024-01-12T13:26:55+00:00","dateModified":"2024-01-12T13:26:55+00:00","mainEntityOfPage":{"@id":"https:\/\/permbledhja.com\/vorbull-dyshimesh-per-peticionin-e-shkarkimit-te-kryetareve-ne-veri-te-kosoves\/"},"wordCount":1621,"publisher":{"@id":"https:\/\/permbledhja.com\/#organization"},"keywords":["Veriu"],"articleSection":["T\u00eb r\u00ebnd\u00ebsishme"],"inLanguage":"sq"},{"@type":"WebPage","@id":"https:\/\/permbledhja.com\/vorbull-dyshimesh-per-peticionin-e-shkarkimit-te-kryetareve-ne-veri-te-kosoves\/","url":"https:\/\/permbledhja.com\/vorbull-dyshimesh-per-peticionin-e-shkarkimit-te-kryetareve-ne-veri-te-kosoves\/","name":"Vorbull dyshimesh p\u00ebr peticionin e shkarkimit t\u00eb kryetar\u00ebve n\u00eb veri t\u00eb Kosov\u00ebs","isPartOf":{"@id":"https:\/\/permbledhja.com\/#website"},"datePublished":"2024-01-12T13:26:55+00:00","dateModified":"2024-01-12T13:26:55+00:00","breadcrumb":{"@id":"https:\/\/permbledhja.com\/vorbull-dyshimesh-per-peticionin-e-shkarkimit-te-kryetareve-ne-veri-te-kosoves\/#breadcrumb"},"inLanguage":"sq","potentialAction":[{"@type":"ReadAction","target":["https:\/\/permbledhja.com\/vorbull-dyshimesh-per-peticionin-e-shkarkimit-te-kryetareve-ne-veri-te-kosoves\/"]}]},{"@type":"BreadcrumbList","@id":"https:\/\/permbledhja.com\/vorbull-dyshimesh-per-peticionin-e-shkarkimit-te-kryetareve-ne-veri-te-kosoves\/#breadcrumb","itemListElement":[{"@type":"ListItem","position":1,"name":"Ballina","item":"https:\/\/permbledhja.com\/sq\/"},{"@type":"ListItem","position":2,"name":"Vorbull dyshimesh p\u00ebr peticionin e shkarkimit t\u00eb kryetar\u00ebve n\u00eb veri t\u00eb Kosov\u00ebs"}]},{"@type":"WebSite","@id":"https:\/\/permbledhja.com\/#website","url":"https:\/\/permbledhja.com\/","name":"Ve\u00e7 artikuj p\u00ebrmbledh\u00ebs","description":"","publisher":{"@id":"https:\/\/permbledhja.com\/#organization"},"potentialAction":[{"@type":"SearchAction","target":{"@type":"EntryPoint","urlTemplate":"https:\/\/permbledhja.com\/?s={search_term_string}"},"query-input":"required name=search_term_string"}],"inLanguage":"sq"},{"@type":"Organization","@id":"https:\/\/permbledhja.com\/#organization","name":"MK Media & Pr","url":"https:\/\/permbledhja.com\/","logo":{"@type":"ImageObject","inLanguage":"sq","@id":"https:\/\/permbledhja.com\/#\/schema\/logo\/image\/","url":"https:\/\/permbledhja.com\/wp-content\/uploads\/2021\/12\/07-Press-Logo.jpg","contentUrl":"https:\/\/permbledhja.com\/wp-content\/uploads\/2021\/12\/07-Press-Logo.jpg","width":512,"height":512,"caption":"MK Media & Pr"},"image":{"@id":"https:\/\/permbledhja.com\/#\/schema\/logo\/image\/"},"sameAs":["https:\/\/www.facebook.com\/press07\/"]},{"@type":"Person","@id":"https:\/\/permbledhja.com\/#\/schema\/person\/0d064377258d3221e50693947b9eb4fe","name":"P\u00ebrmbledhja","image":{"@type":"ImageObject","inLanguage":"sq","@id":"https:\/\/permbledhja.com\/#\/schema\/person\/image\/","url":"https:\/\/permbledhja.com\/wp-content\/uploads\/2026\/01\/452004717_1040944174702970_8932037511805513407_n-96x96.jpg","contentUrl":"https:\/\/permbledhja.com\/wp-content\/uploads\/2026\/01\/452004717_1040944174702970_8932037511805513407_n-96x96.jpg","caption":"P\u00ebrmbledhja"},"sameAs":["https:\/\/www.facebook.com\/kafexhiu.muharrem\/","https:\/\/www.instagram.com\/muharrem_kafexhiu\/"],"url":"https:\/\/permbledhja.com\/sq\/author\/admin\/"}]}},"_links":{"self":[{"href":"https:\/\/permbledhja.com\/sq\/wp-json\/wp\/v2\/posts\/42704"}],"collection":[{"href":"https:\/\/permbledhja.com\/sq\/wp-json\/wp\/v2\/posts"}],"about":[{"href":"https:\/\/permbledhja.com\/sq\/wp-json\/wp\/v2\/types\/post"}],"author":[{"embeddable":true,"href":"https:\/\/permbledhja.com\/sq\/wp-json\/wp\/v2\/users\/1"}],"replies":[{"embeddable":true,"href":"https:\/\/permbledhja.com\/sq\/wp-json\/wp\/v2\/comments?post=42704"}],"version-history":[{"count":1,"href":"https:\/\/permbledhja.com\/sq\/wp-json\/wp\/v2\/posts\/42704\/revisions"}],"predecessor-version":[{"id":42706,"href":"https:\/\/permbledhja.com\/sq\/wp-json\/wp\/v2\/posts\/42704\/revisions\/42706"}],"wp:featuredmedia":[{"embeddable":true,"href":"https:\/\/permbledhja.com\/sq\/wp-json\/wp\/v2\/media\/42705"}],"wp:attachment":[{"href":"https:\/\/permbledhja.com\/sq\/wp-json\/wp\/v2\/media?parent=42704"}],"wp:term":[{"taxonomy":"category","embeddable":true,"href":"https:\/\/permbledhja.com\/sq\/wp-json\/wp\/v2\/categories?post=42704"},{"taxonomy":"post_tag","embeddable":true,"href":"https:\/\/permbledhja.com\/sq\/wp-json\/wp\/v2\/tags?post=42704"}],"curies":[{"name":"wp","href":"https:\/\/api.w.org\/{rel}","templated":true}]}}