{"id":42454,"date":"2024-01-11T10:15:55","date_gmt":"2024-01-11T10:15:55","guid":{"rendered":"https:\/\/permbledhja.com\/?p=42454"},"modified":"2024-01-11T10:15:55","modified_gmt":"2024-01-11T10:15:55","slug":"kryeministri-i-irlandes-me-shume-endje-do-te-jape-perkrahje-qe-kosova-te-behet-pjese-e-keshillit-te-evropes-kete-vit","status":"publish","type":"post","link":"https:\/\/permbledhja.com\/sq\/kryeministri-i-irlandes-me-shume-endje-do-te-jape-perkrahje-qe-kosova-te-behet-pjese-e-keshillit-te-evropes-kete-vit\/","title":{"rendered":"Kryeministri i Irland\u00ebs: Me shum\u00eb endje do t\u00eb jap\u00eb p\u00ebrkrahje q\u00eb Kosova t\u00eb b\u00ebhet pjes\u00eb e K\u00ebshillit t\u00eb Evrop\u00ebs k\u00ebt\u00eb vit"},"content":{"rendered":"<h3>Kryeministri i Irland\u00ebs, Leon Varadkar, ka folur n\u00eb nj\u00eb konferenc\u00eb p\u00ebr media bashk\u00eb me kryeministrin e Kosov\u00ebs, Albin Kurti. Ai ka th\u00ebn\u00eb se \u00ebsht\u00eb shum\u00eb i lumtur q\u00eb po e zhvillon vizit\u00ebn e tij t\u00eb par\u00eb n\u00eb Kosov\u00eb duke rikujtuar edhe faktin se Irlanda ka qen\u00eb nd\u00ebr vendet e para q\u00eb e ka njohur pavar\u00ebsin\u00eb e Kosov\u00ebs n\u00eb vitin 2008.<\/h3>\n<p>Varadkar ka th\u00ebn\u00eb se me Kurtin kan\u00eb diskutuar p\u00ebr thellim t\u00eb raporteve n\u00eb mes t\u00eb dy shteteve, derisa ka potencuar se e ardhmja e Kosov\u00ebs \u00ebsht\u00eb n\u00eb Bashkim Evropian dhe K\u00ebshill t\u00eb Evrop\u00ebs.<\/p>\n<p>Kryeministri irlandez ka th\u00ebn\u00eb se m\u00eb shum\u00eb k\u00ebnaq\u00ebsi do t\u00eb jap\u00eb p\u00ebrkrahjen e tij q\u00eb Kosova t\u00eb b\u00ebhet pjes\u00eb e K\u00ebshillit t\u00eb Evrop\u00ebs gjat\u00eb vitit 2024, shkruan Gazeta Express.<\/p>\n<p>\u201cK\u00ebnaq\u00ebsi q\u00eb jam k\u00ebtu n\u00eb Kosov\u00eb n\u00eb vizit\u00ebn e par\u00eb, shpresoj ta vizitoj prap\u00eb n\u00eb t\u00eb ardhmen. Pat\u00ebm takim konstruktiv, ishte mund\u00ebsi e mir\u00eb t\u00eb m\u00ebsojm\u00eb p\u00ebr zhvillimet rajonale. Diskutuam p\u00ebr raportet bilaterale q\u00eb po thellohen edhe tutje. Irlanda \u00ebsht\u00eb prej vendeve t\u00eb para q\u00eb kemi njohur Kosov\u00ebn dhe jam krenar p\u00ebr kontributin e ushtris\u00eb ton\u00eb q\u00eb jep n\u00eb Kosov\u00eb n\u00eb kuad\u00ebr t\u00eb KFOR-it dhe civil\u00ebt q\u00eb sh\u00ebrbejn\u00eb n\u00eb EULEX. E ardhmja e Kosov\u00ebs \u00ebsht\u00eb n\u00eb BE dhe K\u00ebshill t\u00eb Evrop\u00ebs. Me shum\u00eb endje do t\u00eb p\u00ebrkrah q\u00eb Kosova t\u00eb b\u00ebhet pjes\u00eb e KiE sivjet. Kosova po tregon zotim ndaj vlerave evropiane. Keni harmonizuar politikat e siguris\u00eb me ato t\u00eb BE-s\u00eb dhe e di q\u00eb keni pasur presione p\u00ebr ta b\u00ebr\u00eb k\u00ebt\u00eb, dhe kjo do t\u00eb ndikoj n\u00eb vler\u00ebsimin ton\u00eb n\u00eb t\u00eb ardhmen. Do t\u00eb shohim edhe p\u00ebr lirit\u00eb themelore dhe trajtimin e minoriteteve\u201d, ka th\u00ebn\u00eb Varadkar, raporton Express.<\/p>\n<p>Ai tutje ka folur edhe p\u00ebr dialogun Kosov\u00eb-Serbi, duke th\u00ebn\u00eb se \u00ebsht\u00eb jetik p\u00ebr t\u00eb arritur paqe dhe zhvillim t\u00eb m\u00ebtejm\u00eb n\u00eb dy vendet. Varadkar ka th\u00ebn\u00eb se \u00ebsht\u00eb e r\u00ebnd\u00ebsishme q\u00eb brenda k\u00ebtij viti t\u00eb konsolidohet stabiltieti dhe t\u00eb mos p\u00ebrs\u00ebriten m\u00eb skenat e majit dhe shtatorit 2023.<\/p>\n<p>\u201cDialogu Prishtin\u00eb-Beograd \u00ebsht\u00eb jetik p\u00ebr t\u00eb arritur nj\u00eb harmoni dhe p\u00ebr nj\u00eb zhvillim t\u00eb m\u00ebtejm\u00eb, edhe n\u00eb Kosov\u00eb edhe n\u00eb Serbi. Ky vit \u00ebsht\u00eb m\u00eb r\u00ebnd\u00ebsi q\u00eb ky stabilitet t\u00eb konsolidohet n\u00eb Kosov\u00eb dhe nuk duam t\u00eb shohim kthim t\u00eb skenave t\u00eb dhunshme q\u00eb I pam\u00eb n\u00eb shtator dhe n\u00eb maj. Fal\u00ebnderoj Kurtin p\u00ebr mikpritjen dhe dashamir\u00ebsin\u00eb. \u00cbsht\u00eb k\u00ebnaq\u00ebsi q\u00eb vizitova vendin tuaj t\u00eb bukur\u201d, ka th\u00ebn\u00eb ai<\/p>\n","protected":false},"excerpt":{"rendered":"<p>Kryeministri i Irland\u00ebs, Leon Varadkar, ka folur n\u00eb nj\u00eb konferenc\u00eb p\u00ebr media bashk\u00eb me kryeministrin e Kosov\u00ebs, Albin Kurti. Ai ka th\u00ebn\u00eb se \u00ebsht\u00eb shum\u00eb i lumtur q\u00eb po e zhvillon vizit\u00ebn e tij t\u00eb par\u00eb n\u00eb Kosov\u00eb duke rikujtuar edhe faktin se Irlanda ka qen\u00eb nd\u00ebr vendet e para q\u00eb e ka njohur pavar\u00ebsin\u00eb [&hellip;]<\/p>\n","protected":false},"author":2,"featured_media":42455,"comment_status":"closed","ping_status":"closed","sticky":false,"template":"","format":"standard","meta":{"_monsterinsights_skip_tracking":false,"_monsterinsights_sitenote_active":false,"_monsterinsights_sitenote_note":"","_monsterinsights_sitenote_category":0,"_uf_show_specific_survey":0,"_uf_disable_surveys":false,"footnotes":""},"categories":[1146],"tags":[2891],"yoast_head":"<!-- This site is optimized with the Yoast SEO plugin v21.5 - https:\/\/yoast.com\/wordpress\/plugins\/seo\/ -->\n<title>Kryeministri i Irland\u00ebs: Me shum\u00eb endje do t\u00eb jap\u00eb p\u00ebrkrahje q\u00eb Kosova t\u00eb b\u00ebhet pjes\u00eb e K\u00ebshillit t\u00eb Evrop\u00ebs k\u00ebt\u00eb vit<\/title>\n<meta name=\"robots\" content=\"index, follow, max-snippet:-1, max-image-preview:large, max-video-preview:-1\" \/>\n<link rel=\"canonical\" href=\"https:\/\/permbledhja.com\/sq\/kryeministri-i-irlandes-me-shume-endje-do-te-jape-perkrahje-qe-kosova-te-behet-pjese-e-keshillit-te-evropes-kete-vit\/\" \/>\n<meta property=\"og:locale\" content=\"sq_AL\" \/>\n<meta property=\"og:type\" content=\"article\" \/>\n<meta property=\"og:title\" content=\"Kryeministri i Irland\u00ebs: Me shum\u00eb endje do t\u00eb jap\u00eb p\u00ebrkrahje q\u00eb Kosova t\u00eb b\u00ebhet pjes\u00eb e K\u00ebshillit t\u00eb Evrop\u00ebs k\u00ebt\u00eb vit\" \/>\n<meta property=\"og:description\" content=\"Kryeministri i Irland\u00ebs, Leon Varadkar, ka folur n\u00eb nj\u00eb konferenc\u00eb p\u00ebr media bashk\u00eb me kryeministrin e Kosov\u00ebs, Albin Kurti. Ai ka th\u00ebn\u00eb se \u00ebsht\u00eb shum\u00eb i lumtur q\u00eb po e zhvillon vizit\u00ebn e tij t\u00eb par\u00eb n\u00eb Kosov\u00eb duke rikujtuar edhe faktin se Irlanda ka qen\u00eb nd\u00ebr vendet e para q\u00eb e ka njohur pavar\u00ebsin\u00eb [&hellip;]\" \/>\n<meta property=\"og:url\" content=\"https:\/\/permbledhja.com\/sq\/kryeministri-i-irlandes-me-shume-endje-do-te-jape-perkrahje-qe-kosova-te-behet-pjese-e-keshillit-te-evropes-kete-vit\/\" \/>\n<meta property=\"og:site_name\" content=\"Ve\u00e7 artikuj p\u00ebrmbledh\u00ebs\" \/>\n<meta property=\"article:publisher\" content=\"https:\/\/www.facebook.com\/press07\/\" \/>\n<meta property=\"article:published_time\" content=\"2024-01-11T10:15:55+00:00\" \/>\n<meta property=\"og:image\" content=\"https:\/\/permbledhja.com\/wp-content\/uploads\/2024\/01\/416710119_864685338740298_3715810913488183115_n-600x360-1.png\" \/>\n\t<meta property=\"og:image:width\" content=\"600\" \/>\n\t<meta property=\"og:image:height\" content=\"360\" \/>\n\t<meta property=\"og:image:type\" content=\"image\/png\" \/>\n<meta name=\"author\" content=\"M M\" \/>\n<meta name=\"twitter:card\" content=\"summary_large_image\" \/>\n<meta name=\"twitter:label1\" content=\"Written by\" \/>\n\t<meta name=\"twitter:data1\" content=\"M M\" \/>\n\t<meta name=\"twitter:label2\" content=\"Est. reading time\" \/>\n\t<meta name=\"twitter:data2\" content=\"3 minuta\" \/>\n<script type=\"application\/ld+json\" class=\"yoast-schema-graph\">{\"@context\":\"https:\/\/schema.org\",\"@graph\":[{\"@type\":\"Article\",\"@id\":\"https:\/\/permbledhja.com\/kryeministri-i-irlandes-me-shume-endje-do-te-jape-perkrahje-qe-kosova-te-behet-pjese-e-keshillit-te-evropes-kete-vit\/#article\",\"isPartOf\":{\"@id\":\"https:\/\/permbledhja.com\/kryeministri-i-irlandes-me-shume-endje-do-te-jape-perkrahje-qe-kosova-te-behet-pjese-e-keshillit-te-evropes-kete-vit\/\"},\"author\":{\"name\":\"M M\",\"@id\":\"https:\/\/permbledhja.com\/#\/schema\/person\/d23f13f59b5722643933d6780783acf3\"},\"headline\":\"Kryeministri i Irland\u00ebs: Me shum\u00eb endje do t\u00eb jap\u00eb p\u00ebrkrahje q\u00eb Kosova t\u00eb b\u00ebhet pjes\u00eb e K\u00ebshillit t\u00eb Evrop\u00ebs k\u00ebt\u00eb vit\",\"datePublished\":\"2024-01-11T10:15:55+00:00\",\"dateModified\":\"2024-01-11T10:15:55+00:00\",\"mainEntityOfPage\":{\"@id\":\"https:\/\/permbledhja.com\/kryeministri-i-irlandes-me-shume-endje-do-te-jape-perkrahje-qe-kosova-te-behet-pjese-e-keshillit-te-evropes-kete-vit\/\"},\"wordCount\":480,\"publisher\":{\"@id\":\"https:\/\/permbledhja.com\/#organization\"},\"keywords\":[\"Kryeministri i Irland\u00ebs\"],\"articleSection\":[\"Kryesoret\"],\"inLanguage\":\"sq\"},{\"@type\":\"WebPage\",\"@id\":\"https:\/\/permbledhja.com\/kryeministri-i-irlandes-me-shume-endje-do-te-jape-perkrahje-qe-kosova-te-behet-pjese-e-keshillit-te-evropes-kete-vit\/\",\"url\":\"https:\/\/permbledhja.com\/kryeministri-i-irlandes-me-shume-endje-do-te-jape-perkrahje-qe-kosova-te-behet-pjese-e-keshillit-te-evropes-kete-vit\/\",\"name\":\"Kryeministri i Irland\u00ebs: Me shum\u00eb endje do t\u00eb jap\u00eb p\u00ebrkrahje q\u00eb Kosova t\u00eb b\u00ebhet pjes\u00eb e K\u00ebshillit t\u00eb Evrop\u00ebs k\u00ebt\u00eb vit\",\"isPartOf\":{\"@id\":\"https:\/\/permbledhja.com\/#website\"},\"datePublished\":\"2024-01-11T10:15:55+00:00\",\"dateModified\":\"2024-01-11T10:15:55+00:00\",\"breadcrumb\":{\"@id\":\"https:\/\/permbledhja.com\/kryeministri-i-irlandes-me-shume-endje-do-te-jape-perkrahje-qe-kosova-te-behet-pjese-e-keshillit-te-evropes-kete-vit\/#breadcrumb\"},\"inLanguage\":\"sq\",\"potentialAction\":[{\"@type\":\"ReadAction\",\"target\":[\"https:\/\/permbledhja.com\/kryeministri-i-irlandes-me-shume-endje-do-te-jape-perkrahje-qe-kosova-te-behet-pjese-e-keshillit-te-evropes-kete-vit\/\"]}]},{\"@type\":\"BreadcrumbList\",\"@id\":\"https:\/\/permbledhja.com\/kryeministri-i-irlandes-me-shume-endje-do-te-jape-perkrahje-qe-kosova-te-behet-pjese-e-keshillit-te-evropes-kete-vit\/#breadcrumb\",\"itemListElement\":[{\"@type\":\"ListItem\",\"position\":1,\"name\":\"Ballina\",\"item\":\"https:\/\/permbledhja.com\/sq\/\"},{\"@type\":\"ListItem\",\"position\":2,\"name\":\"Kryeministri i Irland\u00ebs: Me shum\u00eb endje do t\u00eb jap\u00eb p\u00ebrkrahje q\u00eb Kosova t\u00eb b\u00ebhet pjes\u00eb e K\u00ebshillit t\u00eb Evrop\u00ebs k\u00ebt\u00eb vit\"}]},{\"@type\":\"WebSite\",\"@id\":\"https:\/\/permbledhja.com\/#website\",\"url\":\"https:\/\/permbledhja.com\/\",\"name\":\"Ve\u00e7 artikuj p\u00ebrmbledh\u00ebs\",\"description\":\"\",\"publisher\":{\"@id\":\"https:\/\/permbledhja.com\/#organization\"},\"potentialAction\":[{\"@type\":\"SearchAction\",\"target\":{\"@type\":\"EntryPoint\",\"urlTemplate\":\"https:\/\/permbledhja.com\/?s={search_term_string}\"},\"query-input\":\"required name=search_term_string\"}],\"inLanguage\":\"sq\"},{\"@type\":\"Organization\",\"@id\":\"https:\/\/permbledhja.com\/#organization\",\"name\":\"MK Media & Pr\",\"url\":\"https:\/\/permbledhja.com\/\",\"logo\":{\"@type\":\"ImageObject\",\"inLanguage\":\"sq\",\"@id\":\"https:\/\/permbledhja.com\/#\/schema\/logo\/image\/\",\"url\":\"https:\/\/permbledhja.com\/wp-content\/uploads\/2021\/12\/07-Press-Logo.jpg\",\"contentUrl\":\"https:\/\/permbledhja.com\/wp-content\/uploads\/2021\/12\/07-Press-Logo.jpg\",\"width\":512,\"height\":512,\"caption\":\"MK Media & Pr\"},\"image\":{\"@id\":\"https:\/\/permbledhja.com\/#\/schema\/logo\/image\/\"},\"sameAs\":[\"https:\/\/www.facebook.com\/press07\/\"]},{\"@type\":\"Person\",\"@id\":\"https:\/\/permbledhja.com\/#\/schema\/person\/d23f13f59b5722643933d6780783acf3\",\"name\":\"M M\",\"image\":{\"@type\":\"ImageObject\",\"inLanguage\":\"sq\",\"@id\":\"https:\/\/permbledhja.com\/#\/schema\/person\/image\/\",\"url\":\"https:\/\/secure.gravatar.com\/avatar\/e2835a76ca7c31a2416b2d51c4ec9a8f?s=96&d=mm&r=g\",\"contentUrl\":\"https:\/\/secure.gravatar.com\/avatar\/e2835a76ca7c31a2416b2d51c4ec9a8f?s=96&d=mm&r=g\",\"caption\":\"M M\"},\"sameAs\":[\"http:\/\/MM\"],\"url\":\"https:\/\/permbledhja.com\/sq\/author\/muhamet\/\"}]}<\/script>\n<!-- \/ Yoast SEO plugin. -->","yoast_head_json":{"title":"Kryeministri i Irland\u00ebs: Me shum\u00eb endje do t\u00eb jap\u00eb p\u00ebrkrahje q\u00eb Kosova t\u00eb b\u00ebhet pjes\u00eb e K\u00ebshillit t\u00eb Evrop\u00ebs k\u00ebt\u00eb vit","robots":{"index":"index","follow":"follow","max-snippet":"max-snippet:-1","max-image-preview":"max-image-preview:large","max-video-preview":"max-video-preview:-1"},"canonical":"https:\/\/permbledhja.com\/sq\/kryeministri-i-irlandes-me-shume-endje-do-te-jape-perkrahje-qe-kosova-te-behet-pjese-e-keshillit-te-evropes-kete-vit\/","og_locale":"sq_AL","og_type":"article","og_title":"Kryeministri i Irland\u00ebs: Me shum\u00eb endje do t\u00eb jap\u00eb p\u00ebrkrahje q\u00eb Kosova t\u00eb b\u00ebhet pjes\u00eb e K\u00ebshillit t\u00eb Evrop\u00ebs k\u00ebt\u00eb vit","og_description":"Kryeministri i Irland\u00ebs, Leon Varadkar, ka folur n\u00eb nj\u00eb konferenc\u00eb p\u00ebr media bashk\u00eb me kryeministrin e Kosov\u00ebs, Albin Kurti. Ai ka th\u00ebn\u00eb se \u00ebsht\u00eb shum\u00eb i lumtur q\u00eb po e zhvillon vizit\u00ebn e tij t\u00eb par\u00eb n\u00eb Kosov\u00eb duke rikujtuar edhe faktin se Irlanda ka qen\u00eb nd\u00ebr vendet e para q\u00eb e ka njohur pavar\u00ebsin\u00eb [&hellip;]","og_url":"https:\/\/permbledhja.com\/sq\/kryeministri-i-irlandes-me-shume-endje-do-te-jape-perkrahje-qe-kosova-te-behet-pjese-e-keshillit-te-evropes-kete-vit\/","og_site_name":"Ve\u00e7 artikuj p\u00ebrmbledh\u00ebs","article_publisher":"https:\/\/www.facebook.com\/press07\/","article_published_time":"2024-01-11T10:15:55+00:00","og_image":[{"width":600,"height":360,"url":"https:\/\/permbledhja.com\/wp-content\/uploads\/2024\/01\/416710119_864685338740298_3715810913488183115_n-600x360-1.png","type":"image\/png"}],"author":"M M","twitter_card":"summary_large_image","twitter_misc":{"Written by":"M M","Est. reading time":"3 minuta"},"schema":{"@context":"https:\/\/schema.org","@graph":[{"@type":"Article","@id":"https:\/\/permbledhja.com\/kryeministri-i-irlandes-me-shume-endje-do-te-jape-perkrahje-qe-kosova-te-behet-pjese-e-keshillit-te-evropes-kete-vit\/#article","isPartOf":{"@id":"https:\/\/permbledhja.com\/kryeministri-i-irlandes-me-shume-endje-do-te-jape-perkrahje-qe-kosova-te-behet-pjese-e-keshillit-te-evropes-kete-vit\/"},"author":{"name":"M M","@id":"https:\/\/permbledhja.com\/#\/schema\/person\/d23f13f59b5722643933d6780783acf3"},"headline":"Kryeministri i Irland\u00ebs: Me shum\u00eb endje do t\u00eb jap\u00eb p\u00ebrkrahje q\u00eb Kosova t\u00eb b\u00ebhet pjes\u00eb e K\u00ebshillit t\u00eb Evrop\u00ebs k\u00ebt\u00eb vit","datePublished":"2024-01-11T10:15:55+00:00","dateModified":"2024-01-11T10:15:55+00:00","mainEntityOfPage":{"@id":"https:\/\/permbledhja.com\/kryeministri-i-irlandes-me-shume-endje-do-te-jape-perkrahje-qe-kosova-te-behet-pjese-e-keshillit-te-evropes-kete-vit\/"},"wordCount":480,"publisher":{"@id":"https:\/\/permbledhja.com\/#organization"},"keywords":["Kryeministri i Irland\u00ebs"],"articleSection":["Kryesoret"],"inLanguage":"sq"},{"@type":"WebPage","@id":"https:\/\/permbledhja.com\/kryeministri-i-irlandes-me-shume-endje-do-te-jape-perkrahje-qe-kosova-te-behet-pjese-e-keshillit-te-evropes-kete-vit\/","url":"https:\/\/permbledhja.com\/kryeministri-i-irlandes-me-shume-endje-do-te-jape-perkrahje-qe-kosova-te-behet-pjese-e-keshillit-te-evropes-kete-vit\/","name":"Kryeministri i Irland\u00ebs: Me shum\u00eb endje do t\u00eb jap\u00eb p\u00ebrkrahje q\u00eb Kosova t\u00eb b\u00ebhet pjes\u00eb e K\u00ebshillit t\u00eb Evrop\u00ebs k\u00ebt\u00eb vit","isPartOf":{"@id":"https:\/\/permbledhja.com\/#website"},"datePublished":"2024-01-11T10:15:55+00:00","dateModified":"2024-01-11T10:15:55+00:00","breadcrumb":{"@id":"https:\/\/permbledhja.com\/kryeministri-i-irlandes-me-shume-endje-do-te-jape-perkrahje-qe-kosova-te-behet-pjese-e-keshillit-te-evropes-kete-vit\/#breadcrumb"},"inLanguage":"sq","potentialAction":[{"@type":"ReadAction","target":["https:\/\/permbledhja.com\/kryeministri-i-irlandes-me-shume-endje-do-te-jape-perkrahje-qe-kosova-te-behet-pjese-e-keshillit-te-evropes-kete-vit\/"]}]},{"@type":"BreadcrumbList","@id":"https:\/\/permbledhja.com\/kryeministri-i-irlandes-me-shume-endje-do-te-jape-perkrahje-qe-kosova-te-behet-pjese-e-keshillit-te-evropes-kete-vit\/#breadcrumb","itemListElement":[{"@type":"ListItem","position":1,"name":"Ballina","item":"https:\/\/permbledhja.com\/sq\/"},{"@type":"ListItem","position":2,"name":"Kryeministri i Irland\u00ebs: Me shum\u00eb endje do t\u00eb jap\u00eb p\u00ebrkrahje q\u00eb Kosova t\u00eb b\u00ebhet pjes\u00eb e K\u00ebshillit t\u00eb Evrop\u00ebs k\u00ebt\u00eb vit"}]},{"@type":"WebSite","@id":"https:\/\/permbledhja.com\/#website","url":"https:\/\/permbledhja.com\/","name":"Ve\u00e7 artikuj p\u00ebrmbledh\u00ebs","description":"","publisher":{"@id":"https:\/\/permbledhja.com\/#organization"},"potentialAction":[{"@type":"SearchAction","target":{"@type":"EntryPoint","urlTemplate":"https:\/\/permbledhja.com\/?s={search_term_string}"},"query-input":"required name=search_term_string"}],"inLanguage":"sq"},{"@type":"Organization","@id":"https:\/\/permbledhja.com\/#organization","name":"MK Media & Pr","url":"https:\/\/permbledhja.com\/","logo":{"@type":"ImageObject","inLanguage":"sq","@id":"https:\/\/permbledhja.com\/#\/schema\/logo\/image\/","url":"https:\/\/permbledhja.com\/wp-content\/uploads\/2021\/12\/07-Press-Logo.jpg","contentUrl":"https:\/\/permbledhja.com\/wp-content\/uploads\/2021\/12\/07-Press-Logo.jpg","width":512,"height":512,"caption":"MK Media & Pr"},"image":{"@id":"https:\/\/permbledhja.com\/#\/schema\/logo\/image\/"},"sameAs":["https:\/\/www.facebook.com\/press07\/"]},{"@type":"Person","@id":"https:\/\/permbledhja.com\/#\/schema\/person\/d23f13f59b5722643933d6780783acf3","name":"M M","image":{"@type":"ImageObject","inLanguage":"sq","@id":"https:\/\/permbledhja.com\/#\/schema\/person\/image\/","url":"https:\/\/secure.gravatar.com\/avatar\/e2835a76ca7c31a2416b2d51c4ec9a8f?s=96&d=mm&r=g","contentUrl":"https:\/\/secure.gravatar.com\/avatar\/e2835a76ca7c31a2416b2d51c4ec9a8f?s=96&d=mm&r=g","caption":"M M"},"sameAs":["http:\/\/MM"],"url":"https:\/\/permbledhja.com\/sq\/author\/muhamet\/"}]}},"_links":{"self":[{"href":"https:\/\/permbledhja.com\/sq\/wp-json\/wp\/v2\/posts\/42454"}],"collection":[{"href":"https:\/\/permbledhja.com\/sq\/wp-json\/wp\/v2\/posts"}],"about":[{"href":"https:\/\/permbledhja.com\/sq\/wp-json\/wp\/v2\/types\/post"}],"author":[{"embeddable":true,"href":"https:\/\/permbledhja.com\/sq\/wp-json\/wp\/v2\/users\/2"}],"replies":[{"embeddable":true,"href":"https:\/\/permbledhja.com\/sq\/wp-json\/wp\/v2\/comments?post=42454"}],"version-history":[{"count":1,"href":"https:\/\/permbledhja.com\/sq\/wp-json\/wp\/v2\/posts\/42454\/revisions"}],"predecessor-version":[{"id":42456,"href":"https:\/\/permbledhja.com\/sq\/wp-json\/wp\/v2\/posts\/42454\/revisions\/42456"}],"wp:featuredmedia":[{"embeddable":true,"href":"https:\/\/permbledhja.com\/sq\/wp-json\/wp\/v2\/media\/42455"}],"wp:attachment":[{"href":"https:\/\/permbledhja.com\/sq\/wp-json\/wp\/v2\/media?parent=42454"}],"wp:term":[{"taxonomy":"category","embeddable":true,"href":"https:\/\/permbledhja.com\/sq\/wp-json\/wp\/v2\/categories?post=42454"},{"taxonomy":"post_tag","embeddable":true,"href":"https:\/\/permbledhja.com\/sq\/wp-json\/wp\/v2\/tags?post=42454"}],"curies":[{"name":"wp","href":"https:\/\/api.w.org\/{rel}","templated":true}]}}