{"id":4245,"date":"2022-08-18T11:33:24","date_gmt":"2022-08-18T11:33:24","guid":{"rendered":"https:\/\/permbledhja.com\/?p=4245"},"modified":"2022-08-18T11:33:24","modified_gmt":"2022-08-18T11:33:24","slug":"kerkojme-100-euro-shtese-deri-ne-miratim-te-ligjit-per-paga-bspk-shpall-greve-te-pergjithshme-nga-25-gushti","status":"publish","type":"post","link":"https:\/\/permbledhja.com\/sq\/kerkojme-100-euro-shtese-deri-ne-miratim-te-ligjit-per-paga-bspk-shpall-greve-te-pergjithshme-nga-25-gushti\/","title":{"rendered":"&#8220;K\u00ebrkojm\u00eb 100 euro shtes\u00eb deri n\u00eb miratim t\u00eb ligjit p\u00ebr paga&#8221; &#8211; BSPK shpall grev\u00eb t\u00eb p\u00ebrgjithshme nga 25 gushti"},"content":{"rendered":"<p><strong>Kryetari i BSPK-s\u00eb, Atdhe Hykolli, tha se ata po obligohen q\u00eb t\u00eb hyjn\u00eb n\u00eb grev\u00eb.<\/strong><\/p>\n<p>Ai b\u00ebri t\u00eb ditur se greva nis nga 25 gushti dhe do t\u00eb zgjas\u00eb derisa t\u00eb p\u00ebrmbushen k\u00ebrkesat e tyre.<\/p>\n<p><em>\u201cM\u00eb 10 gusht 2022 BSPK-ja mbajti mbledhjen e jasht\u00ebzakonshme me q\u00ebllim t\u00eb siguris\u00eb t\u00eb situat\u00ebs. BSPK-ja p\u00ebrs\u00ebri ndjeki t\u00eb gjitha rrug\u00ebt ligjore drejt realizimit t\u00eb k\u00ebrkesave por nuk ia doli t\u00eb ulet me Qeverin\u00eb dhe t\u00eb gjejm\u00eb nj\u00eb rrug\u00eb t\u00eb duhur. Prandaj sot dua t\u2019u informoj\u00eb se ligji \u00ebsht\u00eb q\u00eb na obligon t\u00eb hyjm\u00eb n\u00eb grev\u00eb, mu ky \u00ebsht\u00eb shkaku q\u00eb sot po e shpallim grev\u00ebn e p\u00ebrgjithshme p\u00ebr shkak t\u00eb mos realizimit t\u00eb k\u00ebrkesave\u201d<\/em>, ka th\u00ebn\u00eb Hykolli.<\/p>\n<p>https:\/\/permbledhja.com\/keto-pritet-te-jene-pagat-ne-sektorin-publik-me-projektligjin-e-ri-kush-do-te-paguhet-me-se-shumti\/<\/p>\n<p>\u201cK\u00ebrkojm\u00eb 100 euro shtes\u00eb deri sa t\u00eb miratohet Ligji p\u00ebr Paga\u201d, theksoi ai.<\/p>\n<p>Nd\u00ebrsa Koordinatori i Sindikat\u00ebs s\u00eb Bashkuar t\u00eb Arsimit, Ymer Ymeri thot\u00eb se SBAShK-u \u00ebsht\u00eb i gatsh\u00ebm p\u00ebr t\u00eb biseduar me Qeverin\u00eb p\u00ebr t\u00eb gjetur nj\u00eb zgjidhje p\u00ebr k\u00ebrkesat e tyre.<\/p>\n<p><em>\u201cGreva do t\u00eb shpallet n\u00eb koh\u00eb t\u00eb pacaktuar do t\u00eb thot\u00eb deri n\u00eb realizimin e k\u00ebrkesave, kjo \u00ebsht\u00eb arsyeja t\u00eb cil\u00ebn ne si SBASHK jemi t\u00eb brengosur p\u00ebr shkak se patjet\u00ebr kemi me u ul\u00eb n\u00eb bisedime edhe me gjet zgjedhje p\u00ebr me i p\u00ebrfundua grev\u00ebn pse nuk po i gjejm\u00eb para fillimit t\u00eb grev\u00ebs ose para fillimit t\u00eb procesit m\u00ebsimor, arsyeja pse kemi k\u00ebrkuar mir\u00ebkuptim edhe nga federatat tjera me u shpall\u00eb m\u00eb dat\u00ebn 24, 25 gusht \u00ebsht\u00eb q\u00eb t\u00eb kemi hap\u00ebsir\u00eb 5,6 dit\u00eb para fillimit t\u00eb vitit shkollor me tentua q\u00eb p\u00ebrs\u00ebri q\u00eb edhe gjat\u00eb grev\u00ebs do t\u00eb ket\u00eb bisedime se qeveria \u00ebsht\u00eb e gatshme, na jemi t\u00eb gatsh\u00ebm qysh sot, qysh n\u00eb k\u00ebt\u00eb moment t\u00eb fillojm\u00eb bisedimet, por ta kemi nj\u00eb mund\u00ebsi q\u00eb n\u00ebse realizohen k\u00ebrkesat mund t\u00eb fillon viti shkollor p\u00ebrndryshe deklarimet e ministres q\u00eb viti shkollor ka me fillua m\u00eb 1 shtator, se kuptoj me k\u00ebnd e fillon, arsimtar\u00ebt do t\u00eb jen\u00eb n\u00eb grev\u00eb edhe punonj\u00ebsit e t\u00eb gjitha institucioneve edhe pun\u00ebtor\u00ebt teknik\u00eb do t\u00eb jen\u00eb n\u00eb grev\u00eb nga data 24 ose 25 q\u00eb do t\u00eb ket\u00eb mund\u00ebsi p\u00ebrgatitjen t\u00eb shkollave p\u00ebr fillim t\u00eb viti shkollor n\u00ebse s\u2019jemi p\u00ebrgatitur\u201d<\/em>, thot\u00eb Ymeri.<\/p>\n<p>Sipas tij, kjo grev\u00eb e paralajm\u00ebruar rrezikon edhe mbajtjen e testit t\u00eb Matur\u00ebs Shtet\u00ebrore q\u00eb pritet t\u00eb mbahet m\u00eb 27 gusht.\/T\u00ebv\u00eb1<\/p>\n","protected":false},"excerpt":{"rendered":"<p>Kryetari i BSPK-s\u00eb, Atdhe Hykolli, tha se ata po obligohen q\u00eb t\u00eb hyjn\u00eb n\u00eb grev\u00eb. Ai b\u00ebri t\u00eb ditur se greva nis nga 25 gushti dhe do t\u00eb zgjas\u00eb derisa t\u00eb p\u00ebrmbushen k\u00ebrkesat e tyre. \u201cM\u00eb 10 gusht 2022 BSPK-ja mbajti mbledhjen e jasht\u00ebzakonshme me q\u00ebllim t\u00eb siguris\u00eb t\u00eb situat\u00ebs. BSPK-ja p\u00ebrs\u00ebri ndjeki t\u00eb gjitha [&hellip;]<\/p>\n","protected":false},"author":1,"featured_media":4246,"comment_status":"closed","ping_status":"closed","sticky":false,"template":"","format":"standard","meta":{"_monsterinsights_skip_tracking":false,"_monsterinsights_sitenote_active":false,"_monsterinsights_sitenote_note":"","_monsterinsights_sitenote_category":0,"_uf_show_specific_survey":0,"_uf_disable_surveys":false,"footnotes":""},"categories":[22],"tags":[813,814],"yoast_head":"<!-- This site is optimized with the Yoast SEO plugin v21.5 - https:\/\/yoast.com\/wordpress\/plugins\/seo\/ -->\n<title>&quot;K\u00ebrkojm\u00eb 100 euro shtes\u00eb deri n\u00eb miratim t\u00eb ligjit p\u00ebr paga&quot; - BSPK shpall grev\u00eb t\u00eb p\u00ebrgjithshme nga 25 gushti<\/title>\n<meta name=\"robots\" content=\"index, follow, max-snippet:-1, max-image-preview:large, max-video-preview:-1\" \/>\n<link rel=\"canonical\" href=\"https:\/\/permbledhja.com\/sq\/kerkojme-100-euro-shtese-deri-ne-miratim-te-ligjit-per-paga-bspk-shpall-greve-te-pergjithshme-nga-25-gushti\/\" \/>\n<meta property=\"og:locale\" content=\"sq_AL\" \/>\n<meta property=\"og:type\" content=\"article\" \/>\n<meta property=\"og:title\" content=\"&quot;K\u00ebrkojm\u00eb 100 euro shtes\u00eb deri n\u00eb miratim t\u00eb ligjit p\u00ebr paga&quot; - BSPK shpall grev\u00eb t\u00eb p\u00ebrgjithshme nga 25 gushti\" \/>\n<meta property=\"og:description\" content=\"Kryetari i BSPK-s\u00eb, Atdhe Hykolli, tha se ata po obligohen q\u00eb t\u00eb hyjn\u00eb n\u00eb grev\u00eb. Ai b\u00ebri t\u00eb ditur se greva nis nga 25 gushti dhe do t\u00eb zgjas\u00eb derisa t\u00eb p\u00ebrmbushen k\u00ebrkesat e tyre. \u201cM\u00eb 10 gusht 2022 BSPK-ja mbajti mbledhjen e jasht\u00ebzakonshme me q\u00ebllim t\u00eb siguris\u00eb t\u00eb situat\u00ebs. BSPK-ja p\u00ebrs\u00ebri ndjeki t\u00eb gjitha [&hellip;]\" \/>\n<meta property=\"og:url\" content=\"https:\/\/permbledhja.com\/sq\/kerkojme-100-euro-shtese-deri-ne-miratim-te-ligjit-per-paga-bspk-shpall-greve-te-pergjithshme-nga-25-gushti\/\" \/>\n<meta property=\"og:site_name\" content=\"Ve\u00e7 artikuj p\u00ebrmbledh\u00ebs\" \/>\n<meta property=\"article:publisher\" content=\"https:\/\/www.facebook.com\/press07\/\" \/>\n<meta property=\"article:author\" content=\"https:\/\/www.facebook.com\/kafexhiu.muharrem\/\" \/>\n<meta property=\"article:published_time\" content=\"2022-08-18T11:33:24+00:00\" \/>\n<meta property=\"og:image\" content=\"https:\/\/permbledhja.com\/wp-content\/uploads\/2022\/08\/299312602_592670952531718_6606857944838171639_n-1333x1000-1-1200x900-1.jpg\" \/>\n\t<meta property=\"og:image:width\" content=\"1200\" \/>\n\t<meta property=\"og:image:height\" content=\"900\" \/>\n\t<meta property=\"og:image:type\" content=\"image\/jpeg\" \/>\n<meta name=\"author\" content=\"P\u00ebrmbledhja\" \/>\n<meta name=\"twitter:card\" content=\"summary_large_image\" \/>\n<meta name=\"twitter:label1\" content=\"Written by\" \/>\n\t<meta name=\"twitter:data1\" content=\"P\u00ebrmbledhja\" \/>\n\t<meta name=\"twitter:label2\" content=\"Est. reading time\" \/>\n\t<meta name=\"twitter:data2\" content=\"2 minuta\" \/>\n<script type=\"application\/ld+json\" class=\"yoast-schema-graph\">{\"@context\":\"https:\/\/schema.org\",\"@graph\":[{\"@type\":\"Article\",\"@id\":\"https:\/\/permbledhja.com\/kerkojme-100-euro-shtese-deri-ne-miratim-te-ligjit-per-paga-bspk-shpall-greve-te-pergjithshme-nga-25-gushti\/#article\",\"isPartOf\":{\"@id\":\"https:\/\/permbledhja.com\/kerkojme-100-euro-shtese-deri-ne-miratim-te-ligjit-per-paga-bspk-shpall-greve-te-pergjithshme-nga-25-gushti\/\"},\"author\":{\"name\":\"P\u00ebrmbledhja\",\"@id\":\"https:\/\/permbledhja.com\/#\/schema\/person\/0d064377258d3221e50693947b9eb4fe\"},\"headline\":\"&#8220;K\u00ebrkojm\u00eb 100 euro shtes\u00eb deri n\u00eb miratim t\u00eb ligjit p\u00ebr paga&#8221; &#8211; BSPK shpall grev\u00eb t\u00eb p\u00ebrgjithshme nga 25 gushti\",\"datePublished\":\"2022-08-18T11:33:24+00:00\",\"dateModified\":\"2022-08-18T11:33:24+00:00\",\"mainEntityOfPage\":{\"@id\":\"https:\/\/permbledhja.com\/kerkojme-100-euro-shtese-deri-ne-miratim-te-ligjit-per-paga-bspk-shpall-greve-te-pergjithshme-nga-25-gushti\/\"},\"wordCount\":450,\"publisher\":{\"@id\":\"https:\/\/permbledhja.com\/#organization\"},\"keywords\":[\"BSPK\",\"Grev\u00eb e p\u00ebrgjithshme\"],\"articleSection\":[\"Ballina\"],\"inLanguage\":\"sq\"},{\"@type\":\"WebPage\",\"@id\":\"https:\/\/permbledhja.com\/kerkojme-100-euro-shtese-deri-ne-miratim-te-ligjit-per-paga-bspk-shpall-greve-te-pergjithshme-nga-25-gushti\/\",\"url\":\"https:\/\/permbledhja.com\/kerkojme-100-euro-shtese-deri-ne-miratim-te-ligjit-per-paga-bspk-shpall-greve-te-pergjithshme-nga-25-gushti\/\",\"name\":\"\\\"K\u00ebrkojm\u00eb 100 euro shtes\u00eb deri n\u00eb miratim t\u00eb ligjit p\u00ebr paga\\\" - BSPK shpall grev\u00eb t\u00eb p\u00ebrgjithshme nga 25 gushti\",\"isPartOf\":{\"@id\":\"https:\/\/permbledhja.com\/#website\"},\"datePublished\":\"2022-08-18T11:33:24+00:00\",\"dateModified\":\"2022-08-18T11:33:24+00:00\",\"breadcrumb\":{\"@id\":\"https:\/\/permbledhja.com\/kerkojme-100-euro-shtese-deri-ne-miratim-te-ligjit-per-paga-bspk-shpall-greve-te-pergjithshme-nga-25-gushti\/#breadcrumb\"},\"inLanguage\":\"sq\",\"potentialAction\":[{\"@type\":\"ReadAction\",\"target\":[\"https:\/\/permbledhja.com\/kerkojme-100-euro-shtese-deri-ne-miratim-te-ligjit-per-paga-bspk-shpall-greve-te-pergjithshme-nga-25-gushti\/\"]}]},{\"@type\":\"BreadcrumbList\",\"@id\":\"https:\/\/permbledhja.com\/kerkojme-100-euro-shtese-deri-ne-miratim-te-ligjit-per-paga-bspk-shpall-greve-te-pergjithshme-nga-25-gushti\/#breadcrumb\",\"itemListElement\":[{\"@type\":\"ListItem\",\"position\":1,\"name\":\"Ballina\",\"item\":\"https:\/\/permbledhja.com\/sq\/\"},{\"@type\":\"ListItem\",\"position\":2,\"name\":\"&#8220;K\u00ebrkojm\u00eb 100 euro shtes\u00eb deri n\u00eb miratim t\u00eb ligjit p\u00ebr paga&#8221; &#8211; BSPK shpall grev\u00eb t\u00eb p\u00ebrgjithshme nga 25 gushti\"}]},{\"@type\":\"WebSite\",\"@id\":\"https:\/\/permbledhja.com\/#website\",\"url\":\"https:\/\/permbledhja.com\/\",\"name\":\"Ve\u00e7 artikuj p\u00ebrmbledh\u00ebs\",\"description\":\"\",\"publisher\":{\"@id\":\"https:\/\/permbledhja.com\/#organization\"},\"potentialAction\":[{\"@type\":\"SearchAction\",\"target\":{\"@type\":\"EntryPoint\",\"urlTemplate\":\"https:\/\/permbledhja.com\/?s={search_term_string}\"},\"query-input\":\"required name=search_term_string\"}],\"inLanguage\":\"sq\"},{\"@type\":\"Organization\",\"@id\":\"https:\/\/permbledhja.com\/#organization\",\"name\":\"MK Media & Pr\",\"url\":\"https:\/\/permbledhja.com\/\",\"logo\":{\"@type\":\"ImageObject\",\"inLanguage\":\"sq\",\"@id\":\"https:\/\/permbledhja.com\/#\/schema\/logo\/image\/\",\"url\":\"https:\/\/permbledhja.com\/wp-content\/uploads\/2021\/12\/07-Press-Logo.jpg\",\"contentUrl\":\"https:\/\/permbledhja.com\/wp-content\/uploads\/2021\/12\/07-Press-Logo.jpg\",\"width\":512,\"height\":512,\"caption\":\"MK Media & Pr\"},\"image\":{\"@id\":\"https:\/\/permbledhja.com\/#\/schema\/logo\/image\/\"},\"sameAs\":[\"https:\/\/www.facebook.com\/press07\/\"]},{\"@type\":\"Person\",\"@id\":\"https:\/\/permbledhja.com\/#\/schema\/person\/0d064377258d3221e50693947b9eb4fe\",\"name\":\"P\u00ebrmbledhja\",\"image\":{\"@type\":\"ImageObject\",\"inLanguage\":\"sq\",\"@id\":\"https:\/\/permbledhja.com\/#\/schema\/person\/image\/\",\"url\":\"https:\/\/permbledhja.com\/wp-content\/uploads\/2026\/01\/452004717_1040944174702970_8932037511805513407_n-96x96.jpg\",\"contentUrl\":\"https:\/\/permbledhja.com\/wp-content\/uploads\/2026\/01\/452004717_1040944174702970_8932037511805513407_n-96x96.jpg\",\"caption\":\"P\u00ebrmbledhja\"},\"sameAs\":[\"https:\/\/www.facebook.com\/kafexhiu.muharrem\/\",\"https:\/\/www.instagram.com\/muharrem_kafexhiu\/\"],\"url\":\"https:\/\/permbledhja.com\/sq\/author\/admin\/\"}]}<\/script>\n<!-- \/ Yoast SEO plugin. -->","yoast_head_json":{"title":"\"K\u00ebrkojm\u00eb 100 euro shtes\u00eb deri n\u00eb miratim t\u00eb ligjit p\u00ebr paga\" - BSPK shpall grev\u00eb t\u00eb p\u00ebrgjithshme nga 25 gushti","robots":{"index":"index","follow":"follow","max-snippet":"max-snippet:-1","max-image-preview":"max-image-preview:large","max-video-preview":"max-video-preview:-1"},"canonical":"https:\/\/permbledhja.com\/sq\/kerkojme-100-euro-shtese-deri-ne-miratim-te-ligjit-per-paga-bspk-shpall-greve-te-pergjithshme-nga-25-gushti\/","og_locale":"sq_AL","og_type":"article","og_title":"\"K\u00ebrkojm\u00eb 100 euro shtes\u00eb deri n\u00eb miratim t\u00eb ligjit p\u00ebr paga\" - BSPK shpall grev\u00eb t\u00eb p\u00ebrgjithshme nga 25 gushti","og_description":"Kryetari i BSPK-s\u00eb, Atdhe Hykolli, tha se ata po obligohen q\u00eb t\u00eb hyjn\u00eb n\u00eb grev\u00eb. Ai b\u00ebri t\u00eb ditur se greva nis nga 25 gushti dhe do t\u00eb zgjas\u00eb derisa t\u00eb p\u00ebrmbushen k\u00ebrkesat e tyre. \u201cM\u00eb 10 gusht 2022 BSPK-ja mbajti mbledhjen e jasht\u00ebzakonshme me q\u00ebllim t\u00eb siguris\u00eb t\u00eb situat\u00ebs. BSPK-ja p\u00ebrs\u00ebri ndjeki t\u00eb gjitha [&hellip;]","og_url":"https:\/\/permbledhja.com\/sq\/kerkojme-100-euro-shtese-deri-ne-miratim-te-ligjit-per-paga-bspk-shpall-greve-te-pergjithshme-nga-25-gushti\/","og_site_name":"Ve\u00e7 artikuj p\u00ebrmbledh\u00ebs","article_publisher":"https:\/\/www.facebook.com\/press07\/","article_author":"https:\/\/www.facebook.com\/kafexhiu.muharrem\/","article_published_time":"2022-08-18T11:33:24+00:00","og_image":[{"width":1200,"height":900,"url":"https:\/\/permbledhja.com\/wp-content\/uploads\/2022\/08\/299312602_592670952531718_6606857944838171639_n-1333x1000-1-1200x900-1.jpg","type":"image\/jpeg"}],"author":"P\u00ebrmbledhja","twitter_card":"summary_large_image","twitter_misc":{"Written by":"P\u00ebrmbledhja","Est. reading time":"2 minuta"},"schema":{"@context":"https:\/\/schema.org","@graph":[{"@type":"Article","@id":"https:\/\/permbledhja.com\/kerkojme-100-euro-shtese-deri-ne-miratim-te-ligjit-per-paga-bspk-shpall-greve-te-pergjithshme-nga-25-gushti\/#article","isPartOf":{"@id":"https:\/\/permbledhja.com\/kerkojme-100-euro-shtese-deri-ne-miratim-te-ligjit-per-paga-bspk-shpall-greve-te-pergjithshme-nga-25-gushti\/"},"author":{"name":"P\u00ebrmbledhja","@id":"https:\/\/permbledhja.com\/#\/schema\/person\/0d064377258d3221e50693947b9eb4fe"},"headline":"&#8220;K\u00ebrkojm\u00eb 100 euro shtes\u00eb deri n\u00eb miratim t\u00eb ligjit p\u00ebr paga&#8221; &#8211; BSPK shpall grev\u00eb t\u00eb p\u00ebrgjithshme nga 25 gushti","datePublished":"2022-08-18T11:33:24+00:00","dateModified":"2022-08-18T11:33:24+00:00","mainEntityOfPage":{"@id":"https:\/\/permbledhja.com\/kerkojme-100-euro-shtese-deri-ne-miratim-te-ligjit-per-paga-bspk-shpall-greve-te-pergjithshme-nga-25-gushti\/"},"wordCount":450,"publisher":{"@id":"https:\/\/permbledhja.com\/#organization"},"keywords":["BSPK","Grev\u00eb e p\u00ebrgjithshme"],"articleSection":["Ballina"],"inLanguage":"sq"},{"@type":"WebPage","@id":"https:\/\/permbledhja.com\/kerkojme-100-euro-shtese-deri-ne-miratim-te-ligjit-per-paga-bspk-shpall-greve-te-pergjithshme-nga-25-gushti\/","url":"https:\/\/permbledhja.com\/kerkojme-100-euro-shtese-deri-ne-miratim-te-ligjit-per-paga-bspk-shpall-greve-te-pergjithshme-nga-25-gushti\/","name":"\"K\u00ebrkojm\u00eb 100 euro shtes\u00eb deri n\u00eb miratim t\u00eb ligjit p\u00ebr paga\" - BSPK shpall grev\u00eb t\u00eb p\u00ebrgjithshme nga 25 gushti","isPartOf":{"@id":"https:\/\/permbledhja.com\/#website"},"datePublished":"2022-08-18T11:33:24+00:00","dateModified":"2022-08-18T11:33:24+00:00","breadcrumb":{"@id":"https:\/\/permbledhja.com\/kerkojme-100-euro-shtese-deri-ne-miratim-te-ligjit-per-paga-bspk-shpall-greve-te-pergjithshme-nga-25-gushti\/#breadcrumb"},"inLanguage":"sq","potentialAction":[{"@type":"ReadAction","target":["https:\/\/permbledhja.com\/kerkojme-100-euro-shtese-deri-ne-miratim-te-ligjit-per-paga-bspk-shpall-greve-te-pergjithshme-nga-25-gushti\/"]}]},{"@type":"BreadcrumbList","@id":"https:\/\/permbledhja.com\/kerkojme-100-euro-shtese-deri-ne-miratim-te-ligjit-per-paga-bspk-shpall-greve-te-pergjithshme-nga-25-gushti\/#breadcrumb","itemListElement":[{"@type":"ListItem","position":1,"name":"Ballina","item":"https:\/\/permbledhja.com\/sq\/"},{"@type":"ListItem","position":2,"name":"&#8220;K\u00ebrkojm\u00eb 100 euro shtes\u00eb deri n\u00eb miratim t\u00eb ligjit p\u00ebr paga&#8221; &#8211; BSPK shpall grev\u00eb t\u00eb p\u00ebrgjithshme nga 25 gushti"}]},{"@type":"WebSite","@id":"https:\/\/permbledhja.com\/#website","url":"https:\/\/permbledhja.com\/","name":"Ve\u00e7 artikuj p\u00ebrmbledh\u00ebs","description":"","publisher":{"@id":"https:\/\/permbledhja.com\/#organization"},"potentialAction":[{"@type":"SearchAction","target":{"@type":"EntryPoint","urlTemplate":"https:\/\/permbledhja.com\/?s={search_term_string}"},"query-input":"required name=search_term_string"}],"inLanguage":"sq"},{"@type":"Organization","@id":"https:\/\/permbledhja.com\/#organization","name":"MK Media & Pr","url":"https:\/\/permbledhja.com\/","logo":{"@type":"ImageObject","inLanguage":"sq","@id":"https:\/\/permbledhja.com\/#\/schema\/logo\/image\/","url":"https:\/\/permbledhja.com\/wp-content\/uploads\/2021\/12\/07-Press-Logo.jpg","contentUrl":"https:\/\/permbledhja.com\/wp-content\/uploads\/2021\/12\/07-Press-Logo.jpg","width":512,"height":512,"caption":"MK Media & Pr"},"image":{"@id":"https:\/\/permbledhja.com\/#\/schema\/logo\/image\/"},"sameAs":["https:\/\/www.facebook.com\/press07\/"]},{"@type":"Person","@id":"https:\/\/permbledhja.com\/#\/schema\/person\/0d064377258d3221e50693947b9eb4fe","name":"P\u00ebrmbledhja","image":{"@type":"ImageObject","inLanguage":"sq","@id":"https:\/\/permbledhja.com\/#\/schema\/person\/image\/","url":"https:\/\/permbledhja.com\/wp-content\/uploads\/2026\/01\/452004717_1040944174702970_8932037511805513407_n-96x96.jpg","contentUrl":"https:\/\/permbledhja.com\/wp-content\/uploads\/2026\/01\/452004717_1040944174702970_8932037511805513407_n-96x96.jpg","caption":"P\u00ebrmbledhja"},"sameAs":["https:\/\/www.facebook.com\/kafexhiu.muharrem\/","https:\/\/www.instagram.com\/muharrem_kafexhiu\/"],"url":"https:\/\/permbledhja.com\/sq\/author\/admin\/"}]}},"_links":{"self":[{"href":"https:\/\/permbledhja.com\/sq\/wp-json\/wp\/v2\/posts\/4245"}],"collection":[{"href":"https:\/\/permbledhja.com\/sq\/wp-json\/wp\/v2\/posts"}],"about":[{"href":"https:\/\/permbledhja.com\/sq\/wp-json\/wp\/v2\/types\/post"}],"author":[{"embeddable":true,"href":"https:\/\/permbledhja.com\/sq\/wp-json\/wp\/v2\/users\/1"}],"replies":[{"embeddable":true,"href":"https:\/\/permbledhja.com\/sq\/wp-json\/wp\/v2\/comments?post=4245"}],"version-history":[{"count":1,"href":"https:\/\/permbledhja.com\/sq\/wp-json\/wp\/v2\/posts\/4245\/revisions"}],"predecessor-version":[{"id":4247,"href":"https:\/\/permbledhja.com\/sq\/wp-json\/wp\/v2\/posts\/4245\/revisions\/4247"}],"wp:featuredmedia":[{"embeddable":true,"href":"https:\/\/permbledhja.com\/sq\/wp-json\/wp\/v2\/media\/4246"}],"wp:attachment":[{"href":"https:\/\/permbledhja.com\/sq\/wp-json\/wp\/v2\/media?parent=4245"}],"wp:term":[{"taxonomy":"category","embeddable":true,"href":"https:\/\/permbledhja.com\/sq\/wp-json\/wp\/v2\/categories?post=4245"},{"taxonomy":"post_tag","embeddable":true,"href":"https:\/\/permbledhja.com\/sq\/wp-json\/wp\/v2\/tags?post=4245"}],"curies":[{"name":"wp","href":"https:\/\/api.w.org\/{rel}","templated":true}]}}