{"id":4242,"date":"2022-08-18T11:29:15","date_gmt":"2022-08-18T11:29:15","guid":{"rendered":"https:\/\/permbledhja.com\/?p=4242"},"modified":"2022-08-18T11:29:15","modified_gmt":"2022-08-18T11:29:15","slug":"keto-pritet-te-jene-pagat-ne-sektorin-publik-me-projektligjin-e-ri-kush-do-te-paguhet-me-se-shumti","status":"publish","type":"post","link":"https:\/\/permbledhja.com\/sq\/keto-pritet-te-jene-pagat-ne-sektorin-publik-me-projektligjin-e-ri-kush-do-te-paguhet-me-se-shumti\/","title":{"rendered":"K\u00ebto pritet t\u00eb jen\u00eb pagat n\u00eb sektorin publik me projektligjin e ri, kush do t\u00eb paguhet m\u00eb s\u00eb shumti?"},"content":{"rendered":"<p>Express ka siguruar projektligjin p\u00ebr pagat n\u00eb sektorin publik. Aty nuk \u00ebsht\u00eb p\u00ebrcaktuar vlera monetare e koeficientit, por thuhet se kjo gj\u00eb do t\u00eb vendoset me ligjin vjetor t\u00eb buxhetit. Me k\u00ebt\u00eb projektligj parashihet q\u00eb Presidentja e Kosov\u00ebs ta ket\u00eb pag\u00ebn m\u00eb t\u00eb madhe n\u00eb vend, me koeficient 18. <\/p>\n<p>Pas saj radhitet Kryetari i Gjykat\u00ebs Kushtetuese me koeficient 17.5. Paga e kryeministrit \u00ebsht\u00eb parapa ta ket\u00eb koeficientin e njejt\u00eb me at\u00eb t\u00eb Kryetarit t\u00eb Kuvendit, Kryetarit t\u00eb Gjykat\u00ebs Supreme dhe Kryeprokurorit t\u00eb shtetit, me koeficient 17.<\/p>\n<p>Shefi dhe z\u00ebvend\u00ebsshefi i Stafit n\u00eb Presidenc\u00eb do ta ket\u00eb koeficientin 13. Shefi i Stafit n\u00eb Zyre t\u00eb Kryeministrit dhe Kuvendin e Kosov\u00ebs me koeficient 12.5. K\u00ebshilltar\u00ebt politik me koeficient mbi 10.<\/p>\n<p>Pozita e Komandantit t\u00eb FSK-s\u00eb \u00ebsht\u00eb parapa t\u00eb paguhet me koeficient 15, nd\u00ebrsa koeficientin 15.5 do ta ket\u00eb pozita e Drejtorit t\u00eb Policis\u00eb s\u00eb Kosov\u00ebs.<\/p>\n<p>Drejtori i P\u00ebrgjithsh\u00ebm i Dogan\u00ebs pritet ta ket\u00eb koeficientin 14.5. Nd\u00ebrsa n\u00eb Sh\u00ebrbimin Korrektues t\u00eb Kosov\u00ebs, udh\u00ebheq\u00ebsi i pavionit \u00ebsht\u00eb parapa ta ket\u00eb koeficientin 7.3.<\/p>\n<p>Rektori do ta ket\u00eb koeficientin 14.2, dekani 12.8 dhe profesori i rregullt 12.4. Drejtori i Shkoll\u00ebs s\u00eb Mesme t\u00eb lart\u00eb 6.4 dhe m\u00ebsimdh\u00ebn\u00ebs n\u00eb Shkoll\u00ebn e Mesme t\u00eb Lart\u00eb 5.8.<\/p>\n<p>M\u00ebsimdh\u00ebn\u00ebsi n\u00eb institucionet parashkollore 5.2, edukator\u00ebt 5.<\/p>\n<p>https:\/\/permbledhja.com\/lajm-i-mire-procedohet-per-konsultime-ligji-i-pagave-dhe-ai-per-zyrtaret-publike\/<\/p>\n<p>Pozita e Drejtuesit n\u00eb Sh\u00ebndet\u00ebsi \u00ebsht\u00eb 12.4, Mjek n\u00eb Specializim 8, Mjek i p\u00ebrgjithsh\u00ebm, Stomatolog, Farmacist 7.4, Laborant, Infermier, Mami, Teknik mjek\u00ebsor, Teknik farmacist, 5.6.<\/p>\n<p>Ambasadori do ta ket\u00eb koeficientin 10.<\/p>\n<p>Kryetari i kryeqytetit do ta ket\u00eb koeficientin 15, nd\u00ebrsa kryetar\u00ebt e komunave do ta ken\u00eb koeficientin n\u00eb baz\u00eb t\u00eb numrit t\u00eb banor\u00ebve q\u00eb ka komuna. P\u00ebrshembull komuna q\u00eb ka mbi 100 mij\u00eb banor\u00eb, kryetari i saj do ta ket\u00eb koeficientin 13.<\/p>\n<p>N\u00eb dokumentin m\u00eb posht\u00eb mund t\u2019i shihni koeficient\u00ebt p\u00ebr t\u00eb gjitha pozitat n\u00eb sektorin publik, koeficientet jan\u00eb parapa edhe p\u00ebr n\u00ebpun\u00ebs t\u00eb sh\u00ebrbimit civil, n\u00ebpun\u00ebsi i administrat\u00ebs s\u00eb sh\u00ebrbimit publik dhe n\u00ebpun\u00ebsi teknik dhe mb\u00ebshtet\u00ebs.<\/p>\n<p>T\u00eb gjitha pozitat e pun\u00ebs klasifikohen n\u00eb baz\u00eb t\u00eb klasave duke filluar nga klasa A.<\/p>\n<p>Shefi i Grupit Parlamentar t\u00eb AAK-s\u00eb, Besnik Tahiri, ka th\u00ebn\u00eb se ky ligj nuk duhet assesi t\u00eb kaloj\u00eb.<\/p>\n<p>\u201cProjektligj qenka nj\u00eb sulm i drejtp\u00ebrdrejt\u00eb ndaj administrat\u00ebs shtet\u00ebrore dhe sh\u00ebrbimit civil pa p\u00ebrjashtim. \u00cbsht\u00eb kund\u00ebr gjith\u00eb\u00e7kaje q\u00eb \u00ebsht\u00eb arritur me BE-n\u00eb dhe Sigma me reforma n\u00eb dekad\u00ebn e fundit\u201d, shkruan ai nd\u00ebr t\u00eb tjera.<\/p>\n","protected":false},"excerpt":{"rendered":"<p>Express ka siguruar projektligjin p\u00ebr pagat n\u00eb sektorin publik. Aty nuk \u00ebsht\u00eb p\u00ebrcaktuar vlera monetare e koeficientit, por thuhet se kjo gj\u00eb do t\u00eb vendoset me ligjin vjetor t\u00eb buxhetit. Me k\u00ebt\u00eb projektligj parashihet q\u00eb Presidentja e Kosov\u00ebs ta ket\u00eb pag\u00ebn m\u00eb t\u00eb madhe n\u00eb vend, me koeficient 18. Pas saj radhitet Kryetari i Gjykat\u00ebs [&hellip;]<\/p>\n","protected":false},"author":1,"featured_media":4243,"comment_status":"closed","ping_status":"closed","sticky":false,"template":"","format":"standard","meta":{"_monsterinsights_skip_tracking":false,"_monsterinsights_sitenote_active":false,"_monsterinsights_sitenote_note":"","_monsterinsights_sitenote_category":0,"_uf_show_specific_survey":0,"_uf_disable_surveys":false,"footnotes":""},"categories":[22],"tags":[331,812],"yoast_head":"<!-- This site is optimized with the Yoast SEO plugin v21.5 - https:\/\/yoast.com\/wordpress\/plugins\/seo\/ -->\n<title>K\u00ebto pritet t\u00eb jen\u00eb pagat n\u00eb sektorin publik me projektligjin e ri, kush do t\u00eb paguhet m\u00eb s\u00eb shumti?<\/title>\n<meta name=\"robots\" content=\"index, follow, max-snippet:-1, max-image-preview:large, max-video-preview:-1\" \/>\n<link rel=\"canonical\" href=\"https:\/\/permbledhja.com\/sq\/keto-pritet-te-jene-pagat-ne-sektorin-publik-me-projektligjin-e-ri-kush-do-te-paguhet-me-se-shumti\/\" \/>\n<meta property=\"og:locale\" content=\"sq_AL\" \/>\n<meta property=\"og:type\" content=\"article\" \/>\n<meta property=\"og:title\" content=\"K\u00ebto pritet t\u00eb jen\u00eb pagat n\u00eb sektorin publik me projektligjin e ri, kush do t\u00eb paguhet m\u00eb s\u00eb shumti?\" \/>\n<meta property=\"og:description\" content=\"Express ka siguruar projektligjin p\u00ebr pagat n\u00eb sektorin publik. Aty nuk \u00ebsht\u00eb p\u00ebrcaktuar vlera monetare e koeficientit, por thuhet se kjo gj\u00eb do t\u00eb vendoset me ligjin vjetor t\u00eb buxhetit. Me k\u00ebt\u00eb projektligj parashihet q\u00eb Presidentja e Kosov\u00ebs ta ket\u00eb pag\u00ebn m\u00eb t\u00eb madhe n\u00eb vend, me koeficient 18. Pas saj radhitet Kryetari i Gjykat\u00ebs [&hellip;]\" \/>\n<meta property=\"og:url\" content=\"https:\/\/permbledhja.com\/sq\/keto-pritet-te-jene-pagat-ne-sektorin-publik-me-projektligjin-e-ri-kush-do-te-paguhet-me-se-shumti\/\" \/>\n<meta property=\"og:site_name\" content=\"Ve\u00e7 artikuj p\u00ebrmbledh\u00ebs\" \/>\n<meta property=\"article:publisher\" content=\"https:\/\/www.facebook.com\/press07\/\" \/>\n<meta property=\"article:author\" content=\"https:\/\/www.facebook.com\/kafexhiu.muharrem\/\" \/>\n<meta property=\"article:published_time\" content=\"2022-08-18T11:29:15+00:00\" \/>\n<meta property=\"og:image\" content=\"https:\/\/permbledhja.com\/wp-content\/uploads\/2022\/08\/D6526031-6E3C-456D-A706-80ADE7CD0FE7.jpeg\" \/>\n\t<meta property=\"og:image:width\" content=\"900\" \/>\n\t<meta property=\"og:image:height\" content=\"530\" \/>\n\t<meta property=\"og:image:type\" content=\"image\/jpeg\" \/>\n<meta name=\"author\" content=\"P\u00ebrmbledhja\" \/>\n<meta name=\"twitter:card\" content=\"summary_large_image\" \/>\n<meta name=\"twitter:label1\" content=\"Written by\" \/>\n\t<meta name=\"twitter:data1\" content=\"P\u00ebrmbledhja\" \/>\n\t<meta name=\"twitter:label2\" content=\"Est. reading time\" \/>\n\t<meta name=\"twitter:data2\" content=\"2 minuta\" \/>\n<script type=\"application\/ld+json\" class=\"yoast-schema-graph\">{\"@context\":\"https:\/\/schema.org\",\"@graph\":[{\"@type\":\"Article\",\"@id\":\"https:\/\/permbledhja.com\/keto-pritet-te-jene-pagat-ne-sektorin-publik-me-projektligjin-e-ri-kush-do-te-paguhet-me-se-shumti\/#article\",\"isPartOf\":{\"@id\":\"https:\/\/permbledhja.com\/keto-pritet-te-jene-pagat-ne-sektorin-publik-me-projektligjin-e-ri-kush-do-te-paguhet-me-se-shumti\/\"},\"author\":{\"name\":\"P\u00ebrmbledhja\",\"@id\":\"https:\/\/permbledhja.com\/#\/schema\/person\/0d064377258d3221e50693947b9eb4fe\"},\"headline\":\"K\u00ebto pritet t\u00eb jen\u00eb pagat n\u00eb sektorin publik me projektligjin e ri, kush do t\u00eb paguhet m\u00eb s\u00eb shumti?\",\"datePublished\":\"2022-08-18T11:29:15+00:00\",\"dateModified\":\"2022-08-18T11:29:15+00:00\",\"mainEntityOfPage\":{\"@id\":\"https:\/\/permbledhja.com\/keto-pritet-te-jene-pagat-ne-sektorin-publik-me-projektligjin-e-ri-kush-do-te-paguhet-me-se-shumti\/\"},\"wordCount\":445,\"publisher\":{\"@id\":\"https:\/\/permbledhja.com\/#organization\"},\"keywords\":[\"Ballina\",\"Pagat\"],\"articleSection\":[\"Ballina\"],\"inLanguage\":\"sq\"},{\"@type\":\"WebPage\",\"@id\":\"https:\/\/permbledhja.com\/keto-pritet-te-jene-pagat-ne-sektorin-publik-me-projektligjin-e-ri-kush-do-te-paguhet-me-se-shumti\/\",\"url\":\"https:\/\/permbledhja.com\/keto-pritet-te-jene-pagat-ne-sektorin-publik-me-projektligjin-e-ri-kush-do-te-paguhet-me-se-shumti\/\",\"name\":\"K\u00ebto pritet t\u00eb jen\u00eb pagat n\u00eb sektorin publik me projektligjin e ri, kush do t\u00eb paguhet m\u00eb s\u00eb shumti?\",\"isPartOf\":{\"@id\":\"https:\/\/permbledhja.com\/#website\"},\"datePublished\":\"2022-08-18T11:29:15+00:00\",\"dateModified\":\"2022-08-18T11:29:15+00:00\",\"breadcrumb\":{\"@id\":\"https:\/\/permbledhja.com\/keto-pritet-te-jene-pagat-ne-sektorin-publik-me-projektligjin-e-ri-kush-do-te-paguhet-me-se-shumti\/#breadcrumb\"},\"inLanguage\":\"sq\",\"potentialAction\":[{\"@type\":\"ReadAction\",\"target\":[\"https:\/\/permbledhja.com\/keto-pritet-te-jene-pagat-ne-sektorin-publik-me-projektligjin-e-ri-kush-do-te-paguhet-me-se-shumti\/\"]}]},{\"@type\":\"BreadcrumbList\",\"@id\":\"https:\/\/permbledhja.com\/keto-pritet-te-jene-pagat-ne-sektorin-publik-me-projektligjin-e-ri-kush-do-te-paguhet-me-se-shumti\/#breadcrumb\",\"itemListElement\":[{\"@type\":\"ListItem\",\"position\":1,\"name\":\"Ballina\",\"item\":\"https:\/\/permbledhja.com\/sq\/\"},{\"@type\":\"ListItem\",\"position\":2,\"name\":\"K\u00ebto pritet t\u00eb jen\u00eb pagat n\u00eb sektorin publik me projektligjin e ri, kush do t\u00eb paguhet m\u00eb s\u00eb shumti?\"}]},{\"@type\":\"WebSite\",\"@id\":\"https:\/\/permbledhja.com\/#website\",\"url\":\"https:\/\/permbledhja.com\/\",\"name\":\"Ve\u00e7 artikuj p\u00ebrmbledh\u00ebs\",\"description\":\"\",\"publisher\":{\"@id\":\"https:\/\/permbledhja.com\/#organization\"},\"potentialAction\":[{\"@type\":\"SearchAction\",\"target\":{\"@type\":\"EntryPoint\",\"urlTemplate\":\"https:\/\/permbledhja.com\/?s={search_term_string}\"},\"query-input\":\"required name=search_term_string\"}],\"inLanguage\":\"sq\"},{\"@type\":\"Organization\",\"@id\":\"https:\/\/permbledhja.com\/#organization\",\"name\":\"MK Media & Pr\",\"url\":\"https:\/\/permbledhja.com\/\",\"logo\":{\"@type\":\"ImageObject\",\"inLanguage\":\"sq\",\"@id\":\"https:\/\/permbledhja.com\/#\/schema\/logo\/image\/\",\"url\":\"https:\/\/permbledhja.com\/wp-content\/uploads\/2021\/12\/07-Press-Logo.jpg\",\"contentUrl\":\"https:\/\/permbledhja.com\/wp-content\/uploads\/2021\/12\/07-Press-Logo.jpg\",\"width\":512,\"height\":512,\"caption\":\"MK Media & Pr\"},\"image\":{\"@id\":\"https:\/\/permbledhja.com\/#\/schema\/logo\/image\/\"},\"sameAs\":[\"https:\/\/www.facebook.com\/press07\/\"]},{\"@type\":\"Person\",\"@id\":\"https:\/\/permbledhja.com\/#\/schema\/person\/0d064377258d3221e50693947b9eb4fe\",\"name\":\"P\u00ebrmbledhja\",\"image\":{\"@type\":\"ImageObject\",\"inLanguage\":\"sq\",\"@id\":\"https:\/\/permbledhja.com\/#\/schema\/person\/image\/\",\"url\":\"https:\/\/permbledhja.com\/wp-content\/uploads\/2026\/01\/452004717_1040944174702970_8932037511805513407_n-96x96.jpg\",\"contentUrl\":\"https:\/\/permbledhja.com\/wp-content\/uploads\/2026\/01\/452004717_1040944174702970_8932037511805513407_n-96x96.jpg\",\"caption\":\"P\u00ebrmbledhja\"},\"sameAs\":[\"https:\/\/www.facebook.com\/kafexhiu.muharrem\/\",\"https:\/\/www.instagram.com\/muharrem_kafexhiu\/\"],\"url\":\"https:\/\/permbledhja.com\/sq\/author\/admin\/\"}]}<\/script>\n<!-- \/ Yoast SEO plugin. -->","yoast_head_json":{"title":"K\u00ebto pritet t\u00eb jen\u00eb pagat n\u00eb sektorin publik me projektligjin e ri, kush do t\u00eb paguhet m\u00eb s\u00eb shumti?","robots":{"index":"index","follow":"follow","max-snippet":"max-snippet:-1","max-image-preview":"max-image-preview:large","max-video-preview":"max-video-preview:-1"},"canonical":"https:\/\/permbledhja.com\/sq\/keto-pritet-te-jene-pagat-ne-sektorin-publik-me-projektligjin-e-ri-kush-do-te-paguhet-me-se-shumti\/","og_locale":"sq_AL","og_type":"article","og_title":"K\u00ebto pritet t\u00eb jen\u00eb pagat n\u00eb sektorin publik me projektligjin e ri, kush do t\u00eb paguhet m\u00eb s\u00eb shumti?","og_description":"Express ka siguruar projektligjin p\u00ebr pagat n\u00eb sektorin publik. Aty nuk \u00ebsht\u00eb p\u00ebrcaktuar vlera monetare e koeficientit, por thuhet se kjo gj\u00eb do t\u00eb vendoset me ligjin vjetor t\u00eb buxhetit. Me k\u00ebt\u00eb projektligj parashihet q\u00eb Presidentja e Kosov\u00ebs ta ket\u00eb pag\u00ebn m\u00eb t\u00eb madhe n\u00eb vend, me koeficient 18. Pas saj radhitet Kryetari i Gjykat\u00ebs [&hellip;]","og_url":"https:\/\/permbledhja.com\/sq\/keto-pritet-te-jene-pagat-ne-sektorin-publik-me-projektligjin-e-ri-kush-do-te-paguhet-me-se-shumti\/","og_site_name":"Ve\u00e7 artikuj p\u00ebrmbledh\u00ebs","article_publisher":"https:\/\/www.facebook.com\/press07\/","article_author":"https:\/\/www.facebook.com\/kafexhiu.muharrem\/","article_published_time":"2022-08-18T11:29:15+00:00","og_image":[{"width":900,"height":530,"url":"https:\/\/permbledhja.com\/wp-content\/uploads\/2022\/08\/D6526031-6E3C-456D-A706-80ADE7CD0FE7.jpeg","type":"image\/jpeg"}],"author":"P\u00ebrmbledhja","twitter_card":"summary_large_image","twitter_misc":{"Written by":"P\u00ebrmbledhja","Est. reading time":"2 minuta"},"schema":{"@context":"https:\/\/schema.org","@graph":[{"@type":"Article","@id":"https:\/\/permbledhja.com\/keto-pritet-te-jene-pagat-ne-sektorin-publik-me-projektligjin-e-ri-kush-do-te-paguhet-me-se-shumti\/#article","isPartOf":{"@id":"https:\/\/permbledhja.com\/keto-pritet-te-jene-pagat-ne-sektorin-publik-me-projektligjin-e-ri-kush-do-te-paguhet-me-se-shumti\/"},"author":{"name":"P\u00ebrmbledhja","@id":"https:\/\/permbledhja.com\/#\/schema\/person\/0d064377258d3221e50693947b9eb4fe"},"headline":"K\u00ebto pritet t\u00eb jen\u00eb pagat n\u00eb sektorin publik me projektligjin e ri, kush do t\u00eb paguhet m\u00eb s\u00eb shumti?","datePublished":"2022-08-18T11:29:15+00:00","dateModified":"2022-08-18T11:29:15+00:00","mainEntityOfPage":{"@id":"https:\/\/permbledhja.com\/keto-pritet-te-jene-pagat-ne-sektorin-publik-me-projektligjin-e-ri-kush-do-te-paguhet-me-se-shumti\/"},"wordCount":445,"publisher":{"@id":"https:\/\/permbledhja.com\/#organization"},"keywords":["Ballina","Pagat"],"articleSection":["Ballina"],"inLanguage":"sq"},{"@type":"WebPage","@id":"https:\/\/permbledhja.com\/keto-pritet-te-jene-pagat-ne-sektorin-publik-me-projektligjin-e-ri-kush-do-te-paguhet-me-se-shumti\/","url":"https:\/\/permbledhja.com\/keto-pritet-te-jene-pagat-ne-sektorin-publik-me-projektligjin-e-ri-kush-do-te-paguhet-me-se-shumti\/","name":"K\u00ebto pritet t\u00eb jen\u00eb pagat n\u00eb sektorin publik me projektligjin e ri, kush do t\u00eb paguhet m\u00eb s\u00eb shumti?","isPartOf":{"@id":"https:\/\/permbledhja.com\/#website"},"datePublished":"2022-08-18T11:29:15+00:00","dateModified":"2022-08-18T11:29:15+00:00","breadcrumb":{"@id":"https:\/\/permbledhja.com\/keto-pritet-te-jene-pagat-ne-sektorin-publik-me-projektligjin-e-ri-kush-do-te-paguhet-me-se-shumti\/#breadcrumb"},"inLanguage":"sq","potentialAction":[{"@type":"ReadAction","target":["https:\/\/permbledhja.com\/keto-pritet-te-jene-pagat-ne-sektorin-publik-me-projektligjin-e-ri-kush-do-te-paguhet-me-se-shumti\/"]}]},{"@type":"BreadcrumbList","@id":"https:\/\/permbledhja.com\/keto-pritet-te-jene-pagat-ne-sektorin-publik-me-projektligjin-e-ri-kush-do-te-paguhet-me-se-shumti\/#breadcrumb","itemListElement":[{"@type":"ListItem","position":1,"name":"Ballina","item":"https:\/\/permbledhja.com\/sq\/"},{"@type":"ListItem","position":2,"name":"K\u00ebto pritet t\u00eb jen\u00eb pagat n\u00eb sektorin publik me projektligjin e ri, kush do t\u00eb paguhet m\u00eb s\u00eb shumti?"}]},{"@type":"WebSite","@id":"https:\/\/permbledhja.com\/#website","url":"https:\/\/permbledhja.com\/","name":"Ve\u00e7 artikuj p\u00ebrmbledh\u00ebs","description":"","publisher":{"@id":"https:\/\/permbledhja.com\/#organization"},"potentialAction":[{"@type":"SearchAction","target":{"@type":"EntryPoint","urlTemplate":"https:\/\/permbledhja.com\/?s={search_term_string}"},"query-input":"required name=search_term_string"}],"inLanguage":"sq"},{"@type":"Organization","@id":"https:\/\/permbledhja.com\/#organization","name":"MK Media & Pr","url":"https:\/\/permbledhja.com\/","logo":{"@type":"ImageObject","inLanguage":"sq","@id":"https:\/\/permbledhja.com\/#\/schema\/logo\/image\/","url":"https:\/\/permbledhja.com\/wp-content\/uploads\/2021\/12\/07-Press-Logo.jpg","contentUrl":"https:\/\/permbledhja.com\/wp-content\/uploads\/2021\/12\/07-Press-Logo.jpg","width":512,"height":512,"caption":"MK Media & Pr"},"image":{"@id":"https:\/\/permbledhja.com\/#\/schema\/logo\/image\/"},"sameAs":["https:\/\/www.facebook.com\/press07\/"]},{"@type":"Person","@id":"https:\/\/permbledhja.com\/#\/schema\/person\/0d064377258d3221e50693947b9eb4fe","name":"P\u00ebrmbledhja","image":{"@type":"ImageObject","inLanguage":"sq","@id":"https:\/\/permbledhja.com\/#\/schema\/person\/image\/","url":"https:\/\/permbledhja.com\/wp-content\/uploads\/2026\/01\/452004717_1040944174702970_8932037511805513407_n-96x96.jpg","contentUrl":"https:\/\/permbledhja.com\/wp-content\/uploads\/2026\/01\/452004717_1040944174702970_8932037511805513407_n-96x96.jpg","caption":"P\u00ebrmbledhja"},"sameAs":["https:\/\/www.facebook.com\/kafexhiu.muharrem\/","https:\/\/www.instagram.com\/muharrem_kafexhiu\/"],"url":"https:\/\/permbledhja.com\/sq\/author\/admin\/"}]}},"_links":{"self":[{"href":"https:\/\/permbledhja.com\/sq\/wp-json\/wp\/v2\/posts\/4242"}],"collection":[{"href":"https:\/\/permbledhja.com\/sq\/wp-json\/wp\/v2\/posts"}],"about":[{"href":"https:\/\/permbledhja.com\/sq\/wp-json\/wp\/v2\/types\/post"}],"author":[{"embeddable":true,"href":"https:\/\/permbledhja.com\/sq\/wp-json\/wp\/v2\/users\/1"}],"replies":[{"embeddable":true,"href":"https:\/\/permbledhja.com\/sq\/wp-json\/wp\/v2\/comments?post=4242"}],"version-history":[{"count":1,"href":"https:\/\/permbledhja.com\/sq\/wp-json\/wp\/v2\/posts\/4242\/revisions"}],"predecessor-version":[{"id":4244,"href":"https:\/\/permbledhja.com\/sq\/wp-json\/wp\/v2\/posts\/4242\/revisions\/4244"}],"wp:featuredmedia":[{"embeddable":true,"href":"https:\/\/permbledhja.com\/sq\/wp-json\/wp\/v2\/media\/4243"}],"wp:attachment":[{"href":"https:\/\/permbledhja.com\/sq\/wp-json\/wp\/v2\/media?parent=4242"}],"wp:term":[{"taxonomy":"category","embeddable":true,"href":"https:\/\/permbledhja.com\/sq\/wp-json\/wp\/v2\/categories?post=4242"},{"taxonomy":"post_tag","embeddable":true,"href":"https:\/\/permbledhja.com\/sq\/wp-json\/wp\/v2\/tags?post=4242"}],"curies":[{"name":"wp","href":"https:\/\/api.w.org\/{rel}","templated":true}]}}