{"id":42160,"date":"2024-01-09T22:25:39","date_gmt":"2024-01-09T22:25:39","guid":{"rendered":"https:\/\/permbledhja.com\/?p=42160"},"modified":"2024-01-09T22:28:42","modified_gmt":"2024-01-09T22:28:42","slug":"cameron-rusia-permes-vegles-se-saj-serbise-po-do-ta-destabilizoje-rajonin","status":"publish","type":"post","link":"https:\/\/permbledhja.com\/sq\/cameron-rusia-permes-vegles-se-saj-serbise-po-do-ta-destabilizoje-rajonin\/","title":{"rendered":"Cameron: Rusia p\u00ebrmes vegl\u00ebs s\u00eb saj Serbis\u00eb, po d\u00ebshiron ta destabilizoj\u00eb rajonin"},"content":{"rendered":"<h3>Sekretari i Jasht\u00ebm i Britanis\u00eb s\u00eb Madhe, David Camron, pasditen e s\u00eb mart\u00ebs gjat\u00eb raportimit n\u00eb Komisionin p\u00ebr Pun\u00eb t\u00eb Jashtme t\u00eb Parlamentit britanik, ka treguar s\u00ebrish se sulmi terrorist n\u00eb Banjsk\u00eb dhe takimi me trupat britanike q\u00eb kan\u00eb zbarkuar n\u00eb Kosov\u00eb n\u00eb kuad\u00ebr t\u00eb KFOR-it, qen\u00eb nd\u00ebr arsyet kryesore t\u00eb vizit\u00ebs madhore n\u00eb Kosov\u00eb, jav\u00ebn e par\u00eb t\u00eb vitit.<\/h3>\n<p><span style=\"color: #000000; font-family: NeueHaas, Arial, sans-serif; font-size: 18px;\">Rasti i Banjsk\u00ebs dhe jo vet\u00ebm, sipas Cameron, duhet t\u2019i sh\u00ebrbej\u00eb per\u00ebndimit p\u00ebr ta rishikuar qasjen e tij ndaj zhvillimeve n\u00eb Ballkanin Per\u00ebndimor, natyrisht edhe n\u00eb Kosov\u00eb, i bindur edhe p\u00ebr q\u00ebllimet e Rusis\u00eb p\u00ebr destabilizim, p\u00ebr t\u00eb cilat tha se po p\u00ebrdor\u00eb veglat e saj n\u00eb Ballkan, p\u00ebrfshi Serbin\u00eb.<\/span><\/p>\n<p><span style=\"color: #000000; font-family: NeueHaas, Arial, sans-serif; font-size: 18px;\">&#8220;Pozicioni i per\u00ebndimit ndaj Kosov\u00ebs dhe Ballkanit Per\u00ebndimor \u00ebsht\u00eb marr\u00eb n\u00eb nj\u00eb koh\u00eb para invazionit rus n\u00eb Ukrain\u00eb dhe duhet t\u00eb mendojm\u00eb shum\u00eb se \u00e7far\u00eb ka ndryshuar sepse padyshim se Rusia d\u00ebshiron q\u00eb t\u00eb b\u00ebj\u00eb m\u00eb shum\u00eb p\u00ebr ta destabilizuar Ballkanin, d\u00ebshiron t\u00eb b\u00ebj\u00eb m\u00eb shum\u00eb p\u00ebrmes veglave t\u00eb saj, p\u00ebrfshir\u00eb Serbin\u00eb, d\u00ebshiron ta shnd\u00ebrroj\u00eb at\u00eb zon\u00eb n\u00eb nj\u00eb vend m\u00eb pak t\u00eb sigurt, andaj ne duhet t\u00eb ngrem\u00eb loj\u00ebn ton\u00eb, rreth asaj q\u00eb mund t\u00eb b\u00ebjm\u00eb p\u00ebr ta mundur at\u00eb\u201d, u shpreh Sekretari i Jasht\u00ebm britanik.<\/span><\/p>\n","protected":false},"excerpt":{"rendered":"<p>Sekretari i Jasht\u00ebm i Britanis\u00eb s\u00eb Madhe, David Camron, pasditen e s\u00eb mart\u00ebs gjat\u00eb raportimit n\u00eb Komisionin p\u00ebr Pun\u00eb t\u00eb Jashtme t\u00eb Parlamentit britanik, ka treguar s\u00ebrish se sulmi terrorist n\u00eb Banjsk\u00eb dhe takimi me trupat britanike q\u00eb kan\u00eb zbarkuar n\u00eb Kosov\u00eb n\u00eb kuad\u00ebr t\u00eb KFOR-it, qen\u00eb nd\u00ebr arsyet kryesore t\u00eb vizit\u00ebs madhore n\u00eb Kosov\u00eb, [&hellip;]<\/p>\n","protected":false},"author":5,"featured_media":41382,"comment_status":"closed","ping_status":"closed","sticky":false,"template":"","format":"standard","meta":{"_monsterinsights_skip_tracking":false,"_monsterinsights_sitenote_active":false,"_monsterinsights_sitenote_note":"","_monsterinsights_sitenote_category":0,"_uf_show_specific_survey":0,"_uf_disable_surveys":false,"footnotes":""},"categories":[2645],"tags":[],"yoast_head":"<!-- This site is optimized with the Yoast SEO plugin v21.5 - https:\/\/yoast.com\/wordpress\/plugins\/seo\/ -->\n<title>Cameron: Rusia p\u00ebrmes vegl\u00ebs s\u00eb saj Serbis\u00eb, po d\u00ebshiron ta destabilizoj\u00eb rajonin<\/title>\n<meta name=\"robots\" content=\"index, follow, max-snippet:-1, max-image-preview:large, max-video-preview:-1\" \/>\n<link rel=\"canonical\" href=\"https:\/\/permbledhja.com\/sq\/cameron-rusia-permes-vegles-se-saj-serbise-po-do-ta-destabilizoje-rajonin\/\" \/>\n<meta property=\"og:locale\" content=\"sq_AL\" \/>\n<meta property=\"og:type\" content=\"article\" \/>\n<meta property=\"og:title\" content=\"Cameron: Rusia p\u00ebrmes vegl\u00ebs s\u00eb saj Serbis\u00eb, po d\u00ebshiron ta destabilizoj\u00eb rajonin\" \/>\n<meta property=\"og:description\" content=\"Sekretari i Jasht\u00ebm i Britanis\u00eb s\u00eb Madhe, David Camron, pasditen e s\u00eb mart\u00ebs gjat\u00eb raportimit n\u00eb Komisionin p\u00ebr Pun\u00eb t\u00eb Jashtme t\u00eb Parlamentit britanik, ka treguar s\u00ebrish se sulmi terrorist n\u00eb Banjsk\u00eb dhe takimi me trupat britanike q\u00eb kan\u00eb zbarkuar n\u00eb Kosov\u00eb n\u00eb kuad\u00ebr t\u00eb KFOR-it, qen\u00eb nd\u00ebr arsyet kryesore t\u00eb vizit\u00ebs madhore n\u00eb Kosov\u00eb, [&hellip;]\" \/>\n<meta property=\"og:url\" content=\"https:\/\/permbledhja.com\/sq\/cameron-rusia-permes-vegles-se-saj-serbise-po-do-ta-destabilizoje-rajonin\/\" \/>\n<meta property=\"og:site_name\" content=\"Ve\u00e7 artikuj p\u00ebrmbledh\u00ebs\" \/>\n<meta property=\"article:publisher\" content=\"https:\/\/www.facebook.com\/press07\/\" \/>\n<meta property=\"article:published_time\" content=\"2024-01-09T22:25:39+00:00\" \/>\n<meta property=\"article:modified_time\" content=\"2024-01-09T22:28:42+00:00\" \/>\n<meta property=\"og:image\" content=\"https:\/\/permbledhja.com\/wp-content\/uploads\/2024\/01\/cameron2.webp\" \/>\n\t<meta property=\"og:image:width\" content=\"1078\" \/>\n\t<meta property=\"og:image:height\" content=\"684\" \/>\n\t<meta property=\"og:image:type\" content=\"image\/webp\" \/>\n<meta name=\"author\" content=\"DL\" \/>\n<meta name=\"twitter:card\" content=\"summary_large_image\" \/>\n<meta name=\"twitter:label1\" content=\"Written by\" \/>\n\t<meta name=\"twitter:data1\" content=\"DL\" \/>\n\t<meta name=\"twitter:label2\" content=\"Est. reading time\" \/>\n\t<meta name=\"twitter:data2\" content=\"2 minuta\" \/>\n<script type=\"application\/ld+json\" class=\"yoast-schema-graph\">{\"@context\":\"https:\/\/schema.org\",\"@graph\":[{\"@type\":\"Article\",\"@id\":\"https:\/\/permbledhja.com\/cameron-rusia-permes-vegles-se-saj-serbise-po-do-ta-destabilizoje-rajonin\/#article\",\"isPartOf\":{\"@id\":\"https:\/\/permbledhja.com\/cameron-rusia-permes-vegles-se-saj-serbise-po-do-ta-destabilizoje-rajonin\/\"},\"author\":{\"name\":\"DL\",\"@id\":\"https:\/\/permbledhja.com\/#\/schema\/person\/9c54260cbc4c6f792cb100550491638c\"},\"headline\":\"Cameron: Rusia p\u00ebrmes vegl\u00ebs s\u00eb saj Serbis\u00eb, po d\u00ebshiron ta destabilizoj\u00eb rajonin\",\"datePublished\":\"2024-01-09T22:25:39+00:00\",\"dateModified\":\"2024-01-09T22:28:42+00:00\",\"mainEntityOfPage\":{\"@id\":\"https:\/\/permbledhja.com\/cameron-rusia-permes-vegles-se-saj-serbise-po-do-ta-destabilizoje-rajonin\/\"},\"wordCount\":249,\"publisher\":{\"@id\":\"https:\/\/permbledhja.com\/#organization\"},\"articleSection\":[\"T\u00eb r\u00ebnd\u00ebsishme\"],\"inLanguage\":\"sq\"},{\"@type\":\"WebPage\",\"@id\":\"https:\/\/permbledhja.com\/cameron-rusia-permes-vegles-se-saj-serbise-po-do-ta-destabilizoje-rajonin\/\",\"url\":\"https:\/\/permbledhja.com\/cameron-rusia-permes-vegles-se-saj-serbise-po-do-ta-destabilizoje-rajonin\/\",\"name\":\"Cameron: Rusia p\u00ebrmes vegl\u00ebs s\u00eb saj Serbis\u00eb, po d\u00ebshiron ta destabilizoj\u00eb rajonin\",\"isPartOf\":{\"@id\":\"https:\/\/permbledhja.com\/#website\"},\"datePublished\":\"2024-01-09T22:25:39+00:00\",\"dateModified\":\"2024-01-09T22:28:42+00:00\",\"breadcrumb\":{\"@id\":\"https:\/\/permbledhja.com\/cameron-rusia-permes-vegles-se-saj-serbise-po-do-ta-destabilizoje-rajonin\/#breadcrumb\"},\"inLanguage\":\"sq\",\"potentialAction\":[{\"@type\":\"ReadAction\",\"target\":[\"https:\/\/permbledhja.com\/cameron-rusia-permes-vegles-se-saj-serbise-po-do-ta-destabilizoje-rajonin\/\"]}]},{\"@type\":\"BreadcrumbList\",\"@id\":\"https:\/\/permbledhja.com\/cameron-rusia-permes-vegles-se-saj-serbise-po-do-ta-destabilizoje-rajonin\/#breadcrumb\",\"itemListElement\":[{\"@type\":\"ListItem\",\"position\":1,\"name\":\"Ballina\",\"item\":\"https:\/\/permbledhja.com\/sq\/\"},{\"@type\":\"ListItem\",\"position\":2,\"name\":\"Cameron: Rusia p\u00ebrmes vegl\u00ebs s\u00eb saj Serbis\u00eb, po d\u00ebshiron ta destabilizoj\u00eb rajonin\"}]},{\"@type\":\"WebSite\",\"@id\":\"https:\/\/permbledhja.com\/#website\",\"url\":\"https:\/\/permbledhja.com\/\",\"name\":\"Ve\u00e7 artikuj p\u00ebrmbledh\u00ebs\",\"description\":\"\",\"publisher\":{\"@id\":\"https:\/\/permbledhja.com\/#organization\"},\"potentialAction\":[{\"@type\":\"SearchAction\",\"target\":{\"@type\":\"EntryPoint\",\"urlTemplate\":\"https:\/\/permbledhja.com\/?s={search_term_string}\"},\"query-input\":\"required name=search_term_string\"}],\"inLanguage\":\"sq\"},{\"@type\":\"Organization\",\"@id\":\"https:\/\/permbledhja.com\/#organization\",\"name\":\"MK Media & Pr\",\"url\":\"https:\/\/permbledhja.com\/\",\"logo\":{\"@type\":\"ImageObject\",\"inLanguage\":\"sq\",\"@id\":\"https:\/\/permbledhja.com\/#\/schema\/logo\/image\/\",\"url\":\"https:\/\/permbledhja.com\/wp-content\/uploads\/2021\/12\/07-Press-Logo.jpg\",\"contentUrl\":\"https:\/\/permbledhja.com\/wp-content\/uploads\/2021\/12\/07-Press-Logo.jpg\",\"width\":512,\"height\":512,\"caption\":\"MK Media & Pr\"},\"image\":{\"@id\":\"https:\/\/permbledhja.com\/#\/schema\/logo\/image\/\"},\"sameAs\":[\"https:\/\/www.facebook.com\/press07\/\"]},{\"@type\":\"Person\",\"@id\":\"https:\/\/permbledhja.com\/#\/schema\/person\/9c54260cbc4c6f792cb100550491638c\",\"name\":\"DL\",\"image\":{\"@type\":\"ImageObject\",\"inLanguage\":\"sq\",\"@id\":\"https:\/\/permbledhja.com\/#\/schema\/person\/image\/\",\"url\":\"https:\/\/secure.gravatar.com\/avatar\/94503eb28d4c4b2005a5c8753e35fc80?s=96&d=mm&r=g\",\"contentUrl\":\"https:\/\/secure.gravatar.com\/avatar\/94503eb28d4c4b2005a5c8753e35fc80?s=96&d=mm&r=g\",\"caption\":\"DL\"},\"url\":\"https:\/\/permbledhja.com\/sq\/author\/dl\/\"}]}<\/script>\n<!-- \/ Yoast SEO plugin. -->","yoast_head_json":{"title":"Cameron: Rusia p\u00ebrmes vegl\u00ebs s\u00eb saj Serbis\u00eb, po d\u00ebshiron ta destabilizoj\u00eb rajonin","robots":{"index":"index","follow":"follow","max-snippet":"max-snippet:-1","max-image-preview":"max-image-preview:large","max-video-preview":"max-video-preview:-1"},"canonical":"https:\/\/permbledhja.com\/sq\/cameron-rusia-permes-vegles-se-saj-serbise-po-do-ta-destabilizoje-rajonin\/","og_locale":"sq_AL","og_type":"article","og_title":"Cameron: Rusia p\u00ebrmes vegl\u00ebs s\u00eb saj Serbis\u00eb, po d\u00ebshiron ta destabilizoj\u00eb rajonin","og_description":"Sekretari i Jasht\u00ebm i Britanis\u00eb s\u00eb Madhe, David Camron, pasditen e s\u00eb mart\u00ebs gjat\u00eb raportimit n\u00eb Komisionin p\u00ebr Pun\u00eb t\u00eb Jashtme t\u00eb Parlamentit britanik, ka treguar s\u00ebrish se sulmi terrorist n\u00eb Banjsk\u00eb dhe takimi me trupat britanike q\u00eb kan\u00eb zbarkuar n\u00eb Kosov\u00eb n\u00eb kuad\u00ebr t\u00eb KFOR-it, qen\u00eb nd\u00ebr arsyet kryesore t\u00eb vizit\u00ebs madhore n\u00eb Kosov\u00eb, [&hellip;]","og_url":"https:\/\/permbledhja.com\/sq\/cameron-rusia-permes-vegles-se-saj-serbise-po-do-ta-destabilizoje-rajonin\/","og_site_name":"Ve\u00e7 artikuj p\u00ebrmbledh\u00ebs","article_publisher":"https:\/\/www.facebook.com\/press07\/","article_published_time":"2024-01-09T22:25:39+00:00","article_modified_time":"2024-01-09T22:28:42+00:00","og_image":[{"width":1078,"height":684,"url":"https:\/\/permbledhja.com\/wp-content\/uploads\/2024\/01\/cameron2.webp","type":"image\/webp"}],"author":"DL","twitter_card":"summary_large_image","twitter_misc":{"Written by":"DL","Est. reading time":"2 minuta"},"schema":{"@context":"https:\/\/schema.org","@graph":[{"@type":"Article","@id":"https:\/\/permbledhja.com\/cameron-rusia-permes-vegles-se-saj-serbise-po-do-ta-destabilizoje-rajonin\/#article","isPartOf":{"@id":"https:\/\/permbledhja.com\/cameron-rusia-permes-vegles-se-saj-serbise-po-do-ta-destabilizoje-rajonin\/"},"author":{"name":"DL","@id":"https:\/\/permbledhja.com\/#\/schema\/person\/9c54260cbc4c6f792cb100550491638c"},"headline":"Cameron: Rusia p\u00ebrmes vegl\u00ebs s\u00eb saj Serbis\u00eb, po d\u00ebshiron ta destabilizoj\u00eb rajonin","datePublished":"2024-01-09T22:25:39+00:00","dateModified":"2024-01-09T22:28:42+00:00","mainEntityOfPage":{"@id":"https:\/\/permbledhja.com\/cameron-rusia-permes-vegles-se-saj-serbise-po-do-ta-destabilizoje-rajonin\/"},"wordCount":249,"publisher":{"@id":"https:\/\/permbledhja.com\/#organization"},"articleSection":["T\u00eb r\u00ebnd\u00ebsishme"],"inLanguage":"sq"},{"@type":"WebPage","@id":"https:\/\/permbledhja.com\/cameron-rusia-permes-vegles-se-saj-serbise-po-do-ta-destabilizoje-rajonin\/","url":"https:\/\/permbledhja.com\/cameron-rusia-permes-vegles-se-saj-serbise-po-do-ta-destabilizoje-rajonin\/","name":"Cameron: Rusia p\u00ebrmes vegl\u00ebs s\u00eb saj Serbis\u00eb, po d\u00ebshiron ta destabilizoj\u00eb rajonin","isPartOf":{"@id":"https:\/\/permbledhja.com\/#website"},"datePublished":"2024-01-09T22:25:39+00:00","dateModified":"2024-01-09T22:28:42+00:00","breadcrumb":{"@id":"https:\/\/permbledhja.com\/cameron-rusia-permes-vegles-se-saj-serbise-po-do-ta-destabilizoje-rajonin\/#breadcrumb"},"inLanguage":"sq","potentialAction":[{"@type":"ReadAction","target":["https:\/\/permbledhja.com\/cameron-rusia-permes-vegles-se-saj-serbise-po-do-ta-destabilizoje-rajonin\/"]}]},{"@type":"BreadcrumbList","@id":"https:\/\/permbledhja.com\/cameron-rusia-permes-vegles-se-saj-serbise-po-do-ta-destabilizoje-rajonin\/#breadcrumb","itemListElement":[{"@type":"ListItem","position":1,"name":"Ballina","item":"https:\/\/permbledhja.com\/sq\/"},{"@type":"ListItem","position":2,"name":"Cameron: Rusia p\u00ebrmes vegl\u00ebs s\u00eb saj Serbis\u00eb, po d\u00ebshiron ta destabilizoj\u00eb rajonin"}]},{"@type":"WebSite","@id":"https:\/\/permbledhja.com\/#website","url":"https:\/\/permbledhja.com\/","name":"Ve\u00e7 artikuj p\u00ebrmbledh\u00ebs","description":"","publisher":{"@id":"https:\/\/permbledhja.com\/#organization"},"potentialAction":[{"@type":"SearchAction","target":{"@type":"EntryPoint","urlTemplate":"https:\/\/permbledhja.com\/?s={search_term_string}"},"query-input":"required name=search_term_string"}],"inLanguage":"sq"},{"@type":"Organization","@id":"https:\/\/permbledhja.com\/#organization","name":"MK Media & Pr","url":"https:\/\/permbledhja.com\/","logo":{"@type":"ImageObject","inLanguage":"sq","@id":"https:\/\/permbledhja.com\/#\/schema\/logo\/image\/","url":"https:\/\/permbledhja.com\/wp-content\/uploads\/2021\/12\/07-Press-Logo.jpg","contentUrl":"https:\/\/permbledhja.com\/wp-content\/uploads\/2021\/12\/07-Press-Logo.jpg","width":512,"height":512,"caption":"MK Media & Pr"},"image":{"@id":"https:\/\/permbledhja.com\/#\/schema\/logo\/image\/"},"sameAs":["https:\/\/www.facebook.com\/press07\/"]},{"@type":"Person","@id":"https:\/\/permbledhja.com\/#\/schema\/person\/9c54260cbc4c6f792cb100550491638c","name":"DL","image":{"@type":"ImageObject","inLanguage":"sq","@id":"https:\/\/permbledhja.com\/#\/schema\/person\/image\/","url":"https:\/\/secure.gravatar.com\/avatar\/94503eb28d4c4b2005a5c8753e35fc80?s=96&d=mm&r=g","contentUrl":"https:\/\/secure.gravatar.com\/avatar\/94503eb28d4c4b2005a5c8753e35fc80?s=96&d=mm&r=g","caption":"DL"},"url":"https:\/\/permbledhja.com\/sq\/author\/dl\/"}]}},"_links":{"self":[{"href":"https:\/\/permbledhja.com\/sq\/wp-json\/wp\/v2\/posts\/42160"}],"collection":[{"href":"https:\/\/permbledhja.com\/sq\/wp-json\/wp\/v2\/posts"}],"about":[{"href":"https:\/\/permbledhja.com\/sq\/wp-json\/wp\/v2\/types\/post"}],"author":[{"embeddable":true,"href":"https:\/\/permbledhja.com\/sq\/wp-json\/wp\/v2\/users\/5"}],"replies":[{"embeddable":true,"href":"https:\/\/permbledhja.com\/sq\/wp-json\/wp\/v2\/comments?post=42160"}],"version-history":[{"count":3,"href":"https:\/\/permbledhja.com\/sq\/wp-json\/wp\/v2\/posts\/42160\/revisions"}],"predecessor-version":[{"id":42163,"href":"https:\/\/permbledhja.com\/sq\/wp-json\/wp\/v2\/posts\/42160\/revisions\/42163"}],"wp:featuredmedia":[{"embeddable":true,"href":"https:\/\/permbledhja.com\/sq\/wp-json\/wp\/v2\/media\/41382"}],"wp:attachment":[{"href":"https:\/\/permbledhja.com\/sq\/wp-json\/wp\/v2\/media?parent=42160"}],"wp:term":[{"taxonomy":"category","embeddable":true,"href":"https:\/\/permbledhja.com\/sq\/wp-json\/wp\/v2\/categories?post=42160"},{"taxonomy":"post_tag","embeddable":true,"href":"https:\/\/permbledhja.com\/sq\/wp-json\/wp\/v2\/tags?post=42160"}],"curies":[{"name":"wp","href":"https:\/\/api.w.org\/{rel}","templated":true}]}}