{"id":42026,"date":"2024-01-09T11:24:28","date_gmt":"2024-01-09T11:24:28","guid":{"rendered":"https:\/\/permbledhja.com\/?p=42026"},"modified":"2024-01-09T11:24:28","modified_gmt":"2024-01-09T11:24:28","slug":"murati-ne-2023-en-investimet-kapitale-jane-rritur-per-32","status":"publish","type":"post","link":"https:\/\/permbledhja.com\/sq\/murati-ne-2023-en-investimet-kapitale-jane-rritur-per-32\/","title":{"rendered":"Murati: N\u00eb 2023-\u00ebn investimet kapitale jan\u00eb rritur p\u00ebr 32%"},"content":{"rendered":"<h3>Ministri i Financave, Hekuran Murati, ka th\u00ebn\u00eb se sipas raportit preliminar t\u00eb shpenzimit t\u00eb buxhetit, n\u00eb vitin 2023 shpenzimet jan\u00eb rritur p\u00ebr 13 p\u00ebr qind m\u00eb shum\u00eb, krahasuar me vitin 2022.<\/h3>\n<p>Murati tha se kategoria q\u00eb \u00ebsht\u00eb rritur m\u00eb s\u00eb shumti n\u00eb vitin 2023 \u00ebsht\u00eb ajo e investimeve kapitale m\u00eb 32 p\u00ebr qind m\u00eb shum\u00eb sesa n\u00eb vitin 2022.<\/p>\n<p>\u201cKategoria Paga dhe Shtesa \u00ebsht\u00eb e dyta me kontributin m\u00eb t\u00eb madh n\u00eb rritjen e buxhetit, me 114 milion\u00eb euro m\u00eb shum\u00eb, apo 17% m\u00eb shum\u00eb sesa viti 2022. Kjo tregon se n\u00eb sektorin publik ka pasur rritje mesatare t\u00eb pagave q\u00eb ka tejkaluar shkall\u00ebn mesatare t\u00eb inflacionit prej 11.6% t\u00eb vitit 2022\u201d.<\/p>\n<p>\u201cMallrat dhe Sh\u00ebrbimet gjithashtu me 17% kan\u00eb trendin e nj\u00ebjt\u00eb t\u00eb rritjes, mir\u00ebpo si vler\u00eb absolute rritja \u00ebsht\u00eb p\u00ebrgjysm\u00eb m\u00eb pak sesa kategoria Paga dhe Shtesa\u201d, shkroi Murati, transmeton Klankosova.tv.<\/p>\n<p>M\u00eb tej, ai tha se kategoria me m\u00eb s\u00eb paku rritje n\u00eb vitin 2023, krahasuar me vitin 2022 ishte ajo e subvencioneve dhe transfereve, me vet\u00ebm 1 p\u00ebr qind.<\/p>\n","protected":false},"excerpt":{"rendered":"<p>Ministri i Financave, Hekuran Murati, ka th\u00ebn\u00eb se sipas raportit preliminar t\u00eb shpenzimit t\u00eb buxhetit, n\u00eb vitin 2023 shpenzimet jan\u00eb rritur p\u00ebr 13 p\u00ebr qind m\u00eb shum\u00eb, krahasuar me vitin 2022. Murati tha se kategoria q\u00eb \u00ebsht\u00eb rritur m\u00eb s\u00eb shumti n\u00eb vitin 2023 \u00ebsht\u00eb ajo e investimeve kapitale m\u00eb 32 p\u00ebr qind m\u00eb shum\u00eb [&hellip;]<\/p>\n","protected":false},"author":2,"featured_media":40116,"comment_status":"closed","ping_status":"closed","sticky":false,"template":"","format":"standard","meta":{"_monsterinsights_skip_tracking":false,"_monsterinsights_sitenote_active":false,"_monsterinsights_sitenote_note":"","_monsterinsights_sitenote_category":0,"_uf_show_specific_survey":0,"_uf_disable_surveys":false,"footnotes":""},"categories":[2645],"tags":[453],"yoast_head":"<!-- This site is optimized with the Yoast SEO plugin v21.5 - https:\/\/yoast.com\/wordpress\/plugins\/seo\/ -->\n<title>Murati: N\u00eb 2023-\u00ebn investimet kapitale jan\u00eb rritur p\u00ebr 32%<\/title>\n<meta name=\"robots\" content=\"index, follow, max-snippet:-1, max-image-preview:large, max-video-preview:-1\" \/>\n<link rel=\"canonical\" href=\"https:\/\/permbledhja.com\/sq\/murati-ne-2023-en-investimet-kapitale-jane-rritur-per-32\/\" \/>\n<meta property=\"og:locale\" content=\"sq_AL\" \/>\n<meta property=\"og:type\" content=\"article\" \/>\n<meta property=\"og:title\" content=\"Murati: N\u00eb 2023-\u00ebn investimet kapitale jan\u00eb rritur p\u00ebr 32%\" \/>\n<meta property=\"og:description\" content=\"Ministri i Financave, Hekuran Murati, ka th\u00ebn\u00eb se sipas raportit preliminar t\u00eb shpenzimit t\u00eb buxhetit, n\u00eb vitin 2023 shpenzimet jan\u00eb rritur p\u00ebr 13 p\u00ebr qind m\u00eb shum\u00eb, krahasuar me vitin 2022. Murati tha se kategoria q\u00eb \u00ebsht\u00eb rritur m\u00eb s\u00eb shumti n\u00eb vitin 2023 \u00ebsht\u00eb ajo e investimeve kapitale m\u00eb 32 p\u00ebr qind m\u00eb shum\u00eb [&hellip;]\" \/>\n<meta property=\"og:url\" content=\"https:\/\/permbledhja.com\/sq\/murati-ne-2023-en-investimet-kapitale-jane-rritur-per-32\/\" \/>\n<meta property=\"og:site_name\" content=\"Ve\u00e7 artikuj p\u00ebrmbledh\u00ebs\" \/>\n<meta property=\"article:publisher\" content=\"https:\/\/www.facebook.com\/press07\/\" \/>\n<meta property=\"article:published_time\" content=\"2024-01-09T11:24:28+00:00\" \/>\n<meta property=\"og:image\" content=\"https:\/\/permbledhja.com\/wp-content\/uploads\/2023\/12\/hekuranmurati.jpg\" \/>\n\t<meta property=\"og:image:width\" content=\"1090\" \/>\n\t<meta property=\"og:image:height\" content=\"655\" \/>\n\t<meta property=\"og:image:type\" content=\"image\/jpeg\" \/>\n<meta name=\"author\" content=\"M M\" \/>\n<meta name=\"twitter:card\" content=\"summary_large_image\" \/>\n<meta name=\"twitter:label1\" content=\"Written by\" \/>\n\t<meta name=\"twitter:data1\" content=\"M M\" \/>\n\t<meta name=\"twitter:label2\" content=\"Est. reading time\" \/>\n\t<meta name=\"twitter:data2\" content=\"1 minut\u00eb\" \/>\n<script type=\"application\/ld+json\" class=\"yoast-schema-graph\">{\"@context\":\"https:\/\/schema.org\",\"@graph\":[{\"@type\":\"Article\",\"@id\":\"https:\/\/permbledhja.com\/sq\/murati-ne-2023-en-investimet-kapitale-jane-rritur-per-32\/#article\",\"isPartOf\":{\"@id\":\"https:\/\/permbledhja.com\/sq\/murati-ne-2023-en-investimet-kapitale-jane-rritur-per-32\/\"},\"author\":{\"name\":\"M M\",\"@id\":\"https:\/\/permbledhja.com\/#\/schema\/person\/d23f13f59b5722643933d6780783acf3\"},\"headline\":\"Murati: N\u00eb 2023-\u00ebn investimet kapitale jan\u00eb rritur p\u00ebr 32%\",\"datePublished\":\"2024-01-09T11:24:28+00:00\",\"dateModified\":\"2024-01-09T11:24:28+00:00\",\"mainEntityOfPage\":{\"@id\":\"https:\/\/permbledhja.com\/sq\/murati-ne-2023-en-investimet-kapitale-jane-rritur-per-32\/\"},\"wordCount\":178,\"publisher\":{\"@id\":\"https:\/\/permbledhja.com\/#organization\"},\"keywords\":[\"Hekuran Murati\"],\"articleSection\":[\"T\u00eb r\u00ebnd\u00ebsishme\"],\"inLanguage\":\"sq\"},{\"@type\":\"WebPage\",\"@id\":\"https:\/\/permbledhja.com\/sq\/murati-ne-2023-en-investimet-kapitale-jane-rritur-per-32\/\",\"url\":\"https:\/\/permbledhja.com\/sq\/murati-ne-2023-en-investimet-kapitale-jane-rritur-per-32\/\",\"name\":\"Murati: N\u00eb 2023-\u00ebn investimet kapitale jan\u00eb rritur p\u00ebr 32%\",\"isPartOf\":{\"@id\":\"https:\/\/permbledhja.com\/#website\"},\"datePublished\":\"2024-01-09T11:24:28+00:00\",\"dateModified\":\"2024-01-09T11:24:28+00:00\",\"breadcrumb\":{\"@id\":\"https:\/\/permbledhja.com\/sq\/murati-ne-2023-en-investimet-kapitale-jane-rritur-per-32\/#breadcrumb\"},\"inLanguage\":\"sq\",\"potentialAction\":[{\"@type\":\"ReadAction\",\"target\":[\"https:\/\/permbledhja.com\/sq\/murati-ne-2023-en-investimet-kapitale-jane-rritur-per-32\/\"]}]},{\"@type\":\"BreadcrumbList\",\"@id\":\"https:\/\/permbledhja.com\/sq\/murati-ne-2023-en-investimet-kapitale-jane-rritur-per-32\/#breadcrumb\",\"itemListElement\":[{\"@type\":\"ListItem\",\"position\":1,\"name\":\"Ballina\",\"item\":\"https:\/\/permbledhja.com\/sq\/\"},{\"@type\":\"ListItem\",\"position\":2,\"name\":\"Murati: N\u00eb 2023-\u00ebn investimet kapitale jan\u00eb rritur p\u00ebr 32%\"}]},{\"@type\":\"WebSite\",\"@id\":\"https:\/\/permbledhja.com\/#website\",\"url\":\"https:\/\/permbledhja.com\/\",\"name\":\"Ve\u00e7 artikuj p\u00ebrmbledh\u00ebs\",\"description\":\"\",\"publisher\":{\"@id\":\"https:\/\/permbledhja.com\/#organization\"},\"potentialAction\":[{\"@type\":\"SearchAction\",\"target\":{\"@type\":\"EntryPoint\",\"urlTemplate\":\"https:\/\/permbledhja.com\/?s={search_term_string}\"},\"query-input\":\"required name=search_term_string\"}],\"inLanguage\":\"sq\"},{\"@type\":\"Organization\",\"@id\":\"https:\/\/permbledhja.com\/#organization\",\"name\":\"MK Media & Pr\",\"url\":\"https:\/\/permbledhja.com\/\",\"logo\":{\"@type\":\"ImageObject\",\"inLanguage\":\"sq\",\"@id\":\"https:\/\/permbledhja.com\/#\/schema\/logo\/image\/\",\"url\":\"https:\/\/permbledhja.com\/wp-content\/uploads\/2021\/12\/07-Press-Logo.jpg\",\"contentUrl\":\"https:\/\/permbledhja.com\/wp-content\/uploads\/2021\/12\/07-Press-Logo.jpg\",\"width\":512,\"height\":512,\"caption\":\"MK Media & Pr\"},\"image\":{\"@id\":\"https:\/\/permbledhja.com\/#\/schema\/logo\/image\/\"},\"sameAs\":[\"https:\/\/www.facebook.com\/press07\/\"]},{\"@type\":\"Person\",\"@id\":\"https:\/\/permbledhja.com\/#\/schema\/person\/d23f13f59b5722643933d6780783acf3\",\"name\":\"M M\",\"image\":{\"@type\":\"ImageObject\",\"inLanguage\":\"sq\",\"@id\":\"https:\/\/permbledhja.com\/#\/schema\/person\/image\/\",\"url\":\"https:\/\/secure.gravatar.com\/avatar\/e2835a76ca7c31a2416b2d51c4ec9a8f?s=96&d=mm&r=g\",\"contentUrl\":\"https:\/\/secure.gravatar.com\/avatar\/e2835a76ca7c31a2416b2d51c4ec9a8f?s=96&d=mm&r=g\",\"caption\":\"M M\"},\"sameAs\":[\"http:\/\/MM\"],\"url\":\"https:\/\/permbledhja.com\/sq\/author\/muhamet\/\"}]}<\/script>\n<!-- \/ Yoast SEO plugin. -->","yoast_head_json":{"title":"Murati: N\u00eb 2023-\u00ebn investimet kapitale jan\u00eb rritur p\u00ebr 32%","robots":{"index":"index","follow":"follow","max-snippet":"max-snippet:-1","max-image-preview":"max-image-preview:large","max-video-preview":"max-video-preview:-1"},"canonical":"https:\/\/permbledhja.com\/sq\/murati-ne-2023-en-investimet-kapitale-jane-rritur-per-32\/","og_locale":"sq_AL","og_type":"article","og_title":"Murati: N\u00eb 2023-\u00ebn investimet kapitale jan\u00eb rritur p\u00ebr 32%","og_description":"Ministri i Financave, Hekuran Murati, ka th\u00ebn\u00eb se sipas raportit preliminar t\u00eb shpenzimit t\u00eb buxhetit, n\u00eb vitin 2023 shpenzimet jan\u00eb rritur p\u00ebr 13 p\u00ebr qind m\u00eb shum\u00eb, krahasuar me vitin 2022. Murati tha se kategoria q\u00eb \u00ebsht\u00eb rritur m\u00eb s\u00eb shumti n\u00eb vitin 2023 \u00ebsht\u00eb ajo e investimeve kapitale m\u00eb 32 p\u00ebr qind m\u00eb shum\u00eb [&hellip;]","og_url":"https:\/\/permbledhja.com\/sq\/murati-ne-2023-en-investimet-kapitale-jane-rritur-per-32\/","og_site_name":"Ve\u00e7 artikuj p\u00ebrmbledh\u00ebs","article_publisher":"https:\/\/www.facebook.com\/press07\/","article_published_time":"2024-01-09T11:24:28+00:00","og_image":[{"width":1090,"height":655,"url":"https:\/\/permbledhja.com\/wp-content\/uploads\/2023\/12\/hekuranmurati.jpg","type":"image\/jpeg"}],"author":"M M","twitter_card":"summary_large_image","twitter_misc":{"Written by":"M M","Est. reading time":"1 minut\u00eb"},"schema":{"@context":"https:\/\/schema.org","@graph":[{"@type":"Article","@id":"https:\/\/permbledhja.com\/sq\/murati-ne-2023-en-investimet-kapitale-jane-rritur-per-32\/#article","isPartOf":{"@id":"https:\/\/permbledhja.com\/sq\/murati-ne-2023-en-investimet-kapitale-jane-rritur-per-32\/"},"author":{"name":"M M","@id":"https:\/\/permbledhja.com\/#\/schema\/person\/d23f13f59b5722643933d6780783acf3"},"headline":"Murati: N\u00eb 2023-\u00ebn investimet kapitale jan\u00eb rritur p\u00ebr 32%","datePublished":"2024-01-09T11:24:28+00:00","dateModified":"2024-01-09T11:24:28+00:00","mainEntityOfPage":{"@id":"https:\/\/permbledhja.com\/sq\/murati-ne-2023-en-investimet-kapitale-jane-rritur-per-32\/"},"wordCount":178,"publisher":{"@id":"https:\/\/permbledhja.com\/#organization"},"keywords":["Hekuran Murati"],"articleSection":["T\u00eb r\u00ebnd\u00ebsishme"],"inLanguage":"sq"},{"@type":"WebPage","@id":"https:\/\/permbledhja.com\/sq\/murati-ne-2023-en-investimet-kapitale-jane-rritur-per-32\/","url":"https:\/\/permbledhja.com\/sq\/murati-ne-2023-en-investimet-kapitale-jane-rritur-per-32\/","name":"Murati: N\u00eb 2023-\u00ebn investimet kapitale jan\u00eb rritur p\u00ebr 32%","isPartOf":{"@id":"https:\/\/permbledhja.com\/#website"},"datePublished":"2024-01-09T11:24:28+00:00","dateModified":"2024-01-09T11:24:28+00:00","breadcrumb":{"@id":"https:\/\/permbledhja.com\/sq\/murati-ne-2023-en-investimet-kapitale-jane-rritur-per-32\/#breadcrumb"},"inLanguage":"sq","potentialAction":[{"@type":"ReadAction","target":["https:\/\/permbledhja.com\/sq\/murati-ne-2023-en-investimet-kapitale-jane-rritur-per-32\/"]}]},{"@type":"BreadcrumbList","@id":"https:\/\/permbledhja.com\/sq\/murati-ne-2023-en-investimet-kapitale-jane-rritur-per-32\/#breadcrumb","itemListElement":[{"@type":"ListItem","position":1,"name":"Ballina","item":"https:\/\/permbledhja.com\/sq\/"},{"@type":"ListItem","position":2,"name":"Murati: N\u00eb 2023-\u00ebn investimet kapitale jan\u00eb rritur p\u00ebr 32%"}]},{"@type":"WebSite","@id":"https:\/\/permbledhja.com\/#website","url":"https:\/\/permbledhja.com\/","name":"Ve\u00e7 artikuj p\u00ebrmbledh\u00ebs","description":"","publisher":{"@id":"https:\/\/permbledhja.com\/#organization"},"potentialAction":[{"@type":"SearchAction","target":{"@type":"EntryPoint","urlTemplate":"https:\/\/permbledhja.com\/?s={search_term_string}"},"query-input":"required name=search_term_string"}],"inLanguage":"sq"},{"@type":"Organization","@id":"https:\/\/permbledhja.com\/#organization","name":"MK Media & Pr","url":"https:\/\/permbledhja.com\/","logo":{"@type":"ImageObject","inLanguage":"sq","@id":"https:\/\/permbledhja.com\/#\/schema\/logo\/image\/","url":"https:\/\/permbledhja.com\/wp-content\/uploads\/2021\/12\/07-Press-Logo.jpg","contentUrl":"https:\/\/permbledhja.com\/wp-content\/uploads\/2021\/12\/07-Press-Logo.jpg","width":512,"height":512,"caption":"MK Media & Pr"},"image":{"@id":"https:\/\/permbledhja.com\/#\/schema\/logo\/image\/"},"sameAs":["https:\/\/www.facebook.com\/press07\/"]},{"@type":"Person","@id":"https:\/\/permbledhja.com\/#\/schema\/person\/d23f13f59b5722643933d6780783acf3","name":"M M","image":{"@type":"ImageObject","inLanguage":"sq","@id":"https:\/\/permbledhja.com\/#\/schema\/person\/image\/","url":"https:\/\/secure.gravatar.com\/avatar\/e2835a76ca7c31a2416b2d51c4ec9a8f?s=96&d=mm&r=g","contentUrl":"https:\/\/secure.gravatar.com\/avatar\/e2835a76ca7c31a2416b2d51c4ec9a8f?s=96&d=mm&r=g","caption":"M M"},"sameAs":["http:\/\/MM"],"url":"https:\/\/permbledhja.com\/sq\/author\/muhamet\/"}]}},"_links":{"self":[{"href":"https:\/\/permbledhja.com\/sq\/wp-json\/wp\/v2\/posts\/42026"}],"collection":[{"href":"https:\/\/permbledhja.com\/sq\/wp-json\/wp\/v2\/posts"}],"about":[{"href":"https:\/\/permbledhja.com\/sq\/wp-json\/wp\/v2\/types\/post"}],"author":[{"embeddable":true,"href":"https:\/\/permbledhja.com\/sq\/wp-json\/wp\/v2\/users\/2"}],"replies":[{"embeddable":true,"href":"https:\/\/permbledhja.com\/sq\/wp-json\/wp\/v2\/comments?post=42026"}],"version-history":[{"count":1,"href":"https:\/\/permbledhja.com\/sq\/wp-json\/wp\/v2\/posts\/42026\/revisions"}],"predecessor-version":[{"id":42027,"href":"https:\/\/permbledhja.com\/sq\/wp-json\/wp\/v2\/posts\/42026\/revisions\/42027"}],"wp:featuredmedia":[{"embeddable":true,"href":"https:\/\/permbledhja.com\/sq\/wp-json\/wp\/v2\/media\/40116"}],"wp:attachment":[{"href":"https:\/\/permbledhja.com\/sq\/wp-json\/wp\/v2\/media?parent=42026"}],"wp:term":[{"taxonomy":"category","embeddable":true,"href":"https:\/\/permbledhja.com\/sq\/wp-json\/wp\/v2\/categories?post=42026"},{"taxonomy":"post_tag","embeddable":true,"href":"https:\/\/permbledhja.com\/sq\/wp-json\/wp\/v2\/tags?post=42026"}],"curies":[{"name":"wp","href":"https:\/\/api.w.org\/{rel}","templated":true}]}}