{"id":42020,"date":"2024-01-09T11:01:34","date_gmt":"2024-01-09T11:01:34","guid":{"rendered":"https:\/\/permbledhja.com\/?p=42020"},"modified":"2024-01-09T11:01:34","modified_gmt":"2024-01-09T11:01:34","slug":"banesat-pritet-te-shtrenjtohen-edhe-me-shume-kete-vit","status":"publish","type":"post","link":"https:\/\/permbledhja.com\/sq\/banesat-pritet-te-shtrenjtohen-edhe-me-shume-kete-vit\/","title":{"rendered":"Banesat pritet t\u00eb shtrenjtohen edhe m\u00eb shum\u00eb k\u00ebt\u00eb vit"},"content":{"rendered":"<h3>\u00c7mimet n\u00eb sektorin e patundshm\u00ebris\u00eb gjat\u00eb vitit 2023 kan\u00eb sh\u00ebnuar rritje, e cila pritet t\u00eb p\u00ebrcillet edhe gjat\u00eb k\u00ebtij viti.<\/h3>\n<p>K\u00ebshtu vler\u00ebson nj\u00eb agjencion n\u00eb vend q\u00eb merret me patundshm\u00ebri, i cili thot\u00eb se nuk pritet t\u00eb ket\u00eb ulje t\u00eb \u00e7mimit. Por, t\u00eb nj\u00ebjtin mendim nuk e ndan edhe Shoqata e Nd\u00ebrtimtar\u00ebve t\u00eb Kosov\u00ebs. Sipas tyre, deri m\u00eb tani nuk ka ndonj\u00eb indikator q\u00eb mund t\u00eb ndikoj\u00eb n\u00eb rritjen e \u00e7mimeve.<\/p>\n<p>Pronari i nj\u00eb agjencie p\u00ebr patundshm\u00ebri n\u00eb vend, i cili merret me patundshm\u00ebri, qiradh\u00ebnie dhe shitblerje, Dukagjin Avdyli thot\u00eb p\u00ebr KosovaPress se edhe vitin q\u00eb shkoi kishte rritje t\u00eb \u00e7mimeve, nd\u00ebrsa shprehet se rritje do t\u00eb k\u00ebt\u00eb edhe gjat\u00eb k\u00ebtij viti, p\u00ebr shkak se trendi \u00ebsht\u00eb n\u00eb rritje.<\/p>\n<div class=\"code-block code-block-10\"><\/div>\n<p>Avdyli thot\u00eb se n\u00eb rritjen e \u00e7mimeve kan\u00eb ndikuar faktor\u00eb t\u00eb ndrysh\u00ebm, ku nj\u00eb nd\u00ebr to \u00ebsht\u00eb edhe rritja e pagave t\u00eb fuqis\u00eb pun\u00ebtore n\u00eb nd\u00ebrtim.<\/p>\n<p>\u201cN\u00ebse e marrim historikisht n\u00eb koh\u00ebshtrirje prej 10-12 q\u00eb p\u00ebrcjelli un\u00eb, gjithmon\u00eb \u00e7mimet kan\u00eb shkuar duke u shtrenjtuar. Mir\u00ebpo, prej pandemis\u00eb dhe pasluft\u00ebs n\u00eb Ukrain\u00eb, \u00e7mimet jan\u00eb rrit n\u00eb m\u00ebnyr\u00eb drastike. Shembull rreth vitit 2013 n\u00eb Fush\u00eb Kosov\u00eb ka qen\u00eb \u00e7mimi rreth 450 euro p\u00ebr met\u00ebr katror, n\u00eb 2020 kan\u00eb filluar t\u00eb rriten mbi 500 euro, pastaj lufta n\u00eb Ukrain\u00eb i ka quar \u00e7mimet n\u00eb 600 euro, nd\u00ebrsa sivjet ka shkuar \u00e7mimi n\u00eb 700 euro deri n\u00eb 800 euro p\u00ebr met\u00ebr katror n\u00eb Fush\u00eb Kosov\u00eb. Kjo p\u00ebr shkak se \u00e7mimet jan\u00eb rritur n\u00eb \u00e7do sfer\u00eb t\u00eb jet\u00ebs, por edhe p\u00ebr shkak t\u00eb pun\u00ebtor\u00ebve. N\u00ebse nj\u00eb pun\u00ebtor m\u00eb her\u00ebt ka marr\u00eb 600 euro rrog\u00eb, sot e merr 800 deri n\u00eb 1 mij\u00eb n\u00eb nd\u00ebrtim, po ashtu edhe materialet nd\u00ebrtimore t\u00eb gjitha\u2026 Por, s\u00ebrish Fush\u00eb Kosova \u00ebsht\u00eb prej vendeve m\u00eb t\u00eb lira n\u00eb Kosov\u00eb p\u00ebr \u00e7mimet e patundshm\u00ebrive\u201d, thekson ai.<\/p>\n<p>Sipas tij, edhe k\u00ebt\u00eb vit pritet t\u00eb ket\u00eb rritje t\u00eb \u00e7mimeve n\u00eb patundshm\u00ebri.<\/p>\n<div class=\"code-block code-block-2\">\n<div id=\"div-gpt-ad-1704445213800-0\"><\/div>\n<\/div>\n<p>\u201cKa pasur pun\u00eb, \u00ebsht\u00eb nj\u00ebfar\u00eb pune konstante, normalisht \u00e7mimi \u00ebsht\u00eb rritur. Blerje ka pasur, por mendoj q\u00eb s\u00ebrish ka me pas edhe p\u00ebrkund\u00ebr asaj q\u00eb \u00ebsht\u00eb nj\u00eb frik\u00eb q\u00eb do t\u00eb ikin njer\u00ebzit\u2026 (\u00c7mimet) jan\u00eb duke u rritur dhe do t\u00eb rriten ende. Mendoj se nw vitin 2024 nuk do t\u00eb ket\u00eb n\u00ebn 800 euro met\u00ebr katror, ndoshta shkon edhe m\u00eb shum\u00eb, p\u00ebr shkak se trendi \u00ebsht\u00eb n\u00eb rritje, edhe n\u00eb Prishtin\u00eb jan\u00eb rrit shum\u00eb\u201d, thot\u00eb ai.<\/p>\n<p>Kryetari i Shoqat\u00ebs s\u00eb Nd\u00ebrtimtar\u00ebve t\u00eb Kosov\u00ebs, Faton Hoxha thot\u00eb se p\u00ebr fat t\u00eb mir\u00eb n\u00eb vitin q\u00eb lam\u00eb pas, nuk ka pasur shtrenjtim t\u00eb \u00e7mimeve n\u00eb patundshm\u00ebri, porse shton se ka pasur leje m\u00eb pak t\u00eb l\u00ebshuara p\u00ebr nd\u00ebrtim.<\/p>\n<p>\u201cRritja e madhe ka ndodh\u00eb n\u00eb vitin 2022 p\u00ebr shkak t\u00eb rrethanave bot\u00ebrore, jo tek ne, vitin 2023 nuk ka ndonj\u00eb indikacion t\u00eb rritjes s\u00eb m\u00ebtutjeshme, aty-aty jan\u00eb \u00e7mimet n\u00ebp\u00ebr lagje t\u00eb ndryshme. Por, p\u00ebr fat t\u00eb mir\u00eb sivjet nuk pas edhe ndonj\u00eb shtrenjtim t\u00eb duksh\u00ebm t\u00eb materialeve nd\u00ebrtimore. P\u00ebrkund\u00ebr kemi pas nj\u00eb zbritje t\u00eb \u00e7mimit t\u00eb hekurit, p\u00ebrndryshe materialet tjera jan\u00eb n\u00eb nivelin si n\u00eb vitin 2022. Nd\u00ebrtimi sivjet, ka pas m\u00eb pak leje t\u00eb l\u00ebshuara n\u00eb krahasim me vitet e m\u00ebparshme, mir\u00ebpo n\u00ebse ka pas k\u00ebrkes\u00eb m\u00eb pak nuk e kam si informacion. Te ne nuk e determinon \u00e7mimin e banes\u00ebs, vet\u00ebm \u00e7mimi materialeve, mir\u00ebpo kostoja e tok\u00ebs q\u00eb \u00ebsht\u00eb n\u00eb rritje n\u00eb vazhdim\u00ebsi dhe normalisht krahu i pun\u00ebs n\u00eb dy vitet e fundit \u00ebsht\u00eb rrit dhe po shkon duke u rritur, sidomos me k\u00ebt\u00eb friken tash se do t\u00eb migrojn\u00eb gjith\u00eb\u201d,\u00a0thot\u00eb Hoxha.<\/p>\n<p>I pyetur n\u00ebse pritet t\u00eb ket\u00eb rritje t\u00eb \u00e7mimeve n\u00eb k\u00ebt\u00eb drejtim k\u00ebt\u00eb vit, ai thot\u00eb se deri m\u00eb tani nuk ka ndonj\u00eb indikacion q\u00eb mund t\u00eb ket\u00eb rritje.<\/p>\n<p>\u201cNuk ka ndonj\u00eb indikacion q\u00eb do t\u00eb rriten, mir\u00ebpo duhet me pa qysh l\u00ebvizin kur t\u00eb filloj\u00eb sezoni i nd\u00ebrtimit mes shkurtit, si do t\u00eb jen\u00eb \u00e7mimet e materialeve, kostot e tokave e k\u00ebshtu, varet prej rrethanave\u201d,\u00a0shton Hoxha.<\/p>\n<p>Se \u00e7mimet e banesave dhe t\u00eb qiras\u00eb jan\u00eb shtrenjt\u00eb n\u00eb krahasim me standardin e vendit, e thon\u00eb edhe qytetar\u00ebt.<\/p>\n<p>Qytetari, Hasim Ademi thot\u00eb se \u00e7mimet e banesave jan\u00eb mjaft t\u00eb larta, porse askush nuk merret me rregullimin e \u00e7mimit t\u00eb tyre.<\/p>\n<p>\u201c\u00c7doher\u00eb jan\u00eb t\u00eb larta \u00e7mimet n\u00ebse b\u00ebjm\u00eb krahasim me rrogat, \u00e7do artikull \u00ebsht\u00eb shtrenjt\u00eb p\u00ebr ne\u2026 Por, askush nuk shikon p\u00ebr k\u00ebt\u00eb pun\u00eb, ve\u00e7 kush t\u00eb ka mund\u00ebsi merr e shet\u201d,\u00a0thot\u00eb Ademi.<\/p>\n<p>Edhe qytetari, Jakup Zogaj vler\u00ebson se \u00e7mimet e patundshm\u00ebrive jan\u00eb mjaft t\u00eb larta.<\/p>\n<p>\u201cKund\u00ebr t\u00eb ardhurave jan\u00eb shum\u00eb shtrenjt\u00eb, shum\u00eb madje\u2026edhe qiras\u00eb jan\u00eb shtrenjt\u00eb, i nj\u00ebjti sistem \u00ebsht\u00eb\u201d,\u00a0thot\u00eb Zogaj.<\/p>\n<p>Sipas raportit t\u00eb Bank\u00ebs Qendrore t\u00eb Kosov\u00ebs (BQK) p\u00ebr tre mujorin e dyt\u00eb 2023 sektori i patundshm\u00ebris\u00eb mbulon 60.0 p\u00ebr qind e p\u00ebrgjithshme t\u00eb Investimeve t\u00eb Huaja Direkte apo 110.6 milion\u00eb euro p\u00ebr periudh\u00ebn prill-qershor 2023.<\/p>\n","protected":false},"excerpt":{"rendered":"<p>\u00c7mimet n\u00eb sektorin e patundshm\u00ebris\u00eb gjat\u00eb vitit 2023 kan\u00eb sh\u00ebnuar rritje, e cila pritet t\u00eb p\u00ebrcillet edhe gjat\u00eb k\u00ebtij viti. K\u00ebshtu vler\u00ebson nj\u00eb agjencion n\u00eb vend q\u00eb merret me patundshm\u00ebri, i cili thot\u00eb se nuk pritet t\u00eb ket\u00eb ulje t\u00eb \u00e7mimit. Por, t\u00eb nj\u00ebjtin mendim nuk e ndan edhe Shoqata e Nd\u00ebrtimtar\u00ebve t\u00eb Kosov\u00ebs. Sipas [&hellip;]<\/p>\n","protected":false},"author":2,"featured_media":42021,"comment_status":"closed","ping_status":"closed","sticky":false,"template":"","format":"standard","meta":{"_monsterinsights_skip_tracking":false,"_monsterinsights_sitenote_active":false,"_monsterinsights_sitenote_note":"","_monsterinsights_sitenote_category":0,"_uf_show_specific_survey":0,"_uf_disable_surveys":false,"footnotes":""},"categories":[15],"tags":[2883],"yoast_head":"<!-- This site is optimized with the Yoast SEO plugin v21.5 - https:\/\/yoast.com\/wordpress\/plugins\/seo\/ -->\n<title>Banesat pritet t\u00eb shtrenjtohen edhe m\u00eb shum\u00eb k\u00ebt\u00eb vit<\/title>\n<meta name=\"robots\" content=\"index, follow, max-snippet:-1, max-image-preview:large, max-video-preview:-1\" \/>\n<link rel=\"canonical\" href=\"https:\/\/permbledhja.com\/sq\/banesat-pritet-te-shtrenjtohen-edhe-me-shume-kete-vit\/\" \/>\n<meta property=\"og:locale\" content=\"sq_AL\" \/>\n<meta property=\"og:type\" content=\"article\" \/>\n<meta property=\"og:title\" content=\"Banesat pritet t\u00eb shtrenjtohen edhe m\u00eb shum\u00eb k\u00ebt\u00eb vit\" \/>\n<meta property=\"og:description\" content=\"\u00c7mimet n\u00eb sektorin e patundshm\u00ebris\u00eb gjat\u00eb vitit 2023 kan\u00eb sh\u00ebnuar rritje, e cila pritet t\u00eb p\u00ebrcillet edhe gjat\u00eb k\u00ebtij viti. K\u00ebshtu vler\u00ebson nj\u00eb agjencion n\u00eb vend q\u00eb merret me patundshm\u00ebri, i cili thot\u00eb se nuk pritet t\u00eb ket\u00eb ulje t\u00eb \u00e7mimit. Por, t\u00eb nj\u00ebjtin mendim nuk e ndan edhe Shoqata e Nd\u00ebrtimtar\u00ebve t\u00eb Kosov\u00ebs. Sipas [&hellip;]\" \/>\n<meta property=\"og:url\" content=\"https:\/\/permbledhja.com\/sq\/banesat-pritet-te-shtrenjtohen-edhe-me-shume-kete-vit\/\" \/>\n<meta property=\"og:site_name\" content=\"Ve\u00e7 artikuj p\u00ebrmbledh\u00ebs\" \/>\n<meta property=\"article:publisher\" content=\"https:\/\/www.facebook.com\/press07\/\" \/>\n<meta property=\"article:published_time\" content=\"2024-01-09T11:01:34+00:00\" \/>\n<meta property=\"og:image\" content=\"https:\/\/permbledhja.com\/wp-content\/uploads\/2024\/01\/persh.jpg\" \/>\n\t<meta property=\"og:image:width\" content=\"1469\" \/>\n\t<meta property=\"og:image:height\" content=\"749\" \/>\n\t<meta property=\"og:image:type\" content=\"image\/jpeg\" \/>\n<meta name=\"author\" content=\"M M\" \/>\n<meta name=\"twitter:card\" content=\"summary_large_image\" \/>\n<meta name=\"twitter:label1\" content=\"Written by\" \/>\n\t<meta name=\"twitter:data1\" content=\"M M\" \/>\n\t<meta name=\"twitter:label2\" content=\"Est. reading time\" \/>\n\t<meta name=\"twitter:data2\" content=\"5 minuta\" \/>\n<script type=\"application\/ld+json\" class=\"yoast-schema-graph\">{\"@context\":\"https:\/\/schema.org\",\"@graph\":[{\"@type\":\"Article\",\"@id\":\"https:\/\/permbledhja.com\/banesat-pritet-te-shtrenjtohen-edhe-me-shume-kete-vit\/#article\",\"isPartOf\":{\"@id\":\"https:\/\/permbledhja.com\/banesat-pritet-te-shtrenjtohen-edhe-me-shume-kete-vit\/\"},\"author\":{\"name\":\"M M\",\"@id\":\"https:\/\/permbledhja.com\/#\/schema\/person\/d23f13f59b5722643933d6780783acf3\"},\"headline\":\"Banesat pritet t\u00eb shtrenjtohen edhe m\u00eb shum\u00eb k\u00ebt\u00eb vit\",\"datePublished\":\"2024-01-09T11:01:34+00:00\",\"dateModified\":\"2024-01-09T11:01:34+00:00\",\"mainEntityOfPage\":{\"@id\":\"https:\/\/permbledhja.com\/banesat-pritet-te-shtrenjtohen-edhe-me-shume-kete-vit\/\"},\"wordCount\":885,\"publisher\":{\"@id\":\"https:\/\/permbledhja.com\/#organization\"},\"keywords\":[\"Banesat\"],\"articleSection\":[\"Lajme\"],\"inLanguage\":\"sq\"},{\"@type\":\"WebPage\",\"@id\":\"https:\/\/permbledhja.com\/banesat-pritet-te-shtrenjtohen-edhe-me-shume-kete-vit\/\",\"url\":\"https:\/\/permbledhja.com\/banesat-pritet-te-shtrenjtohen-edhe-me-shume-kete-vit\/\",\"name\":\"Banesat pritet t\u00eb shtrenjtohen edhe m\u00eb shum\u00eb k\u00ebt\u00eb vit\",\"isPartOf\":{\"@id\":\"https:\/\/permbledhja.com\/#website\"},\"datePublished\":\"2024-01-09T11:01:34+00:00\",\"dateModified\":\"2024-01-09T11:01:34+00:00\",\"breadcrumb\":{\"@id\":\"https:\/\/permbledhja.com\/banesat-pritet-te-shtrenjtohen-edhe-me-shume-kete-vit\/#breadcrumb\"},\"inLanguage\":\"sq\",\"potentialAction\":[{\"@type\":\"ReadAction\",\"target\":[\"https:\/\/permbledhja.com\/banesat-pritet-te-shtrenjtohen-edhe-me-shume-kete-vit\/\"]}]},{\"@type\":\"BreadcrumbList\",\"@id\":\"https:\/\/permbledhja.com\/banesat-pritet-te-shtrenjtohen-edhe-me-shume-kete-vit\/#breadcrumb\",\"itemListElement\":[{\"@type\":\"ListItem\",\"position\":1,\"name\":\"Ballina\",\"item\":\"https:\/\/permbledhja.com\/sq\/\"},{\"@type\":\"ListItem\",\"position\":2,\"name\":\"Banesat pritet t\u00eb shtrenjtohen edhe m\u00eb shum\u00eb k\u00ebt\u00eb vit\"}]},{\"@type\":\"WebSite\",\"@id\":\"https:\/\/permbledhja.com\/#website\",\"url\":\"https:\/\/permbledhja.com\/\",\"name\":\"Ve\u00e7 artikuj p\u00ebrmbledh\u00ebs\",\"description\":\"\",\"publisher\":{\"@id\":\"https:\/\/permbledhja.com\/#organization\"},\"potentialAction\":[{\"@type\":\"SearchAction\",\"target\":{\"@type\":\"EntryPoint\",\"urlTemplate\":\"https:\/\/permbledhja.com\/?s={search_term_string}\"},\"query-input\":\"required name=search_term_string\"}],\"inLanguage\":\"sq\"},{\"@type\":\"Organization\",\"@id\":\"https:\/\/permbledhja.com\/#organization\",\"name\":\"MK Media & Pr\",\"url\":\"https:\/\/permbledhja.com\/\",\"logo\":{\"@type\":\"ImageObject\",\"inLanguage\":\"sq\",\"@id\":\"https:\/\/permbledhja.com\/#\/schema\/logo\/image\/\",\"url\":\"https:\/\/permbledhja.com\/wp-content\/uploads\/2021\/12\/07-Press-Logo.jpg\",\"contentUrl\":\"https:\/\/permbledhja.com\/wp-content\/uploads\/2021\/12\/07-Press-Logo.jpg\",\"width\":512,\"height\":512,\"caption\":\"MK Media & Pr\"},\"image\":{\"@id\":\"https:\/\/permbledhja.com\/#\/schema\/logo\/image\/\"},\"sameAs\":[\"https:\/\/www.facebook.com\/press07\/\"]},{\"@type\":\"Person\",\"@id\":\"https:\/\/permbledhja.com\/#\/schema\/person\/d23f13f59b5722643933d6780783acf3\",\"name\":\"M M\",\"image\":{\"@type\":\"ImageObject\",\"inLanguage\":\"sq\",\"@id\":\"https:\/\/permbledhja.com\/#\/schema\/person\/image\/\",\"url\":\"https:\/\/secure.gravatar.com\/avatar\/e2835a76ca7c31a2416b2d51c4ec9a8f?s=96&d=mm&r=g\",\"contentUrl\":\"https:\/\/secure.gravatar.com\/avatar\/e2835a76ca7c31a2416b2d51c4ec9a8f?s=96&d=mm&r=g\",\"caption\":\"M M\"},\"sameAs\":[\"http:\/\/MM\"],\"url\":\"https:\/\/permbledhja.com\/sq\/author\/muhamet\/\"}]}<\/script>\n<!-- \/ Yoast SEO plugin. -->","yoast_head_json":{"title":"Banesat pritet t\u00eb shtrenjtohen edhe m\u00eb shum\u00eb k\u00ebt\u00eb vit","robots":{"index":"index","follow":"follow","max-snippet":"max-snippet:-1","max-image-preview":"max-image-preview:large","max-video-preview":"max-video-preview:-1"},"canonical":"https:\/\/permbledhja.com\/sq\/banesat-pritet-te-shtrenjtohen-edhe-me-shume-kete-vit\/","og_locale":"sq_AL","og_type":"article","og_title":"Banesat pritet t\u00eb shtrenjtohen edhe m\u00eb shum\u00eb k\u00ebt\u00eb vit","og_description":"\u00c7mimet n\u00eb sektorin e patundshm\u00ebris\u00eb gjat\u00eb vitit 2023 kan\u00eb sh\u00ebnuar rritje, e cila pritet t\u00eb p\u00ebrcillet edhe gjat\u00eb k\u00ebtij viti. K\u00ebshtu vler\u00ebson nj\u00eb agjencion n\u00eb vend q\u00eb merret me patundshm\u00ebri, i cili thot\u00eb se nuk pritet t\u00eb ket\u00eb ulje t\u00eb \u00e7mimit. Por, t\u00eb nj\u00ebjtin mendim nuk e ndan edhe Shoqata e Nd\u00ebrtimtar\u00ebve t\u00eb Kosov\u00ebs. Sipas [&hellip;]","og_url":"https:\/\/permbledhja.com\/sq\/banesat-pritet-te-shtrenjtohen-edhe-me-shume-kete-vit\/","og_site_name":"Ve\u00e7 artikuj p\u00ebrmbledh\u00ebs","article_publisher":"https:\/\/www.facebook.com\/press07\/","article_published_time":"2024-01-09T11:01:34+00:00","og_image":[{"width":1469,"height":749,"url":"https:\/\/permbledhja.com\/wp-content\/uploads\/2024\/01\/persh.jpg","type":"image\/jpeg"}],"author":"M M","twitter_card":"summary_large_image","twitter_misc":{"Written by":"M M","Est. reading time":"5 minuta"},"schema":{"@context":"https:\/\/schema.org","@graph":[{"@type":"Article","@id":"https:\/\/permbledhja.com\/banesat-pritet-te-shtrenjtohen-edhe-me-shume-kete-vit\/#article","isPartOf":{"@id":"https:\/\/permbledhja.com\/banesat-pritet-te-shtrenjtohen-edhe-me-shume-kete-vit\/"},"author":{"name":"M M","@id":"https:\/\/permbledhja.com\/#\/schema\/person\/d23f13f59b5722643933d6780783acf3"},"headline":"Banesat pritet t\u00eb shtrenjtohen edhe m\u00eb shum\u00eb k\u00ebt\u00eb vit","datePublished":"2024-01-09T11:01:34+00:00","dateModified":"2024-01-09T11:01:34+00:00","mainEntityOfPage":{"@id":"https:\/\/permbledhja.com\/banesat-pritet-te-shtrenjtohen-edhe-me-shume-kete-vit\/"},"wordCount":885,"publisher":{"@id":"https:\/\/permbledhja.com\/#organization"},"keywords":["Banesat"],"articleSection":["Lajme"],"inLanguage":"sq"},{"@type":"WebPage","@id":"https:\/\/permbledhja.com\/banesat-pritet-te-shtrenjtohen-edhe-me-shume-kete-vit\/","url":"https:\/\/permbledhja.com\/banesat-pritet-te-shtrenjtohen-edhe-me-shume-kete-vit\/","name":"Banesat pritet t\u00eb shtrenjtohen edhe m\u00eb shum\u00eb k\u00ebt\u00eb vit","isPartOf":{"@id":"https:\/\/permbledhja.com\/#website"},"datePublished":"2024-01-09T11:01:34+00:00","dateModified":"2024-01-09T11:01:34+00:00","breadcrumb":{"@id":"https:\/\/permbledhja.com\/banesat-pritet-te-shtrenjtohen-edhe-me-shume-kete-vit\/#breadcrumb"},"inLanguage":"sq","potentialAction":[{"@type":"ReadAction","target":["https:\/\/permbledhja.com\/banesat-pritet-te-shtrenjtohen-edhe-me-shume-kete-vit\/"]}]},{"@type":"BreadcrumbList","@id":"https:\/\/permbledhja.com\/banesat-pritet-te-shtrenjtohen-edhe-me-shume-kete-vit\/#breadcrumb","itemListElement":[{"@type":"ListItem","position":1,"name":"Ballina","item":"https:\/\/permbledhja.com\/sq\/"},{"@type":"ListItem","position":2,"name":"Banesat pritet t\u00eb shtrenjtohen edhe m\u00eb shum\u00eb k\u00ebt\u00eb vit"}]},{"@type":"WebSite","@id":"https:\/\/permbledhja.com\/#website","url":"https:\/\/permbledhja.com\/","name":"Ve\u00e7 artikuj p\u00ebrmbledh\u00ebs","description":"","publisher":{"@id":"https:\/\/permbledhja.com\/#organization"},"potentialAction":[{"@type":"SearchAction","target":{"@type":"EntryPoint","urlTemplate":"https:\/\/permbledhja.com\/?s={search_term_string}"},"query-input":"required name=search_term_string"}],"inLanguage":"sq"},{"@type":"Organization","@id":"https:\/\/permbledhja.com\/#organization","name":"MK Media & Pr","url":"https:\/\/permbledhja.com\/","logo":{"@type":"ImageObject","inLanguage":"sq","@id":"https:\/\/permbledhja.com\/#\/schema\/logo\/image\/","url":"https:\/\/permbledhja.com\/wp-content\/uploads\/2021\/12\/07-Press-Logo.jpg","contentUrl":"https:\/\/permbledhja.com\/wp-content\/uploads\/2021\/12\/07-Press-Logo.jpg","width":512,"height":512,"caption":"MK Media & Pr"},"image":{"@id":"https:\/\/permbledhja.com\/#\/schema\/logo\/image\/"},"sameAs":["https:\/\/www.facebook.com\/press07\/"]},{"@type":"Person","@id":"https:\/\/permbledhja.com\/#\/schema\/person\/d23f13f59b5722643933d6780783acf3","name":"M M","image":{"@type":"ImageObject","inLanguage":"sq","@id":"https:\/\/permbledhja.com\/#\/schema\/person\/image\/","url":"https:\/\/secure.gravatar.com\/avatar\/e2835a76ca7c31a2416b2d51c4ec9a8f?s=96&d=mm&r=g","contentUrl":"https:\/\/secure.gravatar.com\/avatar\/e2835a76ca7c31a2416b2d51c4ec9a8f?s=96&d=mm&r=g","caption":"M M"},"sameAs":["http:\/\/MM"],"url":"https:\/\/permbledhja.com\/sq\/author\/muhamet\/"}]}},"_links":{"self":[{"href":"https:\/\/permbledhja.com\/sq\/wp-json\/wp\/v2\/posts\/42020"}],"collection":[{"href":"https:\/\/permbledhja.com\/sq\/wp-json\/wp\/v2\/posts"}],"about":[{"href":"https:\/\/permbledhja.com\/sq\/wp-json\/wp\/v2\/types\/post"}],"author":[{"embeddable":true,"href":"https:\/\/permbledhja.com\/sq\/wp-json\/wp\/v2\/users\/2"}],"replies":[{"embeddable":true,"href":"https:\/\/permbledhja.com\/sq\/wp-json\/wp\/v2\/comments?post=42020"}],"version-history":[{"count":1,"href":"https:\/\/permbledhja.com\/sq\/wp-json\/wp\/v2\/posts\/42020\/revisions"}],"predecessor-version":[{"id":42022,"href":"https:\/\/permbledhja.com\/sq\/wp-json\/wp\/v2\/posts\/42020\/revisions\/42022"}],"wp:featuredmedia":[{"embeddable":true,"href":"https:\/\/permbledhja.com\/sq\/wp-json\/wp\/v2\/media\/42021"}],"wp:attachment":[{"href":"https:\/\/permbledhja.com\/sq\/wp-json\/wp\/v2\/media?parent=42020"}],"wp:term":[{"taxonomy":"category","embeddable":true,"href":"https:\/\/permbledhja.com\/sq\/wp-json\/wp\/v2\/categories?post=42020"},{"taxonomy":"post_tag","embeddable":true,"href":"https:\/\/permbledhja.com\/sq\/wp-json\/wp\/v2\/tags?post=42020"}],"curies":[{"name":"wp","href":"https:\/\/api.w.org\/{rel}","templated":true}]}}