{"id":41897,"date":"2024-01-08T15:47:19","date_gmt":"2024-01-08T15:47:19","guid":{"rendered":"https:\/\/permbledhja.com\/?p=41897"},"modified":"2024-01-08T15:47:19","modified_gmt":"2024-01-08T15:47:19","slug":"vranica-gastronomia-me-e-rrezikuara-nga-ikja-e-punetoreve","status":"publish","type":"post","link":"https:\/\/permbledhja.com\/sq\/vranica-gastronomia-me-e-rrezikuara-nga-ikja-e-punetoreve\/","title":{"rendered":"Vranica: &#8220;Gastronomia m\u00eb e rrezikuara nga ikja e pun\u00ebtor\u00ebve&#8221;"},"content":{"rendered":"<p>Gastronomia po konsiderohet si nd\u00ebr sektor\u00ebt q\u00eb mund t\u00eb atakohet m\u00eb s\u00eb shumti me ikjen e pun\u00ebtor\u00ebve jasht\u00eb shtetit. K\u00ebsisoj, ky sektor ka filluar t\u00eb marr\u00eb pun\u00ebtor\u00eb t\u00eb huaj, tha\u00a0Arian Vranica nga Shoqata e Gastronomeve t\u00eb Kosov\u00ebs.<\/p>\n<p>Ai ka th\u00ebn\u00eb se Kosova q\u00ebndron m\u00eb mir\u00eb se shtetet e rajonit sa i p\u00ebrket pun\u00ebtor\u00ebve t\u00eb k\u00ebtij sektori por q\u00eb rreziku, megjithat\u00eb nuk e sheh si t\u00eb vetmin sektor q\u00eb p\u00ebrballet me munges\u00eb t\u00eb pun\u00ebtor\u00ebve.<\/p>\n<p>Sekretari n\u00eb Shoqat\u00ebn e Gastronom\u00ebve t\u00eb Kosov\u00ebs e konsideron si normale k\u00ebt\u00eb migrim si\u00e7 u ballafaquan edhe shtetet tjera. Ai ka th\u00ebn\u00eb se nuk jan\u00eb p\u00ebrgatitur si\u00e7 duhet p\u00ebr t\u2019u p\u00ebrballur me k\u00ebt\u00eb migrim, teksa konsideron se \u00ebsht\u00eb rritur m\u00eb shum\u00eb vler\u00ebsimi p\u00ebr pun\u00ebtor\u00eb.<\/p>\n<p>\u201cRealisht shum\u00eb sektor jan\u00eb prekur nga liberalizimi i vizave si nj\u00eb mase leht\u00ebsuese e l\u00ebvizjes s\u00eb lir\u00eb t\u00eb njer\u00ebzve, gj\u00eb e cila nuk ka ndodhur m\u00eb her\u00ebt normalisht q\u00eb ka ndiku edhe pak\u00ebz\u00a0 n\u00eb rritjen e panikut n\u00eb popull se \u00ebsht\u00eb nj\u00eb p\u00ebrvoj\u00eb e paprovuar n\u00eb t\u00eb kaluar\u00ebn dhe tashti dometh\u00ebn\u00eb \u00ebsht\u00eb hera par\u00eb\u00a0 q\u00eb ballafaqohemi me nj\u00eb realitet t\u00eb ri por un\u00eb e konsideroj q\u00eb \u00ebsht\u00eb nj\u00eb rrjedhje normale si\u00e7 i ka prekur t\u00eb gjitha vendet tani po hyjm\u00eb n\u00eb at\u00eb vlugun e popujve t\u00eb cil\u00ebt migrojn\u00eb dhe l\u00ebvizin por kjo normalisht do t\u2019i ket\u00eb shqet\u00ebsimet e veta sepse ne si vend nuk kemi p\u00ebrgatitur apo s\u2019jem parap\u00ebrgatitur mjaftuesh\u00ebm\u00a0 ashtu q\u00eb k\u00ebt\u00eb situat\u00eb ta amortizojm\u00eb n\u00eb m\u00ebnyr\u00eb t\u00eb mir\u00eb t\u00eb mundshme por realisht gastronomia \u00ebsht\u00eb nj\u00eb nd\u00ebr sektor\u00ebt q\u00eb do t\u00eb preket nga ky leht\u00ebsim i l\u00ebvizjes bashk\u00ebrisht me sektorin e sh\u00ebndet\u00ebsis\u00eb, me sektorin e nd\u00ebrtimit t\u00eb cilat do t\u00eb ndikojn\u00eb jasht\u00ebzakonisht shume sidomos do t\u00eb k\u00ebt\u00eb nj\u00eb migrim t\u00eb trurit t\u00eb nj\u00eb kategorie demografike nj\u00eb rinie e cila po q\u00eb se \u00ebsht\u00eb aset tep\u00ebr i madh p\u00ebr vendin ton\u00eb n\u00eb kuptimin e vler\u00ebs s\u00eb fuqis\u00eb pun\u00ebtore\u201d,\u00a0ka th\u00ebn\u00eb Vranica.<\/p>\n","protected":false},"excerpt":{"rendered":"<p>Gastronomia po konsiderohet si nd\u00ebr sektor\u00ebt q\u00eb mund t\u00eb atakohet m\u00eb s\u00eb shumti me ikjen e pun\u00ebtor\u00ebve jasht\u00eb shtetit. K\u00ebsisoj, ky sektor ka filluar t\u00eb marr\u00eb pun\u00ebtor\u00eb t\u00eb huaj, tha\u00a0Arian Vranica nga Shoqata e Gastronomeve t\u00eb Kosov\u00ebs. Ai ka th\u00ebn\u00eb se Kosova q\u00ebndron m\u00eb mir\u00eb se shtetet e rajonit sa i p\u00ebrket pun\u00ebtor\u00ebve t\u00eb k\u00ebtij [&hellip;]<\/p>\n","protected":false},"author":5,"featured_media":41898,"comment_status":"closed","ping_status":"closed","sticky":false,"template":"","format":"standard","meta":{"_monsterinsights_skip_tracking":false,"_monsterinsights_sitenote_active":false,"_monsterinsights_sitenote_note":"","_monsterinsights_sitenote_category":0,"_uf_show_specific_survey":0,"_uf_disable_surveys":false,"footnotes":""},"categories":[1146],"tags":[],"yoast_head":"<!-- This site is optimized with the Yoast SEO plugin v21.5 - https:\/\/yoast.com\/wordpress\/plugins\/seo\/ -->\n<title>Vranica: &quot;Gastronomia m\u00eb e rrezikuara nga ikja e pun\u00ebtor\u00ebve&quot;<\/title>\n<meta name=\"robots\" content=\"index, follow, max-snippet:-1, max-image-preview:large, max-video-preview:-1\" \/>\n<link rel=\"canonical\" href=\"https:\/\/permbledhja.com\/sq\/vranica-gastronomia-me-e-rrezikuara-nga-ikja-e-punetoreve\/\" \/>\n<meta property=\"og:locale\" content=\"sq_AL\" \/>\n<meta property=\"og:type\" content=\"article\" \/>\n<meta property=\"og:title\" content=\"Vranica: &quot;Gastronomia m\u00eb e rrezikuara nga ikja e pun\u00ebtor\u00ebve&quot;\" \/>\n<meta property=\"og:description\" content=\"Gastronomia po konsiderohet si nd\u00ebr sektor\u00ebt q\u00eb mund t\u00eb atakohet m\u00eb s\u00eb shumti me ikjen e pun\u00ebtor\u00ebve jasht\u00eb shtetit. K\u00ebsisoj, ky sektor ka filluar t\u00eb marr\u00eb pun\u00ebtor\u00eb t\u00eb huaj, tha\u00a0Arian Vranica nga Shoqata e Gastronomeve t\u00eb Kosov\u00ebs. Ai ka th\u00ebn\u00eb se Kosova q\u00ebndron m\u00eb mir\u00eb se shtetet e rajonit sa i p\u00ebrket pun\u00ebtor\u00ebve t\u00eb k\u00ebtij [&hellip;]\" \/>\n<meta property=\"og:url\" content=\"https:\/\/permbledhja.com\/sq\/vranica-gastronomia-me-e-rrezikuara-nga-ikja-e-punetoreve\/\" \/>\n<meta property=\"og:site_name\" content=\"Ve\u00e7 artikuj p\u00ebrmbledh\u00ebs\" \/>\n<meta property=\"article:publisher\" content=\"https:\/\/www.facebook.com\/press07\/\" \/>\n<meta property=\"article:published_time\" content=\"2024-01-08T15:47:19+00:00\" \/>\n<meta property=\"og:image\" content=\"https:\/\/permbledhja.com\/wp-content\/uploads\/2024\/01\/gastronomia.jpg\" \/>\n\t<meta property=\"og:image:width\" content=\"1023\" \/>\n\t<meta property=\"og:image:height\" content=\"575\" \/>\n\t<meta property=\"og:image:type\" content=\"image\/jpeg\" \/>\n<meta name=\"author\" content=\"DL\" \/>\n<meta name=\"twitter:card\" content=\"summary_large_image\" \/>\n<meta name=\"twitter:label1\" content=\"Written by\" \/>\n\t<meta name=\"twitter:data1\" content=\"DL\" \/>\n\t<meta name=\"twitter:label2\" content=\"Est. reading time\" \/>\n\t<meta name=\"twitter:data2\" content=\"2 minuta\" \/>\n<script type=\"application\/ld+json\" class=\"yoast-schema-graph\">{\"@context\":\"https:\/\/schema.org\",\"@graph\":[{\"@type\":\"Article\",\"@id\":\"https:\/\/permbledhja.com\/vranica-gastronomia-me-e-rrezikuara-nga-ikja-e-punetoreve\/#article\",\"isPartOf\":{\"@id\":\"https:\/\/permbledhja.com\/vranica-gastronomia-me-e-rrezikuara-nga-ikja-e-punetoreve\/\"},\"author\":{\"name\":\"DL\",\"@id\":\"https:\/\/permbledhja.com\/#\/schema\/person\/9c54260cbc4c6f792cb100550491638c\"},\"headline\":\"Vranica: &#8220;Gastronomia m\u00eb e rrezikuara nga ikja e pun\u00ebtor\u00ebve&#8221;\",\"datePublished\":\"2024-01-08T15:47:19+00:00\",\"dateModified\":\"2024-01-08T15:47:19+00:00\",\"mainEntityOfPage\":{\"@id\":\"https:\/\/permbledhja.com\/vranica-gastronomia-me-e-rrezikuara-nga-ikja-e-punetoreve\/\"},\"wordCount\":382,\"publisher\":{\"@id\":\"https:\/\/permbledhja.com\/#organization\"},\"articleSection\":[\"Kryesoret\"],\"inLanguage\":\"sq\"},{\"@type\":\"WebPage\",\"@id\":\"https:\/\/permbledhja.com\/vranica-gastronomia-me-e-rrezikuara-nga-ikja-e-punetoreve\/\",\"url\":\"https:\/\/permbledhja.com\/vranica-gastronomia-me-e-rrezikuara-nga-ikja-e-punetoreve\/\",\"name\":\"Vranica: \\\"Gastronomia m\u00eb e rrezikuara nga ikja e pun\u00ebtor\u00ebve\\\"\",\"isPartOf\":{\"@id\":\"https:\/\/permbledhja.com\/#website\"},\"datePublished\":\"2024-01-08T15:47:19+00:00\",\"dateModified\":\"2024-01-08T15:47:19+00:00\",\"breadcrumb\":{\"@id\":\"https:\/\/permbledhja.com\/vranica-gastronomia-me-e-rrezikuara-nga-ikja-e-punetoreve\/#breadcrumb\"},\"inLanguage\":\"sq\",\"potentialAction\":[{\"@type\":\"ReadAction\",\"target\":[\"https:\/\/permbledhja.com\/vranica-gastronomia-me-e-rrezikuara-nga-ikja-e-punetoreve\/\"]}]},{\"@type\":\"BreadcrumbList\",\"@id\":\"https:\/\/permbledhja.com\/vranica-gastronomia-me-e-rrezikuara-nga-ikja-e-punetoreve\/#breadcrumb\",\"itemListElement\":[{\"@type\":\"ListItem\",\"position\":1,\"name\":\"Ballina\",\"item\":\"https:\/\/permbledhja.com\/sq\/\"},{\"@type\":\"ListItem\",\"position\":2,\"name\":\"Vranica: &#8220;Gastronomia m\u00eb e rrezikuara nga ikja e pun\u00ebtor\u00ebve&#8221;\"}]},{\"@type\":\"WebSite\",\"@id\":\"https:\/\/permbledhja.com\/#website\",\"url\":\"https:\/\/permbledhja.com\/\",\"name\":\"Ve\u00e7 artikuj p\u00ebrmbledh\u00ebs\",\"description\":\"\",\"publisher\":{\"@id\":\"https:\/\/permbledhja.com\/#organization\"},\"potentialAction\":[{\"@type\":\"SearchAction\",\"target\":{\"@type\":\"EntryPoint\",\"urlTemplate\":\"https:\/\/permbledhja.com\/?s={search_term_string}\"},\"query-input\":\"required name=search_term_string\"}],\"inLanguage\":\"sq\"},{\"@type\":\"Organization\",\"@id\":\"https:\/\/permbledhja.com\/#organization\",\"name\":\"MK Media & Pr\",\"url\":\"https:\/\/permbledhja.com\/\",\"logo\":{\"@type\":\"ImageObject\",\"inLanguage\":\"sq\",\"@id\":\"https:\/\/permbledhja.com\/#\/schema\/logo\/image\/\",\"url\":\"https:\/\/permbledhja.com\/wp-content\/uploads\/2021\/12\/07-Press-Logo.jpg\",\"contentUrl\":\"https:\/\/permbledhja.com\/wp-content\/uploads\/2021\/12\/07-Press-Logo.jpg\",\"width\":512,\"height\":512,\"caption\":\"MK Media & Pr\"},\"image\":{\"@id\":\"https:\/\/permbledhja.com\/#\/schema\/logo\/image\/\"},\"sameAs\":[\"https:\/\/www.facebook.com\/press07\/\"]},{\"@type\":\"Person\",\"@id\":\"https:\/\/permbledhja.com\/#\/schema\/person\/9c54260cbc4c6f792cb100550491638c\",\"name\":\"DL\",\"image\":{\"@type\":\"ImageObject\",\"inLanguage\":\"sq\",\"@id\":\"https:\/\/permbledhja.com\/#\/schema\/person\/image\/\",\"url\":\"https:\/\/secure.gravatar.com\/avatar\/94503eb28d4c4b2005a5c8753e35fc80?s=96&d=mm&r=g\",\"contentUrl\":\"https:\/\/secure.gravatar.com\/avatar\/94503eb28d4c4b2005a5c8753e35fc80?s=96&d=mm&r=g\",\"caption\":\"DL\"},\"url\":\"https:\/\/permbledhja.com\/sq\/author\/dl\/\"}]}<\/script>\n<!-- \/ Yoast SEO plugin. -->","yoast_head_json":{"title":"Vranica: \"Gastronomia m\u00eb e rrezikuara nga ikja e pun\u00ebtor\u00ebve\"","robots":{"index":"index","follow":"follow","max-snippet":"max-snippet:-1","max-image-preview":"max-image-preview:large","max-video-preview":"max-video-preview:-1"},"canonical":"https:\/\/permbledhja.com\/sq\/vranica-gastronomia-me-e-rrezikuara-nga-ikja-e-punetoreve\/","og_locale":"sq_AL","og_type":"article","og_title":"Vranica: \"Gastronomia m\u00eb e rrezikuara nga ikja e pun\u00ebtor\u00ebve\"","og_description":"Gastronomia po konsiderohet si nd\u00ebr sektor\u00ebt q\u00eb mund t\u00eb atakohet m\u00eb s\u00eb shumti me ikjen e pun\u00ebtor\u00ebve jasht\u00eb shtetit. K\u00ebsisoj, ky sektor ka filluar t\u00eb marr\u00eb pun\u00ebtor\u00eb t\u00eb huaj, tha\u00a0Arian Vranica nga Shoqata e Gastronomeve t\u00eb Kosov\u00ebs. Ai ka th\u00ebn\u00eb se Kosova q\u00ebndron m\u00eb mir\u00eb se shtetet e rajonit sa i p\u00ebrket pun\u00ebtor\u00ebve t\u00eb k\u00ebtij [&hellip;]","og_url":"https:\/\/permbledhja.com\/sq\/vranica-gastronomia-me-e-rrezikuara-nga-ikja-e-punetoreve\/","og_site_name":"Ve\u00e7 artikuj p\u00ebrmbledh\u00ebs","article_publisher":"https:\/\/www.facebook.com\/press07\/","article_published_time":"2024-01-08T15:47:19+00:00","og_image":[{"width":1023,"height":575,"url":"https:\/\/permbledhja.com\/wp-content\/uploads\/2024\/01\/gastronomia.jpg","type":"image\/jpeg"}],"author":"DL","twitter_card":"summary_large_image","twitter_misc":{"Written by":"DL","Est. reading time":"2 minuta"},"schema":{"@context":"https:\/\/schema.org","@graph":[{"@type":"Article","@id":"https:\/\/permbledhja.com\/vranica-gastronomia-me-e-rrezikuara-nga-ikja-e-punetoreve\/#article","isPartOf":{"@id":"https:\/\/permbledhja.com\/vranica-gastronomia-me-e-rrezikuara-nga-ikja-e-punetoreve\/"},"author":{"name":"DL","@id":"https:\/\/permbledhja.com\/#\/schema\/person\/9c54260cbc4c6f792cb100550491638c"},"headline":"Vranica: &#8220;Gastronomia m\u00eb e rrezikuara nga ikja e pun\u00ebtor\u00ebve&#8221;","datePublished":"2024-01-08T15:47:19+00:00","dateModified":"2024-01-08T15:47:19+00:00","mainEntityOfPage":{"@id":"https:\/\/permbledhja.com\/vranica-gastronomia-me-e-rrezikuara-nga-ikja-e-punetoreve\/"},"wordCount":382,"publisher":{"@id":"https:\/\/permbledhja.com\/#organization"},"articleSection":["Kryesoret"],"inLanguage":"sq"},{"@type":"WebPage","@id":"https:\/\/permbledhja.com\/vranica-gastronomia-me-e-rrezikuara-nga-ikja-e-punetoreve\/","url":"https:\/\/permbledhja.com\/vranica-gastronomia-me-e-rrezikuara-nga-ikja-e-punetoreve\/","name":"Vranica: \"Gastronomia m\u00eb e rrezikuara nga ikja e pun\u00ebtor\u00ebve\"","isPartOf":{"@id":"https:\/\/permbledhja.com\/#website"},"datePublished":"2024-01-08T15:47:19+00:00","dateModified":"2024-01-08T15:47:19+00:00","breadcrumb":{"@id":"https:\/\/permbledhja.com\/vranica-gastronomia-me-e-rrezikuara-nga-ikja-e-punetoreve\/#breadcrumb"},"inLanguage":"sq","potentialAction":[{"@type":"ReadAction","target":["https:\/\/permbledhja.com\/vranica-gastronomia-me-e-rrezikuara-nga-ikja-e-punetoreve\/"]}]},{"@type":"BreadcrumbList","@id":"https:\/\/permbledhja.com\/vranica-gastronomia-me-e-rrezikuara-nga-ikja-e-punetoreve\/#breadcrumb","itemListElement":[{"@type":"ListItem","position":1,"name":"Ballina","item":"https:\/\/permbledhja.com\/sq\/"},{"@type":"ListItem","position":2,"name":"Vranica: &#8220;Gastronomia m\u00eb e rrezikuara nga ikja e pun\u00ebtor\u00ebve&#8221;"}]},{"@type":"WebSite","@id":"https:\/\/permbledhja.com\/#website","url":"https:\/\/permbledhja.com\/","name":"Ve\u00e7 artikuj p\u00ebrmbledh\u00ebs","description":"","publisher":{"@id":"https:\/\/permbledhja.com\/#organization"},"potentialAction":[{"@type":"SearchAction","target":{"@type":"EntryPoint","urlTemplate":"https:\/\/permbledhja.com\/?s={search_term_string}"},"query-input":"required name=search_term_string"}],"inLanguage":"sq"},{"@type":"Organization","@id":"https:\/\/permbledhja.com\/#organization","name":"MK Media & Pr","url":"https:\/\/permbledhja.com\/","logo":{"@type":"ImageObject","inLanguage":"sq","@id":"https:\/\/permbledhja.com\/#\/schema\/logo\/image\/","url":"https:\/\/permbledhja.com\/wp-content\/uploads\/2021\/12\/07-Press-Logo.jpg","contentUrl":"https:\/\/permbledhja.com\/wp-content\/uploads\/2021\/12\/07-Press-Logo.jpg","width":512,"height":512,"caption":"MK Media & Pr"},"image":{"@id":"https:\/\/permbledhja.com\/#\/schema\/logo\/image\/"},"sameAs":["https:\/\/www.facebook.com\/press07\/"]},{"@type":"Person","@id":"https:\/\/permbledhja.com\/#\/schema\/person\/9c54260cbc4c6f792cb100550491638c","name":"DL","image":{"@type":"ImageObject","inLanguage":"sq","@id":"https:\/\/permbledhja.com\/#\/schema\/person\/image\/","url":"https:\/\/secure.gravatar.com\/avatar\/94503eb28d4c4b2005a5c8753e35fc80?s=96&d=mm&r=g","contentUrl":"https:\/\/secure.gravatar.com\/avatar\/94503eb28d4c4b2005a5c8753e35fc80?s=96&d=mm&r=g","caption":"DL"},"url":"https:\/\/permbledhja.com\/sq\/author\/dl\/"}]}},"_links":{"self":[{"href":"https:\/\/permbledhja.com\/sq\/wp-json\/wp\/v2\/posts\/41897"}],"collection":[{"href":"https:\/\/permbledhja.com\/sq\/wp-json\/wp\/v2\/posts"}],"about":[{"href":"https:\/\/permbledhja.com\/sq\/wp-json\/wp\/v2\/types\/post"}],"author":[{"embeddable":true,"href":"https:\/\/permbledhja.com\/sq\/wp-json\/wp\/v2\/users\/5"}],"replies":[{"embeddable":true,"href":"https:\/\/permbledhja.com\/sq\/wp-json\/wp\/v2\/comments?post=41897"}],"version-history":[{"count":1,"href":"https:\/\/permbledhja.com\/sq\/wp-json\/wp\/v2\/posts\/41897\/revisions"}],"predecessor-version":[{"id":41899,"href":"https:\/\/permbledhja.com\/sq\/wp-json\/wp\/v2\/posts\/41897\/revisions\/41899"}],"wp:featuredmedia":[{"embeddable":true,"href":"https:\/\/permbledhja.com\/sq\/wp-json\/wp\/v2\/media\/41898"}],"wp:attachment":[{"href":"https:\/\/permbledhja.com\/sq\/wp-json\/wp\/v2\/media?parent=41897"}],"wp:term":[{"taxonomy":"category","embeddable":true,"href":"https:\/\/permbledhja.com\/sq\/wp-json\/wp\/v2\/categories?post=41897"},{"taxonomy":"post_tag","embeddable":true,"href":"https:\/\/permbledhja.com\/sq\/wp-json\/wp\/v2\/tags?post=41897"}],"curies":[{"name":"wp","href":"https:\/\/api.w.org\/{rel}","templated":true}]}}