{"id":41895,"date":"2024-01-08T15:27:34","date_gmt":"2024-01-08T15:27:34","guid":{"rendered":"https:\/\/permbledhja.com\/?p=41895"},"modified":"2024-01-08T15:27:34","modified_gmt":"2024-01-08T15:27:34","slug":"berjani-shpresojme-se-kete-vit-do-te-kemi-cmime-me-te-ulta-te-derivateve","status":"publish","type":"post","link":"https:\/\/permbledhja.com\/sq\/berjani-shpresojme-se-kete-vit-do-te-kemi-cmime-me-te-ulta-te-derivateve\/","title":{"rendered":"Berjani: Shpresojm\u00eb se k\u00ebt\u00eb vit do t\u00eb kemi \u00e7mime m\u00eb t\u00eb ulta t\u00eb derivateve"},"content":{"rendered":"<p>\u00c7mimet e derivateve n\u00eb Kosov\u00eb, vazhdojn\u00eb t\u00eb jen\u00eb 1.30 cent deri n\u00eb 1.39 cent p\u00ebr Diesel dhe 1.26-1.30 cent p\u00ebr benzine.<\/p>\n<p>Kryetari I Shoqat\u00ebs s\u00eb Naft\u00ebtar\u00ebve t\u00eb Kosov\u00ebs Fadil Berjani ka th\u00ebn\u00eb se shpreson se n\u00eb k\u00ebt\u00eb vit \u00e7mimet e derivateve t\u00eb jen\u00eb m\u00eb t\u00eb ulta.<\/p>\n<p>\u201cViti 2023 qe e lam pas, ka qen\u00eb \u00a0me \u00e7mime te arsyeshme dieseli \u00a01.30 cent deri 1.39 cent, nd\u00ebrsa benzina 1.26 cent deri 130 cent. \u00a0Po k\u00ebto \u00e7mime i kemi edhe sot. Me shpres\u00eb q\u00eb n\u00eb vitin 2024 \u00e7mimet e derivateve t\u00eb jen\u00eb m\u00eb t\u00eb ulta . Vitin qe e lam\u00eb pas ishte me shum\u00eb sfida dhe probleme. D\u00ebshiroj qe viti 2024 t\u00eb jet\u00eb m\u00eb i favorsh\u00ebm p\u00ebr ne dhe qytetar\u00ebt tan\u00eb, ku me shpres\u00eb do t\u2019i kemi \u00e7mimet m\u00eb t\u00eb ulta n\u00eb tregun kosovar, \u00e7mime m\u00eb t\u00eb volitshme\u201d, tha ai.<\/p>\n<p>Nd\u00ebrsa thot\u00eb se \u00e7mimet e derivateve n\u00eb Kosov\u00eb vazhdojn\u00eb t\u00eb jen\u00eb m\u00eb t\u00eb ultat n\u00eb rajon, p\u00ebrve\u00e7 Maqedonis\u00eb s\u00eb Veriut. Megjithat\u00eb thot\u00eb se duke pasur parasysh gjendjen ekonomike n\u00eb vend, \u00e7mimi real do t\u00eb duhej t\u00eb ishte 1 euro.<\/p>\n<p>\u201cJemi tregu m\u00eb i lir\u00eb n\u00eb regjion perve\u00e7 \u00a0Maqedonis\u00eb Veriore, e cila e ka akcizen ma te ult per 22 cent. Megjithat\u00eb \u00e7mimi real p\u00ebr qytetar\u00ebt \u00a0duke pasur parasysh gjendjen ekonomike \u00e7fare e kemi, kishte me qen\u00eb 1\u20ac. Por kjo nuk varet nga shoqata dhe as nga Qeveria, por nga Berza dhe organizata prodhuese OPEC\u201d, tha Berjani.<\/p>\n<p>Ndryshe sipas tij \u00e7mimet n\u00eb Shqip\u00ebri jan\u00eb Dieseli 1.81 cent dhe Benzina 1.80 cent. Nd\u00ebrkaq n\u00eb Serbi \u00e7mimet e dieselit jan\u00eb \u00a01.70 cent dhe benzina 1.72 cent, shkruan IndeksOnline, p\u00ebrcjell 07Press.<\/p>\n","protected":false},"excerpt":{"rendered":"<p>\u00c7mimet e derivateve n\u00eb Kosov\u00eb, vazhdojn\u00eb t\u00eb jen\u00eb 1.30 cent deri n\u00eb 1.39 cent p\u00ebr Diesel dhe 1.26-1.30 cent p\u00ebr benzine. Kryetari I Shoqat\u00ebs s\u00eb Naft\u00ebtar\u00ebve t\u00eb Kosov\u00ebs Fadil Berjani ka th\u00ebn\u00eb se shpreson se n\u00eb k\u00ebt\u00eb vit \u00e7mimet e derivateve t\u00eb jen\u00eb m\u00eb t\u00eb ulta. \u201cViti 2023 qe e lam pas, ka qen\u00eb \u00a0me [&hellip;]<\/p>\n","protected":false},"author":5,"featured_media":21052,"comment_status":"closed","ping_status":"closed","sticky":false,"template":"","format":"standard","meta":{"_monsterinsights_skip_tracking":false,"_monsterinsights_sitenote_active":false,"_monsterinsights_sitenote_note":"","_monsterinsights_sitenote_category":0,"_uf_show_specific_survey":0,"_uf_disable_surveys":false,"footnotes":""},"categories":[15],"tags":[],"yoast_head":"<!-- This site is optimized with the Yoast SEO plugin v21.5 - https:\/\/yoast.com\/wordpress\/plugins\/seo\/ -->\n<title>Berjani: Shpresojm\u00eb se k\u00ebt\u00eb vit do t\u00eb kemi \u00e7mime m\u00eb t\u00eb ulta t\u00eb derivateve<\/title>\n<meta name=\"robots\" content=\"index, follow, max-snippet:-1, max-image-preview:large, max-video-preview:-1\" \/>\n<link rel=\"canonical\" href=\"https:\/\/permbledhja.com\/sq\/berjani-shpresojme-se-kete-vit-do-te-kemi-cmime-me-te-ulta-te-derivateve\/\" \/>\n<meta property=\"og:locale\" content=\"sq_AL\" \/>\n<meta property=\"og:type\" content=\"article\" \/>\n<meta property=\"og:title\" content=\"Berjani: Shpresojm\u00eb se k\u00ebt\u00eb vit do t\u00eb kemi \u00e7mime m\u00eb t\u00eb ulta t\u00eb derivateve\" \/>\n<meta property=\"og:description\" content=\"\u00c7mimet e derivateve n\u00eb Kosov\u00eb, vazhdojn\u00eb t\u00eb jen\u00eb 1.30 cent deri n\u00eb 1.39 cent p\u00ebr Diesel dhe 1.26-1.30 cent p\u00ebr benzine. Kryetari I Shoqat\u00ebs s\u00eb Naft\u00ebtar\u00ebve t\u00eb Kosov\u00ebs Fadil Berjani ka th\u00ebn\u00eb se shpreson se n\u00eb k\u00ebt\u00eb vit \u00e7mimet e derivateve t\u00eb jen\u00eb m\u00eb t\u00eb ulta. \u201cViti 2023 qe e lam pas, ka qen\u00eb \u00a0me [&hellip;]\" \/>\n<meta property=\"og:url\" content=\"https:\/\/permbledhja.com\/sq\/berjani-shpresojme-se-kete-vit-do-te-kemi-cmime-me-te-ulta-te-derivateve\/\" \/>\n<meta property=\"og:site_name\" content=\"Ve\u00e7 artikuj p\u00ebrmbledh\u00ebs\" \/>\n<meta property=\"article:publisher\" content=\"https:\/\/www.facebook.com\/press07\/\" \/>\n<meta property=\"article:published_time\" content=\"2024-01-08T15:27:34+00:00\" \/>\n<meta property=\"og:image\" content=\"https:\/\/permbledhja.com\/wp-content\/uploads\/2023\/07\/cmimi-nafta.jpg\" \/>\n\t<meta property=\"og:image:width\" content=\"1000\" \/>\n\t<meta property=\"og:image:height\" content=\"600\" \/>\n\t<meta property=\"og:image:type\" content=\"image\/jpeg\" \/>\n<meta name=\"author\" content=\"DL\" \/>\n<meta name=\"twitter:card\" content=\"summary_large_image\" \/>\n<meta name=\"twitter:label1\" content=\"Written by\" \/>\n\t<meta name=\"twitter:data1\" content=\"DL\" \/>\n\t<meta name=\"twitter:label2\" content=\"Est. reading time\" \/>\n\t<meta name=\"twitter:data2\" content=\"2 minuta\" \/>\n<script type=\"application\/ld+json\" class=\"yoast-schema-graph\">{\"@context\":\"https:\/\/schema.org\",\"@graph\":[{\"@type\":\"Article\",\"@id\":\"https:\/\/permbledhja.com\/sq\/berjani-shpresojme-se-kete-vit-do-te-kemi-cmime-me-te-ulta-te-derivateve\/#article\",\"isPartOf\":{\"@id\":\"https:\/\/permbledhja.com\/sq\/berjani-shpresojme-se-kete-vit-do-te-kemi-cmime-me-te-ulta-te-derivateve\/\"},\"author\":{\"name\":\"DL\",\"@id\":\"https:\/\/permbledhja.com\/#\/schema\/person\/9c54260cbc4c6f792cb100550491638c\"},\"headline\":\"Berjani: Shpresojm\u00eb se k\u00ebt\u00eb vit do t\u00eb kemi \u00e7mime m\u00eb t\u00eb ulta t\u00eb derivateve\",\"datePublished\":\"2024-01-08T15:27:34+00:00\",\"dateModified\":\"2024-01-08T15:27:34+00:00\",\"mainEntityOfPage\":{\"@id\":\"https:\/\/permbledhja.com\/sq\/berjani-shpresojme-se-kete-vit-do-te-kemi-cmime-me-te-ulta-te-derivateve\/\"},\"wordCount\":284,\"publisher\":{\"@id\":\"https:\/\/permbledhja.com\/#organization\"},\"articleSection\":[\"Lajme\"],\"inLanguage\":\"sq\"},{\"@type\":\"WebPage\",\"@id\":\"https:\/\/permbledhja.com\/sq\/berjani-shpresojme-se-kete-vit-do-te-kemi-cmime-me-te-ulta-te-derivateve\/\",\"url\":\"https:\/\/permbledhja.com\/sq\/berjani-shpresojme-se-kete-vit-do-te-kemi-cmime-me-te-ulta-te-derivateve\/\",\"name\":\"Berjani: Shpresojm\u00eb se k\u00ebt\u00eb vit do t\u00eb kemi \u00e7mime m\u00eb t\u00eb ulta t\u00eb derivateve\",\"isPartOf\":{\"@id\":\"https:\/\/permbledhja.com\/#website\"},\"datePublished\":\"2024-01-08T15:27:34+00:00\",\"dateModified\":\"2024-01-08T15:27:34+00:00\",\"breadcrumb\":{\"@id\":\"https:\/\/permbledhja.com\/sq\/berjani-shpresojme-se-kete-vit-do-te-kemi-cmime-me-te-ulta-te-derivateve\/#breadcrumb\"},\"inLanguage\":\"sq\",\"potentialAction\":[{\"@type\":\"ReadAction\",\"target\":[\"https:\/\/permbledhja.com\/sq\/berjani-shpresojme-se-kete-vit-do-te-kemi-cmime-me-te-ulta-te-derivateve\/\"]}]},{\"@type\":\"BreadcrumbList\",\"@id\":\"https:\/\/permbledhja.com\/sq\/berjani-shpresojme-se-kete-vit-do-te-kemi-cmime-me-te-ulta-te-derivateve\/#breadcrumb\",\"itemListElement\":[{\"@type\":\"ListItem\",\"position\":1,\"name\":\"Ballina\",\"item\":\"https:\/\/permbledhja.com\/sq\/\"},{\"@type\":\"ListItem\",\"position\":2,\"name\":\"Berjani: Shpresojm\u00eb se k\u00ebt\u00eb vit do t\u00eb kemi \u00e7mime m\u00eb t\u00eb ulta t\u00eb derivateve\"}]},{\"@type\":\"WebSite\",\"@id\":\"https:\/\/permbledhja.com\/#website\",\"url\":\"https:\/\/permbledhja.com\/\",\"name\":\"Ve\u00e7 artikuj p\u00ebrmbledh\u00ebs\",\"description\":\"\",\"publisher\":{\"@id\":\"https:\/\/permbledhja.com\/#organization\"},\"potentialAction\":[{\"@type\":\"SearchAction\",\"target\":{\"@type\":\"EntryPoint\",\"urlTemplate\":\"https:\/\/permbledhja.com\/?s={search_term_string}\"},\"query-input\":\"required name=search_term_string\"}],\"inLanguage\":\"sq\"},{\"@type\":\"Organization\",\"@id\":\"https:\/\/permbledhja.com\/#organization\",\"name\":\"MK Media & Pr\",\"url\":\"https:\/\/permbledhja.com\/\",\"logo\":{\"@type\":\"ImageObject\",\"inLanguage\":\"sq\",\"@id\":\"https:\/\/permbledhja.com\/#\/schema\/logo\/image\/\",\"url\":\"https:\/\/permbledhja.com\/wp-content\/uploads\/2021\/12\/07-Press-Logo.jpg\",\"contentUrl\":\"https:\/\/permbledhja.com\/wp-content\/uploads\/2021\/12\/07-Press-Logo.jpg\",\"width\":512,\"height\":512,\"caption\":\"MK Media & Pr\"},\"image\":{\"@id\":\"https:\/\/permbledhja.com\/#\/schema\/logo\/image\/\"},\"sameAs\":[\"https:\/\/www.facebook.com\/press07\/\"]},{\"@type\":\"Person\",\"@id\":\"https:\/\/permbledhja.com\/#\/schema\/person\/9c54260cbc4c6f792cb100550491638c\",\"name\":\"DL\",\"image\":{\"@type\":\"ImageObject\",\"inLanguage\":\"sq\",\"@id\":\"https:\/\/permbledhja.com\/#\/schema\/person\/image\/\",\"url\":\"https:\/\/secure.gravatar.com\/avatar\/94503eb28d4c4b2005a5c8753e35fc80?s=96&d=mm&r=g\",\"contentUrl\":\"https:\/\/secure.gravatar.com\/avatar\/94503eb28d4c4b2005a5c8753e35fc80?s=96&d=mm&r=g\",\"caption\":\"DL\"},\"url\":\"https:\/\/permbledhja.com\/sq\/author\/dl\/\"}]}<\/script>\n<!-- \/ Yoast SEO plugin. -->","yoast_head_json":{"title":"Berjani: Shpresojm\u00eb se k\u00ebt\u00eb vit do t\u00eb kemi \u00e7mime m\u00eb t\u00eb ulta t\u00eb derivateve","robots":{"index":"index","follow":"follow","max-snippet":"max-snippet:-1","max-image-preview":"max-image-preview:large","max-video-preview":"max-video-preview:-1"},"canonical":"https:\/\/permbledhja.com\/sq\/berjani-shpresojme-se-kete-vit-do-te-kemi-cmime-me-te-ulta-te-derivateve\/","og_locale":"sq_AL","og_type":"article","og_title":"Berjani: Shpresojm\u00eb se k\u00ebt\u00eb vit do t\u00eb kemi \u00e7mime m\u00eb t\u00eb ulta t\u00eb derivateve","og_description":"\u00c7mimet e derivateve n\u00eb Kosov\u00eb, vazhdojn\u00eb t\u00eb jen\u00eb 1.30 cent deri n\u00eb 1.39 cent p\u00ebr Diesel dhe 1.26-1.30 cent p\u00ebr benzine. Kryetari I Shoqat\u00ebs s\u00eb Naft\u00ebtar\u00ebve t\u00eb Kosov\u00ebs Fadil Berjani ka th\u00ebn\u00eb se shpreson se n\u00eb k\u00ebt\u00eb vit \u00e7mimet e derivateve t\u00eb jen\u00eb m\u00eb t\u00eb ulta. \u201cViti 2023 qe e lam pas, ka qen\u00eb \u00a0me [&hellip;]","og_url":"https:\/\/permbledhja.com\/sq\/berjani-shpresojme-se-kete-vit-do-te-kemi-cmime-me-te-ulta-te-derivateve\/","og_site_name":"Ve\u00e7 artikuj p\u00ebrmbledh\u00ebs","article_publisher":"https:\/\/www.facebook.com\/press07\/","article_published_time":"2024-01-08T15:27:34+00:00","og_image":[{"width":1000,"height":600,"url":"https:\/\/permbledhja.com\/wp-content\/uploads\/2023\/07\/cmimi-nafta.jpg","type":"image\/jpeg"}],"author":"DL","twitter_card":"summary_large_image","twitter_misc":{"Written by":"DL","Est. reading time":"2 minuta"},"schema":{"@context":"https:\/\/schema.org","@graph":[{"@type":"Article","@id":"https:\/\/permbledhja.com\/sq\/berjani-shpresojme-se-kete-vit-do-te-kemi-cmime-me-te-ulta-te-derivateve\/#article","isPartOf":{"@id":"https:\/\/permbledhja.com\/sq\/berjani-shpresojme-se-kete-vit-do-te-kemi-cmime-me-te-ulta-te-derivateve\/"},"author":{"name":"DL","@id":"https:\/\/permbledhja.com\/#\/schema\/person\/9c54260cbc4c6f792cb100550491638c"},"headline":"Berjani: Shpresojm\u00eb se k\u00ebt\u00eb vit do t\u00eb kemi \u00e7mime m\u00eb t\u00eb ulta t\u00eb derivateve","datePublished":"2024-01-08T15:27:34+00:00","dateModified":"2024-01-08T15:27:34+00:00","mainEntityOfPage":{"@id":"https:\/\/permbledhja.com\/sq\/berjani-shpresojme-se-kete-vit-do-te-kemi-cmime-me-te-ulta-te-derivateve\/"},"wordCount":284,"publisher":{"@id":"https:\/\/permbledhja.com\/#organization"},"articleSection":["Lajme"],"inLanguage":"sq"},{"@type":"WebPage","@id":"https:\/\/permbledhja.com\/sq\/berjani-shpresojme-se-kete-vit-do-te-kemi-cmime-me-te-ulta-te-derivateve\/","url":"https:\/\/permbledhja.com\/sq\/berjani-shpresojme-se-kete-vit-do-te-kemi-cmime-me-te-ulta-te-derivateve\/","name":"Berjani: Shpresojm\u00eb se k\u00ebt\u00eb vit do t\u00eb kemi \u00e7mime m\u00eb t\u00eb ulta t\u00eb derivateve","isPartOf":{"@id":"https:\/\/permbledhja.com\/#website"},"datePublished":"2024-01-08T15:27:34+00:00","dateModified":"2024-01-08T15:27:34+00:00","breadcrumb":{"@id":"https:\/\/permbledhja.com\/sq\/berjani-shpresojme-se-kete-vit-do-te-kemi-cmime-me-te-ulta-te-derivateve\/#breadcrumb"},"inLanguage":"sq","potentialAction":[{"@type":"ReadAction","target":["https:\/\/permbledhja.com\/sq\/berjani-shpresojme-se-kete-vit-do-te-kemi-cmime-me-te-ulta-te-derivateve\/"]}]},{"@type":"BreadcrumbList","@id":"https:\/\/permbledhja.com\/sq\/berjani-shpresojme-se-kete-vit-do-te-kemi-cmime-me-te-ulta-te-derivateve\/#breadcrumb","itemListElement":[{"@type":"ListItem","position":1,"name":"Ballina","item":"https:\/\/permbledhja.com\/sq\/"},{"@type":"ListItem","position":2,"name":"Berjani: Shpresojm\u00eb se k\u00ebt\u00eb vit do t\u00eb kemi \u00e7mime m\u00eb t\u00eb ulta t\u00eb derivateve"}]},{"@type":"WebSite","@id":"https:\/\/permbledhja.com\/#website","url":"https:\/\/permbledhja.com\/","name":"Ve\u00e7 artikuj p\u00ebrmbledh\u00ebs","description":"","publisher":{"@id":"https:\/\/permbledhja.com\/#organization"},"potentialAction":[{"@type":"SearchAction","target":{"@type":"EntryPoint","urlTemplate":"https:\/\/permbledhja.com\/?s={search_term_string}"},"query-input":"required name=search_term_string"}],"inLanguage":"sq"},{"@type":"Organization","@id":"https:\/\/permbledhja.com\/#organization","name":"MK Media & Pr","url":"https:\/\/permbledhja.com\/","logo":{"@type":"ImageObject","inLanguage":"sq","@id":"https:\/\/permbledhja.com\/#\/schema\/logo\/image\/","url":"https:\/\/permbledhja.com\/wp-content\/uploads\/2021\/12\/07-Press-Logo.jpg","contentUrl":"https:\/\/permbledhja.com\/wp-content\/uploads\/2021\/12\/07-Press-Logo.jpg","width":512,"height":512,"caption":"MK Media & Pr"},"image":{"@id":"https:\/\/permbledhja.com\/#\/schema\/logo\/image\/"},"sameAs":["https:\/\/www.facebook.com\/press07\/"]},{"@type":"Person","@id":"https:\/\/permbledhja.com\/#\/schema\/person\/9c54260cbc4c6f792cb100550491638c","name":"DL","image":{"@type":"ImageObject","inLanguage":"sq","@id":"https:\/\/permbledhja.com\/#\/schema\/person\/image\/","url":"https:\/\/secure.gravatar.com\/avatar\/94503eb28d4c4b2005a5c8753e35fc80?s=96&d=mm&r=g","contentUrl":"https:\/\/secure.gravatar.com\/avatar\/94503eb28d4c4b2005a5c8753e35fc80?s=96&d=mm&r=g","caption":"DL"},"url":"https:\/\/permbledhja.com\/sq\/author\/dl\/"}]}},"_links":{"self":[{"href":"https:\/\/permbledhja.com\/sq\/wp-json\/wp\/v2\/posts\/41895"}],"collection":[{"href":"https:\/\/permbledhja.com\/sq\/wp-json\/wp\/v2\/posts"}],"about":[{"href":"https:\/\/permbledhja.com\/sq\/wp-json\/wp\/v2\/types\/post"}],"author":[{"embeddable":true,"href":"https:\/\/permbledhja.com\/sq\/wp-json\/wp\/v2\/users\/5"}],"replies":[{"embeddable":true,"href":"https:\/\/permbledhja.com\/sq\/wp-json\/wp\/v2\/comments?post=41895"}],"version-history":[{"count":1,"href":"https:\/\/permbledhja.com\/sq\/wp-json\/wp\/v2\/posts\/41895\/revisions"}],"predecessor-version":[{"id":41896,"href":"https:\/\/permbledhja.com\/sq\/wp-json\/wp\/v2\/posts\/41895\/revisions\/41896"}],"wp:featuredmedia":[{"embeddable":true,"href":"https:\/\/permbledhja.com\/sq\/wp-json\/wp\/v2\/media\/21052"}],"wp:attachment":[{"href":"https:\/\/permbledhja.com\/sq\/wp-json\/wp\/v2\/media?parent=41895"}],"wp:term":[{"taxonomy":"category","embeddable":true,"href":"https:\/\/permbledhja.com\/sq\/wp-json\/wp\/v2\/categories?post=41895"},{"taxonomy":"post_tag","embeddable":true,"href":"https:\/\/permbledhja.com\/sq\/wp-json\/wp\/v2\/tags?post=41895"}],"curies":[{"name":"wp","href":"https:\/\/api.w.org\/{rel}","templated":true}]}}