{"id":41809,"date":"2024-01-08T09:14:33","date_gmt":"2024-01-08T09:14:33","guid":{"rendered":"https:\/\/permbledhja.com\/?p=41809"},"modified":"2024-01-08T09:14:33","modified_gmt":"2024-01-08T09:14:33","slug":"nje-avokate-e-re-i-bashkohet-ekipit-te-kadri-veselit-ne-hage","status":"publish","type":"post","link":"https:\/\/permbledhja.com\/sq\/nje-avokate-e-re-i-bashkohet-ekipit-te-kadri-veselit-ne-hage\/","title":{"rendered":"Nj\u00eb avokate e re i bashkohet ekipit t\u00eb Kadri Veselit n\u00eb Hag\u00eb"},"content":{"rendered":"<h3>Q\u00eb prej fillimit t\u00eb dhjetorit, mbrojtja e Kadri Veselit n\u00eb Hag\u00eb ishte me nj\u00eb avokat m\u00eb pak.<\/h3>\n<p>Nj\u00ebri prej avokat\u00ebve m\u00eb t\u00eb mir\u00eb t\u00eb k\u00ebtij ekipi, Andre\u00eb Strong, vdiq papritmas n\u00eb Hag\u00eb, p\u00ebrve\u00e7 t\u00eb tjerash, duke l\u00ebn\u00eb zbraz\u00ebti t\u00eb madhe n\u00eb ekipin p\u00ebr mbrojtjen e Veselit, shkruan lajmi.net.<\/p>\n<p>E tashm\u00eb mbrojt\u00ebsve t\u00eb ish-kryetarit t\u00eb Kuvendit i \u00ebsht\u00eb bashkuar edhe nj\u00eb e till\u00eb.<\/p>\n<p>B\u00ebhet fjal\u00eb p\u00ebr avokat\u00ebn Kerrie Ann Ro\u00eban, e cila q\u00eb nga 3 janari \u00ebsht\u00eb pjes\u00eb e ekipit t\u00eb Veselit q\u00eb drejtohet nga avokati britanik, Ben Emmerson.<\/p>\n","protected":false},"excerpt":{"rendered":"<p>Q\u00eb prej fillimit t\u00eb dhjetorit, mbrojtja e Kadri Veselit n\u00eb Hag\u00eb ishte me nj\u00eb avokat m\u00eb pak. Nj\u00ebri prej avokat\u00ebve m\u00eb t\u00eb mir\u00eb t\u00eb k\u00ebtij ekipi, Andre\u00eb Strong, vdiq papritmas n\u00eb Hag\u00eb, p\u00ebrve\u00e7 t\u00eb tjerash, duke l\u00ebn\u00eb zbraz\u00ebti t\u00eb madhe n\u00eb ekipin p\u00ebr mbrojtjen e Veselit, shkruan lajmi.net. E tashm\u00eb mbrojt\u00ebsve t\u00eb ish-kryetarit t\u00eb Kuvendit [&hellip;]<\/p>\n","protected":false},"author":2,"featured_media":41812,"comment_status":"closed","ping_status":"closed","sticky":false,"template":"","format":"standard","meta":{"_monsterinsights_skip_tracking":false,"_monsterinsights_sitenote_active":false,"_monsterinsights_sitenote_note":"","_monsterinsights_sitenote_category":0,"_uf_show_specific_survey":0,"_uf_disable_surveys":false,"footnotes":""},"categories":[2645],"tags":[1470],"yoast_head":"<!-- This site is optimized with the Yoast SEO plugin v21.5 - https:\/\/yoast.com\/wordpress\/plugins\/seo\/ -->\n<title>Nj\u00eb avokate e re i bashkohet ekipit t\u00eb Kadri Veselit n\u00eb Hag\u00eb<\/title>\n<meta name=\"robots\" content=\"index, follow, max-snippet:-1, max-image-preview:large, max-video-preview:-1\" \/>\n<link rel=\"canonical\" href=\"https:\/\/permbledhja.com\/sq\/nje-avokate-e-re-i-bashkohet-ekipit-te-kadri-veselit-ne-hage\/\" \/>\n<meta property=\"og:locale\" content=\"sq_AL\" \/>\n<meta property=\"og:type\" content=\"article\" \/>\n<meta property=\"og:title\" content=\"Nj\u00eb avokate e re i bashkohet ekipit t\u00eb Kadri Veselit n\u00eb Hag\u00eb\" \/>\n<meta property=\"og:description\" content=\"Q\u00eb prej fillimit t\u00eb dhjetorit, mbrojtja e Kadri Veselit n\u00eb Hag\u00eb ishte me nj\u00eb avokat m\u00eb pak. Nj\u00ebri prej avokat\u00ebve m\u00eb t\u00eb mir\u00eb t\u00eb k\u00ebtij ekipi, Andre\u00eb Strong, vdiq papritmas n\u00eb Hag\u00eb, p\u00ebrve\u00e7 t\u00eb tjerash, duke l\u00ebn\u00eb zbraz\u00ebti t\u00eb madhe n\u00eb ekipin p\u00ebr mbrojtjen e Veselit, shkruan lajmi.net. E tashm\u00eb mbrojt\u00ebsve t\u00eb ish-kryetarit t\u00eb Kuvendit [&hellip;]\" \/>\n<meta property=\"og:url\" content=\"https:\/\/permbledhja.com\/sq\/nje-avokate-e-re-i-bashkohet-ekipit-te-kadri-veselit-ne-hage\/\" \/>\n<meta property=\"og:site_name\" content=\"Ve\u00e7 artikuj p\u00ebrmbledh\u00ebs\" \/>\n<meta property=\"article:publisher\" content=\"https:\/\/www.facebook.com\/press07\/\" \/>\n<meta property=\"article:published_time\" content=\"2024-01-08T09:14:33+00:00\" \/>\n<meta property=\"og:image\" content=\"https:\/\/permbledhja.com\/wp-content\/uploads\/2024\/01\/BeFunky-collage-78-scaled-1.jpg\" \/>\n\t<meta property=\"og:image:width\" content=\"2560\" \/>\n\t<meta property=\"og:image:height\" content=\"1587\" \/>\n\t<meta property=\"og:image:type\" content=\"image\/jpeg\" \/>\n<meta name=\"author\" content=\"M M\" \/>\n<meta name=\"twitter:card\" content=\"summary_large_image\" \/>\n<meta name=\"twitter:label1\" content=\"Written by\" \/>\n\t<meta name=\"twitter:data1\" content=\"M M\" \/>\n\t<meta name=\"twitter:label2\" content=\"Est. reading time\" \/>\n\t<meta name=\"twitter:data2\" content=\"1 minut\u00eb\" \/>\n<script type=\"application\/ld+json\" class=\"yoast-schema-graph\">{\"@context\":\"https:\/\/schema.org\",\"@graph\":[{\"@type\":\"Article\",\"@id\":\"https:\/\/permbledhja.com\/nje-avokate-e-re-i-bashkohet-ekipit-te-kadri-veselit-ne-hage\/#article\",\"isPartOf\":{\"@id\":\"https:\/\/permbledhja.com\/nje-avokate-e-re-i-bashkohet-ekipit-te-kadri-veselit-ne-hage\/\"},\"author\":{\"name\":\"M M\",\"@id\":\"https:\/\/permbledhja.com\/#\/schema\/person\/d23f13f59b5722643933d6780783acf3\"},\"headline\":\"Nj\u00eb avokate e re i bashkohet ekipit t\u00eb Kadri Veselit n\u00eb Hag\u00eb\",\"datePublished\":\"2024-01-08T09:14:33+00:00\",\"dateModified\":\"2024-01-08T09:14:33+00:00\",\"mainEntityOfPage\":{\"@id\":\"https:\/\/permbledhja.com\/nje-avokate-e-re-i-bashkohet-ekipit-te-kadri-veselit-ne-hage\/\"},\"wordCount\":112,\"publisher\":{\"@id\":\"https:\/\/permbledhja.com\/#organization\"},\"keywords\":[\"Kadri Veseli\"],\"articleSection\":[\"T\u00eb r\u00ebnd\u00ebsishme\"],\"inLanguage\":\"sq\"},{\"@type\":\"WebPage\",\"@id\":\"https:\/\/permbledhja.com\/nje-avokate-e-re-i-bashkohet-ekipit-te-kadri-veselit-ne-hage\/\",\"url\":\"https:\/\/permbledhja.com\/nje-avokate-e-re-i-bashkohet-ekipit-te-kadri-veselit-ne-hage\/\",\"name\":\"Nj\u00eb avokate e re i bashkohet ekipit t\u00eb Kadri Veselit n\u00eb Hag\u00eb\",\"isPartOf\":{\"@id\":\"https:\/\/permbledhja.com\/#website\"},\"datePublished\":\"2024-01-08T09:14:33+00:00\",\"dateModified\":\"2024-01-08T09:14:33+00:00\",\"breadcrumb\":{\"@id\":\"https:\/\/permbledhja.com\/nje-avokate-e-re-i-bashkohet-ekipit-te-kadri-veselit-ne-hage\/#breadcrumb\"},\"inLanguage\":\"sq\",\"potentialAction\":[{\"@type\":\"ReadAction\",\"target\":[\"https:\/\/permbledhja.com\/nje-avokate-e-re-i-bashkohet-ekipit-te-kadri-veselit-ne-hage\/\"]}]},{\"@type\":\"BreadcrumbList\",\"@id\":\"https:\/\/permbledhja.com\/nje-avokate-e-re-i-bashkohet-ekipit-te-kadri-veselit-ne-hage\/#breadcrumb\",\"itemListElement\":[{\"@type\":\"ListItem\",\"position\":1,\"name\":\"Ballina\",\"item\":\"https:\/\/permbledhja.com\/sq\/\"},{\"@type\":\"ListItem\",\"position\":2,\"name\":\"Nj\u00eb avokate e re i bashkohet ekipit t\u00eb Kadri Veselit n\u00eb Hag\u00eb\"}]},{\"@type\":\"WebSite\",\"@id\":\"https:\/\/permbledhja.com\/#website\",\"url\":\"https:\/\/permbledhja.com\/\",\"name\":\"Ve\u00e7 artikuj p\u00ebrmbledh\u00ebs\",\"description\":\"\",\"publisher\":{\"@id\":\"https:\/\/permbledhja.com\/#organization\"},\"potentialAction\":[{\"@type\":\"SearchAction\",\"target\":{\"@type\":\"EntryPoint\",\"urlTemplate\":\"https:\/\/permbledhja.com\/?s={search_term_string}\"},\"query-input\":\"required name=search_term_string\"}],\"inLanguage\":\"sq\"},{\"@type\":\"Organization\",\"@id\":\"https:\/\/permbledhja.com\/#organization\",\"name\":\"MK Media & Pr\",\"url\":\"https:\/\/permbledhja.com\/\",\"logo\":{\"@type\":\"ImageObject\",\"inLanguage\":\"sq\",\"@id\":\"https:\/\/permbledhja.com\/#\/schema\/logo\/image\/\",\"url\":\"https:\/\/permbledhja.com\/wp-content\/uploads\/2021\/12\/07-Press-Logo.jpg\",\"contentUrl\":\"https:\/\/permbledhja.com\/wp-content\/uploads\/2021\/12\/07-Press-Logo.jpg\",\"width\":512,\"height\":512,\"caption\":\"MK Media & Pr\"},\"image\":{\"@id\":\"https:\/\/permbledhja.com\/#\/schema\/logo\/image\/\"},\"sameAs\":[\"https:\/\/www.facebook.com\/press07\/\"]},{\"@type\":\"Person\",\"@id\":\"https:\/\/permbledhja.com\/#\/schema\/person\/d23f13f59b5722643933d6780783acf3\",\"name\":\"M M\",\"image\":{\"@type\":\"ImageObject\",\"inLanguage\":\"sq\",\"@id\":\"https:\/\/permbledhja.com\/#\/schema\/person\/image\/\",\"url\":\"https:\/\/secure.gravatar.com\/avatar\/e2835a76ca7c31a2416b2d51c4ec9a8f?s=96&d=mm&r=g\",\"contentUrl\":\"https:\/\/secure.gravatar.com\/avatar\/e2835a76ca7c31a2416b2d51c4ec9a8f?s=96&d=mm&r=g\",\"caption\":\"M M\"},\"sameAs\":[\"http:\/\/MM\"],\"url\":\"https:\/\/permbledhja.com\/sq\/author\/muhamet\/\"}]}<\/script>\n<!-- \/ Yoast SEO plugin. -->","yoast_head_json":{"title":"Nj\u00eb avokate e re i bashkohet ekipit t\u00eb Kadri Veselit n\u00eb Hag\u00eb","robots":{"index":"index","follow":"follow","max-snippet":"max-snippet:-1","max-image-preview":"max-image-preview:large","max-video-preview":"max-video-preview:-1"},"canonical":"https:\/\/permbledhja.com\/sq\/nje-avokate-e-re-i-bashkohet-ekipit-te-kadri-veselit-ne-hage\/","og_locale":"sq_AL","og_type":"article","og_title":"Nj\u00eb avokate e re i bashkohet ekipit t\u00eb Kadri Veselit n\u00eb Hag\u00eb","og_description":"Q\u00eb prej fillimit t\u00eb dhjetorit, mbrojtja e Kadri Veselit n\u00eb Hag\u00eb ishte me nj\u00eb avokat m\u00eb pak. Nj\u00ebri prej avokat\u00ebve m\u00eb t\u00eb mir\u00eb t\u00eb k\u00ebtij ekipi, Andre\u00eb Strong, vdiq papritmas n\u00eb Hag\u00eb, p\u00ebrve\u00e7 t\u00eb tjerash, duke l\u00ebn\u00eb zbraz\u00ebti t\u00eb madhe n\u00eb ekipin p\u00ebr mbrojtjen e Veselit, shkruan lajmi.net. E tashm\u00eb mbrojt\u00ebsve t\u00eb ish-kryetarit t\u00eb Kuvendit [&hellip;]","og_url":"https:\/\/permbledhja.com\/sq\/nje-avokate-e-re-i-bashkohet-ekipit-te-kadri-veselit-ne-hage\/","og_site_name":"Ve\u00e7 artikuj p\u00ebrmbledh\u00ebs","article_publisher":"https:\/\/www.facebook.com\/press07\/","article_published_time":"2024-01-08T09:14:33+00:00","og_image":[{"width":2560,"height":1587,"url":"https:\/\/permbledhja.com\/wp-content\/uploads\/2024\/01\/BeFunky-collage-78-scaled-1.jpg","type":"image\/jpeg"}],"author":"M M","twitter_card":"summary_large_image","twitter_misc":{"Written by":"M M","Est. reading time":"1 minut\u00eb"},"schema":{"@context":"https:\/\/schema.org","@graph":[{"@type":"Article","@id":"https:\/\/permbledhja.com\/nje-avokate-e-re-i-bashkohet-ekipit-te-kadri-veselit-ne-hage\/#article","isPartOf":{"@id":"https:\/\/permbledhja.com\/nje-avokate-e-re-i-bashkohet-ekipit-te-kadri-veselit-ne-hage\/"},"author":{"name":"M M","@id":"https:\/\/permbledhja.com\/#\/schema\/person\/d23f13f59b5722643933d6780783acf3"},"headline":"Nj\u00eb avokate e re i bashkohet ekipit t\u00eb Kadri Veselit n\u00eb Hag\u00eb","datePublished":"2024-01-08T09:14:33+00:00","dateModified":"2024-01-08T09:14:33+00:00","mainEntityOfPage":{"@id":"https:\/\/permbledhja.com\/nje-avokate-e-re-i-bashkohet-ekipit-te-kadri-veselit-ne-hage\/"},"wordCount":112,"publisher":{"@id":"https:\/\/permbledhja.com\/#organization"},"keywords":["Kadri Veseli"],"articleSection":["T\u00eb r\u00ebnd\u00ebsishme"],"inLanguage":"sq"},{"@type":"WebPage","@id":"https:\/\/permbledhja.com\/nje-avokate-e-re-i-bashkohet-ekipit-te-kadri-veselit-ne-hage\/","url":"https:\/\/permbledhja.com\/nje-avokate-e-re-i-bashkohet-ekipit-te-kadri-veselit-ne-hage\/","name":"Nj\u00eb avokate e re i bashkohet ekipit t\u00eb Kadri Veselit n\u00eb Hag\u00eb","isPartOf":{"@id":"https:\/\/permbledhja.com\/#website"},"datePublished":"2024-01-08T09:14:33+00:00","dateModified":"2024-01-08T09:14:33+00:00","breadcrumb":{"@id":"https:\/\/permbledhja.com\/nje-avokate-e-re-i-bashkohet-ekipit-te-kadri-veselit-ne-hage\/#breadcrumb"},"inLanguage":"sq","potentialAction":[{"@type":"ReadAction","target":["https:\/\/permbledhja.com\/nje-avokate-e-re-i-bashkohet-ekipit-te-kadri-veselit-ne-hage\/"]}]},{"@type":"BreadcrumbList","@id":"https:\/\/permbledhja.com\/nje-avokate-e-re-i-bashkohet-ekipit-te-kadri-veselit-ne-hage\/#breadcrumb","itemListElement":[{"@type":"ListItem","position":1,"name":"Ballina","item":"https:\/\/permbledhja.com\/sq\/"},{"@type":"ListItem","position":2,"name":"Nj\u00eb avokate e re i bashkohet ekipit t\u00eb Kadri Veselit n\u00eb Hag\u00eb"}]},{"@type":"WebSite","@id":"https:\/\/permbledhja.com\/#website","url":"https:\/\/permbledhja.com\/","name":"Ve\u00e7 artikuj p\u00ebrmbledh\u00ebs","description":"","publisher":{"@id":"https:\/\/permbledhja.com\/#organization"},"potentialAction":[{"@type":"SearchAction","target":{"@type":"EntryPoint","urlTemplate":"https:\/\/permbledhja.com\/?s={search_term_string}"},"query-input":"required name=search_term_string"}],"inLanguage":"sq"},{"@type":"Organization","@id":"https:\/\/permbledhja.com\/#organization","name":"MK Media & Pr","url":"https:\/\/permbledhja.com\/","logo":{"@type":"ImageObject","inLanguage":"sq","@id":"https:\/\/permbledhja.com\/#\/schema\/logo\/image\/","url":"https:\/\/permbledhja.com\/wp-content\/uploads\/2021\/12\/07-Press-Logo.jpg","contentUrl":"https:\/\/permbledhja.com\/wp-content\/uploads\/2021\/12\/07-Press-Logo.jpg","width":512,"height":512,"caption":"MK Media & Pr"},"image":{"@id":"https:\/\/permbledhja.com\/#\/schema\/logo\/image\/"},"sameAs":["https:\/\/www.facebook.com\/press07\/"]},{"@type":"Person","@id":"https:\/\/permbledhja.com\/#\/schema\/person\/d23f13f59b5722643933d6780783acf3","name":"M M","image":{"@type":"ImageObject","inLanguage":"sq","@id":"https:\/\/permbledhja.com\/#\/schema\/person\/image\/","url":"https:\/\/secure.gravatar.com\/avatar\/e2835a76ca7c31a2416b2d51c4ec9a8f?s=96&d=mm&r=g","contentUrl":"https:\/\/secure.gravatar.com\/avatar\/e2835a76ca7c31a2416b2d51c4ec9a8f?s=96&d=mm&r=g","caption":"M M"},"sameAs":["http:\/\/MM"],"url":"https:\/\/permbledhja.com\/sq\/author\/muhamet\/"}]}},"_links":{"self":[{"href":"https:\/\/permbledhja.com\/sq\/wp-json\/wp\/v2\/posts\/41809"}],"collection":[{"href":"https:\/\/permbledhja.com\/sq\/wp-json\/wp\/v2\/posts"}],"about":[{"href":"https:\/\/permbledhja.com\/sq\/wp-json\/wp\/v2\/types\/post"}],"author":[{"embeddable":true,"href":"https:\/\/permbledhja.com\/sq\/wp-json\/wp\/v2\/users\/2"}],"replies":[{"embeddable":true,"href":"https:\/\/permbledhja.com\/sq\/wp-json\/wp\/v2\/comments?post=41809"}],"version-history":[{"count":1,"href":"https:\/\/permbledhja.com\/sq\/wp-json\/wp\/v2\/posts\/41809\/revisions"}],"predecessor-version":[{"id":41813,"href":"https:\/\/permbledhja.com\/sq\/wp-json\/wp\/v2\/posts\/41809\/revisions\/41813"}],"wp:featuredmedia":[{"embeddable":true,"href":"https:\/\/permbledhja.com\/sq\/wp-json\/wp\/v2\/media\/41812"}],"wp:attachment":[{"href":"https:\/\/permbledhja.com\/sq\/wp-json\/wp\/v2\/media?parent=41809"}],"wp:term":[{"taxonomy":"category","embeddable":true,"href":"https:\/\/permbledhja.com\/sq\/wp-json\/wp\/v2\/categories?post=41809"},{"taxonomy":"post_tag","embeddable":true,"href":"https:\/\/permbledhja.com\/sq\/wp-json\/wp\/v2\/tags?post=41809"}],"curies":[{"name":"wp","href":"https:\/\/api.w.org\/{rel}","templated":true}]}}