{"id":41803,"date":"2024-01-08T09:11:49","date_gmt":"2024-01-08T09:11:49","guid":{"rendered":"https:\/\/permbledhja.com\/?p=41803"},"modified":"2024-01-08T09:12:28","modified_gmt":"2024-01-08T09:12:28","slug":"dreka-ne-viset-e-ftohta-te-antarktides-ne-64-grade-celsius-qe-duket-si-nje-iluzion-optik","status":"publish","type":"post","link":"https:\/\/permbledhja.com\/sq\/dreka-ne-viset-e-ftohta-te-antarktides-ne-64-grade-celsius-qe-duket-si-nje-iluzion-optik\/","title":{"rendered":"Dreka n\u00eb viset e ftohta t\u00eb Antarktid\u00ebs \u201cn\u00eb -64 grad\u00eb Celsius\u201d \u2013 q\u00eb duket si nj\u00eb iluzion optik"},"content":{"rendered":"<h3>Fotografi Jeff Capps, i cili jeton n\u00eb Antarktid\u00eb, ka publikuar nj\u00eb foto interesante t\u00eb drek\u00ebs s\u00eb tij, n\u00eb -64 grad\u00eb Celsius.<\/h3>\n<p>Ushqimet n\u00eb foto jan\u00eb aq t\u00eb ngrira, sa q\u00eb duken joreale.<\/p>\n<p>Ndryshe, Jeff publikon shum\u00eb detaje interesante rreth jet\u00ebs dhe t\u00eb ftohtit ekstrem n\u00eb at\u00eb zon\u00eb.<\/p>\n<p>Pasi q\u00eb 98 p\u00ebr qind e Antarktid\u00ebs \u00ebsht\u00eb e mbuluar me akull, nuk \u00ebsht\u00eb p\u00ebr t\u2019u habitur q\u00eb temperatura shkon deri n\u00eb -89 grad\u00eb.<\/p>\n<blockquote class=\"instagram-media\" style=\"background: #FFF; border: 0; border-radius: 3px; box-shadow: 0 0 1px 0 rgba(0,0,0,0.5),0 1px 10px 0 rgba(0,0,0,0.15); margin: 1px; max-width: 540px; min-width: 326px; padding: 0; width: calc(100% - 2px);\" data-instgrm-captioned=\"\" data-instgrm-permalink=\"https:\/\/www.instagram.com\/reel\/CqH8UdmoB4D\/?utm_source=ig_embed&amp;utm_campaign=loading\" data-instgrm-version=\"14\">\n<div style=\"padding: 16px;\">\n<p>&nbsp;<\/p>\n<div style=\"display: flex; flex-direction: row; align-items: center;\">\n<div style=\"background-color: #f4f4f4; border-radius: 50%; flex-grow: 0; height: 40px; margin-right: 14px; width: 40px;\"><\/div>\n<div style=\"display: flex; flex-direction: column; flex-grow: 1; justify-content: center;\">\n<div style=\"background-color: #f4f4f4; border-radius: 4px; flex-grow: 0; height: 14px; margin-bottom: 6px; width: 100px;\"><\/div>\n<div style=\"background-color: #f4f4f4; border-radius: 4px; flex-grow: 0; height: 14px; width: 60px;\"><\/div>\n<\/div>\n<\/div>\n<div style=\"padding: 19% 0;\"><\/div>\n<div style=\"display: block; height: 50px; margin: 0 auto 12px; width: 50px;\"><\/div>\n<div style=\"padding-top: 8px;\">\n<div style=\"color: #3897f0; font-family: Arial,sans-serif; font-size: 14px; font-style: normal; font-weight: 550; line-height: 18px;\">View this post on Instagram<\/div>\n<\/div>\n<div style=\"padding: 12.5% 0;\"><\/div>\n<div style=\"display: flex; flex-direction: row; margin-bottom: 14px; align-items: center;\">\n<div>\n<div style=\"background-color: #f4f4f4; border-radius: 50%; height: 12.5px; width: 12.5px; transform: translateX(0px) translateY(7px);\"><\/div>\n<div style=\"background-color: #f4f4f4; height: 12.5px; transform: rotate(-45deg) translateX(3px) translateY(1px); width: 12.5px; flex-grow: 0; margin-right: 14px; margin-left: 2px;\"><\/div>\n<div style=\"background-color: #f4f4f4; border-radius: 50%; height: 12.5px; width: 12.5px; transform: translateX(9px) translateY(-18px);\"><\/div>\n<\/div>\n<div style=\"margin-left: 8px;\">\n<div style=\"background-color: #f4f4f4; border-radius: 50%; flex-grow: 0; height: 20px; width: 20px;\"><\/div>\n<div style=\"width: 0; height: 0; border-top: 2px solid transparent; border-left: 6px solid #f4f4f4; border-bottom: 2px solid transparent; transform: translateX(16px) translateY(-4px) rotate(30deg);\"><\/div>\n<\/div>\n<div style=\"margin-left: auto;\">\n<div style=\"width: 0px; border-top: 8px solid #F4F4F4; border-right: 8px solid transparent; transform: translateY(16px);\"><\/div>\n<div style=\"background-color: #f4f4f4; flex-grow: 0; height: 12px; width: 16px; transform: translateY(-4px);\"><\/div>\n<div style=\"width: 0; height: 0; border-top: 8px solid #F4F4F4; border-left: 8px solid transparent; transform: translateY(-4px) translateX(8px);\"><\/div>\n<\/div>\n<\/div>\n<div style=\"display: flex; flex-direction: column; flex-grow: 1; justify-content: center; margin-bottom: 24px;\">\n<div style=\"background-color: #f4f4f4; border-radius: 4px; flex-grow: 0; height: 14px; margin-bottom: 6px; width: 224px;\"><\/div>\n<div style=\"background-color: #f4f4f4; border-radius: 4px; flex-grow: 0; height: 14px; width: 144px;\"><\/div>\n<\/div>\n<p>&nbsp;<\/p>\n<p style=\"color: #c9c8cd; font-family: Arial,sans-serif; font-size: 14px; line-height: 17px; margin-bottom: 0; margin-top: 8px; overflow: hidden; padding: 8px 0 7px; text-align: center; text-overflow: ellipsis; white-space: nowrap;\"><a style=\"color: #c9c8cd; font-family: Arial,sans-serif; font-size: 14px; font-style: normal; font-weight: normal; line-height: 17px; text-decoration: none;\" href=\"https:\/\/www.instagram.com\/reel\/CqH8UdmoB4D\/?utm_source=ig_embed&amp;utm_campaign=loading\" target=\"_blank\" rel=\"noopener\">A post shared by Jeff Capps (@thejeffcapps)<\/a><\/p>\n<\/div>\n<\/blockquote>\n<p><script async src=\"\/\/www.instagram.com\/embed.js\"><\/script><\/p>\n","protected":false},"excerpt":{"rendered":"<p>Fotografi Jeff Capps, i cili jeton n\u00eb Antarktid\u00eb, ka publikuar nj\u00eb foto interesante t\u00eb drek\u00ebs s\u00eb tij, n\u00eb -64 grad\u00eb Celsius. Ushqimet n\u00eb foto jan\u00eb aq t\u00eb ngrira, sa q\u00eb duken joreale. Ndryshe, Jeff publikon shum\u00eb detaje interesante rreth jet\u00ebs dhe t\u00eb ftohtit ekstrem n\u00eb at\u00eb zon\u00eb. Pasi q\u00eb 98 p\u00ebr qind e Antarktid\u00ebs \u00ebsht\u00eb [&hellip;]<\/p>\n","protected":false},"author":1,"featured_media":41804,"comment_status":"closed","ping_status":"closed","sticky":false,"template":"","format":"standard","meta":{"_monsterinsights_skip_tracking":false,"_monsterinsights_sitenote_active":false,"_monsterinsights_sitenote_note":"","_monsterinsights_sitenote_category":0,"_uf_show_specific_survey":0,"_uf_disable_surveys":false,"footnotes":""},"categories":[2660,57],"tags":[2871],"yoast_head":"<!-- This site is optimized with the Yoast SEO plugin v21.5 - https:\/\/yoast.com\/wordpress\/plugins\/seo\/ -->\n<title>Dreka n\u00eb viset e ftohta t\u00eb Antarktid\u00ebs \u201cn\u00eb -64 grad\u00eb Celsius\u201d \u2013 q\u00eb duket si nj\u00eb iluzion optik<\/title>\n<meta name=\"robots\" content=\"index, follow, max-snippet:-1, max-image-preview:large, max-video-preview:-1\" \/>\n<link rel=\"canonical\" href=\"https:\/\/permbledhja.com\/sq\/dreka-ne-viset-e-ftohta-te-antarktides-ne-64-grade-celsius-qe-duket-si-nje-iluzion-optik\/\" \/>\n<meta property=\"og:locale\" content=\"sq_AL\" \/>\n<meta property=\"og:type\" content=\"article\" \/>\n<meta property=\"og:title\" content=\"Dreka n\u00eb viset e ftohta t\u00eb Antarktid\u00ebs \u201cn\u00eb -64 grad\u00eb Celsius\u201d \u2013 q\u00eb duket si nj\u00eb iluzion optik\" \/>\n<meta property=\"og:description\" content=\"Fotografi Jeff Capps, i cili jeton n\u00eb Antarktid\u00eb, ka publikuar nj\u00eb foto interesante t\u00eb drek\u00ebs s\u00eb tij, n\u00eb -64 grad\u00eb Celsius. Ushqimet n\u00eb foto jan\u00eb aq t\u00eb ngrira, sa q\u00eb duken joreale. Ndryshe, Jeff publikon shum\u00eb detaje interesante rreth jet\u00ebs dhe t\u00eb ftohtit ekstrem n\u00eb at\u00eb zon\u00eb. Pasi q\u00eb 98 p\u00ebr qind e Antarktid\u00ebs \u00ebsht\u00eb [&hellip;]\" \/>\n<meta property=\"og:url\" content=\"https:\/\/permbledhja.com\/sq\/dreka-ne-viset-e-ftohta-te-antarktides-ne-64-grade-celsius-qe-duket-si-nje-iluzion-optik\/\" \/>\n<meta property=\"og:site_name\" content=\"Ve\u00e7 artikuj p\u00ebrmbledh\u00ebs\" \/>\n<meta property=\"article:publisher\" content=\"https:\/\/www.facebook.com\/press07\/\" \/>\n<meta property=\"article:author\" content=\"https:\/\/www.facebook.com\/kafexhiu.muharrem\/\" \/>\n<meta property=\"article:published_time\" content=\"2024-01-08T09:11:49+00:00\" \/>\n<meta property=\"article:modified_time\" content=\"2024-01-08T09:12:28+00:00\" \/>\n<meta property=\"og:image\" content=\"https:\/\/permbledhja.com\/wp-content\/uploads\/2024\/01\/Screenshot_14-2-1.png\" \/>\n\t<meta property=\"og:image:width\" content=\"535\" \/>\n\t<meta property=\"og:image:height\" content=\"352\" \/>\n\t<meta property=\"og:image:type\" content=\"image\/png\" \/>\n<meta name=\"author\" content=\"P\u00ebrmbledhja\" \/>\n<meta name=\"twitter:card\" content=\"summary_large_image\" \/>\n<meta name=\"twitter:label1\" content=\"Written by\" \/>\n\t<meta name=\"twitter:data1\" content=\"P\u00ebrmbledhja\" \/>\n\t<meta name=\"twitter:label2\" content=\"Est. reading time\" \/>\n\t<meta name=\"twitter:data2\" content=\"1 minut\u00eb\" \/>\n<script type=\"application\/ld+json\" class=\"yoast-schema-graph\">{\"@context\":\"https:\/\/schema.org\",\"@graph\":[{\"@type\":\"Article\",\"@id\":\"https:\/\/permbledhja.com\/sq\/dreka-ne-viset-e-ftohta-te-antarktides-ne-64-grade-celsius-qe-duket-si-nje-iluzion-optik\/#article\",\"isPartOf\":{\"@id\":\"https:\/\/permbledhja.com\/sq\/dreka-ne-viset-e-ftohta-te-antarktides-ne-64-grade-celsius-qe-duket-si-nje-iluzion-optik\/\"},\"author\":{\"name\":\"P\u00ebrmbledhja\",\"@id\":\"https:\/\/permbledhja.com\/#\/schema\/person\/0d064377258d3221e50693947b9eb4fe\"},\"headline\":\"Dreka n\u00eb viset e ftohta t\u00eb Antarktid\u00ebs \u201cn\u00eb -64 grad\u00eb Celsius\u201d \u2013 q\u00eb duket si nj\u00eb iluzion optik\",\"datePublished\":\"2024-01-08T09:11:49+00:00\",\"dateModified\":\"2024-01-08T09:12:28+00:00\",\"mainEntityOfPage\":{\"@id\":\"https:\/\/permbledhja.com\/sq\/dreka-ne-viset-e-ftohta-te-antarktides-ne-64-grade-celsius-qe-duket-si-nje-iluzion-optik\/\"},\"wordCount\":108,\"publisher\":{\"@id\":\"https:\/\/permbledhja.com\/#organization\"},\"keywords\":[\"Antarktida\"],\"articleSection\":[\"Entertainment\",\"Fun\"],\"inLanguage\":\"sq\"},{\"@type\":\"WebPage\",\"@id\":\"https:\/\/permbledhja.com\/sq\/dreka-ne-viset-e-ftohta-te-antarktides-ne-64-grade-celsius-qe-duket-si-nje-iluzion-optik\/\",\"url\":\"https:\/\/permbledhja.com\/sq\/dreka-ne-viset-e-ftohta-te-antarktides-ne-64-grade-celsius-qe-duket-si-nje-iluzion-optik\/\",\"name\":\"Dreka n\u00eb viset e ftohta t\u00eb Antarktid\u00ebs \u201cn\u00eb -64 grad\u00eb Celsius\u201d \u2013 q\u00eb duket si nj\u00eb iluzion optik\",\"isPartOf\":{\"@id\":\"https:\/\/permbledhja.com\/#website\"},\"datePublished\":\"2024-01-08T09:11:49+00:00\",\"dateModified\":\"2024-01-08T09:12:28+00:00\",\"breadcrumb\":{\"@id\":\"https:\/\/permbledhja.com\/sq\/dreka-ne-viset-e-ftohta-te-antarktides-ne-64-grade-celsius-qe-duket-si-nje-iluzion-optik\/#breadcrumb\"},\"inLanguage\":\"sq\",\"potentialAction\":[{\"@type\":\"ReadAction\",\"target\":[\"https:\/\/permbledhja.com\/sq\/dreka-ne-viset-e-ftohta-te-antarktides-ne-64-grade-celsius-qe-duket-si-nje-iluzion-optik\/\"]}]},{\"@type\":\"BreadcrumbList\",\"@id\":\"https:\/\/permbledhja.com\/sq\/dreka-ne-viset-e-ftohta-te-antarktides-ne-64-grade-celsius-qe-duket-si-nje-iluzion-optik\/#breadcrumb\",\"itemListElement\":[{\"@type\":\"ListItem\",\"position\":1,\"name\":\"Ballina\",\"item\":\"https:\/\/permbledhja.com\/sq\/\"},{\"@type\":\"ListItem\",\"position\":2,\"name\":\"Dreka n\u00eb viset e ftohta t\u00eb Antarktid\u00ebs \u201cn\u00eb -64 grad\u00eb Celsius\u201d \u2013 q\u00eb duket si nj\u00eb iluzion optik\"}]},{\"@type\":\"WebSite\",\"@id\":\"https:\/\/permbledhja.com\/#website\",\"url\":\"https:\/\/permbledhja.com\/\",\"name\":\"Ve\u00e7 artikuj p\u00ebrmbledh\u00ebs\",\"description\":\"\",\"publisher\":{\"@id\":\"https:\/\/permbledhja.com\/#organization\"},\"potentialAction\":[{\"@type\":\"SearchAction\",\"target\":{\"@type\":\"EntryPoint\",\"urlTemplate\":\"https:\/\/permbledhja.com\/?s={search_term_string}\"},\"query-input\":\"required name=search_term_string\"}],\"inLanguage\":\"sq\"},{\"@type\":\"Organization\",\"@id\":\"https:\/\/permbledhja.com\/#organization\",\"name\":\"MK Media & Pr\",\"url\":\"https:\/\/permbledhja.com\/\",\"logo\":{\"@type\":\"ImageObject\",\"inLanguage\":\"sq\",\"@id\":\"https:\/\/permbledhja.com\/#\/schema\/logo\/image\/\",\"url\":\"https:\/\/permbledhja.com\/wp-content\/uploads\/2021\/12\/07-Press-Logo.jpg\",\"contentUrl\":\"https:\/\/permbledhja.com\/wp-content\/uploads\/2021\/12\/07-Press-Logo.jpg\",\"width\":512,\"height\":512,\"caption\":\"MK Media & Pr\"},\"image\":{\"@id\":\"https:\/\/permbledhja.com\/#\/schema\/logo\/image\/\"},\"sameAs\":[\"https:\/\/www.facebook.com\/press07\/\"]},{\"@type\":\"Person\",\"@id\":\"https:\/\/permbledhja.com\/#\/schema\/person\/0d064377258d3221e50693947b9eb4fe\",\"name\":\"P\u00ebrmbledhja\",\"image\":{\"@type\":\"ImageObject\",\"inLanguage\":\"sq\",\"@id\":\"https:\/\/permbledhja.com\/#\/schema\/person\/image\/\",\"url\":\"https:\/\/permbledhja.com\/wp-content\/uploads\/2026\/01\/452004717_1040944174702970_8932037511805513407_n-96x96.jpg\",\"contentUrl\":\"https:\/\/permbledhja.com\/wp-content\/uploads\/2026\/01\/452004717_1040944174702970_8932037511805513407_n-96x96.jpg\",\"caption\":\"P\u00ebrmbledhja\"},\"sameAs\":[\"https:\/\/www.facebook.com\/kafexhiu.muharrem\/\",\"https:\/\/www.instagram.com\/muharrem_kafexhiu\/\"],\"url\":\"https:\/\/permbledhja.com\/sq\/author\/admin\/\"}]}<\/script>\n<!-- \/ Yoast SEO plugin. -->","yoast_head_json":{"title":"Dreka n\u00eb viset e ftohta t\u00eb Antarktid\u00ebs \u201cn\u00eb -64 grad\u00eb Celsius\u201d \u2013 q\u00eb duket si nj\u00eb iluzion optik","robots":{"index":"index","follow":"follow","max-snippet":"max-snippet:-1","max-image-preview":"max-image-preview:large","max-video-preview":"max-video-preview:-1"},"canonical":"https:\/\/permbledhja.com\/sq\/dreka-ne-viset-e-ftohta-te-antarktides-ne-64-grade-celsius-qe-duket-si-nje-iluzion-optik\/","og_locale":"sq_AL","og_type":"article","og_title":"Dreka n\u00eb viset e ftohta t\u00eb Antarktid\u00ebs \u201cn\u00eb -64 grad\u00eb Celsius\u201d \u2013 q\u00eb duket si nj\u00eb iluzion optik","og_description":"Fotografi Jeff Capps, i cili jeton n\u00eb Antarktid\u00eb, ka publikuar nj\u00eb foto interesante t\u00eb drek\u00ebs s\u00eb tij, n\u00eb -64 grad\u00eb Celsius. Ushqimet n\u00eb foto jan\u00eb aq t\u00eb ngrira, sa q\u00eb duken joreale. Ndryshe, Jeff publikon shum\u00eb detaje interesante rreth jet\u00ebs dhe t\u00eb ftohtit ekstrem n\u00eb at\u00eb zon\u00eb. Pasi q\u00eb 98 p\u00ebr qind e Antarktid\u00ebs \u00ebsht\u00eb [&hellip;]","og_url":"https:\/\/permbledhja.com\/sq\/dreka-ne-viset-e-ftohta-te-antarktides-ne-64-grade-celsius-qe-duket-si-nje-iluzion-optik\/","og_site_name":"Ve\u00e7 artikuj p\u00ebrmbledh\u00ebs","article_publisher":"https:\/\/www.facebook.com\/press07\/","article_author":"https:\/\/www.facebook.com\/kafexhiu.muharrem\/","article_published_time":"2024-01-08T09:11:49+00:00","article_modified_time":"2024-01-08T09:12:28+00:00","og_image":[{"width":535,"height":352,"url":"https:\/\/permbledhja.com\/wp-content\/uploads\/2024\/01\/Screenshot_14-2-1.png","type":"image\/png"}],"author":"P\u00ebrmbledhja","twitter_card":"summary_large_image","twitter_misc":{"Written by":"P\u00ebrmbledhja","Est. reading time":"1 minut\u00eb"},"schema":{"@context":"https:\/\/schema.org","@graph":[{"@type":"Article","@id":"https:\/\/permbledhja.com\/sq\/dreka-ne-viset-e-ftohta-te-antarktides-ne-64-grade-celsius-qe-duket-si-nje-iluzion-optik\/#article","isPartOf":{"@id":"https:\/\/permbledhja.com\/sq\/dreka-ne-viset-e-ftohta-te-antarktides-ne-64-grade-celsius-qe-duket-si-nje-iluzion-optik\/"},"author":{"name":"P\u00ebrmbledhja","@id":"https:\/\/permbledhja.com\/#\/schema\/person\/0d064377258d3221e50693947b9eb4fe"},"headline":"Dreka n\u00eb viset e ftohta t\u00eb Antarktid\u00ebs \u201cn\u00eb -64 grad\u00eb Celsius\u201d \u2013 q\u00eb duket si nj\u00eb iluzion optik","datePublished":"2024-01-08T09:11:49+00:00","dateModified":"2024-01-08T09:12:28+00:00","mainEntityOfPage":{"@id":"https:\/\/permbledhja.com\/sq\/dreka-ne-viset-e-ftohta-te-antarktides-ne-64-grade-celsius-qe-duket-si-nje-iluzion-optik\/"},"wordCount":108,"publisher":{"@id":"https:\/\/permbledhja.com\/#organization"},"keywords":["Antarktida"],"articleSection":["Entertainment","Fun"],"inLanguage":"sq"},{"@type":"WebPage","@id":"https:\/\/permbledhja.com\/sq\/dreka-ne-viset-e-ftohta-te-antarktides-ne-64-grade-celsius-qe-duket-si-nje-iluzion-optik\/","url":"https:\/\/permbledhja.com\/sq\/dreka-ne-viset-e-ftohta-te-antarktides-ne-64-grade-celsius-qe-duket-si-nje-iluzion-optik\/","name":"Dreka n\u00eb viset e ftohta t\u00eb Antarktid\u00ebs \u201cn\u00eb -64 grad\u00eb Celsius\u201d \u2013 q\u00eb duket si nj\u00eb iluzion optik","isPartOf":{"@id":"https:\/\/permbledhja.com\/#website"},"datePublished":"2024-01-08T09:11:49+00:00","dateModified":"2024-01-08T09:12:28+00:00","breadcrumb":{"@id":"https:\/\/permbledhja.com\/sq\/dreka-ne-viset-e-ftohta-te-antarktides-ne-64-grade-celsius-qe-duket-si-nje-iluzion-optik\/#breadcrumb"},"inLanguage":"sq","potentialAction":[{"@type":"ReadAction","target":["https:\/\/permbledhja.com\/sq\/dreka-ne-viset-e-ftohta-te-antarktides-ne-64-grade-celsius-qe-duket-si-nje-iluzion-optik\/"]}]},{"@type":"BreadcrumbList","@id":"https:\/\/permbledhja.com\/sq\/dreka-ne-viset-e-ftohta-te-antarktides-ne-64-grade-celsius-qe-duket-si-nje-iluzion-optik\/#breadcrumb","itemListElement":[{"@type":"ListItem","position":1,"name":"Ballina","item":"https:\/\/permbledhja.com\/sq\/"},{"@type":"ListItem","position":2,"name":"Dreka n\u00eb viset e ftohta t\u00eb Antarktid\u00ebs \u201cn\u00eb -64 grad\u00eb Celsius\u201d \u2013 q\u00eb duket si nj\u00eb iluzion optik"}]},{"@type":"WebSite","@id":"https:\/\/permbledhja.com\/#website","url":"https:\/\/permbledhja.com\/","name":"Ve\u00e7 artikuj p\u00ebrmbledh\u00ebs","description":"","publisher":{"@id":"https:\/\/permbledhja.com\/#organization"},"potentialAction":[{"@type":"SearchAction","target":{"@type":"EntryPoint","urlTemplate":"https:\/\/permbledhja.com\/?s={search_term_string}"},"query-input":"required name=search_term_string"}],"inLanguage":"sq"},{"@type":"Organization","@id":"https:\/\/permbledhja.com\/#organization","name":"MK Media & Pr","url":"https:\/\/permbledhja.com\/","logo":{"@type":"ImageObject","inLanguage":"sq","@id":"https:\/\/permbledhja.com\/#\/schema\/logo\/image\/","url":"https:\/\/permbledhja.com\/wp-content\/uploads\/2021\/12\/07-Press-Logo.jpg","contentUrl":"https:\/\/permbledhja.com\/wp-content\/uploads\/2021\/12\/07-Press-Logo.jpg","width":512,"height":512,"caption":"MK Media & Pr"},"image":{"@id":"https:\/\/permbledhja.com\/#\/schema\/logo\/image\/"},"sameAs":["https:\/\/www.facebook.com\/press07\/"]},{"@type":"Person","@id":"https:\/\/permbledhja.com\/#\/schema\/person\/0d064377258d3221e50693947b9eb4fe","name":"P\u00ebrmbledhja","image":{"@type":"ImageObject","inLanguage":"sq","@id":"https:\/\/permbledhja.com\/#\/schema\/person\/image\/","url":"https:\/\/permbledhja.com\/wp-content\/uploads\/2026\/01\/452004717_1040944174702970_8932037511805513407_n-96x96.jpg","contentUrl":"https:\/\/permbledhja.com\/wp-content\/uploads\/2026\/01\/452004717_1040944174702970_8932037511805513407_n-96x96.jpg","caption":"P\u00ebrmbledhja"},"sameAs":["https:\/\/www.facebook.com\/kafexhiu.muharrem\/","https:\/\/www.instagram.com\/muharrem_kafexhiu\/"],"url":"https:\/\/permbledhja.com\/sq\/author\/admin\/"}]}},"_links":{"self":[{"href":"https:\/\/permbledhja.com\/sq\/wp-json\/wp\/v2\/posts\/41803"}],"collection":[{"href":"https:\/\/permbledhja.com\/sq\/wp-json\/wp\/v2\/posts"}],"about":[{"href":"https:\/\/permbledhja.com\/sq\/wp-json\/wp\/v2\/types\/post"}],"author":[{"embeddable":true,"href":"https:\/\/permbledhja.com\/sq\/wp-json\/wp\/v2\/users\/1"}],"replies":[{"embeddable":true,"href":"https:\/\/permbledhja.com\/sq\/wp-json\/wp\/v2\/comments?post=41803"}],"version-history":[{"count":1,"href":"https:\/\/permbledhja.com\/sq\/wp-json\/wp\/v2\/posts\/41803\/revisions"}],"predecessor-version":[{"id":41805,"href":"https:\/\/permbledhja.com\/sq\/wp-json\/wp\/v2\/posts\/41803\/revisions\/41805"}],"wp:featuredmedia":[{"embeddable":true,"href":"https:\/\/permbledhja.com\/sq\/wp-json\/wp\/v2\/media\/41804"}],"wp:attachment":[{"href":"https:\/\/permbledhja.com\/sq\/wp-json\/wp\/v2\/media?parent=41803"}],"wp:term":[{"taxonomy":"category","embeddable":true,"href":"https:\/\/permbledhja.com\/sq\/wp-json\/wp\/v2\/categories?post=41803"},{"taxonomy":"post_tag","embeddable":true,"href":"https:\/\/permbledhja.com\/sq\/wp-json\/wp\/v2\/tags?post=41803"}],"curies":[{"name":"wp","href":"https:\/\/api.w.org\/{rel}","templated":true}]}}