{"id":41789,"date":"2024-01-08T09:01:26","date_gmt":"2024-01-08T09:01:26","guid":{"rendered":"https:\/\/permbledhja.com\/?p=41789"},"modified":"2024-01-08T09:29:32","modified_gmt":"2024-01-08T09:29:32","slug":"sulmi-ne-banjske-alarmon-stradner-situata-ne-kosove-eshte-e-keqe-dhe-mund-te-priten-pershkallezime-te-metejshme","status":"publish","type":"post","link":"https:\/\/permbledhja.com\/sq\/sulmi-ne-banjske-alarmon-stradner-situata-ne-kosove-eshte-e-keqe-dhe-mund-te-priten-pershkallezime-te-metejshme\/","title":{"rendered":"Sulmi n\u00eb Banjsk\u00eb, alarmon Stradner: Situata n\u00eb Kosov\u00eb \u00ebsht\u00eb e keqe dhe mund t\u00eb priten p\u00ebrshkall\u00ebzime t\u00eb m\u00ebtejshme"},"content":{"rendered":"<h3>Ivana Stradner, k\u00ebshilltare n\u00eb Fondacionin p\u00ebr Mbrojtjen e Demokracis\u00eb (FDD) dhe bashk\u00ebpun\u00ebtore k\u00ebrkimore n\u00eb Institutin Amerikan t\u00eb Nd\u00ebrmarrjeve (AEI) nga Uashingtoni ka folur p\u00ebr situat\u00ebn n\u00eb rajon dhe zgjedhjet e tensioneve n\u00eb vendet e Ballkanit Per\u00ebndimor.<\/h3>\n<p>Stradner nd\u00ebr tjerash ka folur edhe p\u00ebr situat\u00ebn n\u00eb Kosov\u00eb, duke paralajm\u00ebruar se situata aktuale \u00ebsht\u00eb shum\u00eb e keqe dhe mund t\u00eb priten p\u00ebrshkall\u00ebzime t\u00eb m\u00ebtejshme.<\/p>\n<p>\u201cBallkani Per\u00ebndimor \u00ebsht\u00eb larg prioriteteve t\u00eb Brukselit, dhe ve\u00e7an\u00ebrisht t\u00eb Uashingtonit. Ata e shikojn\u00eb rajonin ekskluzivisht p\u00ebrmes prizmit t\u00eb rrethanave gjeopolitike. Nuk ka strategji konkrete p\u00ebr rajonin, p\u00ebrve\u00e7se t\u00eb b\u00ebjm\u00eb gjith\u00e7ka p\u00ebr t\u00eb parandaluar p\u00ebrshkall\u00ebzimin e situat\u00ebs. Aty buron politika e p\u00ebrbuzjes s\u00eb Vu\u00e7iqit dhe e l\u00ebshimeve p\u00ebr t\u00eb mos u inatosur. Kjo nuk \u00ebsht\u00eb vet\u00ebm nj\u00eb politik\u00eb ndaj Ballkanit, por edhe ndaj Rusis\u00eb, Kin\u00ebs, Iranit etj. K\u00ebshtu q\u00eb askush nuk duhet t\u00eb habitet. \u00cbsht\u00eb pozitive q\u00eb pas p\u00ebrshkall\u00ebzimit t\u00eb fundit n\u00eb Kosov\u00eb dhe Banjsk\u00eb, Per\u00ebndimi ka hapur syt\u00eb dhe sheh sot m\u00eb shum\u00eb se m\u00eb par\u00eb, por kjo nuk mjafton. Me mb\u00ebshtetjen e Mosk\u00ebs, Vu\u00e7i\u00e7 do t\u00eb vazhdoj\u00eb t\u00eb p\u00ebrshkall\u00ebzohet \u2013 kjo \u00ebsht\u00eb strategjikisht e r\u00ebnd\u00ebsishme p\u00ebr t\u00eb, sepse duke e \u00e7uar rajonin n\u00eb prag t\u00eb luft\u00ebs dhe duke frik\u00ebsuar Per\u00ebndimin, i lejon atij t\u00eb p\u00ebrdor\u00eb situat\u00ebn si nj\u00eb mjet pazaresh\u201d, tha ajo n\u00eb nj\u00eb intervist\u00eb p\u00ebr\u00a0<a href=\"https:\/\/www.pobjeda.me\/clanak\/jasno-i-glasno-ne-beogradu-i-rusiji-kojeg-za-sada-iz-podgorice-nema-crnoj-gori-je-ulaznica-u-eu-do-2028\">Pobjeda.<\/a><\/p>\n<p>\u201cNga ana tjet\u00ebr, Moska nuk ka nevoj\u00eb t\u00eb sjell\u00eb avion\u00eb dhe tanke n\u00eb rajon. Mjafton t\u00eb vazhdohet me k\u00ebto lloj p\u00ebrshkall\u00ebzimi q\u00eb jan\u00eb n\u00eb zon\u00ebn gri dhe pak n\u00ebn pragun e luft\u00ebs q\u00eb t\u00eb mos shkaktojn\u00eb reagim nga per\u00ebndimi. Kjo lloj lufte hibride p\u00ebrfshin operacione informacioni q\u00eb krijojn\u00eb nj\u00eb klim\u00eb t\u00eb favorshme p\u00ebr p\u00ebrshkall\u00ebzimin q\u00eb shoq\u00ebrojn\u00eb aktivitetet paraushtarake. D\u00ebgjoj shpesh se Vu\u00e7iqit nuk i lejohet t\u00eb hyj\u00eb n\u00eb luft\u00eb me NATO-n dhe se ky \u00ebsht\u00eb vet\u00ebm bllof i tij. Duhet kujtuar se pak muaj m\u00eb par\u00eb u plagos\u00ebn t\u00eb pakt\u00ebn 30 pjes\u00ebtar\u00eb t\u00eb misionit paqeruajt\u00ebs t\u00eb NATO-s n\u00eb Kosov\u00eb. \u00c7far\u00eb b\u00ebri NATO? Asgj\u00eb, ve\u00e7 se ka shkruar se \u00ebsht\u00eb shum\u00eb i shqet\u00ebsuar. \u00cbsht\u00eb dhurata m\u00eb e madhe p\u00ebr Putinin, i cili po p\u00ebrpiqet t\u00eb tregoj\u00eb se NATO nuk \u00ebsht\u00eb gj\u00eb tjet\u00ebr ve\u00e7se nj\u00eb \u201ctig\u00ebr letre\u201d dhe nuk do t\u00eb b\u00ebj\u00eb asgj\u00eb. Aktualisht, Rusia nuk ka forc\u00ebn p\u00ebr t\u00eb sulmuar Polonin\u00eb ose nj\u00eb vend tjet\u00ebr t\u00eb NATO-s n\u00eb fqinj\u00ebsi. Por hallka m\u00eb e dob\u00ebt e NATO-s \u00ebsht\u00eb n\u00eb rajonin e Ballkanit Per\u00ebndimor. Putin nuk ka ambicie strategjike p\u00ebr t\u00eb pushtuar Ballkanin. Ai ka nevoj\u00eb p\u00ebr rajonin n\u00eb m\u00ebnyr\u00eb q\u00eb t\u00eb p\u00ebrdor\u00eb kaosin n\u00eb rajon p\u00ebr t\u00eb shantazhuar Per\u00ebndimin se n\u00ebse Brukseli ose Uashingtoni nuk duan kaos, duhet t\u00eb negociojn\u00eb me t\u00eb, transmeton Sinjali.<\/p>\n<p>\u201cSituata n\u00eb rajon m\u00eb kujton shum\u00eb kaosin midis Armenis\u00eb dhe Azerbajxhanit. Aktualisht, situata n\u00eb Bosnje-Hercegovin\u00eb dhe Kosov\u00eb \u00ebsht\u00eb shum\u00eb e keqe dhe mund t\u00eb priten p\u00ebrshkall\u00ebzime t\u00eb m\u00ebtejshme. A mund t\u00eb rezultoj\u00eb kjo n\u00eb nj\u00eb luft\u00eb si\u00e7 e pam\u00eb n\u00eb vitet \u201990? Nuk e di. Por kjo nuk \u00ebsht\u00eb as e nevojshme sot p\u00ebr t\u00eb arritur q\u00ebllimet e tjera t\u00eb Mosk\u00ebs dhe Beogradit. Lufta n\u00eb zon\u00ebn gri, e cila \u00ebsht\u00eb pak n\u00ebn pragun e konfliktit t\u00eb armatosur, \u00ebsht\u00eb \u00e7el\u00ebsi i Ballkanit dhe Putin dhe Vu\u00e7iq e din\u00eb mir\u00eb k\u00ebt\u00eb\u201d, deklaroi ajo.<\/p>\n","protected":false},"excerpt":{"rendered":"<p>Ivana Stradner, k\u00ebshilltare n\u00eb Fondacionin p\u00ebr Mbrojtjen e Demokracis\u00eb (FDD) dhe bashk\u00ebpun\u00ebtore k\u00ebrkimore n\u00eb Institutin Amerikan t\u00eb Nd\u00ebrmarrjeve (AEI) nga Uashingtoni ka folur p\u00ebr situat\u00ebn n\u00eb rajon dhe zgjedhjet e tensioneve n\u00eb vendet e Ballkanit Per\u00ebndimor. Stradner nd\u00ebr tjerash ka folur edhe p\u00ebr situat\u00ebn n\u00eb Kosov\u00eb, duke paralajm\u00ebruar se situata aktuale \u00ebsht\u00eb shum\u00eb e keqe [&hellip;]<\/p>\n","protected":false},"author":2,"featured_media":41790,"comment_status":"closed","ping_status":"closed","sticky":false,"template":"","format":"standard","meta":{"_monsterinsights_skip_tracking":false,"_monsterinsights_sitenote_active":false,"_monsterinsights_sitenote_note":"","_monsterinsights_sitenote_category":0,"_uf_show_specific_survey":0,"_uf_disable_surveys":false,"footnotes":""},"categories":[1146],"tags":[2713],"yoast_head":"<!-- This site is optimized with the Yoast SEO plugin v21.5 - https:\/\/yoast.com\/wordpress\/plugins\/seo\/ -->\n<title>Sulmi n\u00eb Banjsk\u00eb, alarmon Stradner: Situata n\u00eb Kosov\u00eb \u00ebsht\u00eb e keqe dhe mund t\u00eb priten p\u00ebrshkall\u00ebzime t\u00eb m\u00ebtejshme<\/title>\n<meta name=\"robots\" content=\"index, follow, max-snippet:-1, max-image-preview:large, max-video-preview:-1\" \/>\n<link rel=\"canonical\" href=\"https:\/\/permbledhja.com\/sq\/sulmi-ne-banjske-alarmon-stradner-situata-ne-kosove-eshte-e-keqe-dhe-mund-te-priten-pershkallezime-te-metejshme\/\" \/>\n<meta property=\"og:locale\" content=\"sq_AL\" \/>\n<meta property=\"og:type\" content=\"article\" \/>\n<meta property=\"og:title\" content=\"Sulmi n\u00eb Banjsk\u00eb, alarmon Stradner: Situata n\u00eb Kosov\u00eb \u00ebsht\u00eb e keqe dhe mund t\u00eb priten p\u00ebrshkall\u00ebzime t\u00eb m\u00ebtejshme\" \/>\n<meta property=\"og:description\" content=\"Ivana Stradner, k\u00ebshilltare n\u00eb Fondacionin p\u00ebr Mbrojtjen e Demokracis\u00eb (FDD) dhe bashk\u00ebpun\u00ebtore k\u00ebrkimore n\u00eb Institutin Amerikan t\u00eb Nd\u00ebrmarrjeve (AEI) nga Uashingtoni ka folur p\u00ebr situat\u00ebn n\u00eb rajon dhe zgjedhjet e tensioneve n\u00eb vendet e Ballkanit Per\u00ebndimor. Stradner nd\u00ebr tjerash ka folur edhe p\u00ebr situat\u00ebn n\u00eb Kosov\u00eb, duke paralajm\u00ebruar se situata aktuale \u00ebsht\u00eb shum\u00eb e keqe [&hellip;]\" \/>\n<meta property=\"og:url\" content=\"https:\/\/permbledhja.com\/sq\/sulmi-ne-banjske-alarmon-stradner-situata-ne-kosove-eshte-e-keqe-dhe-mund-te-priten-pershkallezime-te-metejshme\/\" \/>\n<meta property=\"og:site_name\" content=\"Ve\u00e7 artikuj p\u00ebrmbledh\u00ebs\" \/>\n<meta property=\"article:publisher\" content=\"https:\/\/www.facebook.com\/press07\/\" \/>\n<meta property=\"article:published_time\" content=\"2024-01-08T09:01:26+00:00\" \/>\n<meta property=\"article:modified_time\" content=\"2024-01-08T09:29:32+00:00\" \/>\n<meta property=\"og:image\" content=\"https:\/\/permbledhja.com\/wp-content\/uploads\/2024\/01\/ivannaaa.webp\" \/>\n\t<meta property=\"og:image:width\" content=\"761\" \/>\n\t<meta property=\"og:image:height\" content=\"451\" \/>\n\t<meta property=\"og:image:type\" content=\"image\/webp\" \/>\n<meta name=\"author\" content=\"M M\" \/>\n<meta name=\"twitter:card\" content=\"summary_large_image\" \/>\n<meta name=\"twitter:label1\" content=\"Written by\" \/>\n\t<meta name=\"twitter:data1\" content=\"M M\" \/>\n\t<meta name=\"twitter:label2\" content=\"Est. reading time\" \/>\n\t<meta name=\"twitter:data2\" content=\"3 minuta\" \/>\n<script type=\"application\/ld+json\" class=\"yoast-schema-graph\">{\"@context\":\"https:\/\/schema.org\",\"@graph\":[{\"@type\":\"Article\",\"@id\":\"https:\/\/permbledhja.com\/sq\/sulmi-ne-banjske-alarmon-stradner-situata-ne-kosove-eshte-e-keqe-dhe-mund-te-priten-pershkallezime-te-metejshme\/#article\",\"isPartOf\":{\"@id\":\"https:\/\/permbledhja.com\/sq\/sulmi-ne-banjske-alarmon-stradner-situata-ne-kosove-eshte-e-keqe-dhe-mund-te-priten-pershkallezime-te-metejshme\/\"},\"author\":{\"name\":\"M M\",\"@id\":\"https:\/\/permbledhja.com\/#\/schema\/person\/d23f13f59b5722643933d6780783acf3\"},\"headline\":\"Sulmi n\u00eb Banjsk\u00eb, alarmon Stradner: Situata n\u00eb Kosov\u00eb \u00ebsht\u00eb e keqe dhe mund t\u00eb priten p\u00ebrshkall\u00ebzime t\u00eb m\u00ebtejshme\",\"datePublished\":\"2024-01-08T09:01:26+00:00\",\"dateModified\":\"2024-01-08T09:29:32+00:00\",\"mainEntityOfPage\":{\"@id\":\"https:\/\/permbledhja.com\/sq\/sulmi-ne-banjske-alarmon-stradner-situata-ne-kosove-eshte-e-keqe-dhe-mund-te-priten-pershkallezime-te-metejshme\/\"},\"wordCount\":637,\"publisher\":{\"@id\":\"https:\/\/permbledhja.com\/#organization\"},\"keywords\":[\"Stradner\"],\"articleSection\":[\"Kryesoret\"],\"inLanguage\":\"sq\"},{\"@type\":\"WebPage\",\"@id\":\"https:\/\/permbledhja.com\/sq\/sulmi-ne-banjske-alarmon-stradner-situata-ne-kosove-eshte-e-keqe-dhe-mund-te-priten-pershkallezime-te-metejshme\/\",\"url\":\"https:\/\/permbledhja.com\/sq\/sulmi-ne-banjske-alarmon-stradner-situata-ne-kosove-eshte-e-keqe-dhe-mund-te-priten-pershkallezime-te-metejshme\/\",\"name\":\"Sulmi n\u00eb Banjsk\u00eb, alarmon Stradner: Situata n\u00eb Kosov\u00eb \u00ebsht\u00eb e keqe dhe mund t\u00eb priten p\u00ebrshkall\u00ebzime t\u00eb m\u00ebtejshme\",\"isPartOf\":{\"@id\":\"https:\/\/permbledhja.com\/#website\"},\"datePublished\":\"2024-01-08T09:01:26+00:00\",\"dateModified\":\"2024-01-08T09:29:32+00:00\",\"breadcrumb\":{\"@id\":\"https:\/\/permbledhja.com\/sq\/sulmi-ne-banjske-alarmon-stradner-situata-ne-kosove-eshte-e-keqe-dhe-mund-te-priten-pershkallezime-te-metejshme\/#breadcrumb\"},\"inLanguage\":\"sq\",\"potentialAction\":[{\"@type\":\"ReadAction\",\"target\":[\"https:\/\/permbledhja.com\/sq\/sulmi-ne-banjske-alarmon-stradner-situata-ne-kosove-eshte-e-keqe-dhe-mund-te-priten-pershkallezime-te-metejshme\/\"]}]},{\"@type\":\"BreadcrumbList\",\"@id\":\"https:\/\/permbledhja.com\/sq\/sulmi-ne-banjske-alarmon-stradner-situata-ne-kosove-eshte-e-keqe-dhe-mund-te-priten-pershkallezime-te-metejshme\/#breadcrumb\",\"itemListElement\":[{\"@type\":\"ListItem\",\"position\":1,\"name\":\"Ballina\",\"item\":\"https:\/\/permbledhja.com\/sq\/\"},{\"@type\":\"ListItem\",\"position\":2,\"name\":\"Sulmi n\u00eb Banjsk\u00eb, alarmon Stradner: Situata n\u00eb Kosov\u00eb \u00ebsht\u00eb e keqe dhe mund t\u00eb priten p\u00ebrshkall\u00ebzime t\u00eb m\u00ebtejshme\"}]},{\"@type\":\"WebSite\",\"@id\":\"https:\/\/permbledhja.com\/#website\",\"url\":\"https:\/\/permbledhja.com\/\",\"name\":\"Ve\u00e7 artikuj p\u00ebrmbledh\u00ebs\",\"description\":\"\",\"publisher\":{\"@id\":\"https:\/\/permbledhja.com\/#organization\"},\"potentialAction\":[{\"@type\":\"SearchAction\",\"target\":{\"@type\":\"EntryPoint\",\"urlTemplate\":\"https:\/\/permbledhja.com\/?s={search_term_string}\"},\"query-input\":\"required name=search_term_string\"}],\"inLanguage\":\"sq\"},{\"@type\":\"Organization\",\"@id\":\"https:\/\/permbledhja.com\/#organization\",\"name\":\"MK Media & Pr\",\"url\":\"https:\/\/permbledhja.com\/\",\"logo\":{\"@type\":\"ImageObject\",\"inLanguage\":\"sq\",\"@id\":\"https:\/\/permbledhja.com\/#\/schema\/logo\/image\/\",\"url\":\"https:\/\/permbledhja.com\/wp-content\/uploads\/2021\/12\/07-Press-Logo.jpg\",\"contentUrl\":\"https:\/\/permbledhja.com\/wp-content\/uploads\/2021\/12\/07-Press-Logo.jpg\",\"width\":512,\"height\":512,\"caption\":\"MK Media & Pr\"},\"image\":{\"@id\":\"https:\/\/permbledhja.com\/#\/schema\/logo\/image\/\"},\"sameAs\":[\"https:\/\/www.facebook.com\/press07\/\"]},{\"@type\":\"Person\",\"@id\":\"https:\/\/permbledhja.com\/#\/schema\/person\/d23f13f59b5722643933d6780783acf3\",\"name\":\"M M\",\"image\":{\"@type\":\"ImageObject\",\"inLanguage\":\"sq\",\"@id\":\"https:\/\/permbledhja.com\/#\/schema\/person\/image\/\",\"url\":\"https:\/\/secure.gravatar.com\/avatar\/e2835a76ca7c31a2416b2d51c4ec9a8f?s=96&d=mm&r=g\",\"contentUrl\":\"https:\/\/secure.gravatar.com\/avatar\/e2835a76ca7c31a2416b2d51c4ec9a8f?s=96&d=mm&r=g\",\"caption\":\"M M\"},\"sameAs\":[\"http:\/\/MM\"],\"url\":\"https:\/\/permbledhja.com\/sq\/author\/muhamet\/\"}]}<\/script>\n<!-- \/ Yoast SEO plugin. -->","yoast_head_json":{"title":"Sulmi n\u00eb Banjsk\u00eb, alarmon Stradner: Situata n\u00eb Kosov\u00eb \u00ebsht\u00eb e keqe dhe mund t\u00eb priten p\u00ebrshkall\u00ebzime t\u00eb m\u00ebtejshme","robots":{"index":"index","follow":"follow","max-snippet":"max-snippet:-1","max-image-preview":"max-image-preview:large","max-video-preview":"max-video-preview:-1"},"canonical":"https:\/\/permbledhja.com\/sq\/sulmi-ne-banjske-alarmon-stradner-situata-ne-kosove-eshte-e-keqe-dhe-mund-te-priten-pershkallezime-te-metejshme\/","og_locale":"sq_AL","og_type":"article","og_title":"Sulmi n\u00eb Banjsk\u00eb, alarmon Stradner: Situata n\u00eb Kosov\u00eb \u00ebsht\u00eb e keqe dhe mund t\u00eb priten p\u00ebrshkall\u00ebzime t\u00eb m\u00ebtejshme","og_description":"Ivana Stradner, k\u00ebshilltare n\u00eb Fondacionin p\u00ebr Mbrojtjen e Demokracis\u00eb (FDD) dhe bashk\u00ebpun\u00ebtore k\u00ebrkimore n\u00eb Institutin Amerikan t\u00eb Nd\u00ebrmarrjeve (AEI) nga Uashingtoni ka folur p\u00ebr situat\u00ebn n\u00eb rajon dhe zgjedhjet e tensioneve n\u00eb vendet e Ballkanit Per\u00ebndimor. Stradner nd\u00ebr tjerash ka folur edhe p\u00ebr situat\u00ebn n\u00eb Kosov\u00eb, duke paralajm\u00ebruar se situata aktuale \u00ebsht\u00eb shum\u00eb e keqe [&hellip;]","og_url":"https:\/\/permbledhja.com\/sq\/sulmi-ne-banjske-alarmon-stradner-situata-ne-kosove-eshte-e-keqe-dhe-mund-te-priten-pershkallezime-te-metejshme\/","og_site_name":"Ve\u00e7 artikuj p\u00ebrmbledh\u00ebs","article_publisher":"https:\/\/www.facebook.com\/press07\/","article_published_time":"2024-01-08T09:01:26+00:00","article_modified_time":"2024-01-08T09:29:32+00:00","og_image":[{"width":761,"height":451,"url":"https:\/\/permbledhja.com\/wp-content\/uploads\/2024\/01\/ivannaaa.webp","type":"image\/webp"}],"author":"M M","twitter_card":"summary_large_image","twitter_misc":{"Written by":"M M","Est. reading time":"3 minuta"},"schema":{"@context":"https:\/\/schema.org","@graph":[{"@type":"Article","@id":"https:\/\/permbledhja.com\/sq\/sulmi-ne-banjske-alarmon-stradner-situata-ne-kosove-eshte-e-keqe-dhe-mund-te-priten-pershkallezime-te-metejshme\/#article","isPartOf":{"@id":"https:\/\/permbledhja.com\/sq\/sulmi-ne-banjske-alarmon-stradner-situata-ne-kosove-eshte-e-keqe-dhe-mund-te-priten-pershkallezime-te-metejshme\/"},"author":{"name":"M M","@id":"https:\/\/permbledhja.com\/#\/schema\/person\/d23f13f59b5722643933d6780783acf3"},"headline":"Sulmi n\u00eb Banjsk\u00eb, alarmon Stradner: Situata n\u00eb Kosov\u00eb \u00ebsht\u00eb e keqe dhe mund t\u00eb priten p\u00ebrshkall\u00ebzime t\u00eb m\u00ebtejshme","datePublished":"2024-01-08T09:01:26+00:00","dateModified":"2024-01-08T09:29:32+00:00","mainEntityOfPage":{"@id":"https:\/\/permbledhja.com\/sq\/sulmi-ne-banjske-alarmon-stradner-situata-ne-kosove-eshte-e-keqe-dhe-mund-te-priten-pershkallezime-te-metejshme\/"},"wordCount":637,"publisher":{"@id":"https:\/\/permbledhja.com\/#organization"},"keywords":["Stradner"],"articleSection":["Kryesoret"],"inLanguage":"sq"},{"@type":"WebPage","@id":"https:\/\/permbledhja.com\/sq\/sulmi-ne-banjske-alarmon-stradner-situata-ne-kosove-eshte-e-keqe-dhe-mund-te-priten-pershkallezime-te-metejshme\/","url":"https:\/\/permbledhja.com\/sq\/sulmi-ne-banjske-alarmon-stradner-situata-ne-kosove-eshte-e-keqe-dhe-mund-te-priten-pershkallezime-te-metejshme\/","name":"Sulmi n\u00eb Banjsk\u00eb, alarmon Stradner: Situata n\u00eb Kosov\u00eb \u00ebsht\u00eb e keqe dhe mund t\u00eb priten p\u00ebrshkall\u00ebzime t\u00eb m\u00ebtejshme","isPartOf":{"@id":"https:\/\/permbledhja.com\/#website"},"datePublished":"2024-01-08T09:01:26+00:00","dateModified":"2024-01-08T09:29:32+00:00","breadcrumb":{"@id":"https:\/\/permbledhja.com\/sq\/sulmi-ne-banjske-alarmon-stradner-situata-ne-kosove-eshte-e-keqe-dhe-mund-te-priten-pershkallezime-te-metejshme\/#breadcrumb"},"inLanguage":"sq","potentialAction":[{"@type":"ReadAction","target":["https:\/\/permbledhja.com\/sq\/sulmi-ne-banjske-alarmon-stradner-situata-ne-kosove-eshte-e-keqe-dhe-mund-te-priten-pershkallezime-te-metejshme\/"]}]},{"@type":"BreadcrumbList","@id":"https:\/\/permbledhja.com\/sq\/sulmi-ne-banjske-alarmon-stradner-situata-ne-kosove-eshte-e-keqe-dhe-mund-te-priten-pershkallezime-te-metejshme\/#breadcrumb","itemListElement":[{"@type":"ListItem","position":1,"name":"Ballina","item":"https:\/\/permbledhja.com\/sq\/"},{"@type":"ListItem","position":2,"name":"Sulmi n\u00eb Banjsk\u00eb, alarmon Stradner: Situata n\u00eb Kosov\u00eb \u00ebsht\u00eb e keqe dhe mund t\u00eb priten p\u00ebrshkall\u00ebzime t\u00eb m\u00ebtejshme"}]},{"@type":"WebSite","@id":"https:\/\/permbledhja.com\/#website","url":"https:\/\/permbledhja.com\/","name":"Ve\u00e7 artikuj p\u00ebrmbledh\u00ebs","description":"","publisher":{"@id":"https:\/\/permbledhja.com\/#organization"},"potentialAction":[{"@type":"SearchAction","target":{"@type":"EntryPoint","urlTemplate":"https:\/\/permbledhja.com\/?s={search_term_string}"},"query-input":"required name=search_term_string"}],"inLanguage":"sq"},{"@type":"Organization","@id":"https:\/\/permbledhja.com\/#organization","name":"MK Media & Pr","url":"https:\/\/permbledhja.com\/","logo":{"@type":"ImageObject","inLanguage":"sq","@id":"https:\/\/permbledhja.com\/#\/schema\/logo\/image\/","url":"https:\/\/permbledhja.com\/wp-content\/uploads\/2021\/12\/07-Press-Logo.jpg","contentUrl":"https:\/\/permbledhja.com\/wp-content\/uploads\/2021\/12\/07-Press-Logo.jpg","width":512,"height":512,"caption":"MK Media & Pr"},"image":{"@id":"https:\/\/permbledhja.com\/#\/schema\/logo\/image\/"},"sameAs":["https:\/\/www.facebook.com\/press07\/"]},{"@type":"Person","@id":"https:\/\/permbledhja.com\/#\/schema\/person\/d23f13f59b5722643933d6780783acf3","name":"M M","image":{"@type":"ImageObject","inLanguage":"sq","@id":"https:\/\/permbledhja.com\/#\/schema\/person\/image\/","url":"https:\/\/secure.gravatar.com\/avatar\/e2835a76ca7c31a2416b2d51c4ec9a8f?s=96&d=mm&r=g","contentUrl":"https:\/\/secure.gravatar.com\/avatar\/e2835a76ca7c31a2416b2d51c4ec9a8f?s=96&d=mm&r=g","caption":"M M"},"sameAs":["http:\/\/MM"],"url":"https:\/\/permbledhja.com\/sq\/author\/muhamet\/"}]}},"_links":{"self":[{"href":"https:\/\/permbledhja.com\/sq\/wp-json\/wp\/v2\/posts\/41789"}],"collection":[{"href":"https:\/\/permbledhja.com\/sq\/wp-json\/wp\/v2\/posts"}],"about":[{"href":"https:\/\/permbledhja.com\/sq\/wp-json\/wp\/v2\/types\/post"}],"author":[{"embeddable":true,"href":"https:\/\/permbledhja.com\/sq\/wp-json\/wp\/v2\/users\/2"}],"replies":[{"embeddable":true,"href":"https:\/\/permbledhja.com\/sq\/wp-json\/wp\/v2\/comments?post=41789"}],"version-history":[{"count":3,"href":"https:\/\/permbledhja.com\/sq\/wp-json\/wp\/v2\/posts\/41789\/revisions"}],"predecessor-version":[{"id":41795,"href":"https:\/\/permbledhja.com\/sq\/wp-json\/wp\/v2\/posts\/41789\/revisions\/41795"}],"wp:featuredmedia":[{"embeddable":true,"href":"https:\/\/permbledhja.com\/sq\/wp-json\/wp\/v2\/media\/41790"}],"wp:attachment":[{"href":"https:\/\/permbledhja.com\/sq\/wp-json\/wp\/v2\/media?parent=41789"}],"wp:term":[{"taxonomy":"category","embeddable":true,"href":"https:\/\/permbledhja.com\/sq\/wp-json\/wp\/v2\/categories?post=41789"},{"taxonomy":"post_tag","embeddable":true,"href":"https:\/\/permbledhja.com\/sq\/wp-json\/wp\/v2\/tags?post=41789"}],"curies":[{"name":"wp","href":"https:\/\/api.w.org\/{rel}","templated":true}]}}