{"id":41786,"date":"2024-01-08T08:59:16","date_gmt":"2024-01-08T08:59:16","guid":{"rendered":"https:\/\/permbledhja.com\/?p=41786"},"modified":"2024-01-08T08:59:16","modified_gmt":"2024-01-08T08:59:16","slug":"ekspertet-thone-se-trendi-i-investimeve-kapitale-mbetet-i-ulet-e-mohon-shumica","status":"publish","type":"post","link":"https:\/\/permbledhja.com\/sq\/ekspertet-thone-se-trendi-i-investimeve-kapitale-mbetet-i-ulet-e-mohon-shumica\/","title":{"rendered":"\u200bEkspert\u00ebt thon\u00eb se trendi i investimeve kapitale mbetet i ul\u00ebt, e mohon shumica"},"content":{"rendered":"<h3>Trendi i investimeve kapitale mbetet i ul\u00ebt n\u00eb vendin ton\u00eb, e sipas ekspert\u00ebve t\u00eb ekonomis\u00eb kjo po ndikon edhe n\u00eb performanc\u00ebn negative p\u00ebr bizneset, si dhe p\u00ebr rritjen ekonomike. Megjithat\u00eb p\u00ebr k\u00ebt\u00eb ulje nuk pajtohen nga Qeveria dhe deputet\u00ebt e LVV-s\u00eb. Deri n\u00eb shtator t\u00eb vitit 2023, shkalla e investimeve kapitale ka arritur 35 p\u00ebr qind.<\/h3>\n<p>Megjithat\u00eb gat\u00eb vitit 2023 niveli qendror ka realizuar investime kapitale 17 p\u00ebr qind, nd\u00ebrsa ai lokal 22 p\u00ebr qind, gjithnj\u00eb duke ju referuar t\u00eb dh\u00ebnave t\u00eb Institutit GAP p\u00ebr gjasht\u00ebmujorin e par\u00eb. K\u00ebshtu, trendi i investimeve kapitale n\u00eb pes\u00eb vitet e fundit ka sh\u00ebnuar r\u00ebnie.<\/p>\n<p>Sipas k\u00ebtij instituti, niveli m\u00eb i ul\u00ebt i shpenzimeve ka qen\u00eb n\u00eb vitin 2022 me vet\u00ebm 9 p\u00ebr qind t\u00eb investimeve kapitale ka shpenzuar niveli qendror, p\u00ebr dallim nga ai lokal q\u00eb kishte 19 p\u00ebr qind.<\/p>\n<p>P\u00ebrve\u00e7 GAP-it edhe njoh\u00ebs t\u00eb ekonomis\u00eb thon\u00eb se trendi i investimeve kapitale ka sh\u00ebnuar r\u00ebnie, pavar\u00ebsisht se m\u00eb t\u00eb nuk pajtohen deputet e LVV-s\u00eb dhe Qeveria.<\/p>\n<p>Drejtoresha e Dhom\u00ebs s\u00eb Tregtis\u00eb dhe Industris\u00eb Kosov\u00eb, Zana Beqiri thot\u00eb se fokus i qeveris\u00eb kan\u00eb qen\u00eb ndihmat emergjente dhe jo investimet kapitale. Sipas saj, r\u00ebnia e tyre po ndikon edhe n\u00eb p\u00ebrformanc\u00ebn e bizneseve.<\/p>\n<p>\u201cProblemi \u00ebsht\u00eb q\u00eb ne ka nj\u00eb koh\u00eb q\u00eb e kemi p\u00ebrmend edhe kritiken ton\u00eb sa i p\u00ebrket planifikimit buxhetor p\u00ebr 2023, investime kapitale kan\u00eb qen\u00eb minimum rreth 25 p\u00ebr qind t\u00eb planifikuara, nd\u00ebrsa transfere, subvencione dhe vija buxhetore t\u00eb tilla t\u00eb cilat do duhej t\u00eb ishin menj\u00ebher\u00eb pas lufte n\u00eb Kosov\u00eb, jo tash n\u00eb faz\u00ebn zhvillimore. Ato kan\u00eb z\u00ebn\u00eb pjes\u00eb diku tek 36 p\u00ebr qind. Kjo tregon p\u00ebr fokusin e qeveris\u00eb sa i p\u00ebrket ekonomis\u00eb n\u00eb vend, d.m.th fokusi ka qen\u00eb kryesisht ndihma emergjente, si\u00e7 kan\u00eb qen\u00eb ato subvencione 100 euro, me t\u00eb cilat pothuajse t\u00eb gjith\u00eb shkuan n\u00eb pushime gjat\u00eb ver\u00ebs.<\/p>\n<p>Ne duhet t\u00eb kemi parasysh se investimet kapitale jan\u00eb shum\u00eb m\u00eb rend\u00ebsi p\u00ebr kompanit\u00eb vendore, sepse ato marrin si nj\u00eb injeksion mjaft t\u00eb r\u00ebnd\u00ebsish\u00ebm secilin projekt zhvillimor n\u00eb vend. P\u00ebr k\u00ebt\u00eb duhet qeveria t\u2019i p\u00ebrvishet pun\u00ebs serish, t\u00eb kryej obligimet q\u00eb ka marr\u00eb sa i p\u00ebrket investimeve, t\u00eb fokusohet m\u00eb tep\u00ebr n\u00eb investimet e infrastruktur\u00ebs, sepse p\u00ebrdit\u00eb kemi probleme, ankesa prej bizneseve, n\u00eb m\u00ebnyr\u00eb q\u00eb t\u00eb p\u00ebrmir\u00ebsojm\u00eb klim\u00ebn biznesore, sepse ne nuk mund ta ngarkojm\u00eb biznesin \u00e7do dit\u00eb e m\u00eb shum\u00eb, nd\u00ebrsa t\u00eb presim q\u00eb bizneset ta bartin gjith\u00eb barr\u00ebn kur qeveria nuk duket se \u00ebsht\u00eb e gatshme t\u00eb ndihmoj\u00eb n\u00eb k\u00ebt\u00eb aspekt, t\u00eb pakt\u00ebn deri tash sa i p\u00ebrket planifikimeve buxhetore\u201d, thot\u00eb Beqiri.<\/p>\n<p>Se buxheti nuk po shpenzohet n\u00eb dinamiken q\u00eb \u00ebsht\u00eb parapar\u00eb me Ligjin e buxhetit e thot\u00eb kryetari i Od\u00ebs Ekonomike t\u00eb Kosov\u00ebs, Lulzim Rafuna.<\/p>\n<p>Sipas tij, duhet t\u00eb ket\u00eb nj\u00eb planifikim m\u00eb t\u00eb mir\u00eb t\u00eb projekteve dhe nj\u00eb parashikim m\u00eb t\u00eb mir\u00eb t\u00eb implementimit t\u00eb shpenzimeve kapitale.<\/p>\n<p>\u201cFaktor\u00ebt q\u00eb kan\u00eb ndikuar n\u00eb shpenzimet kapitale kan\u00eb qen\u00eb t\u00eb lidhura me efikasitetin, sidomos t\u00eb OSHP-s\u00eb. Dihet nj\u00eb koh\u00eb e madhe q\u00eb OSHP-ja ka qen\u00eb e bllokuar dhe m\u00eb pas \u00ebsht\u00eb \u00e7\u00ebshtja e planifikimit t\u00eb projekteve. Duhet t\u00eb ket\u00eb nj\u00eb planifikim m\u00eb t\u00eb mir\u00eb t\u00eb projekteve dhe nj\u00eb parashikim m\u00eb t\u00eb mir\u00eb t\u00eb implementimit t\u00eb shpenzimeve kapitale. Ne duhet t\u00eb ndalemi n\u00eb dy faza, ajo e planifikimit, sepse gjithmon\u00eb po planifikohet n\u00eb buxhet, po aprovohet n\u00eb Ligjin p\u00ebr buxhetin shuma m\u00eb e lart\u00eb sesa e vitit paraprak, mir\u00ebpo problemin e kemi tek shpenzimet, q\u00eb nuk shpenzohen n\u00eb dinamiken q\u00eb \u00ebsht\u00eb parapar\u00eb me ligjin e buxhetit.<\/p>\n<p>Dhe n\u00eb rastin konkret n\u00ebse b\u00ebjm\u00eb krahasimin mes k\u00ebtij viti dhe vitit 2022 \u00ebsht\u00eb fakt se si shpenzim \u00ebsht\u00eb pak m\u00eb i rritur, mir\u00ebpo n\u00ebse shohim n\u00eb totalin e planifikuar mbi 800 milion, nuk arrit\u00ebn ende n\u00eb 400 milion, q\u00eb d.m.th ende nuk e ka rritur 50 p\u00ebr qind\u00ebshin, nd\u00ebrsa jemi n\u00eb fundvit tanim\u00eb\u201d, thot\u00eb Rafuna.<\/p>\n<p>Nd\u00ebrsa, k\u00ebt\u00eb e kund\u00ebrshtojn\u00eb mazhoranca. Deputeti nga L\u00ebvizja Vet\u00ebvendosje, Armend Muja thot\u00eb se trendi i investimeve kapitale \u00ebsht\u00eb n\u00eb rritje.<\/p>\n<p>\u201cKosova vitin 2023 ka rreth 600 milion\u00eb euro investime kapitale q\u00eb jan\u00eb investimet m\u00eb t\u00eb larta kapitale ndonj\u00ebher\u00eb n\u00eb Kosov\u00eb kan\u00eb arrit k\u00ebt\u00eb vit. E vetmja shif\u00ebr e p\u00ebraf\u00ebrt mund t\u00eb jet\u00eb rreth 528 milion\u00eb euro q\u00eb ka qen\u00eb n\u00eb vitin 2013, mir\u00ebpo viti 2023 mendoj se e arrin rekordin e investimeve kapitale.<\/p>\n<p>Opozita duhet ta ket\u00eb parasysh q\u00eb investimet kapitale b\u00ebhen nga niveli qendror, jan\u00eb ministrit\u00eb e linj\u00ebs, por edhe komunat, aty ku po ngecin investimet kapitale, se po t\u00eb implementonte Komuna e Prishtin\u00ebs af\u00ebrsisht rreth 100 milion\u00eb euro q\u00eb jan\u00eb t\u00eb grumbulluara kryesisht n\u00eb projekte kapitale, Kosova do t\u00eb kishte nj\u00eb performanc\u00eb m\u00eb t\u00eb mir\u00eb tek investimet kapitale, ngjash\u00ebm edhe tek ministrit\u00eb tjera. Shum\u00eb nga ministrit\u00eb n\u00eb nivelin qendror kan\u00eb performanc\u00eb shum\u00eb m\u00eb t\u00eb mir\u00eb sesa komunat, duke filluar nga komunat t\u00eb cilat udh\u00ebhiqen PDK, LDK\u201d, thot\u00eb Muja p\u00ebr kp.<\/p>\n<p>Se ka rritje t\u00eb investimeve kapitale e thot\u00eb edhe z\u00ebvend\u00ebs ministri i infrastruktur\u00ebs, Hysen Durmishi. Sipas tij nuk ka r\u00ebnie t\u00eb investimeve n\u00eb pes\u00eb vitet e fundit, por rritje.<\/p>\n<p>\u201cNuk ka r\u00ebnie, p\u00ebrkundrazi ka rritje, ka zhvillim shum\u00eb t\u00eb madh, para 5 viteve shumica e k\u00ebtyre projekteve q\u00eb po i p\u00ebrfundojm\u00eb ne tani, kan\u00eb filluar para pes\u00eb viteve, por kan\u00eb filluar shum\u00eb keq. Kan\u00eb filluar pa shpron\u00ebsime, pa projekte. Po ashtu kan\u00eb filluar me gabime shum\u00eb t\u00eb m\u00ebdha t\u00eb cilat \u00ebsht\u00eb dashur ne q\u00eb t\u2019i zgjidhim nj\u00eb nga nj\u00eb dhe tani po i p\u00ebrfundojm\u00eb ato me shum\u00eb v\u00ebshtir\u00ebsi, mir\u00ebpo po i p\u00ebrfundojm\u00eb. Kemi filluar edhe me shum\u00eb projekte tjera, rrug\u00ebn Prizren-Tetov\u00eb, pjes\u00ebn n\u00eb territorin e Kosov\u00ebs, ne e kemi b\u00ebr\u00eb hapjen e ofertave dhe tani jemi n\u00eb procedur\u00eb t\u00eb vler\u00ebsimit dhe me 12 janar do t\u00eb n\u00ebnshkruhet marr\u00ebveshja financiare p\u00ebr tunelin, n\u00eb Shkup\u201d, thot\u00eb Durmishi.<\/p>\n<p>Sipas nj\u00eb raporti t\u00eb Institutit GAP p\u00ebr janar-qershor, gjat\u00eb vitit 2021 shpenzimi i buxhetit p\u00ebr investime kapitale ka qen\u00eb 19 p\u00ebr qind nga niveli qendror dhe 26 p\u00ebr qind nga niveli lokal. Gjat\u00eb vitit 2020 k\u00ebto investime kan\u00eb sh\u00ebnuar 11 p\u00ebr qind n\u00eb nivelin qendror, 21 p\u00ebr qind n\u00eb nivelin lokal.<\/p>\n<p>Po ashtu m\u00eb 2019 investimet n\u00eb nivelin qendror ishin 16 p\u00ebr qind, kurse n\u00eb at\u00eb lokal 25 p\u00ebr qind. Derisa n\u00eb vitin 2018 shpenzimi i buxhetit ishte 26 p\u00ebr qind n\u00eb nivelin qendror, nd\u00ebrsa n\u00eb nivelin lokal 28 p\u00ebr qind. Nd\u00ebrsa, nga Ministria e Financave nuk jan\u00eb p\u00ebrgjigjur p\u00ebr KosovaPress sa i p\u00ebrket shpenzimeve totale p\u00ebr investime kapitale m\u00eb 2023.<\/p>\n","protected":false},"excerpt":{"rendered":"<p>Trendi i investimeve kapitale mbetet i ul\u00ebt n\u00eb vendin ton\u00eb, e sipas ekspert\u00ebve t\u00eb ekonomis\u00eb kjo po ndikon edhe n\u00eb performanc\u00ebn negative p\u00ebr bizneset, si dhe p\u00ebr rritjen ekonomike. Megjithat\u00eb p\u00ebr k\u00ebt\u00eb ulje nuk pajtohen nga Qeveria dhe deputet\u00ebt e LVV-s\u00eb. Deri n\u00eb shtator t\u00eb vitit 2023, shkalla e investimeve kapitale ka arritur 35 p\u00ebr [&hellip;]<\/p>\n","protected":false},"author":1,"featured_media":41787,"comment_status":"closed","ping_status":"closed","sticky":false,"template":"","format":"standard","meta":{"_monsterinsights_skip_tracking":false,"_monsterinsights_sitenote_active":false,"_monsterinsights_sitenote_note":"","_monsterinsights_sitenote_category":0,"_uf_show_specific_survey":0,"_uf_disable_surveys":false,"footnotes":""},"categories":[199],"tags":[2869],"yoast_head":"<!-- This site is optimized with the Yoast SEO plugin v21.5 - https:\/\/yoast.com\/wordpress\/plugins\/seo\/ -->\n<title>\u200bEkspert\u00ebt thon\u00eb se trendi i investimeve kapitale mbetet i ul\u00ebt, e mohon shumica<\/title>\n<meta name=\"robots\" content=\"index, follow, max-snippet:-1, max-image-preview:large, max-video-preview:-1\" \/>\n<link rel=\"canonical\" href=\"https:\/\/permbledhja.com\/sq\/ekspertet-thone-se-trendi-i-investimeve-kapitale-mbetet-i-ulet-e-mohon-shumica\/\" \/>\n<meta property=\"og:locale\" content=\"sq_AL\" \/>\n<meta property=\"og:type\" content=\"article\" \/>\n<meta property=\"og:title\" content=\"\u200bEkspert\u00ebt thon\u00eb se trendi i investimeve kapitale mbetet i ul\u00ebt, e mohon shumica\" \/>\n<meta property=\"og:description\" content=\"Trendi i investimeve kapitale mbetet i ul\u00ebt n\u00eb vendin ton\u00eb, e sipas ekspert\u00ebve t\u00eb ekonomis\u00eb kjo po ndikon edhe n\u00eb performanc\u00ebn negative p\u00ebr bizneset, si dhe p\u00ebr rritjen ekonomike. Megjithat\u00eb p\u00ebr k\u00ebt\u00eb ulje nuk pajtohen nga Qeveria dhe deputet\u00ebt e LVV-s\u00eb. Deri n\u00eb shtator t\u00eb vitit 2023, shkalla e investimeve kapitale ka arritur 35 p\u00ebr [&hellip;]\" \/>\n<meta property=\"og:url\" content=\"https:\/\/permbledhja.com\/sq\/ekspertet-thone-se-trendi-i-investimeve-kapitale-mbetet-i-ulet-e-mohon-shumica\/\" \/>\n<meta property=\"og:site_name\" content=\"Ve\u00e7 artikuj p\u00ebrmbledh\u00ebs\" \/>\n<meta property=\"article:publisher\" content=\"https:\/\/www.facebook.com\/press07\/\" \/>\n<meta property=\"article:author\" content=\"https:\/\/www.facebook.com\/kafexhiu.muharrem\/\" \/>\n<meta property=\"article:published_time\" content=\"2024-01-08T08:59:16+00:00\" \/>\n<meta property=\"og:image\" content=\"https:\/\/permbledhja.com\/wp-content\/uploads\/2024\/01\/ekonomia1.jpg\" \/>\n\t<meta property=\"og:image:width\" content=\"500\" \/>\n\t<meta property=\"og:image:height\" content=\"333\" \/>\n\t<meta property=\"og:image:type\" content=\"image\/jpeg\" \/>\n<meta name=\"author\" content=\"P\u00ebrmbledhja\" \/>\n<meta name=\"twitter:card\" content=\"summary_large_image\" \/>\n<meta name=\"twitter:label1\" content=\"Written by\" \/>\n\t<meta name=\"twitter:data1\" content=\"P\u00ebrmbledhja\" \/>\n\t<meta name=\"twitter:label2\" content=\"Est. reading time\" \/>\n\t<meta name=\"twitter:data2\" content=\"6 minuta\" \/>\n<script type=\"application\/ld+json\" class=\"yoast-schema-graph\">{\"@context\":\"https:\/\/schema.org\",\"@graph\":[{\"@type\":\"Article\",\"@id\":\"https:\/\/permbledhja.com\/ekspertet-thone-se-trendi-i-investimeve-kapitale-mbetet-i-ulet-e-mohon-shumica\/#article\",\"isPartOf\":{\"@id\":\"https:\/\/permbledhja.com\/ekspertet-thone-se-trendi-i-investimeve-kapitale-mbetet-i-ulet-e-mohon-shumica\/\"},\"author\":{\"name\":\"P\u00ebrmbledhja\",\"@id\":\"https:\/\/permbledhja.com\/#\/schema\/person\/0d064377258d3221e50693947b9eb4fe\"},\"headline\":\"\u200bEkspert\u00ebt thon\u00eb se trendi i investimeve kapitale mbetet i ul\u00ebt, e mohon shumica\",\"datePublished\":\"2024-01-08T08:59:16+00:00\",\"dateModified\":\"2024-01-08T08:59:16+00:00\",\"mainEntityOfPage\":{\"@id\":\"https:\/\/permbledhja.com\/ekspertet-thone-se-trendi-i-investimeve-kapitale-mbetet-i-ulet-e-mohon-shumica\/\"},\"wordCount\":1164,\"publisher\":{\"@id\":\"https:\/\/permbledhja.com\/#organization\"},\"keywords\":[\"Investimet kapitale\"],\"articleSection\":[\"Ekonomi\"],\"inLanguage\":\"sq\"},{\"@type\":\"WebPage\",\"@id\":\"https:\/\/permbledhja.com\/ekspertet-thone-se-trendi-i-investimeve-kapitale-mbetet-i-ulet-e-mohon-shumica\/\",\"url\":\"https:\/\/permbledhja.com\/ekspertet-thone-se-trendi-i-investimeve-kapitale-mbetet-i-ulet-e-mohon-shumica\/\",\"name\":\"\u200bEkspert\u00ebt thon\u00eb se trendi i investimeve kapitale mbetet i ul\u00ebt, e mohon shumica\",\"isPartOf\":{\"@id\":\"https:\/\/permbledhja.com\/#website\"},\"datePublished\":\"2024-01-08T08:59:16+00:00\",\"dateModified\":\"2024-01-08T08:59:16+00:00\",\"breadcrumb\":{\"@id\":\"https:\/\/permbledhja.com\/ekspertet-thone-se-trendi-i-investimeve-kapitale-mbetet-i-ulet-e-mohon-shumica\/#breadcrumb\"},\"inLanguage\":\"sq\",\"potentialAction\":[{\"@type\":\"ReadAction\",\"target\":[\"https:\/\/permbledhja.com\/ekspertet-thone-se-trendi-i-investimeve-kapitale-mbetet-i-ulet-e-mohon-shumica\/\"]}]},{\"@type\":\"BreadcrumbList\",\"@id\":\"https:\/\/permbledhja.com\/ekspertet-thone-se-trendi-i-investimeve-kapitale-mbetet-i-ulet-e-mohon-shumica\/#breadcrumb\",\"itemListElement\":[{\"@type\":\"ListItem\",\"position\":1,\"name\":\"Ballina\",\"item\":\"https:\/\/permbledhja.com\/sq\/\"},{\"@type\":\"ListItem\",\"position\":2,\"name\":\"\u200bEkspert\u00ebt thon\u00eb se trendi i investimeve kapitale mbetet i ul\u00ebt, e mohon shumica\"}]},{\"@type\":\"WebSite\",\"@id\":\"https:\/\/permbledhja.com\/#website\",\"url\":\"https:\/\/permbledhja.com\/\",\"name\":\"Ve\u00e7 artikuj p\u00ebrmbledh\u00ebs\",\"description\":\"\",\"publisher\":{\"@id\":\"https:\/\/permbledhja.com\/#organization\"},\"potentialAction\":[{\"@type\":\"SearchAction\",\"target\":{\"@type\":\"EntryPoint\",\"urlTemplate\":\"https:\/\/permbledhja.com\/?s={search_term_string}\"},\"query-input\":\"required name=search_term_string\"}],\"inLanguage\":\"sq\"},{\"@type\":\"Organization\",\"@id\":\"https:\/\/permbledhja.com\/#organization\",\"name\":\"MK Media & Pr\",\"url\":\"https:\/\/permbledhja.com\/\",\"logo\":{\"@type\":\"ImageObject\",\"inLanguage\":\"sq\",\"@id\":\"https:\/\/permbledhja.com\/#\/schema\/logo\/image\/\",\"url\":\"https:\/\/permbledhja.com\/wp-content\/uploads\/2021\/12\/07-Press-Logo.jpg\",\"contentUrl\":\"https:\/\/permbledhja.com\/wp-content\/uploads\/2021\/12\/07-Press-Logo.jpg\",\"width\":512,\"height\":512,\"caption\":\"MK Media & Pr\"},\"image\":{\"@id\":\"https:\/\/permbledhja.com\/#\/schema\/logo\/image\/\"},\"sameAs\":[\"https:\/\/www.facebook.com\/press07\/\"]},{\"@type\":\"Person\",\"@id\":\"https:\/\/permbledhja.com\/#\/schema\/person\/0d064377258d3221e50693947b9eb4fe\",\"name\":\"P\u00ebrmbledhja\",\"image\":{\"@type\":\"ImageObject\",\"inLanguage\":\"sq\",\"@id\":\"https:\/\/permbledhja.com\/#\/schema\/person\/image\/\",\"url\":\"https:\/\/permbledhja.com\/wp-content\/uploads\/2026\/01\/452004717_1040944174702970_8932037511805513407_n-96x96.jpg\",\"contentUrl\":\"https:\/\/permbledhja.com\/wp-content\/uploads\/2026\/01\/452004717_1040944174702970_8932037511805513407_n-96x96.jpg\",\"caption\":\"P\u00ebrmbledhja\"},\"sameAs\":[\"https:\/\/www.facebook.com\/kafexhiu.muharrem\/\",\"https:\/\/www.instagram.com\/muharrem_kafexhiu\/\"],\"url\":\"https:\/\/permbledhja.com\/sq\/author\/admin\/\"}]}<\/script>\n<!-- \/ Yoast SEO plugin. -->","yoast_head_json":{"title":"\u200bEkspert\u00ebt thon\u00eb se trendi i investimeve kapitale mbetet i ul\u00ebt, e mohon shumica","robots":{"index":"index","follow":"follow","max-snippet":"max-snippet:-1","max-image-preview":"max-image-preview:large","max-video-preview":"max-video-preview:-1"},"canonical":"https:\/\/permbledhja.com\/sq\/ekspertet-thone-se-trendi-i-investimeve-kapitale-mbetet-i-ulet-e-mohon-shumica\/","og_locale":"sq_AL","og_type":"article","og_title":"\u200bEkspert\u00ebt thon\u00eb se trendi i investimeve kapitale mbetet i ul\u00ebt, e mohon shumica","og_description":"Trendi i investimeve kapitale mbetet i ul\u00ebt n\u00eb vendin ton\u00eb, e sipas ekspert\u00ebve t\u00eb ekonomis\u00eb kjo po ndikon edhe n\u00eb performanc\u00ebn negative p\u00ebr bizneset, si dhe p\u00ebr rritjen ekonomike. Megjithat\u00eb p\u00ebr k\u00ebt\u00eb ulje nuk pajtohen nga Qeveria dhe deputet\u00ebt e LVV-s\u00eb. Deri n\u00eb shtator t\u00eb vitit 2023, shkalla e investimeve kapitale ka arritur 35 p\u00ebr [&hellip;]","og_url":"https:\/\/permbledhja.com\/sq\/ekspertet-thone-se-trendi-i-investimeve-kapitale-mbetet-i-ulet-e-mohon-shumica\/","og_site_name":"Ve\u00e7 artikuj p\u00ebrmbledh\u00ebs","article_publisher":"https:\/\/www.facebook.com\/press07\/","article_author":"https:\/\/www.facebook.com\/kafexhiu.muharrem\/","article_published_time":"2024-01-08T08:59:16+00:00","og_image":[{"width":500,"height":333,"url":"https:\/\/permbledhja.com\/wp-content\/uploads\/2024\/01\/ekonomia1.jpg","type":"image\/jpeg"}],"author":"P\u00ebrmbledhja","twitter_card":"summary_large_image","twitter_misc":{"Written by":"P\u00ebrmbledhja","Est. reading time":"6 minuta"},"schema":{"@context":"https:\/\/schema.org","@graph":[{"@type":"Article","@id":"https:\/\/permbledhja.com\/ekspertet-thone-se-trendi-i-investimeve-kapitale-mbetet-i-ulet-e-mohon-shumica\/#article","isPartOf":{"@id":"https:\/\/permbledhja.com\/ekspertet-thone-se-trendi-i-investimeve-kapitale-mbetet-i-ulet-e-mohon-shumica\/"},"author":{"name":"P\u00ebrmbledhja","@id":"https:\/\/permbledhja.com\/#\/schema\/person\/0d064377258d3221e50693947b9eb4fe"},"headline":"\u200bEkspert\u00ebt thon\u00eb se trendi i investimeve kapitale mbetet i ul\u00ebt, e mohon shumica","datePublished":"2024-01-08T08:59:16+00:00","dateModified":"2024-01-08T08:59:16+00:00","mainEntityOfPage":{"@id":"https:\/\/permbledhja.com\/ekspertet-thone-se-trendi-i-investimeve-kapitale-mbetet-i-ulet-e-mohon-shumica\/"},"wordCount":1164,"publisher":{"@id":"https:\/\/permbledhja.com\/#organization"},"keywords":["Investimet kapitale"],"articleSection":["Ekonomi"],"inLanguage":"sq"},{"@type":"WebPage","@id":"https:\/\/permbledhja.com\/ekspertet-thone-se-trendi-i-investimeve-kapitale-mbetet-i-ulet-e-mohon-shumica\/","url":"https:\/\/permbledhja.com\/ekspertet-thone-se-trendi-i-investimeve-kapitale-mbetet-i-ulet-e-mohon-shumica\/","name":"\u200bEkspert\u00ebt thon\u00eb se trendi i investimeve kapitale mbetet i ul\u00ebt, e mohon shumica","isPartOf":{"@id":"https:\/\/permbledhja.com\/#website"},"datePublished":"2024-01-08T08:59:16+00:00","dateModified":"2024-01-08T08:59:16+00:00","breadcrumb":{"@id":"https:\/\/permbledhja.com\/ekspertet-thone-se-trendi-i-investimeve-kapitale-mbetet-i-ulet-e-mohon-shumica\/#breadcrumb"},"inLanguage":"sq","potentialAction":[{"@type":"ReadAction","target":["https:\/\/permbledhja.com\/ekspertet-thone-se-trendi-i-investimeve-kapitale-mbetet-i-ulet-e-mohon-shumica\/"]}]},{"@type":"BreadcrumbList","@id":"https:\/\/permbledhja.com\/ekspertet-thone-se-trendi-i-investimeve-kapitale-mbetet-i-ulet-e-mohon-shumica\/#breadcrumb","itemListElement":[{"@type":"ListItem","position":1,"name":"Ballina","item":"https:\/\/permbledhja.com\/sq\/"},{"@type":"ListItem","position":2,"name":"\u200bEkspert\u00ebt thon\u00eb se trendi i investimeve kapitale mbetet i ul\u00ebt, e mohon shumica"}]},{"@type":"WebSite","@id":"https:\/\/permbledhja.com\/#website","url":"https:\/\/permbledhja.com\/","name":"Ve\u00e7 artikuj p\u00ebrmbledh\u00ebs","description":"","publisher":{"@id":"https:\/\/permbledhja.com\/#organization"},"potentialAction":[{"@type":"SearchAction","target":{"@type":"EntryPoint","urlTemplate":"https:\/\/permbledhja.com\/?s={search_term_string}"},"query-input":"required name=search_term_string"}],"inLanguage":"sq"},{"@type":"Organization","@id":"https:\/\/permbledhja.com\/#organization","name":"MK Media & Pr","url":"https:\/\/permbledhja.com\/","logo":{"@type":"ImageObject","inLanguage":"sq","@id":"https:\/\/permbledhja.com\/#\/schema\/logo\/image\/","url":"https:\/\/permbledhja.com\/wp-content\/uploads\/2021\/12\/07-Press-Logo.jpg","contentUrl":"https:\/\/permbledhja.com\/wp-content\/uploads\/2021\/12\/07-Press-Logo.jpg","width":512,"height":512,"caption":"MK Media & Pr"},"image":{"@id":"https:\/\/permbledhja.com\/#\/schema\/logo\/image\/"},"sameAs":["https:\/\/www.facebook.com\/press07\/"]},{"@type":"Person","@id":"https:\/\/permbledhja.com\/#\/schema\/person\/0d064377258d3221e50693947b9eb4fe","name":"P\u00ebrmbledhja","image":{"@type":"ImageObject","inLanguage":"sq","@id":"https:\/\/permbledhja.com\/#\/schema\/person\/image\/","url":"https:\/\/permbledhja.com\/wp-content\/uploads\/2026\/01\/452004717_1040944174702970_8932037511805513407_n-96x96.jpg","contentUrl":"https:\/\/permbledhja.com\/wp-content\/uploads\/2026\/01\/452004717_1040944174702970_8932037511805513407_n-96x96.jpg","caption":"P\u00ebrmbledhja"},"sameAs":["https:\/\/www.facebook.com\/kafexhiu.muharrem\/","https:\/\/www.instagram.com\/muharrem_kafexhiu\/"],"url":"https:\/\/permbledhja.com\/sq\/author\/admin\/"}]}},"_links":{"self":[{"href":"https:\/\/permbledhja.com\/sq\/wp-json\/wp\/v2\/posts\/41786"}],"collection":[{"href":"https:\/\/permbledhja.com\/sq\/wp-json\/wp\/v2\/posts"}],"about":[{"href":"https:\/\/permbledhja.com\/sq\/wp-json\/wp\/v2\/types\/post"}],"author":[{"embeddable":true,"href":"https:\/\/permbledhja.com\/sq\/wp-json\/wp\/v2\/users\/1"}],"replies":[{"embeddable":true,"href":"https:\/\/permbledhja.com\/sq\/wp-json\/wp\/v2\/comments?post=41786"}],"version-history":[{"count":1,"href":"https:\/\/permbledhja.com\/sq\/wp-json\/wp\/v2\/posts\/41786\/revisions"}],"predecessor-version":[{"id":41788,"href":"https:\/\/permbledhja.com\/sq\/wp-json\/wp\/v2\/posts\/41786\/revisions\/41788"}],"wp:featuredmedia":[{"embeddable":true,"href":"https:\/\/permbledhja.com\/sq\/wp-json\/wp\/v2\/media\/41787"}],"wp:attachment":[{"href":"https:\/\/permbledhja.com\/sq\/wp-json\/wp\/v2\/media?parent=41786"}],"wp:term":[{"taxonomy":"category","embeddable":true,"href":"https:\/\/permbledhja.com\/sq\/wp-json\/wp\/v2\/categories?post=41786"},{"taxonomy":"post_tag","embeddable":true,"href":"https:\/\/permbledhja.com\/sq\/wp-json\/wp\/v2\/tags?post=41786"}],"curies":[{"name":"wp","href":"https:\/\/api.w.org\/{rel}","templated":true}]}}