{"id":41748,"date":"2024-01-08T07:29:21","date_gmt":"2024-01-08T07:29:21","guid":{"rendered":"https:\/\/permbledhja.com\/?p=41748"},"modified":"2024-01-08T07:29:21","modified_gmt":"2024-01-08T07:29:21","slug":"fshati-kosovar-qe-po-braktiset-cdo-dite-e-me-shume","status":"publish","type":"post","link":"https:\/\/permbledhja.com\/sq\/fshati-kosovar-qe-po-braktiset-cdo-dite-e-me-shume\/","title":{"rendered":"Fshati kosovar q\u00eb po braktiset \u00e7do dit\u00eb e m\u00eb shum\u00eb"},"content":{"rendered":"<h3>Fshati Mirash i Vjet\u00ebr i komun\u00ebs s\u00eb Ferizajt \u00ebsht\u00eb duke u braktistur \u00e7do dit\u00eb e m\u00eb shum\u00eb. Sipas kryetarit t\u00eb fshatit, tashm\u00eb migrimi ka marr\u00eb p\u00ebrmasa t\u00eb tjera. Kjo ikje e banor\u00ebve po v\u00ebrehet duksh\u00ebm edhe n\u00eb shkoll\u00ebn e fshatit, pasi p\u00ebr \u00e7do vit numri i nx\u00ebn\u00ebsve po bie.<\/h3>\n<p>Edhe pse fshati Mirash i Komun\u00ebs s\u00eb Ferizajt njihet si nj\u00eb nd\u00ebr vendbanimet atraktive t\u00eb vendit, ka vite q\u00eb po braktiset nga banor\u00ebt.<\/p>\n<p>Vend\u00ebsit flasim p\u00ebr nj\u00eb vendbanim t\u00eb mo\u00e7\u00ebm, sikurse \u00ebsht\u00eb edhe em\u00ebrtimi i tij Mirash.<\/p>\n<p>\u201cMirashi i vjet\u00ebr, jemi ne k\u00ebtu, nd\u00ebrsa, gjat\u00eb koh\u00ebs s\u00eb okupimit, serb\u00ebt e pat\u00ebn ndryshu pak emrin e Mirashit t\u00eb vjet\u00ebr me Mirashin e ri. Ata q\u00eb lagjen ku banonin serb\u00ebt n\u00eb Mirash t\u00eb Ri, e pat\u00ebn bo ata Mirashi i Vjet\u00ebr, nd\u00ebrsa neve na quanin Mirashi i Ri. K\u00ebshtu q\u00eb disa dokumente ende vijn\u00eb qashtu\u201d, tha Taib Bytyqi, kryetar i fshatit.<\/p>\n<p>Banor\u00ebt e Mirasht q\u00eb nga \u00e7lirimi i vendit e deri m\u00eb sot p\u00ebr \u00e7do hall t\u00eb tyre i drejtohen kryetarit t\u00eb fshatit, Taib Bytyqi, i cili mbi t\u00eb gjitha v\u00eb n\u00eb pah braktisjen e fshatit.<\/p>\n<p>\u201cN\u00eb fshatin Mirash p\u00ebraf\u00ebrsisht duhet me qen\u00eb 2.200 banor\u00eb, por, nj\u00eb num\u00ebr i madh i tyre e kan\u00eb l\u00ebshu Mirashin, p\u00ebr kushte ekonomike, papun\u00ebsi, dhe kan\u00eb dal\u00eb jasht\u00eb. Prej pas luft\u00ebs fshati jon\u00eb bukur shum\u00eb ka p\u00ebrparu me infrastruktur\u00eb, me shkoll\u00eb, zhvillim bujq\u00ebsor\u201d, tha Bytyqi p\u00ebr RTV21.<\/p>\n<p>Ikja e banor\u00ebve t\u00eb fshatit Mirash m\u00eb s\u00eb miri po v\u00ebrehet n\u00eb bankat e shkoll\u00ebs \u201cAli Hadri\u201d, drejtori i s\u00eb cil\u00ebs, Imri Hashani, punonj\u00ebs i k\u00ebtij institucione prej 34 vjet\u00ebsh thot\u00eb se asgj\u00eb nuk po i ndal\u00eb banor\u00ebt t\u00eb ikin n\u00eb venbanime urbane.<\/p>\n<p>\u201cKa ra numri i nx\u00ebn\u00ebsve n\u00eb shkoll\u00ebn ton\u00eb. Kjo \u00ebsht\u00eb kalimi prej fshatit n\u00eb qytet po edhe migrimi n\u00eb bot\u00ebn e jashtme, por, edhe nataliteti \u00ebsht\u00eb faktori kryesor q\u00eb e ka bo t\u00eb vet\u00ebn. P\u00ebr cdo vit \u00ebsht\u00eb t\u2019u ra numri i nx\u00ebn\u00ebsve, vitin e kalum kemi pas\u00eb 223 tani kemi 218, dmth p\u00ebr cdo vit, numri \u00ebsht\u00eb ra.Po ndikon me t\u00eb madhe sepse n\u00eb vitet e 90 apo prej 89 e knej kemi pas\u00eb klast\u00eb prej t\u00eb 1 deri n\u00eb t\u00eb 8, gjith\u00ebher\u00eb kemi qen\u00eb nga dy paralele, dy t\u00eb parat, dy t\u00eb dytat, dy t\u00eb tretat dhe ka qen\u00eb numri i nx\u00ebn\u00ebsve deri n\u00eb 30, edhe pse kan\u00eb qen\u00eb nga dy paralalele, sot kemi nga nj\u00eb paralele nga t\u00eb gjitha edhe atu kemi 17-18 nx\u00ebn\u00ebs\u201d, tha ai.<\/p>\n<p>Rreth 3 dekada m\u00eb par\u00eb, shkolla \u201cAli Hadri\u201d num\u00ebronte mbi 400 nx\u00ebn\u00ebs, nd\u00ebrsa tani ka afro 200, q\u00eb d\u00ebshmon p\u00ebr r\u00ebnie drastike t\u00eb numrit t\u00eb nx\u00ebn\u00ebsve dhe banor\u00ebve n\u00eb p\u00ebrgjith\u00ebsi n\u00eb k\u00ebt\u00eb fshat, i cili ka nj\u00eb sip\u00ebrfaqe prej 1 mij\u00eb e 200 hektar\u00eb me rreth 300 sht\u00ebpi e mbi 2000 banor\u00eb.<\/p>\n","protected":false},"excerpt":{"rendered":"<p>Fshati Mirash i Vjet\u00ebr i komun\u00ebs s\u00eb Ferizajt \u00ebsht\u00eb duke u braktistur \u00e7do dit\u00eb e m\u00eb shum\u00eb. Sipas kryetarit t\u00eb fshatit, tashm\u00eb migrimi ka marr\u00eb p\u00ebrmasa t\u00eb tjera. Kjo ikje e banor\u00ebve po v\u00ebrehet duksh\u00ebm edhe n\u00eb shkoll\u00ebn e fshatit, pasi p\u00ebr \u00e7do vit numri i nx\u00ebn\u00ebsve po bie. Edhe pse fshati Mirash i Komun\u00ebs [&hellip;]<\/p>\n","protected":false},"author":2,"featured_media":41749,"comment_status":"closed","ping_status":"closed","sticky":false,"template":"","format":"standard","meta":{"_monsterinsights_skip_tracking":false,"_monsterinsights_sitenote_active":false,"_monsterinsights_sitenote_note":"","_monsterinsights_sitenote_category":0,"_uf_show_specific_survey":0,"_uf_disable_surveys":false,"footnotes":""},"categories":[15],"tags":[1640],"yoast_head":"<!-- This site is optimized with the Yoast SEO plugin v21.5 - https:\/\/yoast.com\/wordpress\/plugins\/seo\/ -->\n<title>Fshati kosovar q\u00eb po braktiset \u00e7do dit\u00eb e m\u00eb shum\u00eb<\/title>\n<meta name=\"robots\" content=\"index, follow, max-snippet:-1, max-image-preview:large, max-video-preview:-1\" \/>\n<link rel=\"canonical\" href=\"https:\/\/permbledhja.com\/sq\/fshati-kosovar-qe-po-braktiset-cdo-dite-e-me-shume\/\" \/>\n<meta property=\"og:locale\" content=\"sq_AL\" \/>\n<meta property=\"og:type\" content=\"article\" \/>\n<meta property=\"og:title\" content=\"Fshati kosovar q\u00eb po braktiset \u00e7do dit\u00eb e m\u00eb shum\u00eb\" \/>\n<meta property=\"og:description\" content=\"Fshati Mirash i Vjet\u00ebr i komun\u00ebs s\u00eb Ferizajt \u00ebsht\u00eb duke u braktistur \u00e7do dit\u00eb e m\u00eb shum\u00eb. Sipas kryetarit t\u00eb fshatit, tashm\u00eb migrimi ka marr\u00eb p\u00ebrmasa t\u00eb tjera. Kjo ikje e banor\u00ebve po v\u00ebrehet duksh\u00ebm edhe n\u00eb shkoll\u00ebn e fshatit, pasi p\u00ebr \u00e7do vit numri i nx\u00ebn\u00ebsve po bie. Edhe pse fshati Mirash i Komun\u00ebs [&hellip;]\" \/>\n<meta property=\"og:url\" content=\"https:\/\/permbledhja.com\/sq\/fshati-kosovar-qe-po-braktiset-cdo-dite-e-me-shume\/\" \/>\n<meta property=\"og:site_name\" content=\"Ve\u00e7 artikuj p\u00ebrmbledh\u00ebs\" \/>\n<meta property=\"article:publisher\" content=\"https:\/\/www.facebook.com\/press07\/\" \/>\n<meta property=\"article:published_time\" content=\"2024-01-08T07:29:21+00:00\" \/>\n<meta property=\"og:image\" content=\"https:\/\/permbledhja.com\/wp-content\/uploads\/2024\/01\/Capture-43-600x360-1.jpg\" \/>\n\t<meta property=\"og:image:width\" content=\"600\" \/>\n\t<meta property=\"og:image:height\" content=\"360\" \/>\n\t<meta property=\"og:image:type\" content=\"image\/jpeg\" \/>\n<meta name=\"author\" content=\"M M\" \/>\n<meta name=\"twitter:card\" content=\"summary_large_image\" \/>\n<meta name=\"twitter:label1\" content=\"Written by\" \/>\n\t<meta name=\"twitter:data1\" content=\"M M\" \/>\n\t<meta name=\"twitter:label2\" content=\"Est. reading time\" \/>\n\t<meta name=\"twitter:data2\" content=\"3 minuta\" \/>\n<script type=\"application\/ld+json\" class=\"yoast-schema-graph\">{\"@context\":\"https:\/\/schema.org\",\"@graph\":[{\"@type\":\"Article\",\"@id\":\"https:\/\/permbledhja.com\/sq\/fshati-kosovar-qe-po-braktiset-cdo-dite-e-me-shume\/#article\",\"isPartOf\":{\"@id\":\"https:\/\/permbledhja.com\/sq\/fshati-kosovar-qe-po-braktiset-cdo-dite-e-me-shume\/\"},\"author\":{\"name\":\"M M\",\"@id\":\"https:\/\/permbledhja.com\/#\/schema\/person\/d23f13f59b5722643933d6780783acf3\"},\"headline\":\"Fshati kosovar q\u00eb po braktiset \u00e7do dit\u00eb e m\u00eb shum\u00eb\",\"datePublished\":\"2024-01-08T07:29:21+00:00\",\"dateModified\":\"2024-01-08T07:29:21+00:00\",\"mainEntityOfPage\":{\"@id\":\"https:\/\/permbledhja.com\/sq\/fshati-kosovar-qe-po-braktiset-cdo-dite-e-me-shume\/\"},\"wordCount\":528,\"publisher\":{\"@id\":\"https:\/\/permbledhja.com\/#organization\"},\"keywords\":[\"Fshati\"],\"articleSection\":[\"Lajme\"],\"inLanguage\":\"sq\"},{\"@type\":\"WebPage\",\"@id\":\"https:\/\/permbledhja.com\/sq\/fshati-kosovar-qe-po-braktiset-cdo-dite-e-me-shume\/\",\"url\":\"https:\/\/permbledhja.com\/sq\/fshati-kosovar-qe-po-braktiset-cdo-dite-e-me-shume\/\",\"name\":\"Fshati kosovar q\u00eb po braktiset \u00e7do dit\u00eb e m\u00eb shum\u00eb\",\"isPartOf\":{\"@id\":\"https:\/\/permbledhja.com\/#website\"},\"datePublished\":\"2024-01-08T07:29:21+00:00\",\"dateModified\":\"2024-01-08T07:29:21+00:00\",\"breadcrumb\":{\"@id\":\"https:\/\/permbledhja.com\/sq\/fshati-kosovar-qe-po-braktiset-cdo-dite-e-me-shume\/#breadcrumb\"},\"inLanguage\":\"sq\",\"potentialAction\":[{\"@type\":\"ReadAction\",\"target\":[\"https:\/\/permbledhja.com\/sq\/fshati-kosovar-qe-po-braktiset-cdo-dite-e-me-shume\/\"]}]},{\"@type\":\"BreadcrumbList\",\"@id\":\"https:\/\/permbledhja.com\/sq\/fshati-kosovar-qe-po-braktiset-cdo-dite-e-me-shume\/#breadcrumb\",\"itemListElement\":[{\"@type\":\"ListItem\",\"position\":1,\"name\":\"Ballina\",\"item\":\"https:\/\/permbledhja.com\/sq\/\"},{\"@type\":\"ListItem\",\"position\":2,\"name\":\"Fshati kosovar q\u00eb po braktiset \u00e7do dit\u00eb e m\u00eb shum\u00eb\"}]},{\"@type\":\"WebSite\",\"@id\":\"https:\/\/permbledhja.com\/#website\",\"url\":\"https:\/\/permbledhja.com\/\",\"name\":\"Ve\u00e7 artikuj p\u00ebrmbledh\u00ebs\",\"description\":\"\",\"publisher\":{\"@id\":\"https:\/\/permbledhja.com\/#organization\"},\"potentialAction\":[{\"@type\":\"SearchAction\",\"target\":{\"@type\":\"EntryPoint\",\"urlTemplate\":\"https:\/\/permbledhja.com\/?s={search_term_string}\"},\"query-input\":\"required name=search_term_string\"}],\"inLanguage\":\"sq\"},{\"@type\":\"Organization\",\"@id\":\"https:\/\/permbledhja.com\/#organization\",\"name\":\"MK Media & Pr\",\"url\":\"https:\/\/permbledhja.com\/\",\"logo\":{\"@type\":\"ImageObject\",\"inLanguage\":\"sq\",\"@id\":\"https:\/\/permbledhja.com\/#\/schema\/logo\/image\/\",\"url\":\"https:\/\/permbledhja.com\/wp-content\/uploads\/2021\/12\/07-Press-Logo.jpg\",\"contentUrl\":\"https:\/\/permbledhja.com\/wp-content\/uploads\/2021\/12\/07-Press-Logo.jpg\",\"width\":512,\"height\":512,\"caption\":\"MK Media & Pr\"},\"image\":{\"@id\":\"https:\/\/permbledhja.com\/#\/schema\/logo\/image\/\"},\"sameAs\":[\"https:\/\/www.facebook.com\/press07\/\"]},{\"@type\":\"Person\",\"@id\":\"https:\/\/permbledhja.com\/#\/schema\/person\/d23f13f59b5722643933d6780783acf3\",\"name\":\"M M\",\"image\":{\"@type\":\"ImageObject\",\"inLanguage\":\"sq\",\"@id\":\"https:\/\/permbledhja.com\/#\/schema\/person\/image\/\",\"url\":\"https:\/\/secure.gravatar.com\/avatar\/e2835a76ca7c31a2416b2d51c4ec9a8f?s=96&d=mm&r=g\",\"contentUrl\":\"https:\/\/secure.gravatar.com\/avatar\/e2835a76ca7c31a2416b2d51c4ec9a8f?s=96&d=mm&r=g\",\"caption\":\"M M\"},\"sameAs\":[\"http:\/\/MM\"],\"url\":\"https:\/\/permbledhja.com\/sq\/author\/muhamet\/\"}]}<\/script>\n<!-- \/ Yoast SEO plugin. -->","yoast_head_json":{"title":"Fshati kosovar q\u00eb po braktiset \u00e7do dit\u00eb e m\u00eb shum\u00eb","robots":{"index":"index","follow":"follow","max-snippet":"max-snippet:-1","max-image-preview":"max-image-preview:large","max-video-preview":"max-video-preview:-1"},"canonical":"https:\/\/permbledhja.com\/sq\/fshati-kosovar-qe-po-braktiset-cdo-dite-e-me-shume\/","og_locale":"sq_AL","og_type":"article","og_title":"Fshati kosovar q\u00eb po braktiset \u00e7do dit\u00eb e m\u00eb shum\u00eb","og_description":"Fshati Mirash i Vjet\u00ebr i komun\u00ebs s\u00eb Ferizajt \u00ebsht\u00eb duke u braktistur \u00e7do dit\u00eb e m\u00eb shum\u00eb. Sipas kryetarit t\u00eb fshatit, tashm\u00eb migrimi ka marr\u00eb p\u00ebrmasa t\u00eb tjera. Kjo ikje e banor\u00ebve po v\u00ebrehet duksh\u00ebm edhe n\u00eb shkoll\u00ebn e fshatit, pasi p\u00ebr \u00e7do vit numri i nx\u00ebn\u00ebsve po bie. Edhe pse fshati Mirash i Komun\u00ebs [&hellip;]","og_url":"https:\/\/permbledhja.com\/sq\/fshati-kosovar-qe-po-braktiset-cdo-dite-e-me-shume\/","og_site_name":"Ve\u00e7 artikuj p\u00ebrmbledh\u00ebs","article_publisher":"https:\/\/www.facebook.com\/press07\/","article_published_time":"2024-01-08T07:29:21+00:00","og_image":[{"width":600,"height":360,"url":"https:\/\/permbledhja.com\/wp-content\/uploads\/2024\/01\/Capture-43-600x360-1.jpg","type":"image\/jpeg"}],"author":"M M","twitter_card":"summary_large_image","twitter_misc":{"Written by":"M M","Est. reading time":"3 minuta"},"schema":{"@context":"https:\/\/schema.org","@graph":[{"@type":"Article","@id":"https:\/\/permbledhja.com\/sq\/fshati-kosovar-qe-po-braktiset-cdo-dite-e-me-shume\/#article","isPartOf":{"@id":"https:\/\/permbledhja.com\/sq\/fshati-kosovar-qe-po-braktiset-cdo-dite-e-me-shume\/"},"author":{"name":"M M","@id":"https:\/\/permbledhja.com\/#\/schema\/person\/d23f13f59b5722643933d6780783acf3"},"headline":"Fshati kosovar q\u00eb po braktiset \u00e7do dit\u00eb e m\u00eb shum\u00eb","datePublished":"2024-01-08T07:29:21+00:00","dateModified":"2024-01-08T07:29:21+00:00","mainEntityOfPage":{"@id":"https:\/\/permbledhja.com\/sq\/fshati-kosovar-qe-po-braktiset-cdo-dite-e-me-shume\/"},"wordCount":528,"publisher":{"@id":"https:\/\/permbledhja.com\/#organization"},"keywords":["Fshati"],"articleSection":["Lajme"],"inLanguage":"sq"},{"@type":"WebPage","@id":"https:\/\/permbledhja.com\/sq\/fshati-kosovar-qe-po-braktiset-cdo-dite-e-me-shume\/","url":"https:\/\/permbledhja.com\/sq\/fshati-kosovar-qe-po-braktiset-cdo-dite-e-me-shume\/","name":"Fshati kosovar q\u00eb po braktiset \u00e7do dit\u00eb e m\u00eb shum\u00eb","isPartOf":{"@id":"https:\/\/permbledhja.com\/#website"},"datePublished":"2024-01-08T07:29:21+00:00","dateModified":"2024-01-08T07:29:21+00:00","breadcrumb":{"@id":"https:\/\/permbledhja.com\/sq\/fshati-kosovar-qe-po-braktiset-cdo-dite-e-me-shume\/#breadcrumb"},"inLanguage":"sq","potentialAction":[{"@type":"ReadAction","target":["https:\/\/permbledhja.com\/sq\/fshati-kosovar-qe-po-braktiset-cdo-dite-e-me-shume\/"]}]},{"@type":"BreadcrumbList","@id":"https:\/\/permbledhja.com\/sq\/fshati-kosovar-qe-po-braktiset-cdo-dite-e-me-shume\/#breadcrumb","itemListElement":[{"@type":"ListItem","position":1,"name":"Ballina","item":"https:\/\/permbledhja.com\/sq\/"},{"@type":"ListItem","position":2,"name":"Fshati kosovar q\u00eb po braktiset \u00e7do dit\u00eb e m\u00eb shum\u00eb"}]},{"@type":"WebSite","@id":"https:\/\/permbledhja.com\/#website","url":"https:\/\/permbledhja.com\/","name":"Ve\u00e7 artikuj p\u00ebrmbledh\u00ebs","description":"","publisher":{"@id":"https:\/\/permbledhja.com\/#organization"},"potentialAction":[{"@type":"SearchAction","target":{"@type":"EntryPoint","urlTemplate":"https:\/\/permbledhja.com\/?s={search_term_string}"},"query-input":"required name=search_term_string"}],"inLanguage":"sq"},{"@type":"Organization","@id":"https:\/\/permbledhja.com\/#organization","name":"MK Media & Pr","url":"https:\/\/permbledhja.com\/","logo":{"@type":"ImageObject","inLanguage":"sq","@id":"https:\/\/permbledhja.com\/#\/schema\/logo\/image\/","url":"https:\/\/permbledhja.com\/wp-content\/uploads\/2021\/12\/07-Press-Logo.jpg","contentUrl":"https:\/\/permbledhja.com\/wp-content\/uploads\/2021\/12\/07-Press-Logo.jpg","width":512,"height":512,"caption":"MK Media & Pr"},"image":{"@id":"https:\/\/permbledhja.com\/#\/schema\/logo\/image\/"},"sameAs":["https:\/\/www.facebook.com\/press07\/"]},{"@type":"Person","@id":"https:\/\/permbledhja.com\/#\/schema\/person\/d23f13f59b5722643933d6780783acf3","name":"M M","image":{"@type":"ImageObject","inLanguage":"sq","@id":"https:\/\/permbledhja.com\/#\/schema\/person\/image\/","url":"https:\/\/secure.gravatar.com\/avatar\/e2835a76ca7c31a2416b2d51c4ec9a8f?s=96&d=mm&r=g","contentUrl":"https:\/\/secure.gravatar.com\/avatar\/e2835a76ca7c31a2416b2d51c4ec9a8f?s=96&d=mm&r=g","caption":"M M"},"sameAs":["http:\/\/MM"],"url":"https:\/\/permbledhja.com\/sq\/author\/muhamet\/"}]}},"_links":{"self":[{"href":"https:\/\/permbledhja.com\/sq\/wp-json\/wp\/v2\/posts\/41748"}],"collection":[{"href":"https:\/\/permbledhja.com\/sq\/wp-json\/wp\/v2\/posts"}],"about":[{"href":"https:\/\/permbledhja.com\/sq\/wp-json\/wp\/v2\/types\/post"}],"author":[{"embeddable":true,"href":"https:\/\/permbledhja.com\/sq\/wp-json\/wp\/v2\/users\/2"}],"replies":[{"embeddable":true,"href":"https:\/\/permbledhja.com\/sq\/wp-json\/wp\/v2\/comments?post=41748"}],"version-history":[{"count":1,"href":"https:\/\/permbledhja.com\/sq\/wp-json\/wp\/v2\/posts\/41748\/revisions"}],"predecessor-version":[{"id":41750,"href":"https:\/\/permbledhja.com\/sq\/wp-json\/wp\/v2\/posts\/41748\/revisions\/41750"}],"wp:featuredmedia":[{"embeddable":true,"href":"https:\/\/permbledhja.com\/sq\/wp-json\/wp\/v2\/media\/41749"}],"wp:attachment":[{"href":"https:\/\/permbledhja.com\/sq\/wp-json\/wp\/v2\/media?parent=41748"}],"wp:term":[{"taxonomy":"category","embeddable":true,"href":"https:\/\/permbledhja.com\/sq\/wp-json\/wp\/v2\/categories?post=41748"},{"taxonomy":"post_tag","embeddable":true,"href":"https:\/\/permbledhja.com\/sq\/wp-json\/wp\/v2\/tags?post=41748"}],"curies":[{"name":"wp","href":"https:\/\/api.w.org\/{rel}","templated":true}]}}