{"id":41742,"date":"2024-01-08T07:14:45","date_gmt":"2024-01-08T07:14:45","guid":{"rendered":"https:\/\/permbledhja.com\/?p=41742"},"modified":"2024-01-08T07:14:45","modified_gmt":"2024-01-08T07:14:45","slug":"deputeti-i-lvv-se-poston-videon-pretendon-se-policia-serbe-po-e-plackit-mergaten-ne-kufirin-e-bernjakut","status":"publish","type":"post","link":"https:\/\/permbledhja.com\/sq\/deputeti-i-lvv-se-poston-videon-pretendon-se-policia-serbe-po-e-plackit-mergaten-ne-kufirin-e-bernjakut\/","title":{"rendered":"Deputeti i LVV-s\u00eb poston videon, pretendon se policia serbe po e pla\u00e7kit m\u00ebrgat\u00ebn n\u00eb kufirin e B\u00ebrnjakut"},"content":{"rendered":"<h3>Deputeti i L\u00ebvizjes Vet\u00ebvendosje, Mefail Bajqinovci, ka publikuar nj\u00eb video n\u00eb Facebook, ku pretendon se \u00a0policia serbe n\u00eb pik\u00eb kalimin kufitar t\u00eb B\u00ebrnjakut iu merr ryshfet udh\u00ebtar\u00ebve nga Kosova.<\/h3>\n<p>Ai pretendon se polici serb ju ka k\u00ebrkuar ryshfet m\u00ebrgimtar\u00ebve p\u00ebr t\u00eb kaluar kufirin.<\/p>\n<p>\u201cPolicia serbe duke e pla\u00e7kitur m\u00ebrgat\u00ebn n\u00eb kufirin e B\u00ebrnjakut. Kjo video tregon se si polici serb ju k\u00ebrkon ryshfet p\u00ebr t\u00eb kaluar kufirin\u201d, ka shkruar Bajqinovci n\u00eb p\u00ebrshkrimin e videos.<\/p>\n<p><iframe loading=\"lazy\" style=\"border: none; overflow: hidden;\" src=\"https:\/\/www.facebook.com\/plugins\/video.php?href=https%3A%2F%2Fwww.facebook.com%2FMefailBajqinovciofficial%2Fvideos%2F1484727738740967%2F%3Fref%3Dembed_video&amp;show_text=0&amp;width=268\" width=\"268\" height=\"476\" frameborder=\"0\" scrolling=\"no\" allowfullscreen=\"allowfullscreen\"><\/iframe><\/p>\n","protected":false},"excerpt":{"rendered":"<p>Deputeti i L\u00ebvizjes Vet\u00ebvendosje, Mefail Bajqinovci, ka publikuar nj\u00eb video n\u00eb Facebook, ku pretendon se \u00a0policia serbe n\u00eb pik\u00eb kalimin kufitar t\u00eb B\u00ebrnjakut iu merr ryshfet udh\u00ebtar\u00ebve nga Kosova. Ai pretendon se polici serb ju ka k\u00ebrkuar ryshfet m\u00ebrgimtar\u00ebve p\u00ebr t\u00eb kaluar kufirin. \u201cPolicia serbe duke e pla\u00e7kitur m\u00ebrgat\u00ebn n\u00eb kufirin e B\u00ebrnjakut. Kjo video [&hellip;]<\/p>\n","protected":false},"author":2,"featured_media":41743,"comment_status":"closed","ping_status":"closed","sticky":false,"template":"","format":"standard","meta":{"_monsterinsights_skip_tracking":false,"_monsterinsights_sitenote_active":false,"_monsterinsights_sitenote_note":"","_monsterinsights_sitenote_category":0,"_uf_show_specific_survey":0,"_uf_disable_surveys":false,"footnotes":""},"categories":[15],"tags":[2011],"yoast_head":"<!-- This site is optimized with the Yoast SEO plugin v21.5 - https:\/\/yoast.com\/wordpress\/plugins\/seo\/ -->\n<title>Deputeti i LVV-s\u00eb poston videon, pretendon se policia serbe po e pla\u00e7kit m\u00ebrgat\u00ebn n\u00eb kufirin e B\u00ebrnjakut<\/title>\n<meta name=\"robots\" content=\"index, follow, max-snippet:-1, max-image-preview:large, max-video-preview:-1\" \/>\n<link rel=\"canonical\" href=\"https:\/\/permbledhja.com\/sq\/deputeti-i-lvv-se-poston-videon-pretendon-se-policia-serbe-po-e-plackit-mergaten-ne-kufirin-e-bernjakut\/\" \/>\n<meta property=\"og:locale\" content=\"sq_AL\" \/>\n<meta property=\"og:type\" content=\"article\" \/>\n<meta property=\"og:title\" content=\"Deputeti i LVV-s\u00eb poston videon, pretendon se policia serbe po e pla\u00e7kit m\u00ebrgat\u00ebn n\u00eb kufirin e B\u00ebrnjakut\" \/>\n<meta property=\"og:description\" content=\"Deputeti i L\u00ebvizjes Vet\u00ebvendosje, Mefail Bajqinovci, ka publikuar nj\u00eb video n\u00eb Facebook, ku pretendon se \u00a0policia serbe n\u00eb pik\u00eb kalimin kufitar t\u00eb B\u00ebrnjakut iu merr ryshfet udh\u00ebtar\u00ebve nga Kosova. Ai pretendon se polici serb ju ka k\u00ebrkuar ryshfet m\u00ebrgimtar\u00ebve p\u00ebr t\u00eb kaluar kufirin. \u201cPolicia serbe duke e pla\u00e7kitur m\u00ebrgat\u00ebn n\u00eb kufirin e B\u00ebrnjakut. Kjo video [&hellip;]\" \/>\n<meta property=\"og:url\" content=\"https:\/\/permbledhja.com\/sq\/deputeti-i-lvv-se-poston-videon-pretendon-se-policia-serbe-po-e-plackit-mergaten-ne-kufirin-e-bernjakut\/\" \/>\n<meta property=\"og:site_name\" content=\"Ve\u00e7 artikuj p\u00ebrmbledh\u00ebs\" \/>\n<meta property=\"article:publisher\" content=\"https:\/\/www.facebook.com\/press07\/\" \/>\n<meta property=\"article:published_time\" content=\"2024-01-08T07:14:45+00:00\" \/>\n<meta property=\"og:image\" content=\"https:\/\/permbledhja.com\/wp-content\/uploads\/2024\/01\/V-3-600x360-1.jpg\" \/>\n\t<meta property=\"og:image:width\" content=\"600\" \/>\n\t<meta property=\"og:image:height\" content=\"360\" \/>\n\t<meta property=\"og:image:type\" content=\"image\/jpeg\" \/>\n<meta name=\"author\" content=\"M M\" \/>\n<meta name=\"twitter:card\" content=\"summary_large_image\" \/>\n<meta name=\"twitter:label1\" content=\"Written by\" \/>\n\t<meta name=\"twitter:data1\" content=\"M M\" \/>\n\t<meta name=\"twitter:label2\" content=\"Est. reading time\" \/>\n\t<meta name=\"twitter:data2\" content=\"1 minut\u00eb\" \/>\n<script type=\"application\/ld+json\" class=\"yoast-schema-graph\">{\"@context\":\"https:\/\/schema.org\",\"@graph\":[{\"@type\":\"Article\",\"@id\":\"https:\/\/permbledhja.com\/deputeti-i-lvv-se-poston-videon-pretendon-se-policia-serbe-po-e-plackit-mergaten-ne-kufirin-e-bernjakut\/#article\",\"isPartOf\":{\"@id\":\"https:\/\/permbledhja.com\/deputeti-i-lvv-se-poston-videon-pretendon-se-policia-serbe-po-e-plackit-mergaten-ne-kufirin-e-bernjakut\/\"},\"author\":{\"name\":\"M M\",\"@id\":\"https:\/\/permbledhja.com\/#\/schema\/person\/d23f13f59b5722643933d6780783acf3\"},\"headline\":\"Deputeti i LVV-s\u00eb poston videon, pretendon se policia serbe po e pla\u00e7kit m\u00ebrgat\u00ebn n\u00eb kufirin e B\u00ebrnjakut\",\"datePublished\":\"2024-01-08T07:14:45+00:00\",\"dateModified\":\"2024-01-08T07:14:45+00:00\",\"mainEntityOfPage\":{\"@id\":\"https:\/\/permbledhja.com\/deputeti-i-lvv-se-poston-videon-pretendon-se-policia-serbe-po-e-plackit-mergaten-ne-kufirin-e-bernjakut\/\"},\"wordCount\":111,\"publisher\":{\"@id\":\"https:\/\/permbledhja.com\/#organization\"},\"keywords\":[\"Mefail Bajqinovci\"],\"articleSection\":[\"Lajme\"],\"inLanguage\":\"sq\"},{\"@type\":\"WebPage\",\"@id\":\"https:\/\/permbledhja.com\/deputeti-i-lvv-se-poston-videon-pretendon-se-policia-serbe-po-e-plackit-mergaten-ne-kufirin-e-bernjakut\/\",\"url\":\"https:\/\/permbledhja.com\/deputeti-i-lvv-se-poston-videon-pretendon-se-policia-serbe-po-e-plackit-mergaten-ne-kufirin-e-bernjakut\/\",\"name\":\"Deputeti i LVV-s\u00eb poston videon, pretendon se policia serbe po e pla\u00e7kit m\u00ebrgat\u00ebn n\u00eb kufirin e B\u00ebrnjakut\",\"isPartOf\":{\"@id\":\"https:\/\/permbledhja.com\/#website\"},\"datePublished\":\"2024-01-08T07:14:45+00:00\",\"dateModified\":\"2024-01-08T07:14:45+00:00\",\"breadcrumb\":{\"@id\":\"https:\/\/permbledhja.com\/deputeti-i-lvv-se-poston-videon-pretendon-se-policia-serbe-po-e-plackit-mergaten-ne-kufirin-e-bernjakut\/#breadcrumb\"},\"inLanguage\":\"sq\",\"potentialAction\":[{\"@type\":\"ReadAction\",\"target\":[\"https:\/\/permbledhja.com\/deputeti-i-lvv-se-poston-videon-pretendon-se-policia-serbe-po-e-plackit-mergaten-ne-kufirin-e-bernjakut\/\"]}]},{\"@type\":\"BreadcrumbList\",\"@id\":\"https:\/\/permbledhja.com\/deputeti-i-lvv-se-poston-videon-pretendon-se-policia-serbe-po-e-plackit-mergaten-ne-kufirin-e-bernjakut\/#breadcrumb\",\"itemListElement\":[{\"@type\":\"ListItem\",\"position\":1,\"name\":\"Ballina\",\"item\":\"https:\/\/permbledhja.com\/sq\/\"},{\"@type\":\"ListItem\",\"position\":2,\"name\":\"Deputeti i LVV-s\u00eb poston videon, pretendon se policia serbe po e pla\u00e7kit m\u00ebrgat\u00ebn n\u00eb kufirin e B\u00ebrnjakut\"}]},{\"@type\":\"WebSite\",\"@id\":\"https:\/\/permbledhja.com\/#website\",\"url\":\"https:\/\/permbledhja.com\/\",\"name\":\"Ve\u00e7 artikuj p\u00ebrmbledh\u00ebs\",\"description\":\"\",\"publisher\":{\"@id\":\"https:\/\/permbledhja.com\/#organization\"},\"potentialAction\":[{\"@type\":\"SearchAction\",\"target\":{\"@type\":\"EntryPoint\",\"urlTemplate\":\"https:\/\/permbledhja.com\/?s={search_term_string}\"},\"query-input\":\"required name=search_term_string\"}],\"inLanguage\":\"sq\"},{\"@type\":\"Organization\",\"@id\":\"https:\/\/permbledhja.com\/#organization\",\"name\":\"MK Media & Pr\",\"url\":\"https:\/\/permbledhja.com\/\",\"logo\":{\"@type\":\"ImageObject\",\"inLanguage\":\"sq\",\"@id\":\"https:\/\/permbledhja.com\/#\/schema\/logo\/image\/\",\"url\":\"https:\/\/permbledhja.com\/wp-content\/uploads\/2021\/12\/07-Press-Logo.jpg\",\"contentUrl\":\"https:\/\/permbledhja.com\/wp-content\/uploads\/2021\/12\/07-Press-Logo.jpg\",\"width\":512,\"height\":512,\"caption\":\"MK Media & Pr\"},\"image\":{\"@id\":\"https:\/\/permbledhja.com\/#\/schema\/logo\/image\/\"},\"sameAs\":[\"https:\/\/www.facebook.com\/press07\/\"]},{\"@type\":\"Person\",\"@id\":\"https:\/\/permbledhja.com\/#\/schema\/person\/d23f13f59b5722643933d6780783acf3\",\"name\":\"M M\",\"image\":{\"@type\":\"ImageObject\",\"inLanguage\":\"sq\",\"@id\":\"https:\/\/permbledhja.com\/#\/schema\/person\/image\/\",\"url\":\"https:\/\/secure.gravatar.com\/avatar\/e2835a76ca7c31a2416b2d51c4ec9a8f?s=96&d=mm&r=g\",\"contentUrl\":\"https:\/\/secure.gravatar.com\/avatar\/e2835a76ca7c31a2416b2d51c4ec9a8f?s=96&d=mm&r=g\",\"caption\":\"M M\"},\"sameAs\":[\"http:\/\/MM\"],\"url\":\"https:\/\/permbledhja.com\/sq\/author\/muhamet\/\"}]}<\/script>\n<!-- \/ Yoast SEO plugin. -->","yoast_head_json":{"title":"Deputeti i LVV-s\u00eb poston videon, pretendon se policia serbe po e pla\u00e7kit m\u00ebrgat\u00ebn n\u00eb kufirin e B\u00ebrnjakut","robots":{"index":"index","follow":"follow","max-snippet":"max-snippet:-1","max-image-preview":"max-image-preview:large","max-video-preview":"max-video-preview:-1"},"canonical":"https:\/\/permbledhja.com\/sq\/deputeti-i-lvv-se-poston-videon-pretendon-se-policia-serbe-po-e-plackit-mergaten-ne-kufirin-e-bernjakut\/","og_locale":"sq_AL","og_type":"article","og_title":"Deputeti i LVV-s\u00eb poston videon, pretendon se policia serbe po e pla\u00e7kit m\u00ebrgat\u00ebn n\u00eb kufirin e B\u00ebrnjakut","og_description":"Deputeti i L\u00ebvizjes Vet\u00ebvendosje, Mefail Bajqinovci, ka publikuar nj\u00eb video n\u00eb Facebook, ku pretendon se \u00a0policia serbe n\u00eb pik\u00eb kalimin kufitar t\u00eb B\u00ebrnjakut iu merr ryshfet udh\u00ebtar\u00ebve nga Kosova. Ai pretendon se polici serb ju ka k\u00ebrkuar ryshfet m\u00ebrgimtar\u00ebve p\u00ebr t\u00eb kaluar kufirin. \u201cPolicia serbe duke e pla\u00e7kitur m\u00ebrgat\u00ebn n\u00eb kufirin e B\u00ebrnjakut. Kjo video [&hellip;]","og_url":"https:\/\/permbledhja.com\/sq\/deputeti-i-lvv-se-poston-videon-pretendon-se-policia-serbe-po-e-plackit-mergaten-ne-kufirin-e-bernjakut\/","og_site_name":"Ve\u00e7 artikuj p\u00ebrmbledh\u00ebs","article_publisher":"https:\/\/www.facebook.com\/press07\/","article_published_time":"2024-01-08T07:14:45+00:00","og_image":[{"width":600,"height":360,"url":"https:\/\/permbledhja.com\/wp-content\/uploads\/2024\/01\/V-3-600x360-1.jpg","type":"image\/jpeg"}],"author":"M M","twitter_card":"summary_large_image","twitter_misc":{"Written by":"M M","Est. reading time":"1 minut\u00eb"},"schema":{"@context":"https:\/\/schema.org","@graph":[{"@type":"Article","@id":"https:\/\/permbledhja.com\/deputeti-i-lvv-se-poston-videon-pretendon-se-policia-serbe-po-e-plackit-mergaten-ne-kufirin-e-bernjakut\/#article","isPartOf":{"@id":"https:\/\/permbledhja.com\/deputeti-i-lvv-se-poston-videon-pretendon-se-policia-serbe-po-e-plackit-mergaten-ne-kufirin-e-bernjakut\/"},"author":{"name":"M M","@id":"https:\/\/permbledhja.com\/#\/schema\/person\/d23f13f59b5722643933d6780783acf3"},"headline":"Deputeti i LVV-s\u00eb poston videon, pretendon se policia serbe po e pla\u00e7kit m\u00ebrgat\u00ebn n\u00eb kufirin e B\u00ebrnjakut","datePublished":"2024-01-08T07:14:45+00:00","dateModified":"2024-01-08T07:14:45+00:00","mainEntityOfPage":{"@id":"https:\/\/permbledhja.com\/deputeti-i-lvv-se-poston-videon-pretendon-se-policia-serbe-po-e-plackit-mergaten-ne-kufirin-e-bernjakut\/"},"wordCount":111,"publisher":{"@id":"https:\/\/permbledhja.com\/#organization"},"keywords":["Mefail Bajqinovci"],"articleSection":["Lajme"],"inLanguage":"sq"},{"@type":"WebPage","@id":"https:\/\/permbledhja.com\/deputeti-i-lvv-se-poston-videon-pretendon-se-policia-serbe-po-e-plackit-mergaten-ne-kufirin-e-bernjakut\/","url":"https:\/\/permbledhja.com\/deputeti-i-lvv-se-poston-videon-pretendon-se-policia-serbe-po-e-plackit-mergaten-ne-kufirin-e-bernjakut\/","name":"Deputeti i LVV-s\u00eb poston videon, pretendon se policia serbe po e pla\u00e7kit m\u00ebrgat\u00ebn n\u00eb kufirin e B\u00ebrnjakut","isPartOf":{"@id":"https:\/\/permbledhja.com\/#website"},"datePublished":"2024-01-08T07:14:45+00:00","dateModified":"2024-01-08T07:14:45+00:00","breadcrumb":{"@id":"https:\/\/permbledhja.com\/deputeti-i-lvv-se-poston-videon-pretendon-se-policia-serbe-po-e-plackit-mergaten-ne-kufirin-e-bernjakut\/#breadcrumb"},"inLanguage":"sq","potentialAction":[{"@type":"ReadAction","target":["https:\/\/permbledhja.com\/deputeti-i-lvv-se-poston-videon-pretendon-se-policia-serbe-po-e-plackit-mergaten-ne-kufirin-e-bernjakut\/"]}]},{"@type":"BreadcrumbList","@id":"https:\/\/permbledhja.com\/deputeti-i-lvv-se-poston-videon-pretendon-se-policia-serbe-po-e-plackit-mergaten-ne-kufirin-e-bernjakut\/#breadcrumb","itemListElement":[{"@type":"ListItem","position":1,"name":"Ballina","item":"https:\/\/permbledhja.com\/sq\/"},{"@type":"ListItem","position":2,"name":"Deputeti i LVV-s\u00eb poston videon, pretendon se policia serbe po e pla\u00e7kit m\u00ebrgat\u00ebn n\u00eb kufirin e B\u00ebrnjakut"}]},{"@type":"WebSite","@id":"https:\/\/permbledhja.com\/#website","url":"https:\/\/permbledhja.com\/","name":"Ve\u00e7 artikuj p\u00ebrmbledh\u00ebs","description":"","publisher":{"@id":"https:\/\/permbledhja.com\/#organization"},"potentialAction":[{"@type":"SearchAction","target":{"@type":"EntryPoint","urlTemplate":"https:\/\/permbledhja.com\/?s={search_term_string}"},"query-input":"required name=search_term_string"}],"inLanguage":"sq"},{"@type":"Organization","@id":"https:\/\/permbledhja.com\/#organization","name":"MK Media & Pr","url":"https:\/\/permbledhja.com\/","logo":{"@type":"ImageObject","inLanguage":"sq","@id":"https:\/\/permbledhja.com\/#\/schema\/logo\/image\/","url":"https:\/\/permbledhja.com\/wp-content\/uploads\/2021\/12\/07-Press-Logo.jpg","contentUrl":"https:\/\/permbledhja.com\/wp-content\/uploads\/2021\/12\/07-Press-Logo.jpg","width":512,"height":512,"caption":"MK Media & Pr"},"image":{"@id":"https:\/\/permbledhja.com\/#\/schema\/logo\/image\/"},"sameAs":["https:\/\/www.facebook.com\/press07\/"]},{"@type":"Person","@id":"https:\/\/permbledhja.com\/#\/schema\/person\/d23f13f59b5722643933d6780783acf3","name":"M M","image":{"@type":"ImageObject","inLanguage":"sq","@id":"https:\/\/permbledhja.com\/#\/schema\/person\/image\/","url":"https:\/\/secure.gravatar.com\/avatar\/e2835a76ca7c31a2416b2d51c4ec9a8f?s=96&d=mm&r=g","contentUrl":"https:\/\/secure.gravatar.com\/avatar\/e2835a76ca7c31a2416b2d51c4ec9a8f?s=96&d=mm&r=g","caption":"M M"},"sameAs":["http:\/\/MM"],"url":"https:\/\/permbledhja.com\/sq\/author\/muhamet\/"}]}},"_links":{"self":[{"href":"https:\/\/permbledhja.com\/sq\/wp-json\/wp\/v2\/posts\/41742"}],"collection":[{"href":"https:\/\/permbledhja.com\/sq\/wp-json\/wp\/v2\/posts"}],"about":[{"href":"https:\/\/permbledhja.com\/sq\/wp-json\/wp\/v2\/types\/post"}],"author":[{"embeddable":true,"href":"https:\/\/permbledhja.com\/sq\/wp-json\/wp\/v2\/users\/2"}],"replies":[{"embeddable":true,"href":"https:\/\/permbledhja.com\/sq\/wp-json\/wp\/v2\/comments?post=41742"}],"version-history":[{"count":1,"href":"https:\/\/permbledhja.com\/sq\/wp-json\/wp\/v2\/posts\/41742\/revisions"}],"predecessor-version":[{"id":41744,"href":"https:\/\/permbledhja.com\/sq\/wp-json\/wp\/v2\/posts\/41742\/revisions\/41744"}],"wp:featuredmedia":[{"embeddable":true,"href":"https:\/\/permbledhja.com\/sq\/wp-json\/wp\/v2\/media\/41743"}],"wp:attachment":[{"href":"https:\/\/permbledhja.com\/sq\/wp-json\/wp\/v2\/media?parent=41742"}],"wp:term":[{"taxonomy":"category","embeddable":true,"href":"https:\/\/permbledhja.com\/sq\/wp-json\/wp\/v2\/categories?post=41742"},{"taxonomy":"post_tag","embeddable":true,"href":"https:\/\/permbledhja.com\/sq\/wp-json\/wp\/v2\/tags?post=41742"}],"curies":[{"name":"wp","href":"https:\/\/api.w.org\/{rel}","templated":true}]}}