{"id":41728,"date":"2024-01-07T22:07:18","date_gmt":"2024-01-07T22:07:18","guid":{"rendered":"https:\/\/permbledhja.com\/?p=41728"},"modified":"2024-01-07T22:07:18","modified_gmt":"2024-01-07T22:07:18","slug":"ndotja-e-ajrit-ne-prishtine-ikshpk-u-ben-thirrje-qytetareve-kujdes-per-personat-e-ndjeshem","status":"publish","type":"post","link":"https:\/\/permbledhja.com\/sq\/ndotja-e-ajrit-ne-prishtine-ikshpk-u-ben-thirrje-qytetareve-kujdes-per-personat-e-ndjeshem\/","title":{"rendered":"Ndotja e ajrit n\u00eb Prishtin\u00eb, IKShPK u b\u00ebn thirrje qytetar\u00ebve: Kujdes p\u00ebr personat e ndjesh\u00ebm"},"content":{"rendered":"<p>Instituti Komb\u00ebtar i Sh\u00ebndetit Publik t\u00eb Kosov\u00ebs ka b\u00ebr\u00eb t\u00eb ditur se ka ndotje t\u00eb ajrit n\u00eb Prishtin\u00eb.<\/p>\n<p>N\u00eb nj\u00eb postim n\u00eb Facebook t\u00eb shp\u00ebrndar\u00eb nga ky institut b\u00ebhet thirrje q\u00eb t\u00eb ken\u00eb kujdes personat q\u00eb jan\u00eb m\u00eb t\u00eb ndjesh\u00ebm.<\/p>\n<p>N\u00eb fotografin\u00eb e publikuar thuhet se n\u00eb Prishtin\u00eb \u00ebsht\u00eb 117 indeksi i cil\u00ebsis\u00eb s\u00eb ajrit.<\/p>\n<p>Tutje, IKShPK-ja u ka b\u00ebr\u00eb thirrje qytetar\u00ebve q\u00eb t\u00eb q\u00ebndrojn\u00eb n\u00eb sht\u00ebpi p\u00ebr shkak t\u00eb ajrit t\u00eb ndotur.<\/p>\n<p>N\u00eb thirrjen e tyre thuhet se ajri nuk \u00ebsht\u00eb i sh\u00ebndetsh\u00ebm p\u00ebr personat e ndjesh\u00ebm dhe me s\u00ebmundje kronike.<\/p>\n<p>\u201cQ\u00ebndroni n\u00eb sht\u00ebpi! Ajri sot nuk \u00ebsht\u00eb i sh\u00ebndetsh\u00ebm p\u00ebr personat e ndjesh\u00ebm dhe me s\u00ebmundje kronike\u201d, thuhet n\u00eb shkrimin e IKSHPK-s\u00eb n\u00eb Facebook.<\/p>\n","protected":false},"excerpt":{"rendered":"<p>Instituti Komb\u00ebtar i Sh\u00ebndetit Publik t\u00eb Kosov\u00ebs ka b\u00ebr\u00eb t\u00eb ditur se ka ndotje t\u00eb ajrit n\u00eb Prishtin\u00eb. N\u00eb nj\u00eb postim n\u00eb Facebook t\u00eb shp\u00ebrndar\u00eb nga ky institut b\u00ebhet thirrje q\u00eb t\u00eb ken\u00eb kujdes personat q\u00eb jan\u00eb m\u00eb t\u00eb ndjesh\u00ebm. N\u00eb fotografin\u00eb e publikuar thuhet se n\u00eb Prishtin\u00eb \u00ebsht\u00eb 117 indeksi i cil\u00ebsis\u00eb s\u00eb ajrit. [&hellip;]<\/p>\n","protected":false},"author":5,"featured_media":41729,"comment_status":"closed","ping_status":"closed","sticky":false,"template":"","format":"standard","meta":{"_monsterinsights_skip_tracking":false,"_monsterinsights_sitenote_active":false,"_monsterinsights_sitenote_note":"","_monsterinsights_sitenote_category":0,"_uf_show_specific_survey":0,"_uf_disable_surveys":false,"footnotes":""},"categories":[15],"tags":[],"yoast_head":"<!-- This site is optimized with the Yoast SEO plugin v21.5 - https:\/\/yoast.com\/wordpress\/plugins\/seo\/ -->\n<title>Ndotja e ajrit n\u00eb Prishtin\u00eb, IKShPK u b\u00ebn thirrje qytetar\u00ebve: Kujdes p\u00ebr personat e ndjesh\u00ebm<\/title>\n<meta name=\"robots\" content=\"index, follow, max-snippet:-1, max-image-preview:large, max-video-preview:-1\" \/>\n<link rel=\"canonical\" href=\"https:\/\/permbledhja.com\/sq\/ndotja-e-ajrit-ne-prishtine-ikshpk-u-ben-thirrje-qytetareve-kujdes-per-personat-e-ndjeshem\/\" \/>\n<meta property=\"og:locale\" content=\"sq_AL\" \/>\n<meta property=\"og:type\" content=\"article\" \/>\n<meta property=\"og:title\" content=\"Ndotja e ajrit n\u00eb Prishtin\u00eb, IKShPK u b\u00ebn thirrje qytetar\u00ebve: Kujdes p\u00ebr personat e ndjesh\u00ebm\" \/>\n<meta property=\"og:description\" content=\"Instituti Komb\u00ebtar i Sh\u00ebndetit Publik t\u00eb Kosov\u00ebs ka b\u00ebr\u00eb t\u00eb ditur se ka ndotje t\u00eb ajrit n\u00eb Prishtin\u00eb. N\u00eb nj\u00eb postim n\u00eb Facebook t\u00eb shp\u00ebrndar\u00eb nga ky institut b\u00ebhet thirrje q\u00eb t\u00eb ken\u00eb kujdes personat q\u00eb jan\u00eb m\u00eb t\u00eb ndjesh\u00ebm. N\u00eb fotografin\u00eb e publikuar thuhet se n\u00eb Prishtin\u00eb \u00ebsht\u00eb 117 indeksi i cil\u00ebsis\u00eb s\u00eb ajrit. [&hellip;]\" \/>\n<meta property=\"og:url\" content=\"https:\/\/permbledhja.com\/sq\/ndotja-e-ajrit-ne-prishtine-ikshpk-u-ben-thirrje-qytetareve-kujdes-per-personat-e-ndjeshem\/\" \/>\n<meta property=\"og:site_name\" content=\"Ve\u00e7 artikuj p\u00ebrmbledh\u00ebs\" \/>\n<meta property=\"article:publisher\" content=\"https:\/\/www.facebook.com\/press07\/\" \/>\n<meta property=\"article:published_time\" content=\"2024-01-07T22:07:18+00:00\" \/>\n<meta property=\"og:image\" content=\"https:\/\/permbledhja.com\/wp-content\/uploads\/2024\/01\/ajri.jpg\" \/>\n\t<meta property=\"og:image:width\" content=\"653\" \/>\n\t<meta property=\"og:image:height\" content=\"436\" \/>\n\t<meta property=\"og:image:type\" content=\"image\/jpeg\" \/>\n<meta name=\"author\" content=\"DL\" \/>\n<meta name=\"twitter:card\" content=\"summary_large_image\" \/>\n<meta name=\"twitter:label1\" content=\"Written by\" \/>\n\t<meta name=\"twitter:data1\" content=\"DL\" \/>\n\t<meta name=\"twitter:label2\" content=\"Est. reading time\" \/>\n\t<meta name=\"twitter:data2\" content=\"1 minut\u00eb\" \/>\n<script type=\"application\/ld+json\" class=\"yoast-schema-graph\">{\"@context\":\"https:\/\/schema.org\",\"@graph\":[{\"@type\":\"Article\",\"@id\":\"https:\/\/permbledhja.com\/ndotja-e-ajrit-ne-prishtine-ikshpk-u-ben-thirrje-qytetareve-kujdes-per-personat-e-ndjeshem\/#article\",\"isPartOf\":{\"@id\":\"https:\/\/permbledhja.com\/ndotja-e-ajrit-ne-prishtine-ikshpk-u-ben-thirrje-qytetareve-kujdes-per-personat-e-ndjeshem\/\"},\"author\":{\"name\":\"DL\",\"@id\":\"https:\/\/permbledhja.com\/#\/schema\/person\/9c54260cbc4c6f792cb100550491638c\"},\"headline\":\"Ndotja e ajrit n\u00eb Prishtin\u00eb, IKShPK u b\u00ebn thirrje qytetar\u00ebve: Kujdes p\u00ebr personat e ndjesh\u00ebm\",\"datePublished\":\"2024-01-07T22:07:18+00:00\",\"dateModified\":\"2024-01-07T22:07:18+00:00\",\"mainEntityOfPage\":{\"@id\":\"https:\/\/permbledhja.com\/ndotja-e-ajrit-ne-prishtine-ikshpk-u-ben-thirrje-qytetareve-kujdes-per-personat-e-ndjeshem\/\"},\"wordCount\":159,\"publisher\":{\"@id\":\"https:\/\/permbledhja.com\/#organization\"},\"articleSection\":[\"Lajme\"],\"inLanguage\":\"sq\"},{\"@type\":\"WebPage\",\"@id\":\"https:\/\/permbledhja.com\/ndotja-e-ajrit-ne-prishtine-ikshpk-u-ben-thirrje-qytetareve-kujdes-per-personat-e-ndjeshem\/\",\"url\":\"https:\/\/permbledhja.com\/ndotja-e-ajrit-ne-prishtine-ikshpk-u-ben-thirrje-qytetareve-kujdes-per-personat-e-ndjeshem\/\",\"name\":\"Ndotja e ajrit n\u00eb Prishtin\u00eb, IKShPK u b\u00ebn thirrje qytetar\u00ebve: Kujdes p\u00ebr personat e ndjesh\u00ebm\",\"isPartOf\":{\"@id\":\"https:\/\/permbledhja.com\/#website\"},\"datePublished\":\"2024-01-07T22:07:18+00:00\",\"dateModified\":\"2024-01-07T22:07:18+00:00\",\"breadcrumb\":{\"@id\":\"https:\/\/permbledhja.com\/ndotja-e-ajrit-ne-prishtine-ikshpk-u-ben-thirrje-qytetareve-kujdes-per-personat-e-ndjeshem\/#breadcrumb\"},\"inLanguage\":\"sq\",\"potentialAction\":[{\"@type\":\"ReadAction\",\"target\":[\"https:\/\/permbledhja.com\/ndotja-e-ajrit-ne-prishtine-ikshpk-u-ben-thirrje-qytetareve-kujdes-per-personat-e-ndjeshem\/\"]}]},{\"@type\":\"BreadcrumbList\",\"@id\":\"https:\/\/permbledhja.com\/ndotja-e-ajrit-ne-prishtine-ikshpk-u-ben-thirrje-qytetareve-kujdes-per-personat-e-ndjeshem\/#breadcrumb\",\"itemListElement\":[{\"@type\":\"ListItem\",\"position\":1,\"name\":\"Ballina\",\"item\":\"https:\/\/permbledhja.com\/sq\/\"},{\"@type\":\"ListItem\",\"position\":2,\"name\":\"Ndotja e ajrit n\u00eb Prishtin\u00eb, IKShPK u b\u00ebn thirrje qytetar\u00ebve: Kujdes p\u00ebr personat e ndjesh\u00ebm\"}]},{\"@type\":\"WebSite\",\"@id\":\"https:\/\/permbledhja.com\/#website\",\"url\":\"https:\/\/permbledhja.com\/\",\"name\":\"Ve\u00e7 artikuj p\u00ebrmbledh\u00ebs\",\"description\":\"\",\"publisher\":{\"@id\":\"https:\/\/permbledhja.com\/#organization\"},\"potentialAction\":[{\"@type\":\"SearchAction\",\"target\":{\"@type\":\"EntryPoint\",\"urlTemplate\":\"https:\/\/permbledhja.com\/?s={search_term_string}\"},\"query-input\":\"required name=search_term_string\"}],\"inLanguage\":\"sq\"},{\"@type\":\"Organization\",\"@id\":\"https:\/\/permbledhja.com\/#organization\",\"name\":\"MK Media & Pr\",\"url\":\"https:\/\/permbledhja.com\/\",\"logo\":{\"@type\":\"ImageObject\",\"inLanguage\":\"sq\",\"@id\":\"https:\/\/permbledhja.com\/#\/schema\/logo\/image\/\",\"url\":\"https:\/\/permbledhja.com\/wp-content\/uploads\/2021\/12\/07-Press-Logo.jpg\",\"contentUrl\":\"https:\/\/permbledhja.com\/wp-content\/uploads\/2021\/12\/07-Press-Logo.jpg\",\"width\":512,\"height\":512,\"caption\":\"MK Media & Pr\"},\"image\":{\"@id\":\"https:\/\/permbledhja.com\/#\/schema\/logo\/image\/\"},\"sameAs\":[\"https:\/\/www.facebook.com\/press07\/\"]},{\"@type\":\"Person\",\"@id\":\"https:\/\/permbledhja.com\/#\/schema\/person\/9c54260cbc4c6f792cb100550491638c\",\"name\":\"DL\",\"image\":{\"@type\":\"ImageObject\",\"inLanguage\":\"sq\",\"@id\":\"https:\/\/permbledhja.com\/#\/schema\/person\/image\/\",\"url\":\"https:\/\/secure.gravatar.com\/avatar\/94503eb28d4c4b2005a5c8753e35fc80?s=96&d=mm&r=g\",\"contentUrl\":\"https:\/\/secure.gravatar.com\/avatar\/94503eb28d4c4b2005a5c8753e35fc80?s=96&d=mm&r=g\",\"caption\":\"DL\"},\"url\":\"https:\/\/permbledhja.com\/sq\/author\/dl\/\"}]}<\/script>\n<!-- \/ Yoast SEO plugin. -->","yoast_head_json":{"title":"Ndotja e ajrit n\u00eb Prishtin\u00eb, IKShPK u b\u00ebn thirrje qytetar\u00ebve: Kujdes p\u00ebr personat e ndjesh\u00ebm","robots":{"index":"index","follow":"follow","max-snippet":"max-snippet:-1","max-image-preview":"max-image-preview:large","max-video-preview":"max-video-preview:-1"},"canonical":"https:\/\/permbledhja.com\/sq\/ndotja-e-ajrit-ne-prishtine-ikshpk-u-ben-thirrje-qytetareve-kujdes-per-personat-e-ndjeshem\/","og_locale":"sq_AL","og_type":"article","og_title":"Ndotja e ajrit n\u00eb Prishtin\u00eb, IKShPK u b\u00ebn thirrje qytetar\u00ebve: Kujdes p\u00ebr personat e ndjesh\u00ebm","og_description":"Instituti Komb\u00ebtar i Sh\u00ebndetit Publik t\u00eb Kosov\u00ebs ka b\u00ebr\u00eb t\u00eb ditur se ka ndotje t\u00eb ajrit n\u00eb Prishtin\u00eb. N\u00eb nj\u00eb postim n\u00eb Facebook t\u00eb shp\u00ebrndar\u00eb nga ky institut b\u00ebhet thirrje q\u00eb t\u00eb ken\u00eb kujdes personat q\u00eb jan\u00eb m\u00eb t\u00eb ndjesh\u00ebm. N\u00eb fotografin\u00eb e publikuar thuhet se n\u00eb Prishtin\u00eb \u00ebsht\u00eb 117 indeksi i cil\u00ebsis\u00eb s\u00eb ajrit. [&hellip;]","og_url":"https:\/\/permbledhja.com\/sq\/ndotja-e-ajrit-ne-prishtine-ikshpk-u-ben-thirrje-qytetareve-kujdes-per-personat-e-ndjeshem\/","og_site_name":"Ve\u00e7 artikuj p\u00ebrmbledh\u00ebs","article_publisher":"https:\/\/www.facebook.com\/press07\/","article_published_time":"2024-01-07T22:07:18+00:00","og_image":[{"width":653,"height":436,"url":"https:\/\/permbledhja.com\/wp-content\/uploads\/2024\/01\/ajri.jpg","type":"image\/jpeg"}],"author":"DL","twitter_card":"summary_large_image","twitter_misc":{"Written by":"DL","Est. reading time":"1 minut\u00eb"},"schema":{"@context":"https:\/\/schema.org","@graph":[{"@type":"Article","@id":"https:\/\/permbledhja.com\/ndotja-e-ajrit-ne-prishtine-ikshpk-u-ben-thirrje-qytetareve-kujdes-per-personat-e-ndjeshem\/#article","isPartOf":{"@id":"https:\/\/permbledhja.com\/ndotja-e-ajrit-ne-prishtine-ikshpk-u-ben-thirrje-qytetareve-kujdes-per-personat-e-ndjeshem\/"},"author":{"name":"DL","@id":"https:\/\/permbledhja.com\/#\/schema\/person\/9c54260cbc4c6f792cb100550491638c"},"headline":"Ndotja e ajrit n\u00eb Prishtin\u00eb, IKShPK u b\u00ebn thirrje qytetar\u00ebve: Kujdes p\u00ebr personat e ndjesh\u00ebm","datePublished":"2024-01-07T22:07:18+00:00","dateModified":"2024-01-07T22:07:18+00:00","mainEntityOfPage":{"@id":"https:\/\/permbledhja.com\/ndotja-e-ajrit-ne-prishtine-ikshpk-u-ben-thirrje-qytetareve-kujdes-per-personat-e-ndjeshem\/"},"wordCount":159,"publisher":{"@id":"https:\/\/permbledhja.com\/#organization"},"articleSection":["Lajme"],"inLanguage":"sq"},{"@type":"WebPage","@id":"https:\/\/permbledhja.com\/ndotja-e-ajrit-ne-prishtine-ikshpk-u-ben-thirrje-qytetareve-kujdes-per-personat-e-ndjeshem\/","url":"https:\/\/permbledhja.com\/ndotja-e-ajrit-ne-prishtine-ikshpk-u-ben-thirrje-qytetareve-kujdes-per-personat-e-ndjeshem\/","name":"Ndotja e ajrit n\u00eb Prishtin\u00eb, IKShPK u b\u00ebn thirrje qytetar\u00ebve: Kujdes p\u00ebr personat e ndjesh\u00ebm","isPartOf":{"@id":"https:\/\/permbledhja.com\/#website"},"datePublished":"2024-01-07T22:07:18+00:00","dateModified":"2024-01-07T22:07:18+00:00","breadcrumb":{"@id":"https:\/\/permbledhja.com\/ndotja-e-ajrit-ne-prishtine-ikshpk-u-ben-thirrje-qytetareve-kujdes-per-personat-e-ndjeshem\/#breadcrumb"},"inLanguage":"sq","potentialAction":[{"@type":"ReadAction","target":["https:\/\/permbledhja.com\/ndotja-e-ajrit-ne-prishtine-ikshpk-u-ben-thirrje-qytetareve-kujdes-per-personat-e-ndjeshem\/"]}]},{"@type":"BreadcrumbList","@id":"https:\/\/permbledhja.com\/ndotja-e-ajrit-ne-prishtine-ikshpk-u-ben-thirrje-qytetareve-kujdes-per-personat-e-ndjeshem\/#breadcrumb","itemListElement":[{"@type":"ListItem","position":1,"name":"Ballina","item":"https:\/\/permbledhja.com\/sq\/"},{"@type":"ListItem","position":2,"name":"Ndotja e ajrit n\u00eb Prishtin\u00eb, IKShPK u b\u00ebn thirrje qytetar\u00ebve: Kujdes p\u00ebr personat e ndjesh\u00ebm"}]},{"@type":"WebSite","@id":"https:\/\/permbledhja.com\/#website","url":"https:\/\/permbledhja.com\/","name":"Ve\u00e7 artikuj p\u00ebrmbledh\u00ebs","description":"","publisher":{"@id":"https:\/\/permbledhja.com\/#organization"},"potentialAction":[{"@type":"SearchAction","target":{"@type":"EntryPoint","urlTemplate":"https:\/\/permbledhja.com\/?s={search_term_string}"},"query-input":"required name=search_term_string"}],"inLanguage":"sq"},{"@type":"Organization","@id":"https:\/\/permbledhja.com\/#organization","name":"MK Media & Pr","url":"https:\/\/permbledhja.com\/","logo":{"@type":"ImageObject","inLanguage":"sq","@id":"https:\/\/permbledhja.com\/#\/schema\/logo\/image\/","url":"https:\/\/permbledhja.com\/wp-content\/uploads\/2021\/12\/07-Press-Logo.jpg","contentUrl":"https:\/\/permbledhja.com\/wp-content\/uploads\/2021\/12\/07-Press-Logo.jpg","width":512,"height":512,"caption":"MK Media & Pr"},"image":{"@id":"https:\/\/permbledhja.com\/#\/schema\/logo\/image\/"},"sameAs":["https:\/\/www.facebook.com\/press07\/"]},{"@type":"Person","@id":"https:\/\/permbledhja.com\/#\/schema\/person\/9c54260cbc4c6f792cb100550491638c","name":"DL","image":{"@type":"ImageObject","inLanguage":"sq","@id":"https:\/\/permbledhja.com\/#\/schema\/person\/image\/","url":"https:\/\/secure.gravatar.com\/avatar\/94503eb28d4c4b2005a5c8753e35fc80?s=96&d=mm&r=g","contentUrl":"https:\/\/secure.gravatar.com\/avatar\/94503eb28d4c4b2005a5c8753e35fc80?s=96&d=mm&r=g","caption":"DL"},"url":"https:\/\/permbledhja.com\/sq\/author\/dl\/"}]}},"_links":{"self":[{"href":"https:\/\/permbledhja.com\/sq\/wp-json\/wp\/v2\/posts\/41728"}],"collection":[{"href":"https:\/\/permbledhja.com\/sq\/wp-json\/wp\/v2\/posts"}],"about":[{"href":"https:\/\/permbledhja.com\/sq\/wp-json\/wp\/v2\/types\/post"}],"author":[{"embeddable":true,"href":"https:\/\/permbledhja.com\/sq\/wp-json\/wp\/v2\/users\/5"}],"replies":[{"embeddable":true,"href":"https:\/\/permbledhja.com\/sq\/wp-json\/wp\/v2\/comments?post=41728"}],"version-history":[{"count":1,"href":"https:\/\/permbledhja.com\/sq\/wp-json\/wp\/v2\/posts\/41728\/revisions"}],"predecessor-version":[{"id":41730,"href":"https:\/\/permbledhja.com\/sq\/wp-json\/wp\/v2\/posts\/41728\/revisions\/41730"}],"wp:featuredmedia":[{"embeddable":true,"href":"https:\/\/permbledhja.com\/sq\/wp-json\/wp\/v2\/media\/41729"}],"wp:attachment":[{"href":"https:\/\/permbledhja.com\/sq\/wp-json\/wp\/v2\/media?parent=41728"}],"wp:term":[{"taxonomy":"category","embeddable":true,"href":"https:\/\/permbledhja.com\/sq\/wp-json\/wp\/v2\/categories?post=41728"},{"taxonomy":"post_tag","embeddable":true,"href":"https:\/\/permbledhja.com\/sq\/wp-json\/wp\/v2\/tags?post=41728"}],"curies":[{"name":"wp","href":"https:\/\/api.w.org\/{rel}","templated":true}]}}