{"id":41622,"date":"2024-01-07T13:06:19","date_gmt":"2024-01-07T13:06:19","guid":{"rendered":"https:\/\/permbledhja.com\/?p=41622"},"modified":"2024-01-07T13:06:19","modified_gmt":"2024-01-07T13:06:19","slug":"avokati-i-ish-ushtarit-te-uckse-qe-u-arrestua-ne-merdare-po-mbahet-ne-paraburgim-ne-beograd-te-marten-seanca","status":"publish","type":"post","link":"https:\/\/permbledhja.com\/sq\/avokati-i-ish-ushtarit-te-uckse-qe-u-arrestua-ne-merdare-po-mbahet-ne-paraburgim-ne-beograd-te-marten-seanca\/","title":{"rendered":"Avokati i ish-ushtarit t\u00eb U\u00c7K\u2019s\u00eb q\u00eb u arrestua n\u00eb Merdare: Po mbahet n\u00eb paraburgim n\u00eb Beograd, t\u00eb mart\u00ebn seanca"},"content":{"rendered":"<h3>Ish-ushtari i Ushtris\u00eb \u00c7lirimtare t\u00eb Kosov\u00ebs, Hasan Dakaj \u00ebsht\u00eb arrestuar m\u00ebngjesin e s\u00eb premtes nga autoritetet e Serbis\u00eb n\u00eb pik\u00ebkalimin kufitar n\u00eb Merdar\u00eb.<\/h3>\n<p>Avokati i tij, Xhevdet Smakiqi, ka th\u00ebn\u00eb se informatat e fundit q\u00eb i ka jan\u00eb se tashm\u00eb Dakaj \u00ebsht\u00eb d\u00ebrguar nga Qendra e Ndalimit n\u00eb Kushumli n\u00eb Qendr\u00ebn Kryesore t\u00eb Paraburgimit n\u00eb Beograd, n\u00eb rrug\u00ebn Bacvanska.<\/p>\n<p>\u201cInformatat e fundit per rastin e arrestimit e Hasan Dakaj qe i kam marrur jan\u00eb se tashm\u00eb Ztr. Hasan Dakaj \u00ebsht\u00eb d\u00ebrguar nga Qendra e Ndalimit ne Kushumli ne Qendren Kryesore te Paraburgimit ne Beograd ne rrugen Ba\u00e7vanska.\u201d<\/p>\n<p>Sipas Smakiqit, Prokuroria e Serbis\u00eb pretendon se ai n\u00eb vitin 1999 ka kryer krime lufte.<\/p>\n<p>\u201cPjestari i U\u00c7K-se Hasan Dakaj pretendohet nga Prokuroria serbe\u00a0 se kinse\u00a0 ai ne vitin 1999 ka kryer krime lufte si 19 vje\u00e7ar. Sipas detyres zyrtare Hasan Dakaj i \u00ebsht\u00eb caktuar nj\u00eb avokat nga Serbia, ku ne intervistimin para prokurorit serb Hasan Dakaj \u00ebsht\u00eb deklaruar i pafajeshem edhe per faktin se fare nuk ka qen\u00eb n\u00eb ato lokacione sipas dyshimeve te prokurorise se serbise dhe se \u00ebsht\u00eb ngatrruar ne identitet me dikend tjet\u00ebr.<\/p>\n<p>Smakiqi ka b\u00ebr\u00eb t\u00eb ditur se t\u00eb mart\u00ebn do t\u00eb mbahet seanca d\u00ebgjimore lidhur me k\u00ebrkes\u00ebn p\u00ebr caktimin e mas\u00ebs s\u00eb paraburgimit.<\/p>\n<p>\u201cTe Marten 2024 pritet dhe nje seance degjimore per te shqyrtuar kerkesen e Prokurorise serbe lidhur me masen e paraburgimit. Ne cil\u00ebsin\u00eb e avokatit te Familjes Dakaj jam\u00eb n\u00eb kontakt or\u00eb pas ore\u00a0 me te ngarkuarin ne Zyren Nderlidh\u00ebse te Kosoves n\u00eb Beograd dipomatin Jetish Jasharin dhe e falenderoi per qasjen profsionale. Por duke qen\u00eb se arrestimi i Hasan Dakaj \u00ebsht\u00eb ndalim politik p\u00ebr te iu hakmarrur pjestareve te U\u00c7K-s\u00eb p\u00ebr arrjtjen e pavar\u00ebsis\u00eb dhe qe mos ti lejoj\u00eb ta gezojn\u00eb liberalizimin e vizave kategoria qe ka kontribuar p\u00ebr k\u00ebt\u00eb dit\u00eb p\u00ebrb\u00ebn \u00e7\u00ebshtje poltike dhe fare pak juridike.\u201d<\/p>\n<p>Ai i ka b\u00ebr\u00eb thirrje kryeministrit Kurti, ministers G\u00ebrvalla dhe diplomat\u00ebve q\u00eb t\u00eb b\u00ebjn\u00eb presion q\u00eb Dakaj t\u00eb lirohet sa m\u00eb shpejt\u00eb.<\/p>\n<p>\u201cPrandaj i b\u00ebj\u00eb thirrje Kryeministrit, Minstres Gervalla dhe secilit diplomat\u00eb te b\u00ebj\u00eb presionin adekuat diplomatik e politik\u00eb qe ndermjetesit e dilogut dhe ambasadat e vendeve mike te ndikojn\u00eb qe Hasan Dakaj i pafajeshem te lirohet sa me shpejt\u00eb. Kurse thirrjet e kujdoqoft\u00eb nga zyrtaret e shtetit te Kosoves qofshin dhe diplomat\u00eb te Kosoves\u00a0 qe qytetaret e Kosoves te mos levizin neper territorin e Serbis\u00eb jan\u00eb t\u00ebrsisht\u00eb jo profesionale dhe legjitojn\u00eb arrestimet poltike te kund\u00ebrligjshme. Liberalizimi levizja e lir\u00eb nuk \u00ebsht\u00eb parciale as selektive iu takon secilit shtetas te Republikes se Kosoves edhe ish pjestar\u00ebve te U\u00c7K-se.\u201d<\/p>\n","protected":false},"excerpt":{"rendered":"<p>Ish-ushtari i Ushtris\u00eb \u00c7lirimtare t\u00eb Kosov\u00ebs, Hasan Dakaj \u00ebsht\u00eb arrestuar m\u00ebngjesin e s\u00eb premtes nga autoritetet e Serbis\u00eb n\u00eb pik\u00ebkalimin kufitar n\u00eb Merdar\u00eb. Avokati i tij, Xhevdet Smakiqi, ka th\u00ebn\u00eb se informatat e fundit q\u00eb i ka jan\u00eb se tashm\u00eb Dakaj \u00ebsht\u00eb d\u00ebrguar nga Qendra e Ndalimit n\u00eb Kushumli n\u00eb Qendr\u00ebn Kryesore t\u00eb Paraburgimit n\u00eb [&hellip;]<\/p>\n","protected":false},"author":2,"featured_media":41623,"comment_status":"closed","ping_status":"closed","sticky":false,"template":"","format":"standard","meta":{"_monsterinsights_skip_tracking":false,"_monsterinsights_sitenote_active":false,"_monsterinsights_sitenote_note":"","_monsterinsights_sitenote_category":0,"_uf_show_specific_survey":0,"_uf_disable_surveys":false,"footnotes":""},"categories":[1146],"tags":[2861],"yoast_head":"<!-- This site is optimized with the Yoast SEO plugin v21.5 - https:\/\/yoast.com\/wordpress\/plugins\/seo\/ -->\n<title>Avokati i ish-ushtarit t\u00eb U\u00c7K\u2019s\u00eb q\u00eb u arrestua n\u00eb Merdare: Po mbahet n\u00eb paraburgim n\u00eb Beograd, t\u00eb mart\u00ebn seanca<\/title>\n<meta name=\"robots\" content=\"index, follow, max-snippet:-1, max-image-preview:large, max-video-preview:-1\" \/>\n<link rel=\"canonical\" href=\"https:\/\/permbledhja.com\/sq\/avokati-i-ish-ushtarit-te-uckse-qe-u-arrestua-ne-merdare-po-mbahet-ne-paraburgim-ne-beograd-te-marten-seanca\/\" \/>\n<meta property=\"og:locale\" content=\"sq_AL\" \/>\n<meta property=\"og:type\" content=\"article\" \/>\n<meta property=\"og:title\" content=\"Avokati i ish-ushtarit t\u00eb U\u00c7K\u2019s\u00eb q\u00eb u arrestua n\u00eb Merdare: Po mbahet n\u00eb paraburgim n\u00eb Beograd, t\u00eb mart\u00ebn seanca\" \/>\n<meta property=\"og:description\" content=\"Ish-ushtari i Ushtris\u00eb \u00c7lirimtare t\u00eb Kosov\u00ebs, Hasan Dakaj \u00ebsht\u00eb arrestuar m\u00ebngjesin e s\u00eb premtes nga autoritetet e Serbis\u00eb n\u00eb pik\u00ebkalimin kufitar n\u00eb Merdar\u00eb. Avokati i tij, Xhevdet Smakiqi, ka th\u00ebn\u00eb se informatat e fundit q\u00eb i ka jan\u00eb se tashm\u00eb Dakaj \u00ebsht\u00eb d\u00ebrguar nga Qendra e Ndalimit n\u00eb Kushumli n\u00eb Qendr\u00ebn Kryesore t\u00eb Paraburgimit n\u00eb [&hellip;]\" \/>\n<meta property=\"og:url\" content=\"https:\/\/permbledhja.com\/sq\/avokati-i-ish-ushtarit-te-uckse-qe-u-arrestua-ne-merdare-po-mbahet-ne-paraburgim-ne-beograd-te-marten-seanca\/\" \/>\n<meta property=\"og:site_name\" content=\"Ve\u00e7 artikuj p\u00ebrmbledh\u00ebs\" \/>\n<meta property=\"article:publisher\" content=\"https:\/\/www.facebook.com\/press07\/\" \/>\n<meta property=\"article:published_time\" content=\"2024-01-07T13:06:19+00:00\" \/>\n<meta property=\"og:image\" content=\"https:\/\/permbledhja.com\/wp-content\/uploads\/2024\/01\/hasan-dkaj.jpg\" \/>\n\t<meta property=\"og:image:width\" content=\"600\" \/>\n\t<meta property=\"og:image:height\" content=\"360\" \/>\n\t<meta property=\"og:image:type\" content=\"image\/jpeg\" \/>\n<meta name=\"author\" content=\"M M\" \/>\n<meta name=\"twitter:card\" content=\"summary_large_image\" \/>\n<meta name=\"twitter:label1\" content=\"Written by\" \/>\n\t<meta name=\"twitter:data1\" content=\"M M\" \/>\n\t<meta name=\"twitter:label2\" content=\"Est. reading time\" \/>\n\t<meta name=\"twitter:data2\" content=\"3 minuta\" \/>\n<script type=\"application\/ld+json\" class=\"yoast-schema-graph\">{\"@context\":\"https:\/\/schema.org\",\"@graph\":[{\"@type\":\"Article\",\"@id\":\"https:\/\/permbledhja.com\/avokati-i-ish-ushtarit-te-uckse-qe-u-arrestua-ne-merdare-po-mbahet-ne-paraburgim-ne-beograd-te-marten-seanca\/#article\",\"isPartOf\":{\"@id\":\"https:\/\/permbledhja.com\/avokati-i-ish-ushtarit-te-uckse-qe-u-arrestua-ne-merdare-po-mbahet-ne-paraburgim-ne-beograd-te-marten-seanca\/\"},\"author\":{\"name\":\"M M\",\"@id\":\"https:\/\/permbledhja.com\/#\/schema\/person\/d23f13f59b5722643933d6780783acf3\"},\"headline\":\"Avokati i ish-ushtarit t\u00eb U\u00c7K\u2019s\u00eb q\u00eb u arrestua n\u00eb Merdare: Po mbahet n\u00eb paraburgim n\u00eb Beograd, t\u00eb mart\u00ebn seanca\",\"datePublished\":\"2024-01-07T13:06:19+00:00\",\"dateModified\":\"2024-01-07T13:06:19+00:00\",\"mainEntityOfPage\":{\"@id\":\"https:\/\/permbledhja.com\/avokati-i-ish-ushtarit-te-uckse-qe-u-arrestua-ne-merdare-po-mbahet-ne-paraburgim-ne-beograd-te-marten-seanca\/\"},\"wordCount\":479,\"publisher\":{\"@id\":\"https:\/\/permbledhja.com\/#organization\"},\"keywords\":[\"Ish-ushtari\"],\"articleSection\":[\"Kryesoret\"],\"inLanguage\":\"sq\"},{\"@type\":\"WebPage\",\"@id\":\"https:\/\/permbledhja.com\/avokati-i-ish-ushtarit-te-uckse-qe-u-arrestua-ne-merdare-po-mbahet-ne-paraburgim-ne-beograd-te-marten-seanca\/\",\"url\":\"https:\/\/permbledhja.com\/avokati-i-ish-ushtarit-te-uckse-qe-u-arrestua-ne-merdare-po-mbahet-ne-paraburgim-ne-beograd-te-marten-seanca\/\",\"name\":\"Avokati i ish-ushtarit t\u00eb U\u00c7K\u2019s\u00eb q\u00eb u arrestua n\u00eb Merdare: Po mbahet n\u00eb paraburgim n\u00eb Beograd, t\u00eb mart\u00ebn seanca\",\"isPartOf\":{\"@id\":\"https:\/\/permbledhja.com\/#website\"},\"datePublished\":\"2024-01-07T13:06:19+00:00\",\"dateModified\":\"2024-01-07T13:06:19+00:00\",\"breadcrumb\":{\"@id\":\"https:\/\/permbledhja.com\/avokati-i-ish-ushtarit-te-uckse-qe-u-arrestua-ne-merdare-po-mbahet-ne-paraburgim-ne-beograd-te-marten-seanca\/#breadcrumb\"},\"inLanguage\":\"sq\",\"potentialAction\":[{\"@type\":\"ReadAction\",\"target\":[\"https:\/\/permbledhja.com\/avokati-i-ish-ushtarit-te-uckse-qe-u-arrestua-ne-merdare-po-mbahet-ne-paraburgim-ne-beograd-te-marten-seanca\/\"]}]},{\"@type\":\"BreadcrumbList\",\"@id\":\"https:\/\/permbledhja.com\/avokati-i-ish-ushtarit-te-uckse-qe-u-arrestua-ne-merdare-po-mbahet-ne-paraburgim-ne-beograd-te-marten-seanca\/#breadcrumb\",\"itemListElement\":[{\"@type\":\"ListItem\",\"position\":1,\"name\":\"Ballina\",\"item\":\"https:\/\/permbledhja.com\/sq\/\"},{\"@type\":\"ListItem\",\"position\":2,\"name\":\"Avokati i ish-ushtarit t\u00eb U\u00c7K\u2019s\u00eb q\u00eb u arrestua n\u00eb Merdare: Po mbahet n\u00eb paraburgim n\u00eb Beograd, t\u00eb mart\u00ebn seanca\"}]},{\"@type\":\"WebSite\",\"@id\":\"https:\/\/permbledhja.com\/#website\",\"url\":\"https:\/\/permbledhja.com\/\",\"name\":\"Ve\u00e7 artikuj p\u00ebrmbledh\u00ebs\",\"description\":\"\",\"publisher\":{\"@id\":\"https:\/\/permbledhja.com\/#organization\"},\"potentialAction\":[{\"@type\":\"SearchAction\",\"target\":{\"@type\":\"EntryPoint\",\"urlTemplate\":\"https:\/\/permbledhja.com\/?s={search_term_string}\"},\"query-input\":\"required name=search_term_string\"}],\"inLanguage\":\"sq\"},{\"@type\":\"Organization\",\"@id\":\"https:\/\/permbledhja.com\/#organization\",\"name\":\"MK Media & Pr\",\"url\":\"https:\/\/permbledhja.com\/\",\"logo\":{\"@type\":\"ImageObject\",\"inLanguage\":\"sq\",\"@id\":\"https:\/\/permbledhja.com\/#\/schema\/logo\/image\/\",\"url\":\"https:\/\/permbledhja.com\/wp-content\/uploads\/2021\/12\/07-Press-Logo.jpg\",\"contentUrl\":\"https:\/\/permbledhja.com\/wp-content\/uploads\/2021\/12\/07-Press-Logo.jpg\",\"width\":512,\"height\":512,\"caption\":\"MK Media & Pr\"},\"image\":{\"@id\":\"https:\/\/permbledhja.com\/#\/schema\/logo\/image\/\"},\"sameAs\":[\"https:\/\/www.facebook.com\/press07\/\"]},{\"@type\":\"Person\",\"@id\":\"https:\/\/permbledhja.com\/#\/schema\/person\/d23f13f59b5722643933d6780783acf3\",\"name\":\"M M\",\"image\":{\"@type\":\"ImageObject\",\"inLanguage\":\"sq\",\"@id\":\"https:\/\/permbledhja.com\/#\/schema\/person\/image\/\",\"url\":\"https:\/\/secure.gravatar.com\/avatar\/e2835a76ca7c31a2416b2d51c4ec9a8f?s=96&d=mm&r=g\",\"contentUrl\":\"https:\/\/secure.gravatar.com\/avatar\/e2835a76ca7c31a2416b2d51c4ec9a8f?s=96&d=mm&r=g\",\"caption\":\"M M\"},\"sameAs\":[\"http:\/\/MM\"],\"url\":\"https:\/\/permbledhja.com\/sq\/author\/muhamet\/\"}]}<\/script>\n<!-- \/ Yoast SEO plugin. -->","yoast_head_json":{"title":"Avokati i ish-ushtarit t\u00eb U\u00c7K\u2019s\u00eb q\u00eb u arrestua n\u00eb Merdare: Po mbahet n\u00eb paraburgim n\u00eb Beograd, t\u00eb mart\u00ebn seanca","robots":{"index":"index","follow":"follow","max-snippet":"max-snippet:-1","max-image-preview":"max-image-preview:large","max-video-preview":"max-video-preview:-1"},"canonical":"https:\/\/permbledhja.com\/sq\/avokati-i-ish-ushtarit-te-uckse-qe-u-arrestua-ne-merdare-po-mbahet-ne-paraburgim-ne-beograd-te-marten-seanca\/","og_locale":"sq_AL","og_type":"article","og_title":"Avokati i ish-ushtarit t\u00eb U\u00c7K\u2019s\u00eb q\u00eb u arrestua n\u00eb Merdare: Po mbahet n\u00eb paraburgim n\u00eb Beograd, t\u00eb mart\u00ebn seanca","og_description":"Ish-ushtari i Ushtris\u00eb \u00c7lirimtare t\u00eb Kosov\u00ebs, Hasan Dakaj \u00ebsht\u00eb arrestuar m\u00ebngjesin e s\u00eb premtes nga autoritetet e Serbis\u00eb n\u00eb pik\u00ebkalimin kufitar n\u00eb Merdar\u00eb. Avokati i tij, Xhevdet Smakiqi, ka th\u00ebn\u00eb se informatat e fundit q\u00eb i ka jan\u00eb se tashm\u00eb Dakaj \u00ebsht\u00eb d\u00ebrguar nga Qendra e Ndalimit n\u00eb Kushumli n\u00eb Qendr\u00ebn Kryesore t\u00eb Paraburgimit n\u00eb [&hellip;]","og_url":"https:\/\/permbledhja.com\/sq\/avokati-i-ish-ushtarit-te-uckse-qe-u-arrestua-ne-merdare-po-mbahet-ne-paraburgim-ne-beograd-te-marten-seanca\/","og_site_name":"Ve\u00e7 artikuj p\u00ebrmbledh\u00ebs","article_publisher":"https:\/\/www.facebook.com\/press07\/","article_published_time":"2024-01-07T13:06:19+00:00","og_image":[{"width":600,"height":360,"url":"https:\/\/permbledhja.com\/wp-content\/uploads\/2024\/01\/hasan-dkaj.jpg","type":"image\/jpeg"}],"author":"M M","twitter_card":"summary_large_image","twitter_misc":{"Written by":"M M","Est. reading time":"3 minuta"},"schema":{"@context":"https:\/\/schema.org","@graph":[{"@type":"Article","@id":"https:\/\/permbledhja.com\/avokati-i-ish-ushtarit-te-uckse-qe-u-arrestua-ne-merdare-po-mbahet-ne-paraburgim-ne-beograd-te-marten-seanca\/#article","isPartOf":{"@id":"https:\/\/permbledhja.com\/avokati-i-ish-ushtarit-te-uckse-qe-u-arrestua-ne-merdare-po-mbahet-ne-paraburgim-ne-beograd-te-marten-seanca\/"},"author":{"name":"M M","@id":"https:\/\/permbledhja.com\/#\/schema\/person\/d23f13f59b5722643933d6780783acf3"},"headline":"Avokati i ish-ushtarit t\u00eb U\u00c7K\u2019s\u00eb q\u00eb u arrestua n\u00eb Merdare: Po mbahet n\u00eb paraburgim n\u00eb Beograd, t\u00eb mart\u00ebn seanca","datePublished":"2024-01-07T13:06:19+00:00","dateModified":"2024-01-07T13:06:19+00:00","mainEntityOfPage":{"@id":"https:\/\/permbledhja.com\/avokati-i-ish-ushtarit-te-uckse-qe-u-arrestua-ne-merdare-po-mbahet-ne-paraburgim-ne-beograd-te-marten-seanca\/"},"wordCount":479,"publisher":{"@id":"https:\/\/permbledhja.com\/#organization"},"keywords":["Ish-ushtari"],"articleSection":["Kryesoret"],"inLanguage":"sq"},{"@type":"WebPage","@id":"https:\/\/permbledhja.com\/avokati-i-ish-ushtarit-te-uckse-qe-u-arrestua-ne-merdare-po-mbahet-ne-paraburgim-ne-beograd-te-marten-seanca\/","url":"https:\/\/permbledhja.com\/avokati-i-ish-ushtarit-te-uckse-qe-u-arrestua-ne-merdare-po-mbahet-ne-paraburgim-ne-beograd-te-marten-seanca\/","name":"Avokati i ish-ushtarit t\u00eb U\u00c7K\u2019s\u00eb q\u00eb u arrestua n\u00eb Merdare: Po mbahet n\u00eb paraburgim n\u00eb Beograd, t\u00eb mart\u00ebn seanca","isPartOf":{"@id":"https:\/\/permbledhja.com\/#website"},"datePublished":"2024-01-07T13:06:19+00:00","dateModified":"2024-01-07T13:06:19+00:00","breadcrumb":{"@id":"https:\/\/permbledhja.com\/avokati-i-ish-ushtarit-te-uckse-qe-u-arrestua-ne-merdare-po-mbahet-ne-paraburgim-ne-beograd-te-marten-seanca\/#breadcrumb"},"inLanguage":"sq","potentialAction":[{"@type":"ReadAction","target":["https:\/\/permbledhja.com\/avokati-i-ish-ushtarit-te-uckse-qe-u-arrestua-ne-merdare-po-mbahet-ne-paraburgim-ne-beograd-te-marten-seanca\/"]}]},{"@type":"BreadcrumbList","@id":"https:\/\/permbledhja.com\/avokati-i-ish-ushtarit-te-uckse-qe-u-arrestua-ne-merdare-po-mbahet-ne-paraburgim-ne-beograd-te-marten-seanca\/#breadcrumb","itemListElement":[{"@type":"ListItem","position":1,"name":"Ballina","item":"https:\/\/permbledhja.com\/sq\/"},{"@type":"ListItem","position":2,"name":"Avokati i ish-ushtarit t\u00eb U\u00c7K\u2019s\u00eb q\u00eb u arrestua n\u00eb Merdare: Po mbahet n\u00eb paraburgim n\u00eb Beograd, t\u00eb mart\u00ebn seanca"}]},{"@type":"WebSite","@id":"https:\/\/permbledhja.com\/#website","url":"https:\/\/permbledhja.com\/","name":"Ve\u00e7 artikuj p\u00ebrmbledh\u00ebs","description":"","publisher":{"@id":"https:\/\/permbledhja.com\/#organization"},"potentialAction":[{"@type":"SearchAction","target":{"@type":"EntryPoint","urlTemplate":"https:\/\/permbledhja.com\/?s={search_term_string}"},"query-input":"required name=search_term_string"}],"inLanguage":"sq"},{"@type":"Organization","@id":"https:\/\/permbledhja.com\/#organization","name":"MK Media & Pr","url":"https:\/\/permbledhja.com\/","logo":{"@type":"ImageObject","inLanguage":"sq","@id":"https:\/\/permbledhja.com\/#\/schema\/logo\/image\/","url":"https:\/\/permbledhja.com\/wp-content\/uploads\/2021\/12\/07-Press-Logo.jpg","contentUrl":"https:\/\/permbledhja.com\/wp-content\/uploads\/2021\/12\/07-Press-Logo.jpg","width":512,"height":512,"caption":"MK Media & Pr"},"image":{"@id":"https:\/\/permbledhja.com\/#\/schema\/logo\/image\/"},"sameAs":["https:\/\/www.facebook.com\/press07\/"]},{"@type":"Person","@id":"https:\/\/permbledhja.com\/#\/schema\/person\/d23f13f59b5722643933d6780783acf3","name":"M M","image":{"@type":"ImageObject","inLanguage":"sq","@id":"https:\/\/permbledhja.com\/#\/schema\/person\/image\/","url":"https:\/\/secure.gravatar.com\/avatar\/e2835a76ca7c31a2416b2d51c4ec9a8f?s=96&d=mm&r=g","contentUrl":"https:\/\/secure.gravatar.com\/avatar\/e2835a76ca7c31a2416b2d51c4ec9a8f?s=96&d=mm&r=g","caption":"M M"},"sameAs":["http:\/\/MM"],"url":"https:\/\/permbledhja.com\/sq\/author\/muhamet\/"}]}},"_links":{"self":[{"href":"https:\/\/permbledhja.com\/sq\/wp-json\/wp\/v2\/posts\/41622"}],"collection":[{"href":"https:\/\/permbledhja.com\/sq\/wp-json\/wp\/v2\/posts"}],"about":[{"href":"https:\/\/permbledhja.com\/sq\/wp-json\/wp\/v2\/types\/post"}],"author":[{"embeddable":true,"href":"https:\/\/permbledhja.com\/sq\/wp-json\/wp\/v2\/users\/2"}],"replies":[{"embeddable":true,"href":"https:\/\/permbledhja.com\/sq\/wp-json\/wp\/v2\/comments?post=41622"}],"version-history":[{"count":1,"href":"https:\/\/permbledhja.com\/sq\/wp-json\/wp\/v2\/posts\/41622\/revisions"}],"predecessor-version":[{"id":41624,"href":"https:\/\/permbledhja.com\/sq\/wp-json\/wp\/v2\/posts\/41622\/revisions\/41624"}],"wp:featuredmedia":[{"embeddable":true,"href":"https:\/\/permbledhja.com\/sq\/wp-json\/wp\/v2\/media\/41623"}],"wp:attachment":[{"href":"https:\/\/permbledhja.com\/sq\/wp-json\/wp\/v2\/media?parent=41622"}],"wp:term":[{"taxonomy":"category","embeddable":true,"href":"https:\/\/permbledhja.com\/sq\/wp-json\/wp\/v2\/categories?post=41622"},{"taxonomy":"post_tag","embeddable":true,"href":"https:\/\/permbledhja.com\/sq\/wp-json\/wp\/v2\/tags?post=41622"}],"curies":[{"name":"wp","href":"https:\/\/api.w.org\/{rel}","templated":true}]}}