{"id":41620,"date":"2024-01-07T13:03:23","date_gmt":"2024-01-07T13:03:23","guid":{"rendered":"https:\/\/permbledhja.com\/?p=41620"},"modified":"2024-01-07T13:03:23","modified_gmt":"2024-01-07T13:03:23","slug":"krasniqi-jam-i-bindur-se-kete-vit-do-te-kete-zgjedhje-asociacioni-barre-e-rende-per-kurtin","status":"publish","type":"post","link":"https:\/\/permbledhja.com\/sq\/krasniqi-jam-i-bindur-se-kete-vit-do-te-kete-zgjedhje-asociacioni-barre-e-rende-per-kurtin\/","title":{"rendered":"Krasniqi: Jam i bindur se k\u00ebt\u00eb vit do t\u00eb ket\u00eb zgjedhje, Asociacioni barr\u00eb e r\u00ebnd\u00eb p\u00ebr Kurtin"},"content":{"rendered":"<h3>Kryetari i Partis\u00eb Demokratike t\u00eb Kosov\u00ebs (PDK), Memli Krasniqi ka deklaruar se Asociacioni dhe dialogu \u00ebsht\u00eb barr\u00eb e r\u00ebnd\u00eb p\u00ebr kryeministrin Kurti, andaj zgjedhjet e parakohshme jan\u00eb n\u00eb horizont gjat\u00eb vitit 2024.<\/h3>\n<p>\u201cUn\u00eb jam i bindur se vitin e ardhsh\u00ebm do t\u00eb ket\u00eb zgjedhje. Po shihet tashm\u00eb edhe nga deklarimet dhe veprimet e qeveris\u00eb dhe kryeministrit Kurti, nga tubimet e karakterit elektoral, por edhe nga forma aspak korrekte dhe e drejt\u00eb e shpenzimit t\u00eb buxhetit t\u00eb shtetit n\u00eb raport me subvencionimet e ndryshme q\u00eb i kan\u00eb b\u00ebr\u00eb dhe q\u00eb i kan\u00eb planifikuar. Por, mbi t\u00eb gjitha, edhe nga m\u00ebnyra e propagandimit q\u00eb po vazhdojn\u00eb ta b\u00ebjn\u00eb, p\u00ebrkund\u00ebr munges\u00ebs s\u00eb rezultateve konkrete n\u00eb cil\u00ebndo prej fushave. Besoj se n\u00eb vitin 2024 gjithsesi do t\u00eb kemi zgjedhje t\u00eb parakohshme, por nuk mund t\u00eb them me siguri se a do t\u00eb mbahen ato n\u00eb qershor, n\u00eb tetor m\u00eb her\u00ebt apo m\u00eb von\u00eb\u201d, tha ai.<\/p>\n<p>Tutje Krasniqi ka th\u00ebn\u00eb se Kurti duhet t\u00eb vendos\u00eb ose duhet t\u00eb pranoj\u00eb dhe t\u00eb miratoj\u00eb draftin p\u00ebr statusin e asociacionit dhe ta d\u00ebrgoj\u00eb n\u00eb Kushtetuese ose ta refuzoj\u00eb.<\/p>\n<p>\u201cAsociacioni, dialogu dhe gj\u00ebrat q\u00eb nd\u00ebrlidhen me t\u00eb edhe t\u00eb kaluar\u00ebn i kan\u00eb p\u00ebrfunduar qeverisjet parakohsh\u00ebm. Kurti nuk do t\u00eb jet\u00eb imun ndaj k\u00ebsaj, pasi hap\u00ebsira p\u00ebr taktizime i \u00ebsht\u00eb zvog\u00ebluar maksimalisht. Ai duhet t\u00eb vendos\u00eb ose duhet t\u00eb pranoj\u00eb dhe t\u00eb miratoj\u00eb draftin p\u00ebr statusin e asociacionit dhe ta d\u00ebrgoj\u00eb n\u00eb Kushtetuese ose ta refuzoj\u00eb. Cilindo prej k\u00ebtyre veprimeve do t\u00eb ket\u00eb pasojat p\u00ebr t\u00eb personalisht dhe qeverin\u00eb q\u00eb ai udh\u00ebheq. Do t\u00eb ket\u00eb ndikim n\u00eb kontekstin politik p\u00ebr mbajtjen e zgjedhjeve t\u00eb parakohshme\u201d, thekson Krasniqi p\u00ebr kp.<\/p>\n","protected":false},"excerpt":{"rendered":"<p>Kryetari i Partis\u00eb Demokratike t\u00eb Kosov\u00ebs (PDK), Memli Krasniqi ka deklaruar se Asociacioni dhe dialogu \u00ebsht\u00eb barr\u00eb e r\u00ebnd\u00eb p\u00ebr kryeministrin Kurti, andaj zgjedhjet e parakohshme jan\u00eb n\u00eb horizont gjat\u00eb vitit 2024. \u201cUn\u00eb jam i bindur se vitin e ardhsh\u00ebm do t\u00eb ket\u00eb zgjedhje. Po shihet tashm\u00eb edhe nga deklarimet dhe veprimet e qeveris\u00eb dhe [&hellip;]<\/p>\n","protected":false},"author":2,"featured_media":18923,"comment_status":"closed","ping_status":"closed","sticky":false,"template":"","format":"standard","meta":{"_monsterinsights_skip_tracking":false,"_monsterinsights_sitenote_active":false,"_monsterinsights_sitenote_note":"","_monsterinsights_sitenote_category":0,"_uf_show_specific_survey":0,"_uf_disable_surveys":false,"footnotes":""},"categories":[2645],"tags":[137],"yoast_head":"<!-- This site is optimized with the Yoast SEO plugin v21.5 - https:\/\/yoast.com\/wordpress\/plugins\/seo\/ -->\n<title>Krasniqi: Jam i bindur se k\u00ebt\u00eb vit do t\u00eb ket\u00eb zgjedhje, Asociacioni barr\u00eb e r\u00ebnd\u00eb p\u00ebr Kurtin<\/title>\n<meta name=\"robots\" content=\"index, follow, max-snippet:-1, max-image-preview:large, max-video-preview:-1\" \/>\n<link rel=\"canonical\" href=\"https:\/\/permbledhja.com\/sq\/krasniqi-jam-i-bindur-se-kete-vit-do-te-kete-zgjedhje-asociacioni-barre-e-rende-per-kurtin\/\" \/>\n<meta property=\"og:locale\" content=\"sq_AL\" \/>\n<meta property=\"og:type\" content=\"article\" \/>\n<meta property=\"og:title\" content=\"Krasniqi: Jam i bindur se k\u00ebt\u00eb vit do t\u00eb ket\u00eb zgjedhje, Asociacioni barr\u00eb e r\u00ebnd\u00eb p\u00ebr Kurtin\" \/>\n<meta property=\"og:description\" content=\"Kryetari i Partis\u00eb Demokratike t\u00eb Kosov\u00ebs (PDK), Memli Krasniqi ka deklaruar se Asociacioni dhe dialogu \u00ebsht\u00eb barr\u00eb e r\u00ebnd\u00eb p\u00ebr kryeministrin Kurti, andaj zgjedhjet e parakohshme jan\u00eb n\u00eb horizont gjat\u00eb vitit 2024. \u201cUn\u00eb jam i bindur se vitin e ardhsh\u00ebm do t\u00eb ket\u00eb zgjedhje. Po shihet tashm\u00eb edhe nga deklarimet dhe veprimet e qeveris\u00eb dhe [&hellip;]\" \/>\n<meta property=\"og:url\" content=\"https:\/\/permbledhja.com\/sq\/krasniqi-jam-i-bindur-se-kete-vit-do-te-kete-zgjedhje-asociacioni-barre-e-rende-per-kurtin\/\" \/>\n<meta property=\"og:site_name\" content=\"Ve\u00e7 artikuj p\u00ebrmbledh\u00ebs\" \/>\n<meta property=\"article:publisher\" content=\"https:\/\/www.facebook.com\/press07\/\" \/>\n<meta property=\"article:published_time\" content=\"2024-01-07T13:03:23+00:00\" \/>\n<meta property=\"og:image\" content=\"https:\/\/permbledhja.com\/wp-content\/uploads\/2023\/07\/Memli-Krasniqi3-660x330-1.jpg\" \/>\n\t<meta property=\"og:image:width\" content=\"660\" \/>\n\t<meta property=\"og:image:height\" content=\"330\" \/>\n\t<meta property=\"og:image:type\" content=\"image\/jpeg\" \/>\n<meta name=\"author\" content=\"M M\" \/>\n<meta name=\"twitter:card\" content=\"summary_large_image\" \/>\n<meta name=\"twitter:label1\" content=\"Written by\" \/>\n\t<meta name=\"twitter:data1\" content=\"M M\" \/>\n\t<meta name=\"twitter:label2\" content=\"Est. reading time\" \/>\n\t<meta name=\"twitter:data2\" content=\"2 minuta\" \/>\n<script type=\"application\/ld+json\" class=\"yoast-schema-graph\">{\"@context\":\"https:\/\/schema.org\",\"@graph\":[{\"@type\":\"Article\",\"@id\":\"https:\/\/permbledhja.com\/krasniqi-jam-i-bindur-se-kete-vit-do-te-kete-zgjedhje-asociacioni-barre-e-rende-per-kurtin\/#article\",\"isPartOf\":{\"@id\":\"https:\/\/permbledhja.com\/krasniqi-jam-i-bindur-se-kete-vit-do-te-kete-zgjedhje-asociacioni-barre-e-rende-per-kurtin\/\"},\"author\":{\"name\":\"M M\",\"@id\":\"https:\/\/permbledhja.com\/#\/schema\/person\/d23f13f59b5722643933d6780783acf3\"},\"headline\":\"Krasniqi: Jam i bindur se k\u00ebt\u00eb vit do t\u00eb ket\u00eb zgjedhje, Asociacioni barr\u00eb e r\u00ebnd\u00eb p\u00ebr Kurtin\",\"datePublished\":\"2024-01-07T13:03:23+00:00\",\"dateModified\":\"2024-01-07T13:03:23+00:00\",\"mainEntityOfPage\":{\"@id\":\"https:\/\/permbledhja.com\/krasniqi-jam-i-bindur-se-kete-vit-do-te-kete-zgjedhje-asociacioni-barre-e-rende-per-kurtin\/\"},\"wordCount\":318,\"publisher\":{\"@id\":\"https:\/\/permbledhja.com\/#organization\"},\"keywords\":[\"Memli Krasniqi\"],\"articleSection\":[\"T\u00eb r\u00ebnd\u00ebsishme\"],\"inLanguage\":\"sq\"},{\"@type\":\"WebPage\",\"@id\":\"https:\/\/permbledhja.com\/krasniqi-jam-i-bindur-se-kete-vit-do-te-kete-zgjedhje-asociacioni-barre-e-rende-per-kurtin\/\",\"url\":\"https:\/\/permbledhja.com\/krasniqi-jam-i-bindur-se-kete-vit-do-te-kete-zgjedhje-asociacioni-barre-e-rende-per-kurtin\/\",\"name\":\"Krasniqi: Jam i bindur se k\u00ebt\u00eb vit do t\u00eb ket\u00eb zgjedhje, Asociacioni barr\u00eb e r\u00ebnd\u00eb p\u00ebr Kurtin\",\"isPartOf\":{\"@id\":\"https:\/\/permbledhja.com\/#website\"},\"datePublished\":\"2024-01-07T13:03:23+00:00\",\"dateModified\":\"2024-01-07T13:03:23+00:00\",\"breadcrumb\":{\"@id\":\"https:\/\/permbledhja.com\/krasniqi-jam-i-bindur-se-kete-vit-do-te-kete-zgjedhje-asociacioni-barre-e-rende-per-kurtin\/#breadcrumb\"},\"inLanguage\":\"sq\",\"potentialAction\":[{\"@type\":\"ReadAction\",\"target\":[\"https:\/\/permbledhja.com\/krasniqi-jam-i-bindur-se-kete-vit-do-te-kete-zgjedhje-asociacioni-barre-e-rende-per-kurtin\/\"]}]},{\"@type\":\"BreadcrumbList\",\"@id\":\"https:\/\/permbledhja.com\/krasniqi-jam-i-bindur-se-kete-vit-do-te-kete-zgjedhje-asociacioni-barre-e-rende-per-kurtin\/#breadcrumb\",\"itemListElement\":[{\"@type\":\"ListItem\",\"position\":1,\"name\":\"Ballina\",\"item\":\"https:\/\/permbledhja.com\/sq\/\"},{\"@type\":\"ListItem\",\"position\":2,\"name\":\"Krasniqi: Jam i bindur se k\u00ebt\u00eb vit do t\u00eb ket\u00eb zgjedhje, Asociacioni barr\u00eb e r\u00ebnd\u00eb p\u00ebr Kurtin\"}]},{\"@type\":\"WebSite\",\"@id\":\"https:\/\/permbledhja.com\/#website\",\"url\":\"https:\/\/permbledhja.com\/\",\"name\":\"Ve\u00e7 artikuj p\u00ebrmbledh\u00ebs\",\"description\":\"\",\"publisher\":{\"@id\":\"https:\/\/permbledhja.com\/#organization\"},\"potentialAction\":[{\"@type\":\"SearchAction\",\"target\":{\"@type\":\"EntryPoint\",\"urlTemplate\":\"https:\/\/permbledhja.com\/?s={search_term_string}\"},\"query-input\":\"required name=search_term_string\"}],\"inLanguage\":\"sq\"},{\"@type\":\"Organization\",\"@id\":\"https:\/\/permbledhja.com\/#organization\",\"name\":\"MK Media & Pr\",\"url\":\"https:\/\/permbledhja.com\/\",\"logo\":{\"@type\":\"ImageObject\",\"inLanguage\":\"sq\",\"@id\":\"https:\/\/permbledhja.com\/#\/schema\/logo\/image\/\",\"url\":\"https:\/\/permbledhja.com\/wp-content\/uploads\/2021\/12\/07-Press-Logo.jpg\",\"contentUrl\":\"https:\/\/permbledhja.com\/wp-content\/uploads\/2021\/12\/07-Press-Logo.jpg\",\"width\":512,\"height\":512,\"caption\":\"MK Media & Pr\"},\"image\":{\"@id\":\"https:\/\/permbledhja.com\/#\/schema\/logo\/image\/\"},\"sameAs\":[\"https:\/\/www.facebook.com\/press07\/\"]},{\"@type\":\"Person\",\"@id\":\"https:\/\/permbledhja.com\/#\/schema\/person\/d23f13f59b5722643933d6780783acf3\",\"name\":\"M M\",\"image\":{\"@type\":\"ImageObject\",\"inLanguage\":\"sq\",\"@id\":\"https:\/\/permbledhja.com\/#\/schema\/person\/image\/\",\"url\":\"https:\/\/secure.gravatar.com\/avatar\/e2835a76ca7c31a2416b2d51c4ec9a8f?s=96&d=mm&r=g\",\"contentUrl\":\"https:\/\/secure.gravatar.com\/avatar\/e2835a76ca7c31a2416b2d51c4ec9a8f?s=96&d=mm&r=g\",\"caption\":\"M M\"},\"sameAs\":[\"http:\/\/MM\"],\"url\":\"https:\/\/permbledhja.com\/sq\/author\/muhamet\/\"}]}<\/script>\n<!-- \/ Yoast SEO plugin. -->","yoast_head_json":{"title":"Krasniqi: Jam i bindur se k\u00ebt\u00eb vit do t\u00eb ket\u00eb zgjedhje, Asociacioni barr\u00eb e r\u00ebnd\u00eb p\u00ebr Kurtin","robots":{"index":"index","follow":"follow","max-snippet":"max-snippet:-1","max-image-preview":"max-image-preview:large","max-video-preview":"max-video-preview:-1"},"canonical":"https:\/\/permbledhja.com\/sq\/krasniqi-jam-i-bindur-se-kete-vit-do-te-kete-zgjedhje-asociacioni-barre-e-rende-per-kurtin\/","og_locale":"sq_AL","og_type":"article","og_title":"Krasniqi: Jam i bindur se k\u00ebt\u00eb vit do t\u00eb ket\u00eb zgjedhje, Asociacioni barr\u00eb e r\u00ebnd\u00eb p\u00ebr Kurtin","og_description":"Kryetari i Partis\u00eb Demokratike t\u00eb Kosov\u00ebs (PDK), Memli Krasniqi ka deklaruar se Asociacioni dhe dialogu \u00ebsht\u00eb barr\u00eb e r\u00ebnd\u00eb p\u00ebr kryeministrin Kurti, andaj zgjedhjet e parakohshme jan\u00eb n\u00eb horizont gjat\u00eb vitit 2024. \u201cUn\u00eb jam i bindur se vitin e ardhsh\u00ebm do t\u00eb ket\u00eb zgjedhje. Po shihet tashm\u00eb edhe nga deklarimet dhe veprimet e qeveris\u00eb dhe [&hellip;]","og_url":"https:\/\/permbledhja.com\/sq\/krasniqi-jam-i-bindur-se-kete-vit-do-te-kete-zgjedhje-asociacioni-barre-e-rende-per-kurtin\/","og_site_name":"Ve\u00e7 artikuj p\u00ebrmbledh\u00ebs","article_publisher":"https:\/\/www.facebook.com\/press07\/","article_published_time":"2024-01-07T13:03:23+00:00","og_image":[{"width":660,"height":330,"url":"https:\/\/permbledhja.com\/wp-content\/uploads\/2023\/07\/Memli-Krasniqi3-660x330-1.jpg","type":"image\/jpeg"}],"author":"M M","twitter_card":"summary_large_image","twitter_misc":{"Written by":"M M","Est. reading time":"2 minuta"},"schema":{"@context":"https:\/\/schema.org","@graph":[{"@type":"Article","@id":"https:\/\/permbledhja.com\/krasniqi-jam-i-bindur-se-kete-vit-do-te-kete-zgjedhje-asociacioni-barre-e-rende-per-kurtin\/#article","isPartOf":{"@id":"https:\/\/permbledhja.com\/krasniqi-jam-i-bindur-se-kete-vit-do-te-kete-zgjedhje-asociacioni-barre-e-rende-per-kurtin\/"},"author":{"name":"M M","@id":"https:\/\/permbledhja.com\/#\/schema\/person\/d23f13f59b5722643933d6780783acf3"},"headline":"Krasniqi: Jam i bindur se k\u00ebt\u00eb vit do t\u00eb ket\u00eb zgjedhje, Asociacioni barr\u00eb e r\u00ebnd\u00eb p\u00ebr Kurtin","datePublished":"2024-01-07T13:03:23+00:00","dateModified":"2024-01-07T13:03:23+00:00","mainEntityOfPage":{"@id":"https:\/\/permbledhja.com\/krasniqi-jam-i-bindur-se-kete-vit-do-te-kete-zgjedhje-asociacioni-barre-e-rende-per-kurtin\/"},"wordCount":318,"publisher":{"@id":"https:\/\/permbledhja.com\/#organization"},"keywords":["Memli Krasniqi"],"articleSection":["T\u00eb r\u00ebnd\u00ebsishme"],"inLanguage":"sq"},{"@type":"WebPage","@id":"https:\/\/permbledhja.com\/krasniqi-jam-i-bindur-se-kete-vit-do-te-kete-zgjedhje-asociacioni-barre-e-rende-per-kurtin\/","url":"https:\/\/permbledhja.com\/krasniqi-jam-i-bindur-se-kete-vit-do-te-kete-zgjedhje-asociacioni-barre-e-rende-per-kurtin\/","name":"Krasniqi: Jam i bindur se k\u00ebt\u00eb vit do t\u00eb ket\u00eb zgjedhje, Asociacioni barr\u00eb e r\u00ebnd\u00eb p\u00ebr Kurtin","isPartOf":{"@id":"https:\/\/permbledhja.com\/#website"},"datePublished":"2024-01-07T13:03:23+00:00","dateModified":"2024-01-07T13:03:23+00:00","breadcrumb":{"@id":"https:\/\/permbledhja.com\/krasniqi-jam-i-bindur-se-kete-vit-do-te-kete-zgjedhje-asociacioni-barre-e-rende-per-kurtin\/#breadcrumb"},"inLanguage":"sq","potentialAction":[{"@type":"ReadAction","target":["https:\/\/permbledhja.com\/krasniqi-jam-i-bindur-se-kete-vit-do-te-kete-zgjedhje-asociacioni-barre-e-rende-per-kurtin\/"]}]},{"@type":"BreadcrumbList","@id":"https:\/\/permbledhja.com\/krasniqi-jam-i-bindur-se-kete-vit-do-te-kete-zgjedhje-asociacioni-barre-e-rende-per-kurtin\/#breadcrumb","itemListElement":[{"@type":"ListItem","position":1,"name":"Ballina","item":"https:\/\/permbledhja.com\/sq\/"},{"@type":"ListItem","position":2,"name":"Krasniqi: Jam i bindur se k\u00ebt\u00eb vit do t\u00eb ket\u00eb zgjedhje, Asociacioni barr\u00eb e r\u00ebnd\u00eb p\u00ebr Kurtin"}]},{"@type":"WebSite","@id":"https:\/\/permbledhja.com\/#website","url":"https:\/\/permbledhja.com\/","name":"Ve\u00e7 artikuj p\u00ebrmbledh\u00ebs","description":"","publisher":{"@id":"https:\/\/permbledhja.com\/#organization"},"potentialAction":[{"@type":"SearchAction","target":{"@type":"EntryPoint","urlTemplate":"https:\/\/permbledhja.com\/?s={search_term_string}"},"query-input":"required name=search_term_string"}],"inLanguage":"sq"},{"@type":"Organization","@id":"https:\/\/permbledhja.com\/#organization","name":"MK Media & Pr","url":"https:\/\/permbledhja.com\/","logo":{"@type":"ImageObject","inLanguage":"sq","@id":"https:\/\/permbledhja.com\/#\/schema\/logo\/image\/","url":"https:\/\/permbledhja.com\/wp-content\/uploads\/2021\/12\/07-Press-Logo.jpg","contentUrl":"https:\/\/permbledhja.com\/wp-content\/uploads\/2021\/12\/07-Press-Logo.jpg","width":512,"height":512,"caption":"MK Media & Pr"},"image":{"@id":"https:\/\/permbledhja.com\/#\/schema\/logo\/image\/"},"sameAs":["https:\/\/www.facebook.com\/press07\/"]},{"@type":"Person","@id":"https:\/\/permbledhja.com\/#\/schema\/person\/d23f13f59b5722643933d6780783acf3","name":"M M","image":{"@type":"ImageObject","inLanguage":"sq","@id":"https:\/\/permbledhja.com\/#\/schema\/person\/image\/","url":"https:\/\/secure.gravatar.com\/avatar\/e2835a76ca7c31a2416b2d51c4ec9a8f?s=96&d=mm&r=g","contentUrl":"https:\/\/secure.gravatar.com\/avatar\/e2835a76ca7c31a2416b2d51c4ec9a8f?s=96&d=mm&r=g","caption":"M M"},"sameAs":["http:\/\/MM"],"url":"https:\/\/permbledhja.com\/sq\/author\/muhamet\/"}]}},"_links":{"self":[{"href":"https:\/\/permbledhja.com\/sq\/wp-json\/wp\/v2\/posts\/41620"}],"collection":[{"href":"https:\/\/permbledhja.com\/sq\/wp-json\/wp\/v2\/posts"}],"about":[{"href":"https:\/\/permbledhja.com\/sq\/wp-json\/wp\/v2\/types\/post"}],"author":[{"embeddable":true,"href":"https:\/\/permbledhja.com\/sq\/wp-json\/wp\/v2\/users\/2"}],"replies":[{"embeddable":true,"href":"https:\/\/permbledhja.com\/sq\/wp-json\/wp\/v2\/comments?post=41620"}],"version-history":[{"count":1,"href":"https:\/\/permbledhja.com\/sq\/wp-json\/wp\/v2\/posts\/41620\/revisions"}],"predecessor-version":[{"id":41621,"href":"https:\/\/permbledhja.com\/sq\/wp-json\/wp\/v2\/posts\/41620\/revisions\/41621"}],"wp:featuredmedia":[{"embeddable":true,"href":"https:\/\/permbledhja.com\/sq\/wp-json\/wp\/v2\/media\/18923"}],"wp:attachment":[{"href":"https:\/\/permbledhja.com\/sq\/wp-json\/wp\/v2\/media?parent=41620"}],"wp:term":[{"taxonomy":"category","embeddable":true,"href":"https:\/\/permbledhja.com\/sq\/wp-json\/wp\/v2\/categories?post=41620"},{"taxonomy":"post_tag","embeddable":true,"href":"https:\/\/permbledhja.com\/sq\/wp-json\/wp\/v2\/tags?post=41620"}],"curies":[{"name":"wp","href":"https:\/\/api.w.org\/{rel}","templated":true}]}}