{"id":41599,"date":"2024-01-07T10:01:29","date_gmt":"2024-01-07T10:01:29","guid":{"rendered":"https:\/\/permbledhja.com\/?p=41599"},"modified":"2024-01-07T10:01:29","modified_gmt":"2024-01-07T10:01:29","slug":"gervalla-do-te-kete-shume-lajme-te-mira-para-14-dhe-17-shkurtit","status":"publish","type":"post","link":"https:\/\/permbledhja.com\/sq\/gervalla-do-te-kete-shume-lajme-te-mira-para-14-dhe-17-shkurtit\/","title":{"rendered":"G\u00ebrvalla: Do t\u00eb ket\u00eb shum\u00eb lajme t\u00eb mira para 14 dhe 17 shkurtit"},"content":{"rendered":"<h3>P\u00ebrve\u00e7 njohjes s\u00eb pasaportave nga Spanja, ministrja e Pun\u00ebve t\u00eb Jashtme Donika G\u00ebrvalla ka paralajm\u00ebruar edhe lajme tjera t\u00eb mira p\u00ebr Kosov\u00ebn deri n\u00eb 16 vjetorin e pavar\u00ebsis\u00eb s\u00eb Kosov\u00ebs.<\/h3>\n<p>Ajo ka fal\u00ebnderuar t\u00eb gjith\u00eb q\u00eb kan\u00eb kontribuar q\u00eb Spanja t\u2019i njoh pasaportat e Kosov\u00ebs.<\/p>\n<p>\u201cPo e mbyllim edhe nj\u00eb dit\u00eb me krenari dhe me nj\u00eb lajm t\u00eb mir\u00eb p\u00ebr Kosov\u00ebn dhe qytetar\u00ebt e saj.Spanja i shtohet list\u00ebs s\u00eb shteteve, n\u00eb t\u00eb cilat qytetar\u00ebt tan\u00eb mund t\u00eb udh\u00ebtojn\u00eb lirsh\u00ebm, me pasaport\u00ebn e Republik\u00ebs s\u00eb Kosov\u00ebs dhe pa viza. P\u00ebr k\u00ebt\u00eb fal\u00ebnderoj nga zemra t\u00eb gjith\u00eb ata q\u00eb jan\u00eb angazhuar p\u00ebr arritjen e k\u00ebtij suksesi. Na mbetet t\u00eb vazhdojm\u00eb, si \u00e7do dit\u00eb gjat\u00eb k\u00ebtyre dy viteve t\u00eb mandatit ton\u00eb, pun\u00ebn intensive p\u00ebr t\u00eb forcuar edhe m\u00eb tej Republik\u00ebn e Kosov\u00ebs n\u00eb aren\u00ebn nd\u00ebrkomb\u00ebtare\u201d, tha ajo.<\/p>\n<p>Tutje ajo p\u00ebrmendi edhe disa ngjarje tjera, q\u00eb sipas saj jan\u00eb arritje t\u00eb qeveris\u00eb.<\/p>\n<p>\u201cLiberalizimi i vizave, shtrirja e sovranitetit n\u00eb t\u00eb gjith\u00eb vendin, fillimi i inkasimit t\u00eb rrym\u00ebs n\u00eb veri t\u00eb Kosov\u00ebs, heqja e barrierave p\u00ebr qarkullimin me targat e Republik\u00ebs s\u00eb Kosov\u00ebs edhe n\u00ebp\u00ebr Serbi si dhe mesazhet e qarta dhe t\u00eb pal\u00ebkundura t\u00eb Mbret\u00ebris\u00eb s\u00eb Bashkuar n\u00eb p\u00ebrkrahje t\u00eb sovranitetit, ekonomis\u00eb dhe siguris\u00eb s\u00eb Republik\u00ebs s\u00eb Kosov\u00ebs, jan\u00eb tregues t\u00eb qart\u00eb t\u00eb suksesit dhe p\u00ebrkushtimit t\u00eb institucioneve t\u00eb Republik\u00ebs s\u00eb Kosov\u00ebs. Do t\u00eb kemi edhe m\u00eb shum\u00eb lajm\u00eb t\u00eb mira para se t\u00eb festojm\u00eb 3-vjetorin e fitores s\u00eb madhe t\u00eb 14 shkurtit dhe 16-vjetorin e pavar\u00ebsis\u00eb s\u00eb Kosov\u00ebs. Vet\u00ebm me vendosm\u00ebri dhe pun\u00eb t\u00eb ndershme dhe t\u00eb palodhshme mund t\u2019ia kthejm\u00eb Kosov\u00ebs dinjitetin dhe t\u2019ia sigurojm\u00eb vendin e merituar n\u00eb familjen e kombeve\u201d, tha ajo.<\/p>\n","protected":false},"excerpt":{"rendered":"<p>P\u00ebrve\u00e7 njohjes s\u00eb pasaportave nga Spanja, ministrja e Pun\u00ebve t\u00eb Jashtme Donika G\u00ebrvalla ka paralajm\u00ebruar edhe lajme tjera t\u00eb mira p\u00ebr Kosov\u00ebn deri n\u00eb 16 vjetorin e pavar\u00ebsis\u00eb s\u00eb Kosov\u00ebs. Ajo ka fal\u00ebnderuar t\u00eb gjith\u00eb q\u00eb kan\u00eb kontribuar q\u00eb Spanja t\u2019i njoh pasaportat e Kosov\u00ebs. \u201cPo e mbyllim edhe nj\u00eb dit\u00eb me krenari dhe me [&hellip;]<\/p>\n","protected":false},"author":2,"featured_media":29315,"comment_status":"closed","ping_status":"closed","sticky":false,"template":"","format":"standard","meta":{"_monsterinsights_skip_tracking":false,"_monsterinsights_sitenote_active":false,"_monsterinsights_sitenote_note":"","_monsterinsights_sitenote_category":0,"_uf_show_specific_survey":0,"_uf_disable_surveys":false,"footnotes":""},"categories":[15],"tags":[259],"yoast_head":"<!-- This site is optimized with the Yoast SEO plugin v21.5 - https:\/\/yoast.com\/wordpress\/plugins\/seo\/ -->\n<title>G\u00ebrvalla: Do t\u00eb ket\u00eb shum\u00eb lajme t\u00eb mira para 14 dhe 17 shkurtit<\/title>\n<meta name=\"robots\" content=\"index, follow, max-snippet:-1, max-image-preview:large, max-video-preview:-1\" \/>\n<link rel=\"canonical\" href=\"https:\/\/permbledhja.com\/sq\/gervalla-do-te-kete-shume-lajme-te-mira-para-14-dhe-17-shkurtit\/\" \/>\n<meta property=\"og:locale\" content=\"sq_AL\" \/>\n<meta property=\"og:type\" content=\"article\" \/>\n<meta property=\"og:title\" content=\"G\u00ebrvalla: Do t\u00eb ket\u00eb shum\u00eb lajme t\u00eb mira para 14 dhe 17 shkurtit\" \/>\n<meta property=\"og:description\" content=\"P\u00ebrve\u00e7 njohjes s\u00eb pasaportave nga Spanja, ministrja e Pun\u00ebve t\u00eb Jashtme Donika G\u00ebrvalla ka paralajm\u00ebruar edhe lajme tjera t\u00eb mira p\u00ebr Kosov\u00ebn deri n\u00eb 16 vjetorin e pavar\u00ebsis\u00eb s\u00eb Kosov\u00ebs. Ajo ka fal\u00ebnderuar t\u00eb gjith\u00eb q\u00eb kan\u00eb kontribuar q\u00eb Spanja t\u2019i njoh pasaportat e Kosov\u00ebs. \u201cPo e mbyllim edhe nj\u00eb dit\u00eb me krenari dhe me [&hellip;]\" \/>\n<meta property=\"og:url\" content=\"https:\/\/permbledhja.com\/sq\/gervalla-do-te-kete-shume-lajme-te-mira-para-14-dhe-17-shkurtit\/\" \/>\n<meta property=\"og:site_name\" content=\"Ve\u00e7 artikuj p\u00ebrmbledh\u00ebs\" \/>\n<meta property=\"article:publisher\" content=\"https:\/\/www.facebook.com\/press07\/\" \/>\n<meta property=\"article:published_time\" content=\"2024-01-07T10:01:29+00:00\" \/>\n<meta property=\"og:image\" content=\"https:\/\/permbledhja.com\/wp-content\/uploads\/2023\/10\/Donika-Gervalla-4-600x360-1.webp\" \/>\n\t<meta property=\"og:image:width\" content=\"600\" \/>\n\t<meta property=\"og:image:height\" content=\"360\" \/>\n\t<meta property=\"og:image:type\" content=\"image\/webp\" \/>\n<meta name=\"author\" content=\"M M\" \/>\n<meta name=\"twitter:card\" content=\"summary_large_image\" \/>\n<meta name=\"twitter:label1\" content=\"Written by\" \/>\n\t<meta name=\"twitter:data1\" content=\"M M\" \/>\n\t<meta name=\"twitter:label2\" content=\"Est. reading time\" \/>\n\t<meta name=\"twitter:data2\" content=\"2 minuta\" \/>\n<script type=\"application\/ld+json\" class=\"yoast-schema-graph\">{\"@context\":\"https:\/\/schema.org\",\"@graph\":[{\"@type\":\"Article\",\"@id\":\"https:\/\/permbledhja.com\/sq\/gervalla-do-te-kete-shume-lajme-te-mira-para-14-dhe-17-shkurtit\/#article\",\"isPartOf\":{\"@id\":\"https:\/\/permbledhja.com\/sq\/gervalla-do-te-kete-shume-lajme-te-mira-para-14-dhe-17-shkurtit\/\"},\"author\":{\"name\":\"M M\",\"@id\":\"https:\/\/permbledhja.com\/#\/schema\/person\/d23f13f59b5722643933d6780783acf3\"},\"headline\":\"G\u00ebrvalla: Do t\u00eb ket\u00eb shum\u00eb lajme t\u00eb mira para 14 dhe 17 shkurtit\",\"datePublished\":\"2024-01-07T10:01:29+00:00\",\"dateModified\":\"2024-01-07T10:01:29+00:00\",\"mainEntityOfPage\":{\"@id\":\"https:\/\/permbledhja.com\/sq\/gervalla-do-te-kete-shume-lajme-te-mira-para-14-dhe-17-shkurtit\/\"},\"wordCount\":340,\"publisher\":{\"@id\":\"https:\/\/permbledhja.com\/#organization\"},\"keywords\":[\"Donika G\u00ebrvalla\"],\"articleSection\":[\"Lajme\"],\"inLanguage\":\"sq\"},{\"@type\":\"WebPage\",\"@id\":\"https:\/\/permbledhja.com\/sq\/gervalla-do-te-kete-shume-lajme-te-mira-para-14-dhe-17-shkurtit\/\",\"url\":\"https:\/\/permbledhja.com\/sq\/gervalla-do-te-kete-shume-lajme-te-mira-para-14-dhe-17-shkurtit\/\",\"name\":\"G\u00ebrvalla: Do t\u00eb ket\u00eb shum\u00eb lajme t\u00eb mira para 14 dhe 17 shkurtit\",\"isPartOf\":{\"@id\":\"https:\/\/permbledhja.com\/#website\"},\"datePublished\":\"2024-01-07T10:01:29+00:00\",\"dateModified\":\"2024-01-07T10:01:29+00:00\",\"breadcrumb\":{\"@id\":\"https:\/\/permbledhja.com\/sq\/gervalla-do-te-kete-shume-lajme-te-mira-para-14-dhe-17-shkurtit\/#breadcrumb\"},\"inLanguage\":\"sq\",\"potentialAction\":[{\"@type\":\"ReadAction\",\"target\":[\"https:\/\/permbledhja.com\/sq\/gervalla-do-te-kete-shume-lajme-te-mira-para-14-dhe-17-shkurtit\/\"]}]},{\"@type\":\"BreadcrumbList\",\"@id\":\"https:\/\/permbledhja.com\/sq\/gervalla-do-te-kete-shume-lajme-te-mira-para-14-dhe-17-shkurtit\/#breadcrumb\",\"itemListElement\":[{\"@type\":\"ListItem\",\"position\":1,\"name\":\"Ballina\",\"item\":\"https:\/\/permbledhja.com\/sq\/\"},{\"@type\":\"ListItem\",\"position\":2,\"name\":\"G\u00ebrvalla: Do t\u00eb ket\u00eb shum\u00eb lajme t\u00eb mira para 14 dhe 17 shkurtit\"}]},{\"@type\":\"WebSite\",\"@id\":\"https:\/\/permbledhja.com\/#website\",\"url\":\"https:\/\/permbledhja.com\/\",\"name\":\"Ve\u00e7 artikuj p\u00ebrmbledh\u00ebs\",\"description\":\"\",\"publisher\":{\"@id\":\"https:\/\/permbledhja.com\/#organization\"},\"potentialAction\":[{\"@type\":\"SearchAction\",\"target\":{\"@type\":\"EntryPoint\",\"urlTemplate\":\"https:\/\/permbledhja.com\/?s={search_term_string}\"},\"query-input\":\"required name=search_term_string\"}],\"inLanguage\":\"sq\"},{\"@type\":\"Organization\",\"@id\":\"https:\/\/permbledhja.com\/#organization\",\"name\":\"MK Media & Pr\",\"url\":\"https:\/\/permbledhja.com\/\",\"logo\":{\"@type\":\"ImageObject\",\"inLanguage\":\"sq\",\"@id\":\"https:\/\/permbledhja.com\/#\/schema\/logo\/image\/\",\"url\":\"https:\/\/permbledhja.com\/wp-content\/uploads\/2021\/12\/07-Press-Logo.jpg\",\"contentUrl\":\"https:\/\/permbledhja.com\/wp-content\/uploads\/2021\/12\/07-Press-Logo.jpg\",\"width\":512,\"height\":512,\"caption\":\"MK Media & Pr\"},\"image\":{\"@id\":\"https:\/\/permbledhja.com\/#\/schema\/logo\/image\/\"},\"sameAs\":[\"https:\/\/www.facebook.com\/press07\/\"]},{\"@type\":\"Person\",\"@id\":\"https:\/\/permbledhja.com\/#\/schema\/person\/d23f13f59b5722643933d6780783acf3\",\"name\":\"M M\",\"image\":{\"@type\":\"ImageObject\",\"inLanguage\":\"sq\",\"@id\":\"https:\/\/permbledhja.com\/#\/schema\/person\/image\/\",\"url\":\"https:\/\/secure.gravatar.com\/avatar\/e2835a76ca7c31a2416b2d51c4ec9a8f?s=96&d=mm&r=g\",\"contentUrl\":\"https:\/\/secure.gravatar.com\/avatar\/e2835a76ca7c31a2416b2d51c4ec9a8f?s=96&d=mm&r=g\",\"caption\":\"M M\"},\"sameAs\":[\"http:\/\/MM\"],\"url\":\"https:\/\/permbledhja.com\/sq\/author\/muhamet\/\"}]}<\/script>\n<!-- \/ Yoast SEO plugin. -->","yoast_head_json":{"title":"G\u00ebrvalla: Do t\u00eb ket\u00eb shum\u00eb lajme t\u00eb mira para 14 dhe 17 shkurtit","robots":{"index":"index","follow":"follow","max-snippet":"max-snippet:-1","max-image-preview":"max-image-preview:large","max-video-preview":"max-video-preview:-1"},"canonical":"https:\/\/permbledhja.com\/sq\/gervalla-do-te-kete-shume-lajme-te-mira-para-14-dhe-17-shkurtit\/","og_locale":"sq_AL","og_type":"article","og_title":"G\u00ebrvalla: Do t\u00eb ket\u00eb shum\u00eb lajme t\u00eb mira para 14 dhe 17 shkurtit","og_description":"P\u00ebrve\u00e7 njohjes s\u00eb pasaportave nga Spanja, ministrja e Pun\u00ebve t\u00eb Jashtme Donika G\u00ebrvalla ka paralajm\u00ebruar edhe lajme tjera t\u00eb mira p\u00ebr Kosov\u00ebn deri n\u00eb 16 vjetorin e pavar\u00ebsis\u00eb s\u00eb Kosov\u00ebs. Ajo ka fal\u00ebnderuar t\u00eb gjith\u00eb q\u00eb kan\u00eb kontribuar q\u00eb Spanja t\u2019i njoh pasaportat e Kosov\u00ebs. \u201cPo e mbyllim edhe nj\u00eb dit\u00eb me krenari dhe me [&hellip;]","og_url":"https:\/\/permbledhja.com\/sq\/gervalla-do-te-kete-shume-lajme-te-mira-para-14-dhe-17-shkurtit\/","og_site_name":"Ve\u00e7 artikuj p\u00ebrmbledh\u00ebs","article_publisher":"https:\/\/www.facebook.com\/press07\/","article_published_time":"2024-01-07T10:01:29+00:00","og_image":[{"width":600,"height":360,"url":"https:\/\/permbledhja.com\/wp-content\/uploads\/2023\/10\/Donika-Gervalla-4-600x360-1.webp","type":"image\/webp"}],"author":"M M","twitter_card":"summary_large_image","twitter_misc":{"Written by":"M M","Est. reading time":"2 minuta"},"schema":{"@context":"https:\/\/schema.org","@graph":[{"@type":"Article","@id":"https:\/\/permbledhja.com\/sq\/gervalla-do-te-kete-shume-lajme-te-mira-para-14-dhe-17-shkurtit\/#article","isPartOf":{"@id":"https:\/\/permbledhja.com\/sq\/gervalla-do-te-kete-shume-lajme-te-mira-para-14-dhe-17-shkurtit\/"},"author":{"name":"M M","@id":"https:\/\/permbledhja.com\/#\/schema\/person\/d23f13f59b5722643933d6780783acf3"},"headline":"G\u00ebrvalla: Do t\u00eb ket\u00eb shum\u00eb lajme t\u00eb mira para 14 dhe 17 shkurtit","datePublished":"2024-01-07T10:01:29+00:00","dateModified":"2024-01-07T10:01:29+00:00","mainEntityOfPage":{"@id":"https:\/\/permbledhja.com\/sq\/gervalla-do-te-kete-shume-lajme-te-mira-para-14-dhe-17-shkurtit\/"},"wordCount":340,"publisher":{"@id":"https:\/\/permbledhja.com\/#organization"},"keywords":["Donika G\u00ebrvalla"],"articleSection":["Lajme"],"inLanguage":"sq"},{"@type":"WebPage","@id":"https:\/\/permbledhja.com\/sq\/gervalla-do-te-kete-shume-lajme-te-mira-para-14-dhe-17-shkurtit\/","url":"https:\/\/permbledhja.com\/sq\/gervalla-do-te-kete-shume-lajme-te-mira-para-14-dhe-17-shkurtit\/","name":"G\u00ebrvalla: Do t\u00eb ket\u00eb shum\u00eb lajme t\u00eb mira para 14 dhe 17 shkurtit","isPartOf":{"@id":"https:\/\/permbledhja.com\/#website"},"datePublished":"2024-01-07T10:01:29+00:00","dateModified":"2024-01-07T10:01:29+00:00","breadcrumb":{"@id":"https:\/\/permbledhja.com\/sq\/gervalla-do-te-kete-shume-lajme-te-mira-para-14-dhe-17-shkurtit\/#breadcrumb"},"inLanguage":"sq","potentialAction":[{"@type":"ReadAction","target":["https:\/\/permbledhja.com\/sq\/gervalla-do-te-kete-shume-lajme-te-mira-para-14-dhe-17-shkurtit\/"]}]},{"@type":"BreadcrumbList","@id":"https:\/\/permbledhja.com\/sq\/gervalla-do-te-kete-shume-lajme-te-mira-para-14-dhe-17-shkurtit\/#breadcrumb","itemListElement":[{"@type":"ListItem","position":1,"name":"Ballina","item":"https:\/\/permbledhja.com\/sq\/"},{"@type":"ListItem","position":2,"name":"G\u00ebrvalla: Do t\u00eb ket\u00eb shum\u00eb lajme t\u00eb mira para 14 dhe 17 shkurtit"}]},{"@type":"WebSite","@id":"https:\/\/permbledhja.com\/#website","url":"https:\/\/permbledhja.com\/","name":"Ve\u00e7 artikuj p\u00ebrmbledh\u00ebs","description":"","publisher":{"@id":"https:\/\/permbledhja.com\/#organization"},"potentialAction":[{"@type":"SearchAction","target":{"@type":"EntryPoint","urlTemplate":"https:\/\/permbledhja.com\/?s={search_term_string}"},"query-input":"required name=search_term_string"}],"inLanguage":"sq"},{"@type":"Organization","@id":"https:\/\/permbledhja.com\/#organization","name":"MK Media & Pr","url":"https:\/\/permbledhja.com\/","logo":{"@type":"ImageObject","inLanguage":"sq","@id":"https:\/\/permbledhja.com\/#\/schema\/logo\/image\/","url":"https:\/\/permbledhja.com\/wp-content\/uploads\/2021\/12\/07-Press-Logo.jpg","contentUrl":"https:\/\/permbledhja.com\/wp-content\/uploads\/2021\/12\/07-Press-Logo.jpg","width":512,"height":512,"caption":"MK Media & Pr"},"image":{"@id":"https:\/\/permbledhja.com\/#\/schema\/logo\/image\/"},"sameAs":["https:\/\/www.facebook.com\/press07\/"]},{"@type":"Person","@id":"https:\/\/permbledhja.com\/#\/schema\/person\/d23f13f59b5722643933d6780783acf3","name":"M M","image":{"@type":"ImageObject","inLanguage":"sq","@id":"https:\/\/permbledhja.com\/#\/schema\/person\/image\/","url":"https:\/\/secure.gravatar.com\/avatar\/e2835a76ca7c31a2416b2d51c4ec9a8f?s=96&d=mm&r=g","contentUrl":"https:\/\/secure.gravatar.com\/avatar\/e2835a76ca7c31a2416b2d51c4ec9a8f?s=96&d=mm&r=g","caption":"M M"},"sameAs":["http:\/\/MM"],"url":"https:\/\/permbledhja.com\/sq\/author\/muhamet\/"}]}},"_links":{"self":[{"href":"https:\/\/permbledhja.com\/sq\/wp-json\/wp\/v2\/posts\/41599"}],"collection":[{"href":"https:\/\/permbledhja.com\/sq\/wp-json\/wp\/v2\/posts"}],"about":[{"href":"https:\/\/permbledhja.com\/sq\/wp-json\/wp\/v2\/types\/post"}],"author":[{"embeddable":true,"href":"https:\/\/permbledhja.com\/sq\/wp-json\/wp\/v2\/users\/2"}],"replies":[{"embeddable":true,"href":"https:\/\/permbledhja.com\/sq\/wp-json\/wp\/v2\/comments?post=41599"}],"version-history":[{"count":1,"href":"https:\/\/permbledhja.com\/sq\/wp-json\/wp\/v2\/posts\/41599\/revisions"}],"predecessor-version":[{"id":41600,"href":"https:\/\/permbledhja.com\/sq\/wp-json\/wp\/v2\/posts\/41599\/revisions\/41600"}],"wp:featuredmedia":[{"embeddable":true,"href":"https:\/\/permbledhja.com\/sq\/wp-json\/wp\/v2\/media\/29315"}],"wp:attachment":[{"href":"https:\/\/permbledhja.com\/sq\/wp-json\/wp\/v2\/media?parent=41599"}],"wp:term":[{"taxonomy":"category","embeddable":true,"href":"https:\/\/permbledhja.com\/sq\/wp-json\/wp\/v2\/categories?post=41599"},{"taxonomy":"post_tag","embeddable":true,"href":"https:\/\/permbledhja.com\/sq\/wp-json\/wp\/v2\/tags?post=41599"}],"curies":[{"name":"wp","href":"https:\/\/api.w.org\/{rel}","templated":true}]}}