{"id":41266,"date":"2024-01-03T11:17:40","date_gmt":"2024-01-03T11:17:40","guid":{"rendered":"https:\/\/permbledhja.com\/?p=41266"},"modified":"2024-01-03T11:17:40","modified_gmt":"2024-01-03T11:17:40","slug":"me-sy-nga-kosova-jeta-ne-fshatin-borje-te-shqiperise","status":"publish","type":"post","link":"https:\/\/permbledhja.com\/sq\/me-sy-nga-kosova-jeta-ne-fshatin-borje-te-shqiperise\/","title":{"rendered":"Me sy nga Kosova: Jeta n\u00eb fshatin Borje t\u00eb Shqip\u00ebris\u00eb"},"content":{"rendered":"<div class=\"fa-container\">\n<h3>Uji q\u00eb rrjedh n\u00eb kanalin n\u00eb an\u00eb t\u00eb rrug\u00ebs prish qet\u00ebsin\u00eb e m\u00ebngjesit n\u00eb fshatin Borje, n\u00eb veri t\u00eb Shqip\u00ebris\u00eb.<\/h3>\n<p>Nj\u00eb kafene e vog\u00ebl n\u00eb qend\u00ebr t\u00eb tij ishte pothuajse e zbraz\u00ebt n\u00eb nj\u00eb paradite t\u00eb fund-dhjetorit.<\/p>\n<p>Ka dhjet\u00eb vjet q\u00eb Biljana Jonuzi e ka hapur at\u00eb bashk\u00eb me bashk\u00ebshortin.<\/p>\n<p>\u201cPak kemi pun\u00eb se nuk ka njer\u00ebz\u201d, thot\u00eb Biljana teksa rregullon shamin\u00eb me ngjyra, e cila karakterizon shumic\u00ebn e grave n\u00eb zon\u00eb.<\/p>\n<\/div>\n<div class=\"fa-container\">\n<div class=\"wsw__embed\">\n<figure class=\"media-image js-media-expand js-media-expand--ready\">\n<div class=\"img-wrap\">\n<div class=\"thumb\"><img decoding=\"async\" class=\" enhanced\" src=\"https:\/\/gdb.rferl.org\/01000000-0a00-0242-3347-08dc0627abf5_w650_r1_s.jpg\" alt=\"Biljana Jonuzi, banore e fshatit Borje n\u00eb Shqip\u00ebri, ulur n\u00eb kafenen\u00eb e saj.\" \/><\/div>\n<\/div><figcaption><span class=\"caption\">Biljana Jonuzi, banore e fshatit Borje n\u00eb Shqip\u00ebri, ulur n\u00eb kafenen\u00eb e saj.<\/span><\/figcaption><\/figure>\n<\/div>\n<\/div>\n<div class=\"fa-container\">\n<p>E lindur dhe e rritur n\u00eb Borje, 61-vje\u00e7arja kujton se shum\u00eb bashk\u00ebfshatar\u00eb t\u00eb saj, e sidomos t\u00eb rinj, kan\u00eb migruar nga fshati.<\/p>\n<p>\u201cIkin t\u00eb gjith\u00eb n\u00eb Gjermani, n\u00eb Angli, n\u00eb Itali&#8230; Kemi mbetur vet\u00ebm pleq\u201d, thot\u00eb Biljana p\u00ebr Radion Evropa e Lir\u00eb.<\/p>\n<p>Mungesa e vendeve t\u00eb pun\u00ebs, por edhe pozita e izoluar e fshatit jan\u00eb, sipas saj, arsyet kryesore t\u00eb migrimit t\u00eb banor\u00ebve me etni kryesisht gorane.<\/p>\n<p>Sipas Bashk\u00ebsis\u00eb s\u00eb Kuk\u00ebsit nga ky fshat kan\u00eb migruar rreth 300 banor\u00eb.<\/p>\n<p>N\u00eb gjith\u00eb Shqip\u00ebrin\u00eb, vet\u00ebm gjat\u00eb k\u00ebtij viti kan\u00eb migruar af\u00ebr 14 mij\u00eb qytetar\u00eb n\u00eb form\u00eb legale, tregojn\u00eb t\u00eb dh\u00ebnat zyrtare.<\/p>\n<p>Fshati malor i Borjes me rreth 900 banor\u00eb gjendet rreth 2 kilometra larg kufirit me Kosov\u00ebn, nd\u00ebrsa qytetin m\u00eb t\u00eb af\u00ebrt t\u00eb Shqip\u00ebris\u00eb, Kuk\u00ebsin, e ka rreth 30 kilometra larg.<\/p>\n<div class=\"fa-container fa-container--full\">\n<div class=\"wsw__embed wsw__embed--fullwidth\">\n<figure class=\"media-image js-media-expand js-media-expand--ready\">\n<div class=\"img-wrap\">\n<div class=\"thumb\"><img decoding=\"async\" class=\" enhanced\" src=\"https:\/\/gdb.rferl.org\/01000000-0a00-0242-96dc-08dc0627d0fa_w1597_r1_s.jpg\" alt=\"Nj\u00eb banore e fshatit Borje duke dal\u00eb nga ahuri i bag\u00ebtive.\" \/><\/div>\n<\/div><figcaption><span class=\"caption\">Nj\u00eb banore e fshatit Borje duke dal\u00eb nga ahuri i bag\u00ebtive.<\/span><\/figcaption><\/figure>\n<\/div>\n<\/div>\n<div class=\"fa-container\">\n<p>\u201cRruga p\u00ebr n\u00eb Kuk\u00ebs \u00ebsht\u00eb skandal\u201d, tregon Biljana, duke p\u00ebrshkruar rrug\u00ebn e pashtruar q\u00eb, sipas saj, do rreth nj\u00eb or\u00eb koh\u00eb p\u00ebr ta p\u00ebrshkuar me vetur\u00eb.<\/p>\n<p>K\u00ebshtu, banor\u00ebt e k\u00ebtij fshati varen kryesisht nga Kosova, si p\u00ebr pazare, ashtu edhe p\u00ebr sh\u00ebrbime t\u00eb tjera.<\/p>\n<p>Destinacion m\u00eb i shpesht\u00eb i borjan\u00ebve \u00ebsht\u00eb Dragashi &#8211; qytet n\u00eb jug t\u00eb Kosov\u00ebs.<\/p>\n<p>Disa nga ta p\u00ebrdorin vetura private, t\u00eb tjer\u00eb p\u00ebrdorin minibus\u00eb t\u00eb bashk\u00ebfshatar\u00ebve q\u00eb nisen \u00e7do dit\u00eb nga Borja rreth or\u00ebs 6 t\u00eb m\u00ebngjesit.<\/p>\n<\/div>\n<div class=\"fa-container\">\n<div class=\"wsw__embed\">\n<figure class=\"media-image js-media-expand js-media-expand--ready\">\n<div class=\"img-wrap\">\n<div class=\"thumb\"><img decoding=\"async\" class=\" enhanced\" src=\"https:\/\/gdb.rferl.org\/01000000-0a00-0242-2ca1-08dc062af220_w650_r1_s.png\" alt=\"Distanca nga Borja deri n\u00eb Kuk\u00ebs.\" \/><\/div>\n<\/div><figcaption><span class=\"caption\">Distanca nga Borja deri n\u00eb Kuk\u00ebs.<\/span><\/figcaption><\/figure>\n<\/div>\n<\/div>\n<div class=\"fa-container\">\n<p>Pika kufitare mes Kosov\u00ebs e Shqip\u00ebris\u00eb n\u00eb k\u00ebt\u00eb fshat u hap n\u00eb vitin 2009.<\/p>\n<p>Ajo sh\u00ebrben vet\u00ebm p\u00ebr kalimin e banor\u00ebve lokal\u00eb n\u00eb t\u00eb dyja an\u00ebt e kufirit &#8211; n\u00eb nj\u00eb distanc\u00eb prej 15 kilometrash nga pika kufitare.<\/p>\n<p>Aty nuk \u00ebsht\u00eb parapar\u00eb t\u00eb qarkullojn\u00eb mallra n\u00eb vler\u00eb t\u00eb madhe.<\/p>\n<\/div>\n<div class=\"fa-container fa-container--jumbo\">\n<div class=\"wsw__embed wsw__embed--jumbo\">\n<figure class=\"media-image js-media-expand js-media-expand--ready\">\n<div class=\"img-wrap\">\n<div class=\"thumb\"><img decoding=\"async\" class=\" enhanced\" src=\"https:\/\/gdb.rferl.org\/01000000-0aff-0242-dd38-08dc0627ed23_w1023_r1_s.jpg\" alt=\"Texhbid Behluli, pronar i nj\u00eb shitoreje n\u00eb fshatin Borje t\u00eb Shqip\u00ebris\u00eb.\" \/><\/div>\n<\/div><figcaption><span class=\"caption\">Texhbid Behluli, pronar i nj\u00eb shitoreje n\u00eb fshatin Borje t\u00eb Shqip\u00ebris\u00eb.<\/span><\/figcaption><\/figure>\n<\/div>\n<\/div>\n<div class=\"fa-container\">\n<p>Kjo i shkakton probleme Texhbid Behlulit, pronar i nj\u00eb shitoreje n\u00eb fshat q\u00eb shet shum\u00eb lloje t\u00eb mallrave &#8211; nga turshit\u00eb deri te veglat p\u00ebr pun\u00eb.<\/p>\n<p>\u201c[Djali], tani \u00ebsht\u00eb n\u00eb Kuk\u00ebs, ka shkuar, do t\u00eb furnizohet me mall&#8230; [Ndonj\u00ebher\u00eb furnizohet] edhe pak k\u00ebtej nga Kosova. Nganj\u00ebher\u00eb i b\u00ebjn\u00eb [probleme], pse t\u00eb furnizohesh e andej-k\u00ebtej\u201d, thot\u00eb Texhbidi p\u00ebr Radion Evropa e Lir\u00eb.<\/p>\n<p>Ky 85-vje\u00e7ar thot\u00eb se e siguron disi jetes\u00ebn me k\u00ebt\u00eb biznes, por se puna po i pak\u00ebsohet gjithnj\u00eb e m\u00eb shum\u00eb.<\/p>\n<p>Megjithat\u00eb, banor\u00ebt e qendr\u00ebs q\u00eb kan\u00eb biznese, thon\u00eb se jan\u00eb me fat q\u00eb nuk varen vet\u00ebm nga bujq\u00ebsia, me t\u00eb cil\u00ebn merret nj\u00eb pjes\u00eb e banor\u00ebve t\u00eb fshatit, m\u00eb larg nga qendra.<\/p>\n<\/div>\n<div class=\"fa-container fa-container--jumbo\">\n<div class=\"wsw__embed wsw__embed--jumbo\">\n<figure class=\"media-image js-media-expand js-media-expand--ready\">\n<div class=\"img-wrap\">\n<div class=\"thumb\"><img decoding=\"async\" class=\" enhanced\" src=\"https:\/\/gdb.rferl.org\/01000000-0aff-0242-d1fc-08dc0628ce0f_w1023_r1_s.jpg\" alt=\"Sadet Aliaj, banor i Borjes n\u00eb Shqip\u00ebri.\" \/><\/div>\n<\/div><figcaption><span class=\"caption\">Sadet Aliaj, banor i Borjes n\u00eb Shqip\u00ebri.<\/span><\/figcaption><\/figure>\n<\/div>\n<\/div>\n<div class=\"fa-container\">\n<p>P\u00ebrpjet\u00eb n\u00eb fshat pak\u00ebsohen rrug\u00ebt me gur\u00eb dhe shtohen sht\u00ebpit\u00eb e nd\u00ebrtuara me k\u00ebt\u00eb material.<\/p>\n<p>Nj\u00eb t\u00eb till\u00eb e ka edhe Sadet Aliaj, i cili po e nxirrte jasht\u00eb oborrit kalin e tij ngjyr\u00eb kafeje.<\/p>\n<p>\u201cMe [kalin] l\u00ebroj, punoj, bart dru, pleh&#8230; T\u00eb gjitha i b\u00ebn ky\u201d, thot\u00eb Sadeti.<\/p>\n<p>Bag\u00ebti, e sidomos kuaj e mushka, mund t\u00eb shihen gjithkund n\u00ebp\u00ebr rrug\u00ebt e Borjes.<\/p>\n<p>Ve\u00e7 tjerash, ato bartin edhe t\u00eb mbjellat e fshatar\u00ebve, q\u00eb kryesisht jan\u00eb patatet.<\/p>\n<p>Por, gjat\u00eb ver\u00ebs, kultivojn\u00eb edhe lule e bim\u00eb aromatike, t\u00eb cilat m\u00eb pas i shesin n\u00eb Kosov\u00eb.<\/p>\n<\/div>\n<div class=\"fa-container fa-container--full\">\n<div class=\"wsw__embed wsw__embed--fullwidth\">\n<figure class=\"media-image js-media-expand js-media-expand--ready\">\n<div class=\"img-wrap\">\n<div class=\"thumb\"><img decoding=\"async\" class=\" enhanced\" src=\"https:\/\/gdb.rferl.org\/01000000-0aff-0242-dca1-08dc0628f2fe_w1597_r1_s.jpg\" alt=\"Banor i fshatit Borje duke bartur patate me kalin e tij.\" \/><\/div>\n<\/div><figcaption><span class=\"caption\">Banor i fshatit Borje duke bartur patate me kalin e tij.<\/span><\/figcaption><\/figure>\n<\/div>\n<\/div>\n<div class=\"fa-container\">\n<p>Nga patatja q\u00eb e mbjell \u00e7do vit, Shate Palinci thot\u00eb se sivjet nuk pati shum\u00eb fitim.<\/p>\n<p>\u201cPak kemi sivjet, i ka ngr\u00ebn\u00eb derri i eg\u00ebr\u201d, ankohet ajo, duke i p\u00ebrgatitur disa nga patatet e vogla p\u00ebr t\u2019ua dh\u00ebn\u00eb bag\u00ebtive.<\/p>\n<p>Kjo 40-vje\u00e7are ka tre f\u00ebmij\u00eb, p\u00ebrfshir\u00eb nj\u00eb vajz\u00eb 15 vje\u00e7e t\u00eb martuar.<\/p>\n<\/div>\n<div class=\"fa-container\">\n<div class=\"wsw__embed\">\n<figure class=\"media-image js-media-expand js-media-expand--ready\">\n<div class=\"img-wrap\">\n<div class=\"thumb\"><img decoding=\"async\" class=\" enhanced\" src=\"https:\/\/gdb.rferl.org\/01000000-c0a8-0242-057d-08dc0c4adcff_w650_r1_s.png\" alt=\"Distanca nga Borja deri n\u00eb Dragash.\" \/><\/div>\n<\/div><figcaption><span class=\"caption\">Distanca nga Borja deri n\u00eb Dragash.<\/span><\/figcaption><\/figure>\n<\/div>\n<\/div>\n<div class=\"fa-container\">\n<p>Burri dhe djali i saj i madh, 20-vje\u00e7ar, shkojn\u00eb shpesh n\u00eb Kosov\u00eb p\u00ebr t\u2019i shitur produktet e tyre bujq\u00ebsore, por edhe p\u00ebr t\u00eb b\u00ebr\u00eb ndonj\u00eb pun\u00eb tjet\u00ebr t\u00eb p\u00ebrkohshme.<\/p>\n<p>Shatja ka frik\u00eb p\u00ebr ndonj\u00eb mbyllje eventuale t\u00eb kufirit me Kosov\u00ebn, sikur kishte ndodhur p\u00ebr disa muaj gjat\u00eb pandemis\u00eb COVID-19.<\/p>\n<p>\u201cGjat\u00eb koron\u00ebs [pandemis\u00eb], kemi qen\u00eb t\u00eb gjith\u00eb t\u00eb mbyllur. As n\u00eb Kuk\u00ebs, as kurrkund. Vet\u00ebm n\u00eb sht\u00ebpi&#8230; \u00e7far\u00eb kemi pasur, kemi ngr\u00ebn\u00eb. Nuk ka m\u00eb v\u00ebshtir\u00eb\u201d, kujton Shatja.<\/p>\n<\/div>\n<div class=\"fa-container fa-container--full\">\n<div class=\"wsw__embed wsw__embed--fullwidth\">\n<figure class=\"media-image js-media-expand js-media-expand--ready\">\n<div class=\"img-wrap\">\n<div class=\"thumb\"><img decoding=\"async\" class=\" enhanced\" src=\"https:\/\/gdb.rferl.org\/01000000-0aff-0242-1cd0-08dc062941e5_w1597_r1_s.jpg\" alt=\"Pamje nga lart e fshatit Borje n\u00eb Shqip\u00ebri.\" \/><\/div>\n<\/div><figcaption><span class=\"caption\">Pamje nga lart e fshatit Borje n\u00eb Shqip\u00ebri.<\/span><\/figcaption><\/figure>\n<\/div>\n<\/div>\n<div class=\"fa-container\">\n<p>Tjet\u00ebr hall p\u00ebr t\u00eb \u00ebsht\u00eb mungesa e nj\u00eb spitali t\u00eb af\u00ebrt n\u00eb Shqip\u00ebri.<\/p>\n<p>\u201c[N\u00eb Borje] s\u00ebmuresh e nuk vjen askush t\u00eb t\u00eb b\u00ebj\u00eb gjilp\u00ebr\u00eb [injeksion], as t\u00eb t\u00eb shikoj\u00eb\u201d, thot\u00eb Shatja.<\/p>\n<p>Edhe p\u00ebr sh\u00ebrbime sh\u00ebndet\u00ebsore, ajo thot\u00eb se banor\u00ebt e fshatit shkojn\u00eb kryesisht n\u00eb Kosov\u00eb.<\/p>\n<p>\u201cP\u00ebr dh\u00ebmb\u00eb e p\u00ebr t\u00eb gjitha&#8230; n\u00ebse kemi di\u00e7ka, shkojm\u00eb n\u00eb Kosov\u00eb\u201d, thot\u00eb ajo.<\/p>\n<p>Nga Qendra e Mjek\u00ebsis\u00eb Familjare n\u00eb Dragash thon\u00eb p\u00ebr Radion Evropa e Lir\u00eb se, \u00e7do dit\u00eb, presin dhjet\u00ebra pacient\u00eb nga Borja dhe zona t\u00eb tjera kufitare t\u00eb Shqip\u00ebris\u00eb.<\/p>\n<\/div>\n<div class=\"fa-container\">\n<div class=\"wsw__embed\">\n<figure class=\"media-image js-media-expand js-media-expand--ready\">\n<div class=\"img-wrap\">\n<div class=\"thumb\"><img decoding=\"async\" class=\" enhanced\" src=\"https:\/\/gdb.rferl.org\/01000000-0aff-0242-cd08-08dc062aba7a_w650_r1_s.jpg\" alt=\"Nj\u00eb burr\u00eb dhe grua n\u00eb mosh\u00eb teksa ecin rrug\u00ebve t\u00eb fshatit Borje.\" \/><\/div>\n<\/div><figcaption><span class=\"caption\">Nj\u00eb burr\u00eb dhe grua n\u00eb mosh\u00eb teksa ecin rrug\u00ebve t\u00eb fshatit Borje.<\/span><\/figcaption><\/figure>\n<\/div>\n<\/div>\n<div class=\"fa-container\">\n<p>Kur mbetet e vetme n\u00eb sht\u00ebpi, Shatja llogarit edhe n\u00eb ndihm\u00ebn e djalit t\u00eb saj 9-vje\u00e7ar p\u00ebr pun\u00ebt me bag\u00ebtit\u00eb.<\/p>\n<p>Por, me r\u00ebnien e bor\u00ebs, ajo thot\u00eb se djali ka d\u00ebshir\u00eb edhe t\u00eb rr\u00ebshqas\u00eb me shok\u00ebt, pasi kryen orarin e m\u00ebsimit n\u00eb shkoll\u00ebn q\u00eb gjendet m\u00eb af\u00ebr qendr\u00ebs s\u00eb fshatit.<\/p>\n<p>Nga kodra lart ku banon, ajo e pret dhe e p\u00ebrcjell me sy djalin teksa ngjitet rrug\u00ebve q\u00eb kan\u00eb nisur t\u00eb b\u00ebhen v\u00ebshtir\u00eb t\u00eb kalueshme nga bora dhe balta.<\/p>\n<\/div>\n<div class=\"fa-container fa-container--full\">\n<div class=\"wsw__embed wsw__embed--fullwidth\">\n<figure class=\"media-image js-media-expand js-media-expand--ready\">\n<div class=\"img-wrap\">\n<div class=\"thumb\"><img decoding=\"async\" class=\" enhanced\" src=\"https:\/\/gdb.rferl.org\/01000000-0aff-0242-e30e-08dc0629ed31_w1597_r1_s.jpg\" alt=\"F\u00ebmij\u00eb t\u00eb fshatit Borje duke rr\u00ebshqitur af\u00ebr shkoll\u00ebs n\u00eb fshatin Borje.\" \/><\/div>\n<\/div><figcaption><span class=\"caption\">F\u00ebmij\u00eb t\u00eb fshatit Borje duke rr\u00ebshqitur af\u00ebr shkoll\u00ebs n\u00eb fshatin Borje.<\/span><\/figcaption><\/figure>\n<\/div>\n<\/div>\n<div class=\"fa-container\">\n<p>Borja, aktualisht, ka vet\u00ebm shkoll\u00ebn fillore 9-vje\u00e7are, nd\u00ebrsa p\u00ebr t\u00eb kryer shkoll\u00ebn e mesme, nx\u00ebn\u00ebsit duhet t\u00eb shkojn\u00eb n\u00eb fshatin Shishtavec, rreth 11 kilometra larg.<\/p>\n<p>Shkolla \u201cXhafer Ollomani\u201d n\u00eb Borje, sipas t\u00eb dh\u00ebnave publike ka rreth 100 nx\u00ebn\u00ebs.<\/p>\n<p>Banor\u00ebt thon\u00eb se jan\u00eb ankuar disa her\u00eb te Komuna e Kuk\u00ebsit p\u00ebr munges\u00eb t\u00eb infrastruktur\u00ebs, por deri m\u00eb tani pa rezultat.<\/p>\n<p>\u201cP\u00ebr vota [vijn\u00eb], por rruga zero\u201d, thot\u00eb Biljana. \u201cPo t\u00eb mos ishte Kosova, Borja do t\u00eb kishte ngordhur\u201d, thot\u00eb ajo.<\/p>\n<\/div>\n<div class=\"fa-container fa-container--jumbo\">\n<div class=\"wsw__embed wsw__embed--jumbo\">\n<figure class=\"media-image js-media-expand js-media-expand--ready\">\n<div class=\"img-wrap\">\n<div class=\"thumb\"><img decoding=\"async\" class=\" enhanced\" src=\"https:\/\/gdb.rferl.org\/01000000-0aff-0242-79db-08dc062a8d68_w1023_r1_s.jpg\" alt=\"Banore e fshatit Borje.\" \/><\/div>\n<\/div><figcaption><span class=\"caption\">Banore e fshatit Borje.<\/span><\/figcaption><\/figure>\n<\/div>\n<\/div>\n<div class=\"fa-container\">\n<p>Bashkia e Kuk\u00ebsit n\u00eb Shqip\u00ebri ka th\u00ebn\u00eb se arsyeja pse nuk \u00ebsht\u00eb e asfaltuar rruga Borje-Kuk\u00ebs \u00ebsht\u00eb p\u00ebr shkak t\u00eb munges\u00ebs s\u00eb fondeve.<\/p>\n<p>&#8220;Rruga nuk \u00ebsht\u00eb shtruar p\u00ebr shkak t\u00eb munges\u00ebs s\u00eb fondeve ku pjesa m\u00eb e madhe e fshatrave t\u00eb Kuk\u00ebsit jan\u00eb rrug\u00eb rurale&#8221;, thuhet n\u00eb p\u00ebrgjigjen dh\u00ebn\u00eb Radios Evropa e Lir\u00eb.\/REL<\/p>\n<p><iframe loading=\"lazy\" src=\"https:\/\/www.evropaelire.org\/embed\/player\/0\/32748024.html?type=video\" width=\"640\" height=\"360\" frameborder=\"0\" scrolling=\"no\" allowfullscreen=\"allowfullscreen\"><\/iframe><\/p>\n<\/div>\n<\/div>\n<div class=\"fa-container fa-container--full\">\n<div class=\"wsw__embed wsw__embed--fullwidth\">\n<figure class=\"media-image js-media-expand js-media-expand--ready\">\n<div class=\"img-wrap\"><\/div>\n<\/figure>\n<\/div>\n<\/div>\n","protected":false},"excerpt":{"rendered":"<p>Uji q\u00eb rrjedh n\u00eb kanalin n\u00eb an\u00eb t\u00eb rrug\u00ebs prish qet\u00ebsin\u00eb e m\u00ebngjesit n\u00eb fshatin Borje, n\u00eb veri t\u00eb Shqip\u00ebris\u00eb. Nj\u00eb kafene e vog\u00ebl n\u00eb qend\u00ebr t\u00eb tij ishte pothuajse e zbraz\u00ebt n\u00eb nj\u00eb paradite t\u00eb fund-dhjetorit. Ka dhjet\u00eb vjet q\u00eb Biljana Jonuzi e ka hapur at\u00eb bashk\u00eb me bashk\u00ebshortin. \u201cPak kemi pun\u00eb se nuk [&hellip;]<\/p>\n","protected":false},"author":2,"featured_media":41267,"comment_status":"closed","ping_status":"closed","sticky":false,"template":"","format":"standard","meta":{"_monsterinsights_skip_tracking":false,"_monsterinsights_sitenote_active":false,"_monsterinsights_sitenote_note":"","_monsterinsights_sitenote_category":0,"_uf_show_specific_survey":0,"_uf_disable_surveys":false,"footnotes":""},"categories":[15],"tags":[1640],"yoast_head":"<!-- This site is optimized with the Yoast SEO plugin v21.5 - https:\/\/yoast.com\/wordpress\/plugins\/seo\/ -->\n<title>Me sy nga Kosova: Jeta n\u00eb fshatin Borje t\u00eb Shqip\u00ebris\u00eb<\/title>\n<meta name=\"robots\" content=\"index, follow, max-snippet:-1, max-image-preview:large, max-video-preview:-1\" \/>\n<link rel=\"canonical\" href=\"https:\/\/permbledhja.com\/sq\/me-sy-nga-kosova-jeta-ne-fshatin-borje-te-shqiperise\/\" \/>\n<meta property=\"og:locale\" content=\"sq_AL\" \/>\n<meta property=\"og:type\" content=\"article\" \/>\n<meta property=\"og:title\" content=\"Me sy nga Kosova: Jeta n\u00eb fshatin Borje t\u00eb Shqip\u00ebris\u00eb\" \/>\n<meta property=\"og:description\" content=\"Uji q\u00eb rrjedh n\u00eb kanalin n\u00eb an\u00eb t\u00eb rrug\u00ebs prish qet\u00ebsin\u00eb e m\u00ebngjesit n\u00eb fshatin Borje, n\u00eb veri t\u00eb Shqip\u00ebris\u00eb. Nj\u00eb kafene e vog\u00ebl n\u00eb qend\u00ebr t\u00eb tij ishte pothuajse e zbraz\u00ebt n\u00eb nj\u00eb paradite t\u00eb fund-dhjetorit. Ka dhjet\u00eb vjet q\u00eb Biljana Jonuzi e ka hapur at\u00eb bashk\u00eb me bashk\u00ebshortin. \u201cPak kemi pun\u00eb se nuk [&hellip;]\" \/>\n<meta property=\"og:url\" content=\"https:\/\/permbledhja.com\/sq\/me-sy-nga-kosova-jeta-ne-fshatin-borje-te-shqiperise\/\" \/>\n<meta property=\"og:site_name\" content=\"Ve\u00e7 artikuj p\u00ebrmbledh\u00ebs\" \/>\n<meta property=\"article:publisher\" content=\"https:\/\/www.facebook.com\/press07\/\" \/>\n<meta property=\"article:published_time\" content=\"2024-01-03T11:17:40+00:00\" \/>\n<meta property=\"og:image\" content=\"https:\/\/permbledhja.com\/wp-content\/uploads\/2024\/01\/Capture-2.jpg\" \/>\n\t<meta property=\"og:image:width\" content=\"1177\" \/>\n\t<meta property=\"og:image:height\" content=\"707\" \/>\n\t<meta property=\"og:image:type\" content=\"image\/jpeg\" \/>\n<meta name=\"author\" content=\"M M\" \/>\n<meta name=\"twitter:card\" content=\"summary_large_image\" \/>\n<meta name=\"twitter:label1\" content=\"Written by\" \/>\n\t<meta name=\"twitter:data1\" content=\"M M\" \/>\n\t<meta name=\"twitter:label2\" content=\"Est. reading time\" \/>\n\t<meta name=\"twitter:data2\" content=\"8 minuta\" \/>\n<script type=\"application\/ld+json\" class=\"yoast-schema-graph\">{\"@context\":\"https:\/\/schema.org\",\"@graph\":[{\"@type\":\"Article\",\"@id\":\"https:\/\/permbledhja.com\/me-sy-nga-kosova-jeta-ne-fshatin-borje-te-shqiperise\/#article\",\"isPartOf\":{\"@id\":\"https:\/\/permbledhja.com\/me-sy-nga-kosova-jeta-ne-fshatin-borje-te-shqiperise\/\"},\"author\":{\"name\":\"M M\",\"@id\":\"https:\/\/permbledhja.com\/#\/schema\/person\/d23f13f59b5722643933d6780783acf3\"},\"headline\":\"Me sy nga Kosova: Jeta n\u00eb fshatin Borje t\u00eb Shqip\u00ebris\u00eb\",\"datePublished\":\"2024-01-03T11:17:40+00:00\",\"dateModified\":\"2024-01-03T11:17:40+00:00\",\"mainEntityOfPage\":{\"@id\":\"https:\/\/permbledhja.com\/me-sy-nga-kosova-jeta-ne-fshatin-borje-te-shqiperise\/\"},\"wordCount\":1259,\"publisher\":{\"@id\":\"https:\/\/permbledhja.com\/#organization\"},\"keywords\":[\"Fshati\"],\"articleSection\":[\"Lajme\"],\"inLanguage\":\"sq\"},{\"@type\":\"WebPage\",\"@id\":\"https:\/\/permbledhja.com\/me-sy-nga-kosova-jeta-ne-fshatin-borje-te-shqiperise\/\",\"url\":\"https:\/\/permbledhja.com\/me-sy-nga-kosova-jeta-ne-fshatin-borje-te-shqiperise\/\",\"name\":\"Me sy nga Kosova: Jeta n\u00eb fshatin Borje t\u00eb Shqip\u00ebris\u00eb\",\"isPartOf\":{\"@id\":\"https:\/\/permbledhja.com\/#website\"},\"datePublished\":\"2024-01-03T11:17:40+00:00\",\"dateModified\":\"2024-01-03T11:17:40+00:00\",\"breadcrumb\":{\"@id\":\"https:\/\/permbledhja.com\/me-sy-nga-kosova-jeta-ne-fshatin-borje-te-shqiperise\/#breadcrumb\"},\"inLanguage\":\"sq\",\"potentialAction\":[{\"@type\":\"ReadAction\",\"target\":[\"https:\/\/permbledhja.com\/me-sy-nga-kosova-jeta-ne-fshatin-borje-te-shqiperise\/\"]}]},{\"@type\":\"BreadcrumbList\",\"@id\":\"https:\/\/permbledhja.com\/me-sy-nga-kosova-jeta-ne-fshatin-borje-te-shqiperise\/#breadcrumb\",\"itemListElement\":[{\"@type\":\"ListItem\",\"position\":1,\"name\":\"Ballina\",\"item\":\"https:\/\/permbledhja.com\/sq\/\"},{\"@type\":\"ListItem\",\"position\":2,\"name\":\"Me sy nga Kosova: Jeta n\u00eb fshatin Borje t\u00eb Shqip\u00ebris\u00eb\"}]},{\"@type\":\"WebSite\",\"@id\":\"https:\/\/permbledhja.com\/#website\",\"url\":\"https:\/\/permbledhja.com\/\",\"name\":\"Ve\u00e7 artikuj p\u00ebrmbledh\u00ebs\",\"description\":\"\",\"publisher\":{\"@id\":\"https:\/\/permbledhja.com\/#organization\"},\"potentialAction\":[{\"@type\":\"SearchAction\",\"target\":{\"@type\":\"EntryPoint\",\"urlTemplate\":\"https:\/\/permbledhja.com\/?s={search_term_string}\"},\"query-input\":\"required name=search_term_string\"}],\"inLanguage\":\"sq\"},{\"@type\":\"Organization\",\"@id\":\"https:\/\/permbledhja.com\/#organization\",\"name\":\"MK Media & Pr\",\"url\":\"https:\/\/permbledhja.com\/\",\"logo\":{\"@type\":\"ImageObject\",\"inLanguage\":\"sq\",\"@id\":\"https:\/\/permbledhja.com\/#\/schema\/logo\/image\/\",\"url\":\"https:\/\/permbledhja.com\/wp-content\/uploads\/2021\/12\/07-Press-Logo.jpg\",\"contentUrl\":\"https:\/\/permbledhja.com\/wp-content\/uploads\/2021\/12\/07-Press-Logo.jpg\",\"width\":512,\"height\":512,\"caption\":\"MK Media & Pr\"},\"image\":{\"@id\":\"https:\/\/permbledhja.com\/#\/schema\/logo\/image\/\"},\"sameAs\":[\"https:\/\/www.facebook.com\/press07\/\"]},{\"@type\":\"Person\",\"@id\":\"https:\/\/permbledhja.com\/#\/schema\/person\/d23f13f59b5722643933d6780783acf3\",\"name\":\"M M\",\"image\":{\"@type\":\"ImageObject\",\"inLanguage\":\"sq\",\"@id\":\"https:\/\/permbledhja.com\/#\/schema\/person\/image\/\",\"url\":\"https:\/\/secure.gravatar.com\/avatar\/e2835a76ca7c31a2416b2d51c4ec9a8f?s=96&d=mm&r=g\",\"contentUrl\":\"https:\/\/secure.gravatar.com\/avatar\/e2835a76ca7c31a2416b2d51c4ec9a8f?s=96&d=mm&r=g\",\"caption\":\"M M\"},\"sameAs\":[\"http:\/\/MM\"],\"url\":\"https:\/\/permbledhja.com\/sq\/author\/muhamet\/\"}]}<\/script>\n<!-- \/ Yoast SEO plugin. -->","yoast_head_json":{"title":"Me sy nga Kosova: Jeta n\u00eb fshatin Borje t\u00eb Shqip\u00ebris\u00eb","robots":{"index":"index","follow":"follow","max-snippet":"max-snippet:-1","max-image-preview":"max-image-preview:large","max-video-preview":"max-video-preview:-1"},"canonical":"https:\/\/permbledhja.com\/sq\/me-sy-nga-kosova-jeta-ne-fshatin-borje-te-shqiperise\/","og_locale":"sq_AL","og_type":"article","og_title":"Me sy nga Kosova: Jeta n\u00eb fshatin Borje t\u00eb Shqip\u00ebris\u00eb","og_description":"Uji q\u00eb rrjedh n\u00eb kanalin n\u00eb an\u00eb t\u00eb rrug\u00ebs prish qet\u00ebsin\u00eb e m\u00ebngjesit n\u00eb fshatin Borje, n\u00eb veri t\u00eb Shqip\u00ebris\u00eb. Nj\u00eb kafene e vog\u00ebl n\u00eb qend\u00ebr t\u00eb tij ishte pothuajse e zbraz\u00ebt n\u00eb nj\u00eb paradite t\u00eb fund-dhjetorit. Ka dhjet\u00eb vjet q\u00eb Biljana Jonuzi e ka hapur at\u00eb bashk\u00eb me bashk\u00ebshortin. \u201cPak kemi pun\u00eb se nuk [&hellip;]","og_url":"https:\/\/permbledhja.com\/sq\/me-sy-nga-kosova-jeta-ne-fshatin-borje-te-shqiperise\/","og_site_name":"Ve\u00e7 artikuj p\u00ebrmbledh\u00ebs","article_publisher":"https:\/\/www.facebook.com\/press07\/","article_published_time":"2024-01-03T11:17:40+00:00","og_image":[{"width":1177,"height":707,"url":"https:\/\/permbledhja.com\/wp-content\/uploads\/2024\/01\/Capture-2.jpg","type":"image\/jpeg"}],"author":"M M","twitter_card":"summary_large_image","twitter_misc":{"Written by":"M M","Est. reading time":"8 minuta"},"schema":{"@context":"https:\/\/schema.org","@graph":[{"@type":"Article","@id":"https:\/\/permbledhja.com\/me-sy-nga-kosova-jeta-ne-fshatin-borje-te-shqiperise\/#article","isPartOf":{"@id":"https:\/\/permbledhja.com\/me-sy-nga-kosova-jeta-ne-fshatin-borje-te-shqiperise\/"},"author":{"name":"M M","@id":"https:\/\/permbledhja.com\/#\/schema\/person\/d23f13f59b5722643933d6780783acf3"},"headline":"Me sy nga Kosova: Jeta n\u00eb fshatin Borje t\u00eb Shqip\u00ebris\u00eb","datePublished":"2024-01-03T11:17:40+00:00","dateModified":"2024-01-03T11:17:40+00:00","mainEntityOfPage":{"@id":"https:\/\/permbledhja.com\/me-sy-nga-kosova-jeta-ne-fshatin-borje-te-shqiperise\/"},"wordCount":1259,"publisher":{"@id":"https:\/\/permbledhja.com\/#organization"},"keywords":["Fshati"],"articleSection":["Lajme"],"inLanguage":"sq"},{"@type":"WebPage","@id":"https:\/\/permbledhja.com\/me-sy-nga-kosova-jeta-ne-fshatin-borje-te-shqiperise\/","url":"https:\/\/permbledhja.com\/me-sy-nga-kosova-jeta-ne-fshatin-borje-te-shqiperise\/","name":"Me sy nga Kosova: Jeta n\u00eb fshatin Borje t\u00eb Shqip\u00ebris\u00eb","isPartOf":{"@id":"https:\/\/permbledhja.com\/#website"},"datePublished":"2024-01-03T11:17:40+00:00","dateModified":"2024-01-03T11:17:40+00:00","breadcrumb":{"@id":"https:\/\/permbledhja.com\/me-sy-nga-kosova-jeta-ne-fshatin-borje-te-shqiperise\/#breadcrumb"},"inLanguage":"sq","potentialAction":[{"@type":"ReadAction","target":["https:\/\/permbledhja.com\/me-sy-nga-kosova-jeta-ne-fshatin-borje-te-shqiperise\/"]}]},{"@type":"BreadcrumbList","@id":"https:\/\/permbledhja.com\/me-sy-nga-kosova-jeta-ne-fshatin-borje-te-shqiperise\/#breadcrumb","itemListElement":[{"@type":"ListItem","position":1,"name":"Ballina","item":"https:\/\/permbledhja.com\/sq\/"},{"@type":"ListItem","position":2,"name":"Me sy nga Kosova: Jeta n\u00eb fshatin Borje t\u00eb Shqip\u00ebris\u00eb"}]},{"@type":"WebSite","@id":"https:\/\/permbledhja.com\/#website","url":"https:\/\/permbledhja.com\/","name":"Ve\u00e7 artikuj p\u00ebrmbledh\u00ebs","description":"","publisher":{"@id":"https:\/\/permbledhja.com\/#organization"},"potentialAction":[{"@type":"SearchAction","target":{"@type":"EntryPoint","urlTemplate":"https:\/\/permbledhja.com\/?s={search_term_string}"},"query-input":"required name=search_term_string"}],"inLanguage":"sq"},{"@type":"Organization","@id":"https:\/\/permbledhja.com\/#organization","name":"MK Media & Pr","url":"https:\/\/permbledhja.com\/","logo":{"@type":"ImageObject","inLanguage":"sq","@id":"https:\/\/permbledhja.com\/#\/schema\/logo\/image\/","url":"https:\/\/permbledhja.com\/wp-content\/uploads\/2021\/12\/07-Press-Logo.jpg","contentUrl":"https:\/\/permbledhja.com\/wp-content\/uploads\/2021\/12\/07-Press-Logo.jpg","width":512,"height":512,"caption":"MK Media & Pr"},"image":{"@id":"https:\/\/permbledhja.com\/#\/schema\/logo\/image\/"},"sameAs":["https:\/\/www.facebook.com\/press07\/"]},{"@type":"Person","@id":"https:\/\/permbledhja.com\/#\/schema\/person\/d23f13f59b5722643933d6780783acf3","name":"M M","image":{"@type":"ImageObject","inLanguage":"sq","@id":"https:\/\/permbledhja.com\/#\/schema\/person\/image\/","url":"https:\/\/secure.gravatar.com\/avatar\/e2835a76ca7c31a2416b2d51c4ec9a8f?s=96&d=mm&r=g","contentUrl":"https:\/\/secure.gravatar.com\/avatar\/e2835a76ca7c31a2416b2d51c4ec9a8f?s=96&d=mm&r=g","caption":"M M"},"sameAs":["http:\/\/MM"],"url":"https:\/\/permbledhja.com\/sq\/author\/muhamet\/"}]}},"_links":{"self":[{"href":"https:\/\/permbledhja.com\/sq\/wp-json\/wp\/v2\/posts\/41266"}],"collection":[{"href":"https:\/\/permbledhja.com\/sq\/wp-json\/wp\/v2\/posts"}],"about":[{"href":"https:\/\/permbledhja.com\/sq\/wp-json\/wp\/v2\/types\/post"}],"author":[{"embeddable":true,"href":"https:\/\/permbledhja.com\/sq\/wp-json\/wp\/v2\/users\/2"}],"replies":[{"embeddable":true,"href":"https:\/\/permbledhja.com\/sq\/wp-json\/wp\/v2\/comments?post=41266"}],"version-history":[{"count":1,"href":"https:\/\/permbledhja.com\/sq\/wp-json\/wp\/v2\/posts\/41266\/revisions"}],"predecessor-version":[{"id":41268,"href":"https:\/\/permbledhja.com\/sq\/wp-json\/wp\/v2\/posts\/41266\/revisions\/41268"}],"wp:featuredmedia":[{"embeddable":true,"href":"https:\/\/permbledhja.com\/sq\/wp-json\/wp\/v2\/media\/41267"}],"wp:attachment":[{"href":"https:\/\/permbledhja.com\/sq\/wp-json\/wp\/v2\/media?parent=41266"}],"wp:term":[{"taxonomy":"category","embeddable":true,"href":"https:\/\/permbledhja.com\/sq\/wp-json\/wp\/v2\/categories?post=41266"},{"taxonomy":"post_tag","embeddable":true,"href":"https:\/\/permbledhja.com\/sq\/wp-json\/wp\/v2\/tags?post=41266"}],"curies":[{"name":"wp","href":"https:\/\/api.w.org\/{rel}","templated":true}]}}