{"id":41263,"date":"2024-01-03T10:58:59","date_gmt":"2024-01-03T10:58:59","guid":{"rendered":"https:\/\/permbledhja.com\/?p=41263"},"modified":"2024-01-03T10:58:59","modified_gmt":"2024-01-03T10:58:59","slug":"haxhiu-smund-te-jem-optimiste-se-do-zgjidhet-rasti-dehari-duhet-ndryshuar-ekipa-profesionale","status":"publish","type":"post","link":"https:\/\/permbledhja.com\/sq\/haxhiu-smund-te-jem-optimiste-se-do-zgjidhet-rasti-dehari-duhet-ndryshuar-ekipa-profesionale\/","title":{"rendered":"Haxhiu: S\u2019mund t\u00eb jem optimiste se do zgjidhet rasti Dehari, duhet ndryshuar ekipa profesionale"},"content":{"rendered":"<h3>Ministrja e Drejt\u00ebsis\u00eb, Albulena Haxhiu deklaron se reformat n\u00eb drejt\u00ebsi po kund\u00ebrshtohen nga sistemi i drejt\u00ebsis\u00eb dhe opozita. Aleate t\u00eb Gjykat\u00ebs Kushtetuese, i konsideron partit\u00eb opozitare, p\u00ebr t\u00eb cilat thot\u00eb se po ruajn\u00eb interesat e tyre.<\/h3>\n<p>Sipas saj, konkurset e fundit n\u00eb K\u00ebshillin Prokurorial t\u00eb Kosov\u00ebs shp\u00ebrfaqin pazaret brenda k\u00ebtij sistemi.<\/p>\n<p>N\u00eb intervist\u00ebn p\u00ebr KosovaPress, Haxhiu flet edhe p\u00ebr kund\u00ebrshtimet e disa deputet\u00ebve t\u00eb pushtetit p\u00ebr Kodin Civil. Ajo thot\u00eb se gjat\u00eb vitit do t\u00eb procedohet n\u00eb Kuvend dhe se pret q\u00eb t\u00eb miratohet.<\/p>\n<p>Optimiste nuk \u00ebsht\u00eb edhe p\u00ebr zbardhjen e rastit t\u00eb Astrit Deharit, p\u00ebr \u00e7ka deklaron se vet\u00ebm ekipet profesionale mund ta trajtojn\u00eb k\u00ebt\u00eb rast.<\/p>\n<p>Sistemi i drejt\u00ebsis\u00eb \u00ebsht\u00eb i pavarur vet\u00ebm n\u00eb let\u00ebr, thot\u00eb ministrja e Drejt\u00ebsis\u00eb, Albulena Haxhiu.<\/p>\n<p>Teksa komenton raportet me K\u00ebshillin Prokurorial dhe K\u00ebshillin Gjyq\u00ebsor, ajo konsideron se kjo po ndodh\u00eb p\u00ebr shkak t\u00eb reformave.<\/p>\n<p>\u201cPo vazhdon kjo nga viti n\u00eb vit, un\u00eb besoj q\u00eb k\u00ebshtu do t\u00eb p\u00ebrfundoj mandati im si ministre e Drejt\u00ebsis\u00eb, p\u00ebr faktin se reformat, t\u00eb cilat ne i kemi nisur si Ministri e Drejt\u00ebsis\u00eb, duket q\u00eb p\u00ebr t\u00eb nj\u00ebjtat nuk ka mb\u00ebshtetje nga K\u00ebshilli Gjyq\u00ebsor dhe K\u00ebshilli Prokurorial i Kosov\u00ebs, me theks nga K\u00ebshilli Prokurorial i Kosov\u00ebs. K\u00ebsisoj si me th\u00ebn\u00eb, mendoj q\u00eb t\u00eb gjitha veprimet t\u00eb cilat i kam b\u00ebr\u00eb n\u00eb k\u00ebt\u00eb drejtim, gjegj\u00ebsisht komunikatat kund\u00ebr Ministris\u00eb s\u00eb Drejt\u00ebsis\u00eb apo kund\u00ebr deklarimeve t\u00eb mia apo \u00e7far\u00ebdo tjet\u00ebr q\u00eb ka mundur t\u00eb b\u00ebj\u00eb KPK dhe KGjK kan\u00eb pasur p\u00ebr q\u00ebllim q\u00eb t\u00eb pengojn\u00eb reformat t\u00eb cilat i ka nisur Ministria e Drejt\u00ebsis\u00eb. Un\u00eb e kuptoj q\u00eb ata mund t\u00eb ken\u00eb q\u00ebndrimin e tyre n\u00eb raport me \u00e7\u00ebshtjet, por un\u00eb besoj q\u00eb \u00ebsht\u00eb shum\u00eb e r\u00ebnd\u00ebsishme q\u00eb ata ta kuptojn\u00eb q\u00eb problemi ekziston. Problemi ku kemi munges\u00eb besimi t\u00eb qytetar\u00ebve n\u00eb institucione \u00ebsht\u00eb evident. Problemi ku kemi sistem t\u00eb drejt\u00ebsis\u00eb, i cili konsiderohet i pavarur vet\u00ebm n\u00eb let\u00ebr, po ashtu ekziston\u201d, deklaron Haxhiu p\u00ebr KosovaPress.<\/p>\n<p>Problemet m\u00eb t\u00eb theksuara, si\u00e7 thekson Haxhiu, jan\u00eb brenda sistemit prokurorial t\u00eb Kosov\u00ebs. Ajo konsideron se n\u00eb konkurset e fundit jan\u00eb shp\u00ebrfaqur haptazi pazaret.<\/p>\n<p>\u201cNuk ndodh rrall\u00eb her\u00eb, pra \u00ebsht\u00eb jasht\u00ebzakonisht e shprehur q\u00eb kur hapen konkurse p\u00ebr pozita t\u00eb r\u00ebnd\u00ebsishme brenda sistemit prokurorial dhe po e ve\u00e7oj, n\u00eb ve\u00e7anti po flas p\u00ebr sistemin prokurorial, sepse \u00ebsht\u00eb problemi m\u00eb i theksuar dhe \u00ebsht\u00eb evident dhe pazaret duken sheshit. Kur dihen emrat se kush do t\u00eb jet\u00eb n\u00eb krye t\u00eb institucioneve ende pa u shpallur konkurset. Dhe k\u00ebshtu ka ndodhur edhe me proceset e fundit. Ta z\u00ebm\u00eb ka ndodhur edhe me zgjedhjen e kryeprokurorit t\u00eb shtetit n\u00eb t\u00eb kaluar\u00ebn, ku ishte nj\u00eb proces q\u00eb u kund\u00ebrshtua nga gjithkush q\u00eb e monitoroi k\u00ebt\u00eb sistem dhe m\u00ebnyra se si k\u00ebshilli veproi n\u00eb raport me at\u00eb \u00e7\u00ebshtje u kund\u00ebrshtua fuqish\u00ebm nga gjith\u00eb partner\u00ebt, nga shoq\u00ebria civile, nga ne po ashtu. Por, po ashtu edhe n\u00eb pozitat e fundit q\u00eb kan\u00eb zgjedhur qoft\u00eb kryeprokurorin e Prokuroris\u00eb Themelore n\u00eb Prishtin\u00eb apo p\u00ebr at\u00eb t\u00eb Prokuroris\u00eb Speciale. P\u00ebr mua nuk \u00ebsht\u00eb \u00e7\u00ebshtje e cila nuk duhet diskutuar q\u00eb p\u00ebr nj\u00eb pozit\u00eb q\u00eb \u00ebsht\u00eb kryeprokurori i Prokuroris\u00eb Themelore n\u00eb Prishtin\u00eb t\u00eb ket\u00eb vet\u00ebm nj\u00eb kandidat, ndon\u00ebse kan\u00eb mundur q\u00eb t\u00eb kandidojn\u00eb m\u00eb shum\u00eb se 50\u201d, shprehet Haxhiu.<\/p>\n<p>N\u00eb intervist\u00ebn p\u00ebr KosovaPress, ministrja Haxhiu shton se Ligji p\u00ebr K\u00ebshillin Prokurorial t\u00eb Kosov\u00ebs \u00ebsht\u00eb reform\u00eb e r\u00ebnd\u00ebsishme.<\/p>\n<p>\u201cOpozita ka zgjedhur q\u00eb ta pengoj\u00eb reform\u00ebn n\u00eb drejt\u00ebsi. Un\u00eb kam p\u00ebrshtypjen q\u00eb d\u00ebshiron t\u00eb ruaj\u00eb interesat e tyre q\u00eb i ka p\u00ebr brenda njer\u00ebzve q\u00eb i ka brenda sistemit prokurorial, t\u00eb cil\u00ebt edhe mund t\u2019iu sh\u00ebrbejn\u00eb atyre, sepse n\u00eb t\u00eb kaluar\u00ebn ne e kemi par\u00eb se si jan\u00eb vendosur n\u00eb pozita ky\u00e7e njer\u00ebzit me lidhje, me telefonata, me ndikime. Prandaj edhe opozita ka p\u00ebrpjekje konsideroj q\u00eb t\u00eb ruaj\u00eb pozitat e tyre dhe t\u00eb mos b\u00ebj\u00eb asnj\u00eb reform\u00eb n\u00eb kuad\u00ebr t\u00eb sistemit prokurorial. N\u00eb k\u00ebt\u00eb drejtim ne ve\u00e7se e kemi opinionin e tret\u00eb t\u00eb Komisionit t\u00eb Venecias. Konsideroj q\u00eb duhet t\u00eb p\u00ebrbashkohemi rreth zbatimit t\u00eb tij\u201d, thekson Haxhiu.<\/p>\n<p>Madje, Haxhiu konsideron q\u00eb opozita \u00ebsht\u00eb b\u00ebr\u00eb aleate e Gjykat\u00ebs Kushtetuese.<\/p>\n<p>\u201cOpozita po e konsideron Gjykat\u00ebn Kushtetuese si nj\u00eb aleat. Dhe jam kund\u00ebrshtuar shum\u00eb me k\u00ebt\u00eb deklarat\u00eb, sidomos nga opozita, por jo vet\u00ebm. \u00cbsht\u00eb goxha interesante se si opozita e sheh si shp\u00ebtim Gjykat\u00ebn Kushtetuese p\u00ebr mos jet\u00ebsim t\u00eb reformave. Duke pasur parasysh q\u00eb n\u00eb kuvend nuk e kan\u00eb shumic\u00ebn, p\u00ebrkund\u00ebr faktit q\u00eb nuk e kan\u00eb shumic\u00ebn un\u00eb vazhdim\u00ebsi ju kam b\u00ebr\u00eb thirrje q\u00eb n\u00ebse konsiderojn\u00eb q\u00eb nj\u00eb nen, nj\u00eb rregullim, nj\u00eb \u00e7\u00ebshtje nuk \u00ebsht\u00eb rregulluar n\u00eb m\u00ebnyr\u00ebn se si do t\u00eb duhej at\u00ebher\u00eb t\u00eb b\u00ebjn\u00eb amendamente. Nuk ndodh q\u00eb t\u00eb b\u00ebjn\u00eb amendamente n\u00eb projektligje\u201d, shton ajo.<\/p>\n<p>Tutje, shton se Kushtetuesja nuk duhet t\u00eb marr\u00eb nj\u00eb vit koh\u00eb p\u00ebr reforma t\u00eb r\u00ebnd\u00ebsishme, por t\u00eb trajtohen k\u00ebto raste me prioritet. Jo vet\u00ebm nga opozita, por Kodi Civil nuk po gjen mb\u00ebshtetjen e as t\u00eb deputet\u00ebve t\u00eb shumic\u00ebs.<\/p>\n<p>\u201c\u00cbsht\u00eb e r\u00ebnd\u00ebsishme q\u00eb t\u00eb kaloj\u00eb, sidomos kur ne jemi n\u00eb prag, gjegj\u00ebsisht n\u00eb fazat e an\u00ebtar\u00ebsimit n\u00eb K\u00ebshillin e Evrop\u00ebs. Madje edhe n\u00eb nj\u00eb prej raporteve t\u00eb ekspert\u00ebve t\u00eb K\u00ebshillit t\u00eb Evrop\u00ebs t\u00eb cil\u00ebt e kan\u00eb vler\u00ebsuar gjendjen n\u00eb Kosov\u00eb q\u00eb \u00ebsht\u00eb nj\u00eb faz\u00eb q\u00eb b\u00ebhet para an\u00ebtar\u00ebsimit, \u00ebsht\u00eb p\u00ebrmendur r\u00ebnd\u00ebsia e kalimit t\u00eb Kodit Civil. Ne nuk e kemi proceduar, gjegj\u00ebsisht e kemi shtyr\u00eb p\u00ebr k\u00ebt\u00eb vit, e kemi pasur plan q\u00eb n\u00eb vitin 2023 ta procedojm\u00eb, por nuk i kemi pasur votat n\u00eb Kuvend. Gjegj\u00ebsisht, ideja \u00ebsht\u00eb q\u00eb t\u00eb mos shkoj\u00eb s\u00ebrish n\u00eb Kuvend dhe t\u00eb d\u00ebshtoj\u00eb s\u00ebrish, sepse do t\u00eb jet\u00eb goditje p\u00ebr Kosov\u00ebn, sikurse edhe goditje edhe p\u00ebr qeverin\u00eb, sepse nj\u00eb \u00e7\u00ebshtje q\u00eb \u00ebsht\u00eb e r\u00ebnd\u00ebsishme p\u00ebr qeverin\u00eb q\u00eb nd\u00ebrlidhet me t\u00eb drejtat e njeriut\u2026 Nuk kemi nevoj\u00eb ta procedojm\u00eb pa u siguruar q\u00eb kalon. Por un\u00eb jam e bindur q\u00eb shum\u00eb shpejt do ta procedojm\u00eb dhe mund t\u00eb kemi sukses n\u00eb p\u00ebrpjekjen ton\u00eb\u201d, shprehet Haxhiu.<\/p>\n<p>Teksa flet p\u00ebr opozit\u00ebn p\u00ebrmend edhe rastin e Astrit Deharit, ku thot\u00eb se p\u00ebrgjegj\u00ebs, si\u00e7 shprehet ajo, t\u00eb vrasjes m\u00eb t\u00eb r\u00ebnd\u00eb n\u00eb Kosov\u00eb, jan\u00eb t\u00eb gjith\u00eb ata q\u00eb kan\u00eb qen\u00eb para shtat\u00eb vitesh n\u00eb qeveri.<\/p>\n<p>\u201cKonsideroj q\u00eb \u00ebsht\u00eb shum\u00eb e r\u00ebnd\u00ebsishme drejt\u00ebsia p\u00ebr rastin Dehari. Drejt\u00ebsia para se gjithash \u00ebsht\u00eb borxh p\u00ebr familjen Dehari, p\u00ebr qytetar\u00ebt e Republik\u00ebs s\u00eb Kosov\u00ebs, p\u00ebr vet jet\u00ebn e Astrit Deharit dhe veprimtarin\u00eb e tij. Nuk mund thjesht t\u00eb ket\u00eb nj\u00eb neglizhenc\u00eb nj\u00eb krimi t\u00eb r\u00ebnd\u00eb, si\u00e7 ka ndodhur ndaj Astritit, por me qasjen q\u00eb kemi par\u00eb deri m\u00eb tani n\u00eb qoft\u00eb se nuk ka ndryshim dhe ekipe profesionale q\u00eb do ta trajtojn\u00eb k\u00ebt\u00eb rast, natyrisht q\u00eb nuk mund t\u00eb jem optimiste. Prandaj pres q\u00eb kjo t\u00eb ndryshohet n\u00eb kuptimin q\u00eb t\u00eb kemi drejt\u00ebsi p\u00ebr rastin Dehari\u201d, shprehet ajo.<\/p>\n<p>Haxhiu p\u00ebrmend prioritetet dhe planet p\u00ebr vitin 2024, ku shprehet se do t\u00eb vazhdohet me procedimin e ligjeve q\u00eb nd\u00ebrlidhen me reform\u00eb n\u00eb drejt\u00ebsi.<\/p>\n<p>\u201cGjasht\u00eb mujori i par\u00eb i k\u00ebtij viti do t\u00eb jet\u00eb me procedim t\u00eb ligjeve q\u00eb nd\u00ebrlidhen me reform\u00ebn e dyt\u00eb n\u00eb sistemin e drejt\u00ebsis\u00eb. Pra, at\u00eb q\u00eb e p\u00ebrmenda me fuqizimin e mekanizmave brenda sistemit q\u00eb nd\u00ebrlidhen me integritetin, disiplin\u00ebn, transparenc\u00ebn, parandalimin e konfliktit t\u00eb interesit, deklarimin e pasuris\u00eb, llogaridh\u00ebnien, efikasitetin dhe t\u00eb tjera. Konsideroj q\u00eb k\u00ebtu po b\u00ebhet nj\u00eb pun\u00eb jasht\u00ebzakonisht e vlefshme nga p\u00ebrfaq\u00ebsuesit e institucioneve por edhe nga ekspert\u00ebt q\u00eb po na mb\u00ebshtesin\u201d, p\u00ebrfundon Haxhiu.<\/p>\n<p>Ministrja e Drejt\u00ebsis\u00eb, Albulena Haxhiu zotohet se brenda mandatit t\u00eb saj do t\u00eb jet\u00ebsohen premtimet e qeveris\u00eb p\u00ebr sistemin e drejt\u00ebsis\u00eb.<\/p>\n","protected":false},"excerpt":{"rendered":"<p>Ministrja e Drejt\u00ebsis\u00eb, Albulena Haxhiu deklaron se reformat n\u00eb drejt\u00ebsi po kund\u00ebrshtohen nga sistemi i drejt\u00ebsis\u00eb dhe opozita. Aleate t\u00eb Gjykat\u00ebs Kushtetuese, i konsideron partit\u00eb opozitare, p\u00ebr t\u00eb cilat thot\u00eb se po ruajn\u00eb interesat e tyre. Sipas saj, konkurset e fundit n\u00eb K\u00ebshillin Prokurorial t\u00eb Kosov\u00ebs shp\u00ebrfaqin pazaret brenda k\u00ebtij sistemi. N\u00eb intervist\u00ebn p\u00ebr KosovaPress, [&hellip;]<\/p>\n","protected":false},"author":2,"featured_media":41264,"comment_status":"closed","ping_status":"closed","sticky":false,"template":"","format":"standard","meta":{"_monsterinsights_skip_tracking":false,"_monsterinsights_sitenote_active":false,"_monsterinsights_sitenote_note":"","_monsterinsights_sitenote_category":0,"_uf_show_specific_survey":0,"_uf_disable_surveys":false,"footnotes":""},"categories":[2645],"tags":[529],"yoast_head":"<!-- This site is optimized with the Yoast SEO plugin v21.5 - https:\/\/yoast.com\/wordpress\/plugins\/seo\/ -->\n<title>Haxhiu: S\u2019mund t\u00eb jem optimiste se do zgjidhet rasti Dehari, duhet ndryshuar ekipa profesionale<\/title>\n<meta name=\"robots\" content=\"index, follow, max-snippet:-1, max-image-preview:large, max-video-preview:-1\" \/>\n<link rel=\"canonical\" href=\"https:\/\/permbledhja.com\/sq\/haxhiu-smund-te-jem-optimiste-se-do-zgjidhet-rasti-dehari-duhet-ndryshuar-ekipa-profesionale\/\" \/>\n<meta property=\"og:locale\" content=\"sq_AL\" \/>\n<meta property=\"og:type\" content=\"article\" \/>\n<meta property=\"og:title\" content=\"Haxhiu: S\u2019mund t\u00eb jem optimiste se do zgjidhet rasti Dehari, duhet ndryshuar ekipa profesionale\" \/>\n<meta property=\"og:description\" content=\"Ministrja e Drejt\u00ebsis\u00eb, Albulena Haxhiu deklaron se reformat n\u00eb drejt\u00ebsi po kund\u00ebrshtohen nga sistemi i drejt\u00ebsis\u00eb dhe opozita. Aleate t\u00eb Gjykat\u00ebs Kushtetuese, i konsideron partit\u00eb opozitare, p\u00ebr t\u00eb cilat thot\u00eb se po ruajn\u00eb interesat e tyre. Sipas saj, konkurset e fundit n\u00eb K\u00ebshillin Prokurorial t\u00eb Kosov\u00ebs shp\u00ebrfaqin pazaret brenda k\u00ebtij sistemi. N\u00eb intervist\u00ebn p\u00ebr KosovaPress, [&hellip;]\" \/>\n<meta property=\"og:url\" content=\"https:\/\/permbledhja.com\/sq\/haxhiu-smund-te-jem-optimiste-se-do-zgjidhet-rasti-dehari-duhet-ndryshuar-ekipa-profesionale\/\" \/>\n<meta property=\"og:site_name\" content=\"Ve\u00e7 artikuj p\u00ebrmbledh\u00ebs\" \/>\n<meta property=\"article:publisher\" content=\"https:\/\/www.facebook.com\/press07\/\" \/>\n<meta property=\"article:published_time\" content=\"2024-01-03T10:58:59+00:00\" \/>\n<meta property=\"og:image\" content=\"https:\/\/permbledhja.com\/wp-content\/uploads\/2024\/01\/BeFunky-collage-71-scaled-1.jpg\" \/>\n\t<meta property=\"og:image:width\" content=\"2560\" \/>\n\t<meta property=\"og:image:height\" content=\"1587\" \/>\n\t<meta property=\"og:image:type\" content=\"image\/jpeg\" \/>\n<meta name=\"author\" content=\"M M\" \/>\n<meta name=\"twitter:card\" content=\"summary_large_image\" \/>\n<meta name=\"twitter:label1\" content=\"Written by\" \/>\n\t<meta name=\"twitter:data1\" content=\"M M\" \/>\n\t<meta name=\"twitter:label2\" content=\"Est. reading time\" \/>\n\t<meta name=\"twitter:data2\" content=\"7 minuta\" \/>\n<script type=\"application\/ld+json\" class=\"yoast-schema-graph\">{\"@context\":\"https:\/\/schema.org\",\"@graph\":[{\"@type\":\"Article\",\"@id\":\"https:\/\/permbledhja.com\/haxhiu-smund-te-jem-optimiste-se-do-zgjidhet-rasti-dehari-duhet-ndryshuar-ekipa-profesionale\/#article\",\"isPartOf\":{\"@id\":\"https:\/\/permbledhja.com\/haxhiu-smund-te-jem-optimiste-se-do-zgjidhet-rasti-dehari-duhet-ndryshuar-ekipa-profesionale\/\"},\"author\":{\"name\":\"M M\",\"@id\":\"https:\/\/permbledhja.com\/#\/schema\/person\/d23f13f59b5722643933d6780783acf3\"},\"headline\":\"Haxhiu: S\u2019mund t\u00eb jem optimiste se do zgjidhet rasti Dehari, duhet ndryshuar ekipa profesionale\",\"datePublished\":\"2024-01-03T10:58:59+00:00\",\"dateModified\":\"2024-01-03T10:58:59+00:00\",\"mainEntityOfPage\":{\"@id\":\"https:\/\/permbledhja.com\/haxhiu-smund-te-jem-optimiste-se-do-zgjidhet-rasti-dehari-duhet-ndryshuar-ekipa-profesionale\/\"},\"wordCount\":1451,\"publisher\":{\"@id\":\"https:\/\/permbledhja.com\/#organization\"},\"keywords\":[\"Albulena Haxhiu\"],\"articleSection\":[\"T\u00eb r\u00ebnd\u00ebsishme\"],\"inLanguage\":\"sq\"},{\"@type\":\"WebPage\",\"@id\":\"https:\/\/permbledhja.com\/haxhiu-smund-te-jem-optimiste-se-do-zgjidhet-rasti-dehari-duhet-ndryshuar-ekipa-profesionale\/\",\"url\":\"https:\/\/permbledhja.com\/haxhiu-smund-te-jem-optimiste-se-do-zgjidhet-rasti-dehari-duhet-ndryshuar-ekipa-profesionale\/\",\"name\":\"Haxhiu: S\u2019mund t\u00eb jem optimiste se do zgjidhet rasti Dehari, duhet ndryshuar ekipa profesionale\",\"isPartOf\":{\"@id\":\"https:\/\/permbledhja.com\/#website\"},\"datePublished\":\"2024-01-03T10:58:59+00:00\",\"dateModified\":\"2024-01-03T10:58:59+00:00\",\"breadcrumb\":{\"@id\":\"https:\/\/permbledhja.com\/haxhiu-smund-te-jem-optimiste-se-do-zgjidhet-rasti-dehari-duhet-ndryshuar-ekipa-profesionale\/#breadcrumb\"},\"inLanguage\":\"sq\",\"potentialAction\":[{\"@type\":\"ReadAction\",\"target\":[\"https:\/\/permbledhja.com\/haxhiu-smund-te-jem-optimiste-se-do-zgjidhet-rasti-dehari-duhet-ndryshuar-ekipa-profesionale\/\"]}]},{\"@type\":\"BreadcrumbList\",\"@id\":\"https:\/\/permbledhja.com\/haxhiu-smund-te-jem-optimiste-se-do-zgjidhet-rasti-dehari-duhet-ndryshuar-ekipa-profesionale\/#breadcrumb\",\"itemListElement\":[{\"@type\":\"ListItem\",\"position\":1,\"name\":\"Ballina\",\"item\":\"https:\/\/permbledhja.com\/sq\/\"},{\"@type\":\"ListItem\",\"position\":2,\"name\":\"Haxhiu: S\u2019mund t\u00eb jem optimiste se do zgjidhet rasti Dehari, duhet ndryshuar ekipa profesionale\"}]},{\"@type\":\"WebSite\",\"@id\":\"https:\/\/permbledhja.com\/#website\",\"url\":\"https:\/\/permbledhja.com\/\",\"name\":\"Ve\u00e7 artikuj p\u00ebrmbledh\u00ebs\",\"description\":\"\",\"publisher\":{\"@id\":\"https:\/\/permbledhja.com\/#organization\"},\"potentialAction\":[{\"@type\":\"SearchAction\",\"target\":{\"@type\":\"EntryPoint\",\"urlTemplate\":\"https:\/\/permbledhja.com\/?s={search_term_string}\"},\"query-input\":\"required name=search_term_string\"}],\"inLanguage\":\"sq\"},{\"@type\":\"Organization\",\"@id\":\"https:\/\/permbledhja.com\/#organization\",\"name\":\"MK Media & Pr\",\"url\":\"https:\/\/permbledhja.com\/\",\"logo\":{\"@type\":\"ImageObject\",\"inLanguage\":\"sq\",\"@id\":\"https:\/\/permbledhja.com\/#\/schema\/logo\/image\/\",\"url\":\"https:\/\/permbledhja.com\/wp-content\/uploads\/2021\/12\/07-Press-Logo.jpg\",\"contentUrl\":\"https:\/\/permbledhja.com\/wp-content\/uploads\/2021\/12\/07-Press-Logo.jpg\",\"width\":512,\"height\":512,\"caption\":\"MK Media & Pr\"},\"image\":{\"@id\":\"https:\/\/permbledhja.com\/#\/schema\/logo\/image\/\"},\"sameAs\":[\"https:\/\/www.facebook.com\/press07\/\"]},{\"@type\":\"Person\",\"@id\":\"https:\/\/permbledhja.com\/#\/schema\/person\/d23f13f59b5722643933d6780783acf3\",\"name\":\"M M\",\"image\":{\"@type\":\"ImageObject\",\"inLanguage\":\"sq\",\"@id\":\"https:\/\/permbledhja.com\/#\/schema\/person\/image\/\",\"url\":\"https:\/\/secure.gravatar.com\/avatar\/e2835a76ca7c31a2416b2d51c4ec9a8f?s=96&d=mm&r=g\",\"contentUrl\":\"https:\/\/secure.gravatar.com\/avatar\/e2835a76ca7c31a2416b2d51c4ec9a8f?s=96&d=mm&r=g\",\"caption\":\"M M\"},\"sameAs\":[\"http:\/\/MM\"],\"url\":\"https:\/\/permbledhja.com\/sq\/author\/muhamet\/\"}]}<\/script>\n<!-- \/ Yoast SEO plugin. -->","yoast_head_json":{"title":"Haxhiu: S\u2019mund t\u00eb jem optimiste se do zgjidhet rasti Dehari, duhet ndryshuar ekipa profesionale","robots":{"index":"index","follow":"follow","max-snippet":"max-snippet:-1","max-image-preview":"max-image-preview:large","max-video-preview":"max-video-preview:-1"},"canonical":"https:\/\/permbledhja.com\/sq\/haxhiu-smund-te-jem-optimiste-se-do-zgjidhet-rasti-dehari-duhet-ndryshuar-ekipa-profesionale\/","og_locale":"sq_AL","og_type":"article","og_title":"Haxhiu: S\u2019mund t\u00eb jem optimiste se do zgjidhet rasti Dehari, duhet ndryshuar ekipa profesionale","og_description":"Ministrja e Drejt\u00ebsis\u00eb, Albulena Haxhiu deklaron se reformat n\u00eb drejt\u00ebsi po kund\u00ebrshtohen nga sistemi i drejt\u00ebsis\u00eb dhe opozita. Aleate t\u00eb Gjykat\u00ebs Kushtetuese, i konsideron partit\u00eb opozitare, p\u00ebr t\u00eb cilat thot\u00eb se po ruajn\u00eb interesat e tyre. Sipas saj, konkurset e fundit n\u00eb K\u00ebshillin Prokurorial t\u00eb Kosov\u00ebs shp\u00ebrfaqin pazaret brenda k\u00ebtij sistemi. N\u00eb intervist\u00ebn p\u00ebr KosovaPress, [&hellip;]","og_url":"https:\/\/permbledhja.com\/sq\/haxhiu-smund-te-jem-optimiste-se-do-zgjidhet-rasti-dehari-duhet-ndryshuar-ekipa-profesionale\/","og_site_name":"Ve\u00e7 artikuj p\u00ebrmbledh\u00ebs","article_publisher":"https:\/\/www.facebook.com\/press07\/","article_published_time":"2024-01-03T10:58:59+00:00","og_image":[{"width":2560,"height":1587,"url":"https:\/\/permbledhja.com\/wp-content\/uploads\/2024\/01\/BeFunky-collage-71-scaled-1.jpg","type":"image\/jpeg"}],"author":"M M","twitter_card":"summary_large_image","twitter_misc":{"Written by":"M M","Est. reading time":"7 minuta"},"schema":{"@context":"https:\/\/schema.org","@graph":[{"@type":"Article","@id":"https:\/\/permbledhja.com\/haxhiu-smund-te-jem-optimiste-se-do-zgjidhet-rasti-dehari-duhet-ndryshuar-ekipa-profesionale\/#article","isPartOf":{"@id":"https:\/\/permbledhja.com\/haxhiu-smund-te-jem-optimiste-se-do-zgjidhet-rasti-dehari-duhet-ndryshuar-ekipa-profesionale\/"},"author":{"name":"M M","@id":"https:\/\/permbledhja.com\/#\/schema\/person\/d23f13f59b5722643933d6780783acf3"},"headline":"Haxhiu: S\u2019mund t\u00eb jem optimiste se do zgjidhet rasti Dehari, duhet ndryshuar ekipa profesionale","datePublished":"2024-01-03T10:58:59+00:00","dateModified":"2024-01-03T10:58:59+00:00","mainEntityOfPage":{"@id":"https:\/\/permbledhja.com\/haxhiu-smund-te-jem-optimiste-se-do-zgjidhet-rasti-dehari-duhet-ndryshuar-ekipa-profesionale\/"},"wordCount":1451,"publisher":{"@id":"https:\/\/permbledhja.com\/#organization"},"keywords":["Albulena Haxhiu"],"articleSection":["T\u00eb r\u00ebnd\u00ebsishme"],"inLanguage":"sq"},{"@type":"WebPage","@id":"https:\/\/permbledhja.com\/haxhiu-smund-te-jem-optimiste-se-do-zgjidhet-rasti-dehari-duhet-ndryshuar-ekipa-profesionale\/","url":"https:\/\/permbledhja.com\/haxhiu-smund-te-jem-optimiste-se-do-zgjidhet-rasti-dehari-duhet-ndryshuar-ekipa-profesionale\/","name":"Haxhiu: S\u2019mund t\u00eb jem optimiste se do zgjidhet rasti Dehari, duhet ndryshuar ekipa profesionale","isPartOf":{"@id":"https:\/\/permbledhja.com\/#website"},"datePublished":"2024-01-03T10:58:59+00:00","dateModified":"2024-01-03T10:58:59+00:00","breadcrumb":{"@id":"https:\/\/permbledhja.com\/haxhiu-smund-te-jem-optimiste-se-do-zgjidhet-rasti-dehari-duhet-ndryshuar-ekipa-profesionale\/#breadcrumb"},"inLanguage":"sq","potentialAction":[{"@type":"ReadAction","target":["https:\/\/permbledhja.com\/haxhiu-smund-te-jem-optimiste-se-do-zgjidhet-rasti-dehari-duhet-ndryshuar-ekipa-profesionale\/"]}]},{"@type":"BreadcrumbList","@id":"https:\/\/permbledhja.com\/haxhiu-smund-te-jem-optimiste-se-do-zgjidhet-rasti-dehari-duhet-ndryshuar-ekipa-profesionale\/#breadcrumb","itemListElement":[{"@type":"ListItem","position":1,"name":"Ballina","item":"https:\/\/permbledhja.com\/sq\/"},{"@type":"ListItem","position":2,"name":"Haxhiu: S\u2019mund t\u00eb jem optimiste se do zgjidhet rasti Dehari, duhet ndryshuar ekipa profesionale"}]},{"@type":"WebSite","@id":"https:\/\/permbledhja.com\/#website","url":"https:\/\/permbledhja.com\/","name":"Ve\u00e7 artikuj p\u00ebrmbledh\u00ebs","description":"","publisher":{"@id":"https:\/\/permbledhja.com\/#organization"},"potentialAction":[{"@type":"SearchAction","target":{"@type":"EntryPoint","urlTemplate":"https:\/\/permbledhja.com\/?s={search_term_string}"},"query-input":"required name=search_term_string"}],"inLanguage":"sq"},{"@type":"Organization","@id":"https:\/\/permbledhja.com\/#organization","name":"MK Media & Pr","url":"https:\/\/permbledhja.com\/","logo":{"@type":"ImageObject","inLanguage":"sq","@id":"https:\/\/permbledhja.com\/#\/schema\/logo\/image\/","url":"https:\/\/permbledhja.com\/wp-content\/uploads\/2021\/12\/07-Press-Logo.jpg","contentUrl":"https:\/\/permbledhja.com\/wp-content\/uploads\/2021\/12\/07-Press-Logo.jpg","width":512,"height":512,"caption":"MK Media & Pr"},"image":{"@id":"https:\/\/permbledhja.com\/#\/schema\/logo\/image\/"},"sameAs":["https:\/\/www.facebook.com\/press07\/"]},{"@type":"Person","@id":"https:\/\/permbledhja.com\/#\/schema\/person\/d23f13f59b5722643933d6780783acf3","name":"M M","image":{"@type":"ImageObject","inLanguage":"sq","@id":"https:\/\/permbledhja.com\/#\/schema\/person\/image\/","url":"https:\/\/secure.gravatar.com\/avatar\/e2835a76ca7c31a2416b2d51c4ec9a8f?s=96&d=mm&r=g","contentUrl":"https:\/\/secure.gravatar.com\/avatar\/e2835a76ca7c31a2416b2d51c4ec9a8f?s=96&d=mm&r=g","caption":"M M"},"sameAs":["http:\/\/MM"],"url":"https:\/\/permbledhja.com\/sq\/author\/muhamet\/"}]}},"_links":{"self":[{"href":"https:\/\/permbledhja.com\/sq\/wp-json\/wp\/v2\/posts\/41263"}],"collection":[{"href":"https:\/\/permbledhja.com\/sq\/wp-json\/wp\/v2\/posts"}],"about":[{"href":"https:\/\/permbledhja.com\/sq\/wp-json\/wp\/v2\/types\/post"}],"author":[{"embeddable":true,"href":"https:\/\/permbledhja.com\/sq\/wp-json\/wp\/v2\/users\/2"}],"replies":[{"embeddable":true,"href":"https:\/\/permbledhja.com\/sq\/wp-json\/wp\/v2\/comments?post=41263"}],"version-history":[{"count":1,"href":"https:\/\/permbledhja.com\/sq\/wp-json\/wp\/v2\/posts\/41263\/revisions"}],"predecessor-version":[{"id":41265,"href":"https:\/\/permbledhja.com\/sq\/wp-json\/wp\/v2\/posts\/41263\/revisions\/41265"}],"wp:featuredmedia":[{"embeddable":true,"href":"https:\/\/permbledhja.com\/sq\/wp-json\/wp\/v2\/media\/41264"}],"wp:attachment":[{"href":"https:\/\/permbledhja.com\/sq\/wp-json\/wp\/v2\/media?parent=41263"}],"wp:term":[{"taxonomy":"category","embeddable":true,"href":"https:\/\/permbledhja.com\/sq\/wp-json\/wp\/v2\/categories?post=41263"},{"taxonomy":"post_tag","embeddable":true,"href":"https:\/\/permbledhja.com\/sq\/wp-json\/wp\/v2\/tags?post=41263"}],"curies":[{"name":"wp","href":"https:\/\/api.w.org\/{rel}","templated":true}]}}