{"id":41197,"date":"2024-01-02T14:59:59","date_gmt":"2024-01-02T14:59:59","guid":{"rendered":"https:\/\/permbledhja.com\/?p=41197"},"modified":"2024-01-02T14:59:59","modified_gmt":"2024-01-02T14:59:59","slug":"e-tmerrshme-ne-prishtine-9-vjecarja-dyshohet-se-u-sulmua-seksualisht-nga-nje-25-vjecar-arrestohet-i-dyshuari","status":"publish","type":"post","link":"https:\/\/permbledhja.com\/sq\/e-tmerrshme-ne-prishtine-9-vjecarja-dyshohet-se-u-sulmua-seksualisht-nga-nje-25-vjecar-arrestohet-i-dyshuari\/","title":{"rendered":"E tmerrshme n\u00eb Prishtin\u00eb: 9-vje\u00e7arja dyshohet se u sulmua seksualisht nga nj\u00eb 25-vje\u00e7ar, arrestohet i dyshuari"},"content":{"rendered":"<h3>Vajzat dhe grat\u00eb po vazhdojn\u00eb t\u00eb jen\u00eb viktimat m\u00eb t\u00eb shpeshta t\u00eb dhun\u00ebs n\u00eb familje, ngacmimeve e sulmeve seksuale. <strong><br \/>\n<\/strong><\/h3>\n<p>N\u00eb shum\u00eb raste, viktima jan\u00eb vajzat e mitura, t\u00eb cilat keqp\u00ebrdoren seksualisht qoft\u00eb nga bashk\u00ebmoshatar\u00eb apo edhe persona t\u00eb mosh\u00ebs madhore.<\/p>\n<p>Nj\u00eb rast i till\u00eb dyshohet t\u00eb ket\u00eb ndodhur t\u00eb h\u00ebn\u00ebn n\u00eb rrug\u00ebn \u201cMuharem Fejza\u201d n\u00eb Prishtin\u00eb, ku nj\u00eb vajz\u00eb e mitur dyshohet \u00ebsht\u00eb sulmuar seksualisht nga nj\u00eb person i mosh\u00ebs madhore.<\/p>\n<p>Sinjali m\u00ebson se b\u00ebhet fjal\u00eb p\u00ebr nj\u00eb vajz\u00eb 9-vje\u00e7are, teksa i dyshuari \u00ebsht\u00eb nj\u00eb 25-vje\u00e7ar, i cili dyshohet se ka pasur q\u00ebllim seksual ndaj t\u00eb mitur\u00ebs.<\/p>\n<p>Pasi Policia \u00ebsht\u00eb v\u00ebn\u00eb n\u00eb dijeni p\u00ebr rastin, e mitura ka dh\u00ebn\u00eb d\u00ebshmin\u00eb e saj para hetuesve policor\u00eb, n\u00eb prani t\u00eb prindit t\u00eb saj.<\/p>\n<p>Pas nd\u00ebrmarrjes s\u00eb veprimeve t\u00eb nevojshme, i dyshuari \u00ebsht\u00eb arrestuar dhe \u00ebsht\u00eb shoq\u00ebruar n\u00eb stacion policor, ku \u00ebsht\u00eb intervistuar lidhur me vepr\u00ebn me t\u00eb cil\u00ebn ngarkohet.<\/p>\n<p>Pas p\u00ebrfundimit t\u00eb procedurave policore, Prokurori i Shtetit ka nxjerr\u00eb aktvendim q\u00eb t\u00eb dyshuarit t\u2019i caktohet masa e ndalimit policor n\u00ebn dyshimet p\u00ebr kryerjen e vepr\u00ebs penale \u2018Sulm seksual\u2019.<\/p>\n","protected":false},"excerpt":{"rendered":"<p>Vajzat dhe grat\u00eb po vazhdojn\u00eb t\u00eb jen\u00eb viktimat m\u00eb t\u00eb shpeshta t\u00eb dhun\u00ebs n\u00eb familje, ngacmimeve e sulmeve seksuale. N\u00eb shum\u00eb raste, viktima jan\u00eb vajzat e mitura, t\u00eb cilat keqp\u00ebrdoren seksualisht qoft\u00eb nga bashk\u00ebmoshatar\u00eb apo edhe persona t\u00eb mosh\u00ebs madhore. Nj\u00eb rast i till\u00eb dyshohet t\u00eb ket\u00eb ndodhur t\u00eb h\u00ebn\u00ebn n\u00eb rrug\u00ebn \u201cMuharem Fejza\u201d n\u00eb [&hellip;]<\/p>\n","protected":false},"author":1,"featured_media":7663,"comment_status":"closed","ping_status":"closed","sticky":false,"template":"","format":"standard","meta":{"_monsterinsights_skip_tracking":false,"_monsterinsights_sitenote_active":false,"_monsterinsights_sitenote_note":"","_monsterinsights_sitenote_category":0,"_uf_show_specific_survey":0,"_uf_disable_surveys":false,"footnotes":""},"categories":[2645],"tags":[1375],"yoast_head":"<!-- This site is optimized with the Yoast SEO plugin v21.5 - https:\/\/yoast.com\/wordpress\/plugins\/seo\/ -->\n<title>E tmerrshme n\u00eb Prishtin\u00eb: 9-vje\u00e7arja dyshohet se u sulmua seksualisht nga nj\u00eb 25-vje\u00e7ar, arrestohet i dyshuari<\/title>\n<meta name=\"robots\" content=\"index, follow, max-snippet:-1, max-image-preview:large, max-video-preview:-1\" \/>\n<link rel=\"canonical\" href=\"https:\/\/permbledhja.com\/sq\/e-tmerrshme-ne-prishtine-9-vjecarja-dyshohet-se-u-sulmua-seksualisht-nga-nje-25-vjecar-arrestohet-i-dyshuari\/\" \/>\n<meta property=\"og:locale\" content=\"sq_AL\" \/>\n<meta property=\"og:type\" content=\"article\" \/>\n<meta property=\"og:title\" content=\"E tmerrshme n\u00eb Prishtin\u00eb: 9-vje\u00e7arja dyshohet se u sulmua seksualisht nga nj\u00eb 25-vje\u00e7ar, arrestohet i dyshuari\" \/>\n<meta property=\"og:description\" content=\"Vajzat dhe grat\u00eb po vazhdojn\u00eb t\u00eb jen\u00eb viktimat m\u00eb t\u00eb shpeshta t\u00eb dhun\u00ebs n\u00eb familje, ngacmimeve e sulmeve seksuale. N\u00eb shum\u00eb raste, viktima jan\u00eb vajzat e mitura, t\u00eb cilat keqp\u00ebrdoren seksualisht qoft\u00eb nga bashk\u00ebmoshatar\u00eb apo edhe persona t\u00eb mosh\u00ebs madhore. Nj\u00eb rast i till\u00eb dyshohet t\u00eb ket\u00eb ndodhur t\u00eb h\u00ebn\u00ebn n\u00eb rrug\u00ebn \u201cMuharem Fejza\u201d n\u00eb [&hellip;]\" \/>\n<meta property=\"og:url\" content=\"https:\/\/permbledhja.com\/sq\/e-tmerrshme-ne-prishtine-9-vjecarja-dyshohet-se-u-sulmua-seksualisht-nga-nje-25-vjecar-arrestohet-i-dyshuari\/\" \/>\n<meta property=\"og:site_name\" content=\"Ve\u00e7 artikuj p\u00ebrmbledh\u00ebs\" \/>\n<meta property=\"article:publisher\" content=\"https:\/\/www.facebook.com\/press07\/\" \/>\n<meta property=\"article:author\" content=\"https:\/\/www.facebook.com\/kafexhiu.muharrem\/\" \/>\n<meta property=\"article:published_time\" content=\"2024-01-02T14:59:59+00:00\" \/>\n<meta property=\"og:image\" content=\"https:\/\/permbledhja.com\/wp-content\/uploads\/2022\/10\/sulm-seksual.jpg\" \/>\n\t<meta property=\"og:image:width\" content=\"797\" \/>\n\t<meta property=\"og:image:height\" content=\"507\" \/>\n\t<meta property=\"og:image:type\" content=\"image\/jpeg\" \/>\n<meta name=\"author\" content=\"P\u00ebrmbledhja\" \/>\n<meta name=\"twitter:card\" content=\"summary_large_image\" \/>\n<meta name=\"twitter:label1\" content=\"Written by\" \/>\n\t<meta name=\"twitter:data1\" content=\"P\u00ebrmbledhja\" \/>\n\t<meta name=\"twitter:label2\" content=\"Est. reading time\" \/>\n\t<meta name=\"twitter:data2\" content=\"1 minut\u00eb\" \/>\n<script type=\"application\/ld+json\" class=\"yoast-schema-graph\">{\"@context\":\"https:\/\/schema.org\",\"@graph\":[{\"@type\":\"Article\",\"@id\":\"https:\/\/permbledhja.com\/e-tmerrshme-ne-prishtine-9-vjecarja-dyshohet-se-u-sulmua-seksualisht-nga-nje-25-vjecar-arrestohet-i-dyshuari\/#article\",\"isPartOf\":{\"@id\":\"https:\/\/permbledhja.com\/e-tmerrshme-ne-prishtine-9-vjecarja-dyshohet-se-u-sulmua-seksualisht-nga-nje-25-vjecar-arrestohet-i-dyshuari\/\"},\"author\":{\"name\":\"P\u00ebrmbledhja\",\"@id\":\"https:\/\/permbledhja.com\/#\/schema\/person\/0d064377258d3221e50693947b9eb4fe\"},\"headline\":\"E tmerrshme n\u00eb Prishtin\u00eb: 9-vje\u00e7arja dyshohet se u sulmua seksualisht nga nj\u00eb 25-vje\u00e7ar, arrestohet i dyshuari\",\"datePublished\":\"2024-01-02T14:59:59+00:00\",\"dateModified\":\"2024-01-02T14:59:59+00:00\",\"mainEntityOfPage\":{\"@id\":\"https:\/\/permbledhja.com\/e-tmerrshme-ne-prishtine-9-vjecarja-dyshohet-se-u-sulmua-seksualisht-nga-nje-25-vjecar-arrestohet-i-dyshuari\/\"},\"wordCount\":222,\"publisher\":{\"@id\":\"https:\/\/permbledhja.com\/#organization\"},\"keywords\":[\"Sulmi\"],\"articleSection\":[\"T\u00eb r\u00ebnd\u00ebsishme\"],\"inLanguage\":\"sq\"},{\"@type\":\"WebPage\",\"@id\":\"https:\/\/permbledhja.com\/e-tmerrshme-ne-prishtine-9-vjecarja-dyshohet-se-u-sulmua-seksualisht-nga-nje-25-vjecar-arrestohet-i-dyshuari\/\",\"url\":\"https:\/\/permbledhja.com\/e-tmerrshme-ne-prishtine-9-vjecarja-dyshohet-se-u-sulmua-seksualisht-nga-nje-25-vjecar-arrestohet-i-dyshuari\/\",\"name\":\"E tmerrshme n\u00eb Prishtin\u00eb: 9-vje\u00e7arja dyshohet se u sulmua seksualisht nga nj\u00eb 25-vje\u00e7ar, arrestohet i dyshuari\",\"isPartOf\":{\"@id\":\"https:\/\/permbledhja.com\/#website\"},\"datePublished\":\"2024-01-02T14:59:59+00:00\",\"dateModified\":\"2024-01-02T14:59:59+00:00\",\"breadcrumb\":{\"@id\":\"https:\/\/permbledhja.com\/e-tmerrshme-ne-prishtine-9-vjecarja-dyshohet-se-u-sulmua-seksualisht-nga-nje-25-vjecar-arrestohet-i-dyshuari\/#breadcrumb\"},\"inLanguage\":\"sq\",\"potentialAction\":[{\"@type\":\"ReadAction\",\"target\":[\"https:\/\/permbledhja.com\/e-tmerrshme-ne-prishtine-9-vjecarja-dyshohet-se-u-sulmua-seksualisht-nga-nje-25-vjecar-arrestohet-i-dyshuari\/\"]}]},{\"@type\":\"BreadcrumbList\",\"@id\":\"https:\/\/permbledhja.com\/e-tmerrshme-ne-prishtine-9-vjecarja-dyshohet-se-u-sulmua-seksualisht-nga-nje-25-vjecar-arrestohet-i-dyshuari\/#breadcrumb\",\"itemListElement\":[{\"@type\":\"ListItem\",\"position\":1,\"name\":\"Ballina\",\"item\":\"https:\/\/permbledhja.com\/sq\/\"},{\"@type\":\"ListItem\",\"position\":2,\"name\":\"E tmerrshme n\u00eb Prishtin\u00eb: 9-vje\u00e7arja dyshohet se u sulmua seksualisht nga nj\u00eb 25-vje\u00e7ar, arrestohet i dyshuari\"}]},{\"@type\":\"WebSite\",\"@id\":\"https:\/\/permbledhja.com\/#website\",\"url\":\"https:\/\/permbledhja.com\/\",\"name\":\"Ve\u00e7 artikuj p\u00ebrmbledh\u00ebs\",\"description\":\"\",\"publisher\":{\"@id\":\"https:\/\/permbledhja.com\/#organization\"},\"potentialAction\":[{\"@type\":\"SearchAction\",\"target\":{\"@type\":\"EntryPoint\",\"urlTemplate\":\"https:\/\/permbledhja.com\/?s={search_term_string}\"},\"query-input\":\"required name=search_term_string\"}],\"inLanguage\":\"sq\"},{\"@type\":\"Organization\",\"@id\":\"https:\/\/permbledhja.com\/#organization\",\"name\":\"MK Media & Pr\",\"url\":\"https:\/\/permbledhja.com\/\",\"logo\":{\"@type\":\"ImageObject\",\"inLanguage\":\"sq\",\"@id\":\"https:\/\/permbledhja.com\/#\/schema\/logo\/image\/\",\"url\":\"https:\/\/permbledhja.com\/wp-content\/uploads\/2021\/12\/07-Press-Logo.jpg\",\"contentUrl\":\"https:\/\/permbledhja.com\/wp-content\/uploads\/2021\/12\/07-Press-Logo.jpg\",\"width\":512,\"height\":512,\"caption\":\"MK Media & Pr\"},\"image\":{\"@id\":\"https:\/\/permbledhja.com\/#\/schema\/logo\/image\/\"},\"sameAs\":[\"https:\/\/www.facebook.com\/press07\/\"]},{\"@type\":\"Person\",\"@id\":\"https:\/\/permbledhja.com\/#\/schema\/person\/0d064377258d3221e50693947b9eb4fe\",\"name\":\"P\u00ebrmbledhja\",\"image\":{\"@type\":\"ImageObject\",\"inLanguage\":\"sq\",\"@id\":\"https:\/\/permbledhja.com\/#\/schema\/person\/image\/\",\"url\":\"https:\/\/permbledhja.com\/wp-content\/uploads\/2026\/01\/452004717_1040944174702970_8932037511805513407_n-96x96.jpg\",\"contentUrl\":\"https:\/\/permbledhja.com\/wp-content\/uploads\/2026\/01\/452004717_1040944174702970_8932037511805513407_n-96x96.jpg\",\"caption\":\"P\u00ebrmbledhja\"},\"sameAs\":[\"https:\/\/www.facebook.com\/kafexhiu.muharrem\/\",\"https:\/\/www.instagram.com\/muharrem_kafexhiu\/\"],\"url\":\"https:\/\/permbledhja.com\/sq\/author\/admin\/\"}]}<\/script>\n<!-- \/ Yoast SEO plugin. -->","yoast_head_json":{"title":"E tmerrshme n\u00eb Prishtin\u00eb: 9-vje\u00e7arja dyshohet se u sulmua seksualisht nga nj\u00eb 25-vje\u00e7ar, arrestohet i dyshuari","robots":{"index":"index","follow":"follow","max-snippet":"max-snippet:-1","max-image-preview":"max-image-preview:large","max-video-preview":"max-video-preview:-1"},"canonical":"https:\/\/permbledhja.com\/sq\/e-tmerrshme-ne-prishtine-9-vjecarja-dyshohet-se-u-sulmua-seksualisht-nga-nje-25-vjecar-arrestohet-i-dyshuari\/","og_locale":"sq_AL","og_type":"article","og_title":"E tmerrshme n\u00eb Prishtin\u00eb: 9-vje\u00e7arja dyshohet se u sulmua seksualisht nga nj\u00eb 25-vje\u00e7ar, arrestohet i dyshuari","og_description":"Vajzat dhe grat\u00eb po vazhdojn\u00eb t\u00eb jen\u00eb viktimat m\u00eb t\u00eb shpeshta t\u00eb dhun\u00ebs n\u00eb familje, ngacmimeve e sulmeve seksuale. N\u00eb shum\u00eb raste, viktima jan\u00eb vajzat e mitura, t\u00eb cilat keqp\u00ebrdoren seksualisht qoft\u00eb nga bashk\u00ebmoshatar\u00eb apo edhe persona t\u00eb mosh\u00ebs madhore. Nj\u00eb rast i till\u00eb dyshohet t\u00eb ket\u00eb ndodhur t\u00eb h\u00ebn\u00ebn n\u00eb rrug\u00ebn \u201cMuharem Fejza\u201d n\u00eb [&hellip;]","og_url":"https:\/\/permbledhja.com\/sq\/e-tmerrshme-ne-prishtine-9-vjecarja-dyshohet-se-u-sulmua-seksualisht-nga-nje-25-vjecar-arrestohet-i-dyshuari\/","og_site_name":"Ve\u00e7 artikuj p\u00ebrmbledh\u00ebs","article_publisher":"https:\/\/www.facebook.com\/press07\/","article_author":"https:\/\/www.facebook.com\/kafexhiu.muharrem\/","article_published_time":"2024-01-02T14:59:59+00:00","og_image":[{"width":797,"height":507,"url":"https:\/\/permbledhja.com\/wp-content\/uploads\/2022\/10\/sulm-seksual.jpg","type":"image\/jpeg"}],"author":"P\u00ebrmbledhja","twitter_card":"summary_large_image","twitter_misc":{"Written by":"P\u00ebrmbledhja","Est. reading time":"1 minut\u00eb"},"schema":{"@context":"https:\/\/schema.org","@graph":[{"@type":"Article","@id":"https:\/\/permbledhja.com\/e-tmerrshme-ne-prishtine-9-vjecarja-dyshohet-se-u-sulmua-seksualisht-nga-nje-25-vjecar-arrestohet-i-dyshuari\/#article","isPartOf":{"@id":"https:\/\/permbledhja.com\/e-tmerrshme-ne-prishtine-9-vjecarja-dyshohet-se-u-sulmua-seksualisht-nga-nje-25-vjecar-arrestohet-i-dyshuari\/"},"author":{"name":"P\u00ebrmbledhja","@id":"https:\/\/permbledhja.com\/#\/schema\/person\/0d064377258d3221e50693947b9eb4fe"},"headline":"E tmerrshme n\u00eb Prishtin\u00eb: 9-vje\u00e7arja dyshohet se u sulmua seksualisht nga nj\u00eb 25-vje\u00e7ar, arrestohet i dyshuari","datePublished":"2024-01-02T14:59:59+00:00","dateModified":"2024-01-02T14:59:59+00:00","mainEntityOfPage":{"@id":"https:\/\/permbledhja.com\/e-tmerrshme-ne-prishtine-9-vjecarja-dyshohet-se-u-sulmua-seksualisht-nga-nje-25-vjecar-arrestohet-i-dyshuari\/"},"wordCount":222,"publisher":{"@id":"https:\/\/permbledhja.com\/#organization"},"keywords":["Sulmi"],"articleSection":["T\u00eb r\u00ebnd\u00ebsishme"],"inLanguage":"sq"},{"@type":"WebPage","@id":"https:\/\/permbledhja.com\/e-tmerrshme-ne-prishtine-9-vjecarja-dyshohet-se-u-sulmua-seksualisht-nga-nje-25-vjecar-arrestohet-i-dyshuari\/","url":"https:\/\/permbledhja.com\/e-tmerrshme-ne-prishtine-9-vjecarja-dyshohet-se-u-sulmua-seksualisht-nga-nje-25-vjecar-arrestohet-i-dyshuari\/","name":"E tmerrshme n\u00eb Prishtin\u00eb: 9-vje\u00e7arja dyshohet se u sulmua seksualisht nga nj\u00eb 25-vje\u00e7ar, arrestohet i dyshuari","isPartOf":{"@id":"https:\/\/permbledhja.com\/#website"},"datePublished":"2024-01-02T14:59:59+00:00","dateModified":"2024-01-02T14:59:59+00:00","breadcrumb":{"@id":"https:\/\/permbledhja.com\/e-tmerrshme-ne-prishtine-9-vjecarja-dyshohet-se-u-sulmua-seksualisht-nga-nje-25-vjecar-arrestohet-i-dyshuari\/#breadcrumb"},"inLanguage":"sq","potentialAction":[{"@type":"ReadAction","target":["https:\/\/permbledhja.com\/e-tmerrshme-ne-prishtine-9-vjecarja-dyshohet-se-u-sulmua-seksualisht-nga-nje-25-vjecar-arrestohet-i-dyshuari\/"]}]},{"@type":"BreadcrumbList","@id":"https:\/\/permbledhja.com\/e-tmerrshme-ne-prishtine-9-vjecarja-dyshohet-se-u-sulmua-seksualisht-nga-nje-25-vjecar-arrestohet-i-dyshuari\/#breadcrumb","itemListElement":[{"@type":"ListItem","position":1,"name":"Ballina","item":"https:\/\/permbledhja.com\/sq\/"},{"@type":"ListItem","position":2,"name":"E tmerrshme n\u00eb Prishtin\u00eb: 9-vje\u00e7arja dyshohet se u sulmua seksualisht nga nj\u00eb 25-vje\u00e7ar, arrestohet i dyshuari"}]},{"@type":"WebSite","@id":"https:\/\/permbledhja.com\/#website","url":"https:\/\/permbledhja.com\/","name":"Ve\u00e7 artikuj p\u00ebrmbledh\u00ebs","description":"","publisher":{"@id":"https:\/\/permbledhja.com\/#organization"},"potentialAction":[{"@type":"SearchAction","target":{"@type":"EntryPoint","urlTemplate":"https:\/\/permbledhja.com\/?s={search_term_string}"},"query-input":"required name=search_term_string"}],"inLanguage":"sq"},{"@type":"Organization","@id":"https:\/\/permbledhja.com\/#organization","name":"MK Media & Pr","url":"https:\/\/permbledhja.com\/","logo":{"@type":"ImageObject","inLanguage":"sq","@id":"https:\/\/permbledhja.com\/#\/schema\/logo\/image\/","url":"https:\/\/permbledhja.com\/wp-content\/uploads\/2021\/12\/07-Press-Logo.jpg","contentUrl":"https:\/\/permbledhja.com\/wp-content\/uploads\/2021\/12\/07-Press-Logo.jpg","width":512,"height":512,"caption":"MK Media & Pr"},"image":{"@id":"https:\/\/permbledhja.com\/#\/schema\/logo\/image\/"},"sameAs":["https:\/\/www.facebook.com\/press07\/"]},{"@type":"Person","@id":"https:\/\/permbledhja.com\/#\/schema\/person\/0d064377258d3221e50693947b9eb4fe","name":"P\u00ebrmbledhja","image":{"@type":"ImageObject","inLanguage":"sq","@id":"https:\/\/permbledhja.com\/#\/schema\/person\/image\/","url":"https:\/\/permbledhja.com\/wp-content\/uploads\/2026\/01\/452004717_1040944174702970_8932037511805513407_n-96x96.jpg","contentUrl":"https:\/\/permbledhja.com\/wp-content\/uploads\/2026\/01\/452004717_1040944174702970_8932037511805513407_n-96x96.jpg","caption":"P\u00ebrmbledhja"},"sameAs":["https:\/\/www.facebook.com\/kafexhiu.muharrem\/","https:\/\/www.instagram.com\/muharrem_kafexhiu\/"],"url":"https:\/\/permbledhja.com\/sq\/author\/admin\/"}]}},"_links":{"self":[{"href":"https:\/\/permbledhja.com\/sq\/wp-json\/wp\/v2\/posts\/41197"}],"collection":[{"href":"https:\/\/permbledhja.com\/sq\/wp-json\/wp\/v2\/posts"}],"about":[{"href":"https:\/\/permbledhja.com\/sq\/wp-json\/wp\/v2\/types\/post"}],"author":[{"embeddable":true,"href":"https:\/\/permbledhja.com\/sq\/wp-json\/wp\/v2\/users\/1"}],"replies":[{"embeddable":true,"href":"https:\/\/permbledhja.com\/sq\/wp-json\/wp\/v2\/comments?post=41197"}],"version-history":[{"count":1,"href":"https:\/\/permbledhja.com\/sq\/wp-json\/wp\/v2\/posts\/41197\/revisions"}],"predecessor-version":[{"id":41198,"href":"https:\/\/permbledhja.com\/sq\/wp-json\/wp\/v2\/posts\/41197\/revisions\/41198"}],"wp:featuredmedia":[{"embeddable":true,"href":"https:\/\/permbledhja.com\/sq\/wp-json\/wp\/v2\/media\/7663"}],"wp:attachment":[{"href":"https:\/\/permbledhja.com\/sq\/wp-json\/wp\/v2\/media?parent=41197"}],"wp:term":[{"taxonomy":"category","embeddable":true,"href":"https:\/\/permbledhja.com\/sq\/wp-json\/wp\/v2\/categories?post=41197"},{"taxonomy":"post_tag","embeddable":true,"href":"https:\/\/permbledhja.com\/sq\/wp-json\/wp\/v2\/tags?post=41197"}],"curies":[{"name":"wp","href":"https:\/\/api.w.org\/{rel}","templated":true}]}}