{"id":41086,"date":"2024-01-01T20:33:20","date_gmt":"2024-01-01T20:33:20","guid":{"rendered":"https:\/\/permbledhja.com\/?p=41086"},"modified":"2024-01-01T20:33:20","modified_gmt":"2024-01-01T20:33:20","slug":"ish-ministri-slloven-flet-per-liberalizimin-e-vizave-me-pdk-ne-avokuam-disa-vite","status":"publish","type":"post","link":"https:\/\/permbledhja.com\/sq\/ish-ministri-slloven-flet-per-liberalizimin-e-vizave-me-pdk-ne-avokuam-disa-vite\/","title":{"rendered":"Ish-ministri slloven flet p\u00ebr liberalizimin e vizave: Me PDK-n\u00eb avokuam disa vite"},"content":{"rendered":"<h3>Ish-ministri i Mbrojtjes i Sllovenis\u00eb, Roman Jakiq, e ka quajtur lajm t\u00eb mir\u00eb heqjen e vizave p\u00ebr kosovar\u00ebt.<\/h3>\n<p>Jakiq, p\u00ebr k\u00ebt\u00eb sukses, nd\u00ebr t\u00eb tj\u00ebra e ka fal\u00ebnderuar ish-partin\u00eb n\u00eb pushtet, PDK-n\u00eb.<\/p>\n<p>\u201cLajm i mir\u00eb p\u00ebr qytetar\u00ebt e Kosov\u00ebs. Nga sot ata mund t\u00eb udh\u00ebtojn\u00eb n\u00eb zon\u00ebn Sh\u00ebngen t\u00eb Bashkimit Evropian pa viza, gj\u00eb q\u00eb ne s\u00eb bashku me Rrjetin Liberal t\u00eb Evrop\u00ebs Juglindore (LIBSEEN), Partin\u00eb Demokratike t\u00eb Kosov\u00ebs, Partin\u00eb Aleanca e Liberal\u00ebve dhe Demokrat\u00ebve p\u00ebr Evrop\u00ebn, kemi avokuar n\u00eb vitet e fundit. Ju faleminderit t\u00eb gjith\u00ebve\u201d, shkroi Jakiq.<\/p>\n<div class=\"\"><\/div>\n","protected":false},"excerpt":{"rendered":"<p>Ish-ministri i Mbrojtjes i Sllovenis\u00eb, Roman Jakiq, e ka quajtur lajm t\u00eb mir\u00eb heqjen e vizave p\u00ebr kosovar\u00ebt. Jakiq, p\u00ebr k\u00ebt\u00eb sukses, nd\u00ebr t\u00eb tj\u00ebra e ka fal\u00ebnderuar ish-partin\u00eb n\u00eb pushtet, PDK-n\u00eb. \u201cLajm i mir\u00eb p\u00ebr qytetar\u00ebt e Kosov\u00ebs. Nga sot ata mund t\u00eb udh\u00ebtojn\u00eb n\u00eb zon\u00ebn Sh\u00ebngen t\u00eb Bashkimit Evropian pa viza, gj\u00eb q\u00eb [&hellip;]<\/p>\n","protected":false},"author":2,"featured_media":41087,"comment_status":"closed","ping_status":"closed","sticky":false,"template":"","format":"standard","meta":{"_monsterinsights_skip_tracking":false,"_monsterinsights_sitenote_active":false,"_monsterinsights_sitenote_note":"","_monsterinsights_sitenote_category":0,"_uf_show_specific_survey":0,"_uf_disable_surveys":false,"footnotes":""},"categories":[15],"tags":[271],"yoast_head":"<!-- This site is optimized with the Yoast SEO plugin v21.5 - https:\/\/yoast.com\/wordpress\/plugins\/seo\/ -->\n<title>Ish-ministri slloven flet p\u00ebr liberalizimin e vizave: Me PDK-n\u00eb avokuam disa vite<\/title>\n<meta name=\"robots\" content=\"index, follow, max-snippet:-1, max-image-preview:large, max-video-preview:-1\" \/>\n<link rel=\"canonical\" href=\"https:\/\/permbledhja.com\/sq\/ish-ministri-slloven-flet-per-liberalizimin-e-vizave-me-pdk-ne-avokuam-disa-vite\/\" \/>\n<meta property=\"og:locale\" content=\"sq_AL\" \/>\n<meta property=\"og:type\" content=\"article\" \/>\n<meta property=\"og:title\" content=\"Ish-ministri slloven flet p\u00ebr liberalizimin e vizave: Me PDK-n\u00eb avokuam disa vite\" \/>\n<meta property=\"og:description\" content=\"Ish-ministri i Mbrojtjes i Sllovenis\u00eb, Roman Jakiq, e ka quajtur lajm t\u00eb mir\u00eb heqjen e vizave p\u00ebr kosovar\u00ebt. Jakiq, p\u00ebr k\u00ebt\u00eb sukses, nd\u00ebr t\u00eb tj\u00ebra e ka fal\u00ebnderuar ish-partin\u00eb n\u00eb pushtet, PDK-n\u00eb. \u201cLajm i mir\u00eb p\u00ebr qytetar\u00ebt e Kosov\u00ebs. Nga sot ata mund t\u00eb udh\u00ebtojn\u00eb n\u00eb zon\u00ebn Sh\u00ebngen t\u00eb Bashkimit Evropian pa viza, gj\u00eb q\u00eb [&hellip;]\" \/>\n<meta property=\"og:url\" content=\"https:\/\/permbledhja.com\/sq\/ish-ministri-slloven-flet-per-liberalizimin-e-vizave-me-pdk-ne-avokuam-disa-vite\/\" \/>\n<meta property=\"og:site_name\" content=\"Ve\u00e7 artikuj p\u00ebrmbledh\u00ebs\" \/>\n<meta property=\"article:publisher\" content=\"https:\/\/www.facebook.com\/press07\/\" \/>\n<meta property=\"article:published_time\" content=\"2024-01-01T20:33:20+00:00\" \/>\n<meta property=\"og:image\" content=\"https:\/\/permbledhja.com\/wp-content\/uploads\/2024\/01\/Capture-1-1-600x360-1.jpg\" \/>\n\t<meta property=\"og:image:width\" content=\"600\" \/>\n\t<meta property=\"og:image:height\" content=\"360\" \/>\n\t<meta property=\"og:image:type\" content=\"image\/jpeg\" \/>\n<meta name=\"author\" content=\"M M\" \/>\n<meta name=\"twitter:card\" content=\"summary_large_image\" \/>\n<meta name=\"twitter:label1\" content=\"Written by\" \/>\n\t<meta name=\"twitter:data1\" content=\"M M\" \/>\n\t<meta name=\"twitter:label2\" content=\"Est. reading time\" \/>\n\t<meta name=\"twitter:data2\" content=\"1 minut\u00eb\" \/>\n<script type=\"application\/ld+json\" class=\"yoast-schema-graph\">{\"@context\":\"https:\/\/schema.org\",\"@graph\":[{\"@type\":\"Article\",\"@id\":\"https:\/\/permbledhja.com\/sq\/ish-ministri-slloven-flet-per-liberalizimin-e-vizave-me-pdk-ne-avokuam-disa-vite\/#article\",\"isPartOf\":{\"@id\":\"https:\/\/permbledhja.com\/sq\/ish-ministri-slloven-flet-per-liberalizimin-e-vizave-me-pdk-ne-avokuam-disa-vite\/\"},\"author\":{\"name\":\"M M\",\"@id\":\"https:\/\/permbledhja.com\/#\/schema\/person\/d23f13f59b5722643933d6780783acf3\"},\"headline\":\"Ish-ministri slloven flet p\u00ebr liberalizimin e vizave: Me PDK-n\u00eb avokuam disa vite\",\"datePublished\":\"2024-01-01T20:33:20+00:00\",\"dateModified\":\"2024-01-01T20:33:20+00:00\",\"mainEntityOfPage\":{\"@id\":\"https:\/\/permbledhja.com\/sq\/ish-ministri-slloven-flet-per-liberalizimin-e-vizave-me-pdk-ne-avokuam-disa-vite\/\"},\"wordCount\":122,\"publisher\":{\"@id\":\"https:\/\/permbledhja.com\/#organization\"},\"keywords\":[\"PDK\"],\"articleSection\":[\"Lajme\"],\"inLanguage\":\"sq\"},{\"@type\":\"WebPage\",\"@id\":\"https:\/\/permbledhja.com\/sq\/ish-ministri-slloven-flet-per-liberalizimin-e-vizave-me-pdk-ne-avokuam-disa-vite\/\",\"url\":\"https:\/\/permbledhja.com\/sq\/ish-ministri-slloven-flet-per-liberalizimin-e-vizave-me-pdk-ne-avokuam-disa-vite\/\",\"name\":\"Ish-ministri slloven flet p\u00ebr liberalizimin e vizave: Me PDK-n\u00eb avokuam disa vite\",\"isPartOf\":{\"@id\":\"https:\/\/permbledhja.com\/#website\"},\"datePublished\":\"2024-01-01T20:33:20+00:00\",\"dateModified\":\"2024-01-01T20:33:20+00:00\",\"breadcrumb\":{\"@id\":\"https:\/\/permbledhja.com\/sq\/ish-ministri-slloven-flet-per-liberalizimin-e-vizave-me-pdk-ne-avokuam-disa-vite\/#breadcrumb\"},\"inLanguage\":\"sq\",\"potentialAction\":[{\"@type\":\"ReadAction\",\"target\":[\"https:\/\/permbledhja.com\/sq\/ish-ministri-slloven-flet-per-liberalizimin-e-vizave-me-pdk-ne-avokuam-disa-vite\/\"]}]},{\"@type\":\"BreadcrumbList\",\"@id\":\"https:\/\/permbledhja.com\/sq\/ish-ministri-slloven-flet-per-liberalizimin-e-vizave-me-pdk-ne-avokuam-disa-vite\/#breadcrumb\",\"itemListElement\":[{\"@type\":\"ListItem\",\"position\":1,\"name\":\"Ballina\",\"item\":\"https:\/\/permbledhja.com\/sq\/\"},{\"@type\":\"ListItem\",\"position\":2,\"name\":\"Ish-ministri slloven flet p\u00ebr liberalizimin e vizave: Me PDK-n\u00eb avokuam disa vite\"}]},{\"@type\":\"WebSite\",\"@id\":\"https:\/\/permbledhja.com\/#website\",\"url\":\"https:\/\/permbledhja.com\/\",\"name\":\"Ve\u00e7 artikuj p\u00ebrmbledh\u00ebs\",\"description\":\"\",\"publisher\":{\"@id\":\"https:\/\/permbledhja.com\/#organization\"},\"potentialAction\":[{\"@type\":\"SearchAction\",\"target\":{\"@type\":\"EntryPoint\",\"urlTemplate\":\"https:\/\/permbledhja.com\/?s={search_term_string}\"},\"query-input\":\"required name=search_term_string\"}],\"inLanguage\":\"sq\"},{\"@type\":\"Organization\",\"@id\":\"https:\/\/permbledhja.com\/#organization\",\"name\":\"MK Media & Pr\",\"url\":\"https:\/\/permbledhja.com\/\",\"logo\":{\"@type\":\"ImageObject\",\"inLanguage\":\"sq\",\"@id\":\"https:\/\/permbledhja.com\/#\/schema\/logo\/image\/\",\"url\":\"https:\/\/permbledhja.com\/wp-content\/uploads\/2021\/12\/07-Press-Logo.jpg\",\"contentUrl\":\"https:\/\/permbledhja.com\/wp-content\/uploads\/2021\/12\/07-Press-Logo.jpg\",\"width\":512,\"height\":512,\"caption\":\"MK Media & Pr\"},\"image\":{\"@id\":\"https:\/\/permbledhja.com\/#\/schema\/logo\/image\/\"},\"sameAs\":[\"https:\/\/www.facebook.com\/press07\/\"]},{\"@type\":\"Person\",\"@id\":\"https:\/\/permbledhja.com\/#\/schema\/person\/d23f13f59b5722643933d6780783acf3\",\"name\":\"M M\",\"image\":{\"@type\":\"ImageObject\",\"inLanguage\":\"sq\",\"@id\":\"https:\/\/permbledhja.com\/#\/schema\/person\/image\/\",\"url\":\"https:\/\/secure.gravatar.com\/avatar\/e2835a76ca7c31a2416b2d51c4ec9a8f?s=96&d=mm&r=g\",\"contentUrl\":\"https:\/\/secure.gravatar.com\/avatar\/e2835a76ca7c31a2416b2d51c4ec9a8f?s=96&d=mm&r=g\",\"caption\":\"M M\"},\"sameAs\":[\"http:\/\/MM\"],\"url\":\"https:\/\/permbledhja.com\/sq\/author\/muhamet\/\"}]}<\/script>\n<!-- \/ Yoast SEO plugin. -->","yoast_head_json":{"title":"Ish-ministri slloven flet p\u00ebr liberalizimin e vizave: Me PDK-n\u00eb avokuam disa vite","robots":{"index":"index","follow":"follow","max-snippet":"max-snippet:-1","max-image-preview":"max-image-preview:large","max-video-preview":"max-video-preview:-1"},"canonical":"https:\/\/permbledhja.com\/sq\/ish-ministri-slloven-flet-per-liberalizimin-e-vizave-me-pdk-ne-avokuam-disa-vite\/","og_locale":"sq_AL","og_type":"article","og_title":"Ish-ministri slloven flet p\u00ebr liberalizimin e vizave: Me PDK-n\u00eb avokuam disa vite","og_description":"Ish-ministri i Mbrojtjes i Sllovenis\u00eb, Roman Jakiq, e ka quajtur lajm t\u00eb mir\u00eb heqjen e vizave p\u00ebr kosovar\u00ebt. Jakiq, p\u00ebr k\u00ebt\u00eb sukses, nd\u00ebr t\u00eb tj\u00ebra e ka fal\u00ebnderuar ish-partin\u00eb n\u00eb pushtet, PDK-n\u00eb. \u201cLajm i mir\u00eb p\u00ebr qytetar\u00ebt e Kosov\u00ebs. Nga sot ata mund t\u00eb udh\u00ebtojn\u00eb n\u00eb zon\u00ebn Sh\u00ebngen t\u00eb Bashkimit Evropian pa viza, gj\u00eb q\u00eb [&hellip;]","og_url":"https:\/\/permbledhja.com\/sq\/ish-ministri-slloven-flet-per-liberalizimin-e-vizave-me-pdk-ne-avokuam-disa-vite\/","og_site_name":"Ve\u00e7 artikuj p\u00ebrmbledh\u00ebs","article_publisher":"https:\/\/www.facebook.com\/press07\/","article_published_time":"2024-01-01T20:33:20+00:00","og_image":[{"width":600,"height":360,"url":"https:\/\/permbledhja.com\/wp-content\/uploads\/2024\/01\/Capture-1-1-600x360-1.jpg","type":"image\/jpeg"}],"author":"M M","twitter_card":"summary_large_image","twitter_misc":{"Written by":"M M","Est. reading time":"1 minut\u00eb"},"schema":{"@context":"https:\/\/schema.org","@graph":[{"@type":"Article","@id":"https:\/\/permbledhja.com\/sq\/ish-ministri-slloven-flet-per-liberalizimin-e-vizave-me-pdk-ne-avokuam-disa-vite\/#article","isPartOf":{"@id":"https:\/\/permbledhja.com\/sq\/ish-ministri-slloven-flet-per-liberalizimin-e-vizave-me-pdk-ne-avokuam-disa-vite\/"},"author":{"name":"M M","@id":"https:\/\/permbledhja.com\/#\/schema\/person\/d23f13f59b5722643933d6780783acf3"},"headline":"Ish-ministri slloven flet p\u00ebr liberalizimin e vizave: Me PDK-n\u00eb avokuam disa vite","datePublished":"2024-01-01T20:33:20+00:00","dateModified":"2024-01-01T20:33:20+00:00","mainEntityOfPage":{"@id":"https:\/\/permbledhja.com\/sq\/ish-ministri-slloven-flet-per-liberalizimin-e-vizave-me-pdk-ne-avokuam-disa-vite\/"},"wordCount":122,"publisher":{"@id":"https:\/\/permbledhja.com\/#organization"},"keywords":["PDK"],"articleSection":["Lajme"],"inLanguage":"sq"},{"@type":"WebPage","@id":"https:\/\/permbledhja.com\/sq\/ish-ministri-slloven-flet-per-liberalizimin-e-vizave-me-pdk-ne-avokuam-disa-vite\/","url":"https:\/\/permbledhja.com\/sq\/ish-ministri-slloven-flet-per-liberalizimin-e-vizave-me-pdk-ne-avokuam-disa-vite\/","name":"Ish-ministri slloven flet p\u00ebr liberalizimin e vizave: Me PDK-n\u00eb avokuam disa vite","isPartOf":{"@id":"https:\/\/permbledhja.com\/#website"},"datePublished":"2024-01-01T20:33:20+00:00","dateModified":"2024-01-01T20:33:20+00:00","breadcrumb":{"@id":"https:\/\/permbledhja.com\/sq\/ish-ministri-slloven-flet-per-liberalizimin-e-vizave-me-pdk-ne-avokuam-disa-vite\/#breadcrumb"},"inLanguage":"sq","potentialAction":[{"@type":"ReadAction","target":["https:\/\/permbledhja.com\/sq\/ish-ministri-slloven-flet-per-liberalizimin-e-vizave-me-pdk-ne-avokuam-disa-vite\/"]}]},{"@type":"BreadcrumbList","@id":"https:\/\/permbledhja.com\/sq\/ish-ministri-slloven-flet-per-liberalizimin-e-vizave-me-pdk-ne-avokuam-disa-vite\/#breadcrumb","itemListElement":[{"@type":"ListItem","position":1,"name":"Ballina","item":"https:\/\/permbledhja.com\/sq\/"},{"@type":"ListItem","position":2,"name":"Ish-ministri slloven flet p\u00ebr liberalizimin e vizave: Me PDK-n\u00eb avokuam disa vite"}]},{"@type":"WebSite","@id":"https:\/\/permbledhja.com\/#website","url":"https:\/\/permbledhja.com\/","name":"Ve\u00e7 artikuj p\u00ebrmbledh\u00ebs","description":"","publisher":{"@id":"https:\/\/permbledhja.com\/#organization"},"potentialAction":[{"@type":"SearchAction","target":{"@type":"EntryPoint","urlTemplate":"https:\/\/permbledhja.com\/?s={search_term_string}"},"query-input":"required name=search_term_string"}],"inLanguage":"sq"},{"@type":"Organization","@id":"https:\/\/permbledhja.com\/#organization","name":"MK Media & Pr","url":"https:\/\/permbledhja.com\/","logo":{"@type":"ImageObject","inLanguage":"sq","@id":"https:\/\/permbledhja.com\/#\/schema\/logo\/image\/","url":"https:\/\/permbledhja.com\/wp-content\/uploads\/2021\/12\/07-Press-Logo.jpg","contentUrl":"https:\/\/permbledhja.com\/wp-content\/uploads\/2021\/12\/07-Press-Logo.jpg","width":512,"height":512,"caption":"MK Media & Pr"},"image":{"@id":"https:\/\/permbledhja.com\/#\/schema\/logo\/image\/"},"sameAs":["https:\/\/www.facebook.com\/press07\/"]},{"@type":"Person","@id":"https:\/\/permbledhja.com\/#\/schema\/person\/d23f13f59b5722643933d6780783acf3","name":"M M","image":{"@type":"ImageObject","inLanguage":"sq","@id":"https:\/\/permbledhja.com\/#\/schema\/person\/image\/","url":"https:\/\/secure.gravatar.com\/avatar\/e2835a76ca7c31a2416b2d51c4ec9a8f?s=96&d=mm&r=g","contentUrl":"https:\/\/secure.gravatar.com\/avatar\/e2835a76ca7c31a2416b2d51c4ec9a8f?s=96&d=mm&r=g","caption":"M M"},"sameAs":["http:\/\/MM"],"url":"https:\/\/permbledhja.com\/sq\/author\/muhamet\/"}]}},"_links":{"self":[{"href":"https:\/\/permbledhja.com\/sq\/wp-json\/wp\/v2\/posts\/41086"}],"collection":[{"href":"https:\/\/permbledhja.com\/sq\/wp-json\/wp\/v2\/posts"}],"about":[{"href":"https:\/\/permbledhja.com\/sq\/wp-json\/wp\/v2\/types\/post"}],"author":[{"embeddable":true,"href":"https:\/\/permbledhja.com\/sq\/wp-json\/wp\/v2\/users\/2"}],"replies":[{"embeddable":true,"href":"https:\/\/permbledhja.com\/sq\/wp-json\/wp\/v2\/comments?post=41086"}],"version-history":[{"count":1,"href":"https:\/\/permbledhja.com\/sq\/wp-json\/wp\/v2\/posts\/41086\/revisions"}],"predecessor-version":[{"id":41088,"href":"https:\/\/permbledhja.com\/sq\/wp-json\/wp\/v2\/posts\/41086\/revisions\/41088"}],"wp:featuredmedia":[{"embeddable":true,"href":"https:\/\/permbledhja.com\/sq\/wp-json\/wp\/v2\/media\/41087"}],"wp:attachment":[{"href":"https:\/\/permbledhja.com\/sq\/wp-json\/wp\/v2\/media?parent=41086"}],"wp:term":[{"taxonomy":"category","embeddable":true,"href":"https:\/\/permbledhja.com\/sq\/wp-json\/wp\/v2\/categories?post=41086"},{"taxonomy":"post_tag","embeddable":true,"href":"https:\/\/permbledhja.com\/sq\/wp-json\/wp\/v2\/tags?post=41086"}],"curies":[{"name":"wp","href":"https:\/\/api.w.org\/{rel}","templated":true}]}}