{"id":41083,"date":"2024-01-01T20:18:19","date_gmt":"2024-01-01T20:18:19","guid":{"rendered":"https:\/\/permbledhja.com\/?p=41083"},"modified":"2024-01-01T20:18:19","modified_gmt":"2024-01-01T20:18:19","slug":"cka-duhet-te-beje-kosova-ne-sferen-e-sigurise-per-tu-mbrojtur-nga-serbia-flet-ushtaraku-nga-shqiperia","status":"publish","type":"post","link":"https:\/\/permbledhja.com\/sq\/cka-duhet-te-beje-kosova-ne-sferen-e-sigurise-per-tu-mbrojtur-nga-serbia-flet-ushtaraku-nga-shqiperia\/","title":{"rendered":"\u00c7ka duhet t\u00eb b\u00ebj\u00eb Kosova n\u00eb sfer\u00ebn e Siguris\u00eb p\u00ebr tu mbrojtur nga Serbia: Flet ushtaraku nga Shqip\u00ebria"},"content":{"rendered":"<h3>Shum\u00eb analist\u00eb ushtarak\u00eb dhe t\u00eb luft\u00ebs, kan\u00eb hedhur hipotez\u00ebn se tani p\u00ebr tani bota ndodhet n\u00eb t\u00eb nj\u00ebjt\u00ebn situat\u00eb sikurse ishte n\u00eb vitet 1930-ta, pra kur lufta e dyt\u00eb bot\u00ebrore po trokiste n\u00eb der\u00eb n\u00eb at\u00eb koh\u00eb.<\/h3>\n<p>Shtetet autoritare tani m\u00eb kan\u00eb marr\u00eb zem\u00ebr, dhe po ua m\u00ebsyjn\u00eb shteteve fqinje duke i pushtuar, si\u00e7 \u00ebsht\u00eb rasti i agresionit t\u00eb pa precedent rus mbi Ukrain\u00ebn, k\u00ebrc\u00ebnimi permanent kinez mbi Tajvanin, k\u00ebrc\u00ebnimi i Serbis\u00eb mbi Kosov\u00ebn e t\u00eb tjera, shkruan lajmi.net.<\/p>\n<p>Bota po armatoset m\u00eb shum\u00eb se kurr\u00eb, vigjilienca e shteteve \u00ebsht\u00eb rritur thuajse gjithkund, e krahas k\u00ebsaj nuk ka mbetur mbrapa as vendi jon\u00eb Kosova.<\/p>\n<p>P\u00ebr situat\u00ebn e siguris\u00eb n\u00eb vend, dhe p\u00ebr ruajtjen e siguris\u00eb dhe ushtrimin e sovranitetit territorjal, lajmi.net ka zhvilluar nj\u00eb bised\u00eb me ushtarakun e lart\u00eb shqiptar, Artur Me\u00e7ollari.<\/p>\n<p>Eksperti ushtarak shqiptar e sheh si p\u00ebrpar\u00ebsi prezenc\u00ebn e NATO\u2019s\u00eb n\u00eb Kosov\u00eb, pasi q\u00eb sipas tij, kjo i mund\u00ebson Forc\u00ebs s\u00eb Siguris\u00eb s\u00eb Kosov\u00ebs q\u00eb t\u00eb zhvilloj\u00eb edhe m\u00eb shum\u00eb kapacitetet e saja, dhe se \u00e7do zhvillim ushtarak i FSK\u2019s\u00eb, do t\u00eb b\u00ebnte q\u00eb kund\u00ebrshtari t\u00eb mendohej dy her\u00eb para se t\u00eb ia m\u00ebsynte Kosov\u00ebs.<\/p>\n<p>\u201c\u00c7do forc\u00eb e armatosur ka si mision kryesor garantimin e integritetit territorial t\u00eb vendit.\u00a0 Rasti i Kosov\u00ebs \u00ebsht\u00eb i ve\u00e7ant\u00eb dhe prezenca e NATO-s n\u00eb Kosov\u00eb, i jep mund\u00ebsi Forc\u00ebs s\u00eb Siguris\u00eb s\u00eb Kosov\u00ebs q\u00eb krahas bashk\u00ebpunimit me KFOR t\u00eb fokusohet edhe n\u00eb rritjen e kapaciteteve t\u00eb saj nga sot si nj\u00eb Forc\u00eb t\u00eb Armatosur e s\u00eb nes\u00ebrmes.\u00a0 Rritja e kapaciteteve t\u00eb FSK dhe transformimi i saj n\u00eb Forca t\u00eb Armatosura \u00ebsht\u00eb garancia p\u00ebr shkurajimin e \u00e7do kund\u00ebrshtari t\u00eb mundsh\u00ebm, ve\u00e7an\u00ebrisht Serbis\u00eb, e cila synon c\u00ebnimin e siguris\u00eb n\u00eb Kosov\u00eb, por edhe m\u00eb gjer\u00eb.\u00a0 Siguria e Kosov\u00ebs vion\u00eb t\u00eb jet\u00eb e rrezikuar dhe NATO \u00ebsht\u00eb e shqet\u00ebsuar p\u00ebr k\u00ebt\u00eb\u201d, u shpreh ai.<\/p>\n<p>Me\u00e7ollari parasheh se me p\u00ebrfundimin e luft\u00ebs n\u00eb Ukrain\u00eb, dhe me nj\u00eb humbje t\u00eb Rusis\u00eb n\u00eb k\u00ebt\u00eb luft\u00eb, do t\u00eb p\u00ebrb\u00ebnte nj\u00eb momentum t\u00eb mir\u00eb p\u00ebr Kosov\u00ebn sepse do t\u00eb ndryshonin balancat gjeopolitike n\u00eb favor t\u00eb shtetit t\u00eb Kosov\u00ebs n\u00eb mekanizmat nd\u00ebrkomb\u00ebtar si\u00e7 \u00ebsht\u00eb OKB, krahas k\u00ebsaj ai tha se prezenca e KFOR n\u00eb Kosov\u00eb \u00ebsht\u00eb nj\u00eb garanci shtes\u00eb p\u00ebr t\u00eb iu kund\u00ebrp\u00ebrgjigjur \u00e7do lloj agresioni nga paramilitar\u00eb ose nga vet shteti serb.<\/p>\n<p>\u201cKFOR-i \u00ebsht\u00eb prezent n\u00eb Kosov\u00eb, sot me kapacitete t\u00eb shtuara p\u00ebr shkak t\u00eb tentativave serioze t\u00eb b\u00ebra nga paramilitar\u00ebt me komb\u00ebsi serbe, t\u00eb mb\u00ebshtetur nga qeveria e Serbis\u00eb.\u00a0 \u00a0P\u00ebrfundimi i luft\u00ebs n\u00eb Ukrain\u00eb do t\u00eb ndryshoj\u00eb ballancat gjeopolitike dhe rolin e Rusis\u00eb n\u00eb mjedisin e siguris\u00eb globale, rrjedhimisht dhe t\u00eb Serbis\u00eb n\u00eb Ballkan, ndryshime k\u00ebto n\u00eb favor t\u00eb Kosov\u00ebs.\u00a0 Nj\u00eb mjedis gjeopolitik i ngjash\u00ebm me at\u00eb t\u00eb vitit 1999 do t\u00eb krijoj\u00eb kushtet e favorshme p\u00ebr Kosov\u00ebn n\u00eb K\u00ebshillin e Sigurimit dhe an\u00ebtar\u00ebsimin e saj n\u00eb OKB\u201d, theksoi ai.<\/p>\n<p>Duke analizuar tutje, kapiteni shqiptar, ndalet te dy raste, kur siguria e Kosov\u00ebs \u00ebsht\u00eb k\u00ebrc\u00ebnuar seriozisht, vet\u00ebm gjat\u00eb k\u00ebtij viti, por ai e sheh me optimiz\u00ebm se vendi jon\u00eb n\u00eb bashk\u00ebpunim me aleat\u00ebt, do t\u00eb arrij\u00eb ti materizalizoj\u00eb objektivat e saja.<\/p>\n<p>\u201cIncidenti kufitar i 29 majit, akti terrorist n\u00eb Bajnsk\u00eb m\u00eb 24 shtator 2022, si dhe sjellja e shtetit serb nga k\u00ebto dy akte, tregon se Serbia, e mb\u00ebshtetur nga Rusia, jan\u00eb t\u00eb interesuara p\u00ebr destabilitet n\u00eb Kosov\u00eb.\u00a0 Kosova do t\u00eb jet\u00eb shpejt an\u00ebtare e OKB-s\u00eb, an\u00ebtare e NATO-s, si dhe e shum\u00eb organizatave t\u00eb tjera nd\u00ebrkomb\u00ebtare. Por, Kosova nd\u00ebrkoh\u00eb duhet t\u00eb demonstroj\u00eb vullnet p\u00ebr dialog dhe kontribut n\u00eb sigurin\u00eb rajonale, si dhe t\u00eb shmang\u00eb me \u00e7do m\u00ebnyr\u00eb provokimet, t\u00eb cilat mund t\u00eb destabilizojn\u00eb Kosov\u00ebn, rajonin dhe marr\u00ebdh\u00ebniett me aleat\u00ebt e saj\u201d, u shpreh Me\u00e7ollari.<\/p>\n<p>Duke i p\u00ebrmendur t\u00eb gjitha k\u00ebto m\u00eb lart\u00eb, ushtaraku nga Shqip\u00ebria t\u00ebrheq\u00eb v\u00ebrejtjen q\u00eb FSK nuk duhet kursesi t\u00eb nd\u00ebrmarr\u00eb hapa t\u00eb nj\u00ebansh\u00ebm, dhe krahas k\u00ebsaj, nga viti i ardhsh\u00ebm t\u00eb kompletoj\u00eb personelin e saj.<\/p>\n<p>\u201cFSK nuk duhet t\u00eb veproj\u00eb asnj\u00ebher\u00eb n\u00eb m\u00ebnyr\u00eb t\u00eb nj\u00eban\u00ebshme, por vet\u00ebm n\u00eb bashk\u00ebveprim, koordinim dhe bashk\u00ebrendim t\u00eb ngusht\u00eb me KFOR, si dy fuqi komplementare p\u00ebr t\u00eb nj\u00ebjtin q\u00ebllim t\u00eb p\u00ebrbashk\u00ebt. P\u00ebr m\u00eb tep\u00ebr, q\u00eb sot integriteti territorial i Kosov\u00ebs nuk \u00ebsht\u00eb i k\u00ebrc\u00ebnuar nga askush dhe p\u00ebrdorimi i FSK si agjensi ligjjzbatuese, ka kufizime si nga Rezoluta 1244 edhe nga Kushtetuta e Kosov\u00ebs.\u00a0 Transferimi i autoritetit t\u00eb plot\u00eb tek Forcat e saj t\u00eb Armatosura p\u00ebr garantimin e integritetit t\u00eb Kosov\u00ebs do t\u00eb ndodh\u00eb.\u00a0 Kosova duhet t\u00eb fokusohet p\u00ebr skenarin m\u00eb t\u00eb keq, hap\u00ebsir\u00ebn kohore midis an\u00ebtar\u00ebsimit n\u00eb OKB, e cila mund t\u00eb shoq\u00ebrohet me t\u00ebrheqjen e KFOR-it, deri n\u00eb an\u00ebtar\u00ebsimin e saj n\u00eb NATO, pavar\u00ebsisht se n\u00eb \u00e7do rrethan\u00eb Shqip\u00ebria \u00ebsht\u00eb aty. P\u00ebr momentin, sipas mendimit tim, p\u00ebr vitin 2024 e n\u00eb vazhdim, Ministria e Mbrojtjes duhet kete si objektiv\u00eb kryesor\u00eb transformimin e FSK, kompletimi me personel, rritjen e kapaciteteve dhe bashk\u00ebpunimin p\u00ebr sigurin\u00eb rajonale\u201d, k\u00ebshillon ai.<\/p>\n<p><strong>P\u00ebrgaditjet p\u00ebr t\u00eb ardhmen<\/strong><\/p>\n<p>P\u00ebrderisa Kosova po hyn\u00eb n\u00eb vitin 16 t\u00eb b\u00ebrjes shtet, sfidat e siguris\u00eb n\u00eb nivel rajonal dhe global acarohen \u00e7do dit\u00eb e m\u00eb shum\u00eb, rrjedhimisht k\u00ebsaj shtrohet nevoja edhe p\u00ebr armatosjen dhe forcimin t\u00eb m\u00ebtejsh\u00ebm t\u00eb ushtris\u00eb s\u00eb Kosov\u00ebs.<\/p>\n<p>Kapiten Me\u00e7ollari p\u00ebr k\u00ebt\u00eb \u00e7\u00ebshtje, k\u00ebshillon q\u00eb t\u00eb implementohet fillimisht baza ligjore me t\u00eb cil\u00ebn \u00ebsht\u00eb transformuar FSK n\u00eb Forca t\u00eb Armatosura.<\/p>\n<p>\u201cSot p\u00ebr Kosov\u00ebn prioritet kryesor \u00ebsht\u00eb kthimi i FSK n\u00eb nj\u00eb Forc\u00eb t\u00eb Armatosur, kjo sipas afateve t\u00eb parashikuara nga Parlamenti dhe t\u00eb miratuara nga aleat\u00ebt e saj.\u00a0 Ky proces duhet t\u00eb shoq\u00ebrohet me rritjen e numrit t\u00eb personelit drejt numrit t\u00eb autorizuar, si p\u00ebr forcat aktive dhe rezerviste, duke respektuar raportet etnike dhe gjinore n\u00eb k\u00ebt\u00eb forc\u00eb\u201d, n\u00ebnvizoi ai.<\/p>\n<p>P\u00ebrderisa ushtria jon\u00eb \u00ebsht\u00eb nj\u00eb forc\u00eb e vog\u00ebl dhe e kufizuar ushtarake, njoh\u00ebsi i \u00e7\u00ebshtjeve ushtarake tregon fushat ku fillimisht duhet intervenuar, dhe pajisjet dhe arm\u00ebt q\u00eb duhet t\u00eb i konsolidoj\u00eb edhe m\u00eb shum\u00eb ushtria e Kosov\u00ebs, q\u00eb do i nevojiteshin edhe p\u00ebr an\u00ebtar\u00ebsim n\u00eb NATO n\u00eb t\u00eb ardhmen.<\/p>\n<p>\u201cFSK, si nj\u00eb forc\u00eb e vog\u00ebl, ka nevoj\u00eb dhe p\u00ebr kapacitete t\u00eb plota zbulimi, kapacitet i cili krijon avantazh ndaj kund\u00ebrshtarit t\u00eb mundsh\u00ebm.\u00a0 Po ashtu, ka nevoj\u00eb t\u00eb investoj\u00eb n\u00eb sistemet e komandimit dhe kontrollit, mbrojtjes ajrore, kund\u00ebrtank dhe kibernetike, t\u00eb shk\u00ebmbimit t\u00eb informacionit, kontribut ndaj popullsis\u00eb n\u00eb rast fatkeq\u00ebsish natyrore dhe njer\u00ebzore, etj.\u00a0 Nes\u00ebr Forcat e Armatosura t\u00eb Kosov\u00ebs, si an\u00ebtar\u00eb n\u00eb NATO, por dhe nj\u00eb forc\u00eb e vog\u00ebl, duhet t\u00eb jet\u00eb e mir\u00ebpajisur dhe mir\u00ebtrajnuar p\u00ebr t\u00eb reaguar me shpejt\u00ebsi, me personel t\u00eb motivuar p\u00ebr p\u00ebrmbushjen e misionit dhe dhe p\u00ebr t\u00eb kontribuar n\u00eb NATO\u201d, tha ai.<\/p>\n<p>Me\u00e7ollari nuk ndalet me kaq, krahas investimeve n\u00eb planin e brendsh\u00ebm, ai thekson edhe nevoj\u00ebn imediate q\u00eb FSK t\u00eb bashk\u00ebpunoj\u00eb edhe n\u00eb nivel rajonal dhe at\u00eb europian.<\/p>\n<p>\u201cRritja e bashk\u00ebpunimit nd\u00ebrkomb\u00ebtar n\u00eb fush\u00ebn e mbrojtjes \u00ebsht\u00eb thelb\u00ebsore p\u00ebr Forc\u00ebn e ardhshme t\u00eb Armatosur t\u00eb Kosov\u00ebs. Bashk\u00ebpunimi p\u00ebr sigurin\u00eb rajonale, pse jo dhe evropiane, st\u00ebrvitje t\u00eb p\u00ebrh\u00ebrshme dhe t\u00eb p\u00ebrbashk\u00ebta me shtetet aleate dhe partnere, kontributit n\u00eb operacionet e NATO-s dhe BE, do t\u00eb rrisin jo vet\u00ebm imazhin e k\u00ebsaj force dhe Kosov\u00ebs, por dhe kapacitetet e saj profesionale. M\u00ebsimi i gjuh\u00ebs angleze dhe edukimi n\u00eb vendet aleate ka nj\u00eb r\u00ebnd\u00ebsi t\u00eb ve\u00e7ant\u00eb n\u00eb k\u00ebt\u00eb p\u00ebrqasje\u201d, k\u00ebshillon ai.<\/p>\n<p>Nj\u00eb lajm i mir\u00eb p\u00ebr bashk\u00ebbiseduesin ton\u00eb \u00ebsht\u00eb rritja e buxhetit p\u00ebr FSK konform k\u00ebrkesave t\u00eb NATO\u2019s\u00eb, dhe sipas tij kjo do t\u00eb ndikoj\u00eb n\u00eb p\u00ebrmir\u00ebsimin e m\u00ebtutjesh\u00ebm n\u00eb personelin ushtarak t\u00eb forc\u00ebs ushtarake t\u00eb Kosov\u00ebs, dhe reagimin e saj\u00eb n\u00eb raste t\u00eb k\u00ebrc\u00ebnimeve.<\/p>\n<p>\u201cRritja e buxhetit t\u00eb mbrojtjes n\u00eb 2% \u00ebsht\u00eb nj\u00eb lajm i mir\u00eb, i cili do t\u00eb mund\u00ebsoj\u00eb rritjen e kapacitetevet e FSK, n\u00eb sisteme dhe personel.\u00a0 Nj\u00eb pjes\u00eb e buxhetit natyrisht do t\u00eb shkoj\u00eb p\u00ebr modernizim, por v\u00ebmendje ka nevoj\u00eb t\u2019i kushtohet mb\u00ebshtetjes s\u00eb personelit dhe familjeve t\u00eb tyre.\u00a0 Ndoshta ka ardhur momenti q\u00eb n\u00eb bashk\u00ebpunim me KFOR, FSK t\u00eb realizoj\u00eb t\u00eb parin Vler\u00ebsim Strategjik t\u00eb Mbrojtjes, i cili do t\u00eb orientoj\u00eb at\u00eb drejt objektivave strategjike t\u00eb arritsh\u00ebm p\u00ebr nj\u00eb ose disa skenar\u00eb k\u00ebrc\u00ebnues t\u00eb mundsh\u00ebm.\u00a0 Kjo do t\u00eb orientoj\u00eb drejt gjithashtu planifikimin e forc\u00ebs t\u00eb s\u00eb ardhmes.\u00a0 Po ashtu, nj\u00eb force moderne e armatosur ka nevoj\u00eb p\u00ebr nj\u00eb baz\u00eb t\u00eb plot\u00eb ligjore mbi karrier\u00eb ushtarake, e cila ofron mund\u00ebsi t\u00eb barabarta p\u00ebr t\u00eb gjith\u00eb, struktur\u00eb piramidale t\u00eb gradave dhe ecuri t\u00eb vijueshme n\u00eb grad\u00eb, si nj\u00eb proces i papenguesh\u00ebm dhe i pand\u00ebrprer\u00eb deri n\u00eb gradat madhore\u201d, thekson kapiteni.<\/p>\n<p>Duke biseduar tutje, ushtaraku shqiptar kujton edhe nj\u00eb moment t\u00eb mir\u00eb t\u00eb jet\u00ebs s\u00eb tij q\u00eb kishte me pjes\u00ebtar\u00ebt e FSK.<\/p>\n<p>Para 13 viteve kujton ai, kishte trajnuar polumbar\u00ebt e par\u00eb t\u00eb k\u00ebrkim shp\u00ebtimit t\u00eb FSK\u2019s\u00eb, q\u00eb n\u00eb at\u00eb koh\u00eb udh\u00ebhiqeshin nga ministri aktual i Mbrojtjes s\u00eb Kosov\u00ebs, Ejup Maqedonci.<\/p>\n<p>\u201cKam patur fatin t\u00eb trajnoj p\u00ebr her\u00eb t\u00eb par\u00eb n\u00eb viti 2010 n\u00eb Baz\u00ebn e Pashalimanit, kur drejtoja k\u00ebt\u00eb baz\u00eb, polumbar\u00ebt e k\u00ebrkimit dhe shp\u00ebtimit t\u00eb FSK-s\u00eb.\u00a0 N\u00eb at\u00eb koh\u00eb kjo strukture drejtohej nga major Maqedonci.\u00a0 Sot jam i lumtur q\u00eb shikoj, jo vet\u00ebm polumbar\u00ebt, por e gjith\u00eb FSK-ja trajnohen si t\u00eb barabart\u00eb n\u00eb Shqip\u00ebri dhe n\u00eb shtete t\u00eb tjera aleate e partnere.\u00a0 E till\u00eb \u00ebsht\u00eb sot e gjith\u00eb FSK, me ushtarak\u00eb t\u00eb p\u00ebrkushtuar, profesionist\u00eb dhe patriot\u00eb.\u00a0 Reagimi i FSK-s\u00eb n\u00eb rastin e t\u00ebrmetit t\u00eb 26 n\u00ebntorit 2019 n\u00eb Shqip\u00ebri ishte nj\u00eb shembull se si nj\u00eb force p\u00ebrgatitet, trajnohet dhe reagon. Ajo tregoi gjithashtu se FSK \u00ebsht\u00eb nj\u00eb force ushtarake tejet e disiplinuar\u201d, kujton ai.<\/p>\n<p>P\u00ebr fund kapiteni shqiptar pati fjal\u00eb t\u00eb mira p\u00ebr Qeverin\u00eb e Kosov\u00ebs, sidomos me masat e marra n\u00eb sfer\u00ebn e mbrojtjes, po ashtu fjal\u00eb t\u00eb mira pati edhe p\u00ebr udh\u00ebhq\u00ebsit ushtarak t\u00eb vendit.<\/p>\n<p>\u201cLufta kund\u00ebr korrupsionit nga Qeveria e Kosov\u00ebs dhe vizioni i drejtimit t\u00eb sot\u00ebm t\u00eb Ministris\u00eb s\u00eb Mbrojtjes dhe FSK-s\u00eb, lejojn\u00eb nj\u00eb administrim m\u00eb t\u00eb mir\u00eb dhe racional t\u00eb burimeve t\u00eb mbrojtjes drejt objektivave t\u00eb qart\u00eb dhe t\u00eb arritsh\u00ebm.\u00a0 Buxheti 2024 dhe n\u00eb vijim ka nevoj\u00eb t\u00eb jen\u00eb pjes\u00eb e nj\u00eb strategjie afatmesme. P\u00ebr shkak t\u00eb njohjes profesionale s\u00eb hershme me Ministrin e Mbrojtjes Z. Ejup Maqedonci dhe Komandantin e FSK generallejtnant Bashkim Jashari, kam bindjen se me eksperienc\u00ebn, edukimin, p\u00ebrkushtimin dhe patriotizmin e tyre, ata jan\u00eb t\u00eb orientuar drejt n\u00eb zhvillimin e Forc\u00ebs s\u00eb Armatosur t\u00eb Kosov\u00ebs, si nj\u00eb garante e integritetit territorial, pavar\u00ebsis\u00eb dhe siguris\u00eb s\u00eb Kosov\u00ebs, sot dhe nes\u00ebr\u201d, tha ai.<\/p>\n<p><strong>Artur Me\u00e7ollari \u2013 Kapiten i rangut t<\/strong><strong>\u00eb par\u00eb (L), ish-komandant n\u00eb detyr\u00eb i Forc\u00ebs Detare<\/strong><\/p>\n<p>Kapiten i rangut t\u00eb par\u00eb (Ret) Me\u00e7ollari \u00ebsht\u00eb diplomuar nga Akademia e Detaris\u00eb n\u00eb Vlor\u00eb (1989), Kolegji i Shtabit Detar n\u00eb SHBA (1998), Kolegji i Shtabit t\u00eb P\u00ebrgjithsh\u00ebm n\u00eb SHBA (2001) dhe Kolegji i Luft\u00ebs Detare n\u00eb SHBA (2003), si dhe Kursi i Lart\u00eb i Siguris\u00eb dhe Mbrojtjes n\u00eb Tiran\u00eb (2010). Ai \u00ebsht\u00eb titulluar oficer n\u00eb vitin 1989 dhe n\u00eb 31 vjet ka sh\u00ebrbyer n\u00eb shum\u00eb detyra, si komandant i Grupit Luftarak, oficer shtabi n\u00eb SHP t\u00eb FA, pedagog n\u00eb Akademin\u00eb e Detaris\u00eb dhe Akademin\u00eb e Mbrojtjes, shef i Shtabit t\u00eb Distriktit Detar, komandant i Flotiljes Detare, drejtor i Inspektimit n\u00eb MM, z\u00ebvend\u00ebskomandant dhe komandant n\u00eb detyr\u00eb i Forc\u00ebs Detare. Ai gjithashtu ka sh\u00ebrbyer p\u00ebr nj\u00eb vit n\u00eb misionin \u201cNATO Resolute Support Mission\u201d n\u00eb Kabul, Afganistan. N\u00eb vitin 2018, kapiten Me\u00e7ollari ka qen\u00eb an\u00ebtar i grupit negociator p\u00ebr kufizimin e hap\u00ebsirave detare me Greqin\u00eb<\/p>\n","protected":false},"excerpt":{"rendered":"<p>Shum\u00eb analist\u00eb ushtarak\u00eb dhe t\u00eb luft\u00ebs, kan\u00eb hedhur hipotez\u00ebn se tani p\u00ebr tani bota ndodhet n\u00eb t\u00eb nj\u00ebjt\u00ebn situat\u00eb sikurse ishte n\u00eb vitet 1930-ta, pra kur lufta e dyt\u00eb bot\u00ebrore po trokiste n\u00eb der\u00eb n\u00eb at\u00eb koh\u00eb. Shtetet autoritare tani m\u00eb kan\u00eb marr\u00eb zem\u00ebr, dhe po ua m\u00ebsyjn\u00eb shteteve fqinje duke i pushtuar, si\u00e7 \u00ebsht\u00eb [&hellip;]<\/p>\n","protected":false},"author":2,"featured_media":41084,"comment_status":"closed","ping_status":"closed","sticky":false,"template":"","format":"standard","meta":{"_monsterinsights_skip_tracking":false,"_monsterinsights_sitenote_active":false,"_monsterinsights_sitenote_note":"","_monsterinsights_sitenote_category":0,"_uf_show_specific_survey":0,"_uf_disable_surveys":false,"footnotes":""},"categories":[1146],"tags":[116],"yoast_head":"<!-- This site is optimized with the Yoast SEO plugin v21.5 - https:\/\/yoast.com\/wordpress\/plugins\/seo\/ -->\n<title>\u00c7ka duhet t\u00eb b\u00ebj\u00eb Kosova n\u00eb sfer\u00ebn e Siguris\u00eb p\u00ebr tu mbrojtur nga Serbia: Flet ushtaraku nga Shqip\u00ebria<\/title>\n<meta name=\"robots\" content=\"index, follow, max-snippet:-1, max-image-preview:large, max-video-preview:-1\" \/>\n<link rel=\"canonical\" href=\"https:\/\/permbledhja.com\/sq\/cka-duhet-te-beje-kosova-ne-sferen-e-sigurise-per-tu-mbrojtur-nga-serbia-flet-ushtaraku-nga-shqiperia\/\" \/>\n<meta property=\"og:locale\" content=\"sq_AL\" \/>\n<meta property=\"og:type\" content=\"article\" \/>\n<meta property=\"og:title\" content=\"\u00c7ka duhet t\u00eb b\u00ebj\u00eb Kosova n\u00eb sfer\u00ebn e Siguris\u00eb p\u00ebr tu mbrojtur nga Serbia: Flet ushtaraku nga Shqip\u00ebria\" \/>\n<meta property=\"og:description\" content=\"Shum\u00eb analist\u00eb ushtarak\u00eb dhe t\u00eb luft\u00ebs, kan\u00eb hedhur hipotez\u00ebn se tani p\u00ebr tani bota ndodhet n\u00eb t\u00eb nj\u00ebjt\u00ebn situat\u00eb sikurse ishte n\u00eb vitet 1930-ta, pra kur lufta e dyt\u00eb bot\u00ebrore po trokiste n\u00eb der\u00eb n\u00eb at\u00eb koh\u00eb. Shtetet autoritare tani m\u00eb kan\u00eb marr\u00eb zem\u00ebr, dhe po ua m\u00ebsyjn\u00eb shteteve fqinje duke i pushtuar, si\u00e7 \u00ebsht\u00eb [&hellip;]\" \/>\n<meta property=\"og:url\" content=\"https:\/\/permbledhja.com\/sq\/cka-duhet-te-beje-kosova-ne-sferen-e-sigurise-per-tu-mbrojtur-nga-serbia-flet-ushtaraku-nga-shqiperia\/\" \/>\n<meta property=\"og:site_name\" content=\"Ve\u00e7 artikuj p\u00ebrmbledh\u00ebs\" \/>\n<meta property=\"article:publisher\" content=\"https:\/\/www.facebook.com\/press07\/\" \/>\n<meta property=\"article:published_time\" content=\"2024-01-01T20:18:19+00:00\" \/>\n<meta property=\"og:image\" content=\"https:\/\/permbledhja.com\/wp-content\/uploads\/2024\/01\/artur-meqollari.png\" \/>\n\t<meta property=\"og:image:width\" content=\"1139\" \/>\n\t<meta property=\"og:image:height\" content=\"735\" \/>\n\t<meta property=\"og:image:type\" content=\"image\/png\" \/>\n<meta name=\"author\" content=\"M M\" \/>\n<meta name=\"twitter:card\" content=\"summary_large_image\" \/>\n<meta name=\"twitter:label1\" content=\"Written by\" \/>\n\t<meta name=\"twitter:data1\" content=\"M M\" \/>\n\t<meta name=\"twitter:label2\" content=\"Est. reading time\" \/>\n\t<meta name=\"twitter:data2\" content=\"11 minuta\" \/>\n<script type=\"application\/ld+json\" class=\"yoast-schema-graph\">{\"@context\":\"https:\/\/schema.org\",\"@graph\":[{\"@type\":\"Article\",\"@id\":\"https:\/\/permbledhja.com\/sq\/cka-duhet-te-beje-kosova-ne-sferen-e-sigurise-per-tu-mbrojtur-nga-serbia-flet-ushtaraku-nga-shqiperia\/#article\",\"isPartOf\":{\"@id\":\"https:\/\/permbledhja.com\/sq\/cka-duhet-te-beje-kosova-ne-sferen-e-sigurise-per-tu-mbrojtur-nga-serbia-flet-ushtaraku-nga-shqiperia\/\"},\"author\":{\"name\":\"M M\",\"@id\":\"https:\/\/permbledhja.com\/#\/schema\/person\/d23f13f59b5722643933d6780783acf3\"},\"headline\":\"\u00c7ka duhet t\u00eb b\u00ebj\u00eb Kosova n\u00eb sfer\u00ebn e Siguris\u00eb p\u00ebr tu mbrojtur nga Serbia: Flet ushtaraku nga Shqip\u00ebria\",\"datePublished\":\"2024-01-01T20:18:19+00:00\",\"dateModified\":\"2024-01-01T20:18:19+00:00\",\"mainEntityOfPage\":{\"@id\":\"https:\/\/permbledhja.com\/sq\/cka-duhet-te-beje-kosova-ne-sferen-e-sigurise-per-tu-mbrojtur-nga-serbia-flet-ushtaraku-nga-shqiperia\/\"},\"wordCount\":2149,\"publisher\":{\"@id\":\"https:\/\/permbledhja.com\/#organization\"},\"keywords\":[\"Kosova\"],\"articleSection\":[\"Kryesoret\"],\"inLanguage\":\"sq\"},{\"@type\":\"WebPage\",\"@id\":\"https:\/\/permbledhja.com\/sq\/cka-duhet-te-beje-kosova-ne-sferen-e-sigurise-per-tu-mbrojtur-nga-serbia-flet-ushtaraku-nga-shqiperia\/\",\"url\":\"https:\/\/permbledhja.com\/sq\/cka-duhet-te-beje-kosova-ne-sferen-e-sigurise-per-tu-mbrojtur-nga-serbia-flet-ushtaraku-nga-shqiperia\/\",\"name\":\"\u00c7ka duhet t\u00eb b\u00ebj\u00eb Kosova n\u00eb sfer\u00ebn e Siguris\u00eb p\u00ebr tu mbrojtur nga Serbia: Flet ushtaraku nga Shqip\u00ebria\",\"isPartOf\":{\"@id\":\"https:\/\/permbledhja.com\/#website\"},\"datePublished\":\"2024-01-01T20:18:19+00:00\",\"dateModified\":\"2024-01-01T20:18:19+00:00\",\"breadcrumb\":{\"@id\":\"https:\/\/permbledhja.com\/sq\/cka-duhet-te-beje-kosova-ne-sferen-e-sigurise-per-tu-mbrojtur-nga-serbia-flet-ushtaraku-nga-shqiperia\/#breadcrumb\"},\"inLanguage\":\"sq\",\"potentialAction\":[{\"@type\":\"ReadAction\",\"target\":[\"https:\/\/permbledhja.com\/sq\/cka-duhet-te-beje-kosova-ne-sferen-e-sigurise-per-tu-mbrojtur-nga-serbia-flet-ushtaraku-nga-shqiperia\/\"]}]},{\"@type\":\"BreadcrumbList\",\"@id\":\"https:\/\/permbledhja.com\/sq\/cka-duhet-te-beje-kosova-ne-sferen-e-sigurise-per-tu-mbrojtur-nga-serbia-flet-ushtaraku-nga-shqiperia\/#breadcrumb\",\"itemListElement\":[{\"@type\":\"ListItem\",\"position\":1,\"name\":\"Ballina\",\"item\":\"https:\/\/permbledhja.com\/sq\/\"},{\"@type\":\"ListItem\",\"position\":2,\"name\":\"\u00c7ka duhet t\u00eb b\u00ebj\u00eb Kosova n\u00eb sfer\u00ebn e Siguris\u00eb p\u00ebr tu mbrojtur nga Serbia: Flet ushtaraku nga Shqip\u00ebria\"}]},{\"@type\":\"WebSite\",\"@id\":\"https:\/\/permbledhja.com\/#website\",\"url\":\"https:\/\/permbledhja.com\/\",\"name\":\"Ve\u00e7 artikuj p\u00ebrmbledh\u00ebs\",\"description\":\"\",\"publisher\":{\"@id\":\"https:\/\/permbledhja.com\/#organization\"},\"potentialAction\":[{\"@type\":\"SearchAction\",\"target\":{\"@type\":\"EntryPoint\",\"urlTemplate\":\"https:\/\/permbledhja.com\/?s={search_term_string}\"},\"query-input\":\"required name=search_term_string\"}],\"inLanguage\":\"sq\"},{\"@type\":\"Organization\",\"@id\":\"https:\/\/permbledhja.com\/#organization\",\"name\":\"MK Media & Pr\",\"url\":\"https:\/\/permbledhja.com\/\",\"logo\":{\"@type\":\"ImageObject\",\"inLanguage\":\"sq\",\"@id\":\"https:\/\/permbledhja.com\/#\/schema\/logo\/image\/\",\"url\":\"https:\/\/permbledhja.com\/wp-content\/uploads\/2021\/12\/07-Press-Logo.jpg\",\"contentUrl\":\"https:\/\/permbledhja.com\/wp-content\/uploads\/2021\/12\/07-Press-Logo.jpg\",\"width\":512,\"height\":512,\"caption\":\"MK Media & Pr\"},\"image\":{\"@id\":\"https:\/\/permbledhja.com\/#\/schema\/logo\/image\/\"},\"sameAs\":[\"https:\/\/www.facebook.com\/press07\/\"]},{\"@type\":\"Person\",\"@id\":\"https:\/\/permbledhja.com\/#\/schema\/person\/d23f13f59b5722643933d6780783acf3\",\"name\":\"M M\",\"image\":{\"@type\":\"ImageObject\",\"inLanguage\":\"sq\",\"@id\":\"https:\/\/permbledhja.com\/#\/schema\/person\/image\/\",\"url\":\"https:\/\/secure.gravatar.com\/avatar\/e2835a76ca7c31a2416b2d51c4ec9a8f?s=96&d=mm&r=g\",\"contentUrl\":\"https:\/\/secure.gravatar.com\/avatar\/e2835a76ca7c31a2416b2d51c4ec9a8f?s=96&d=mm&r=g\",\"caption\":\"M M\"},\"sameAs\":[\"http:\/\/MM\"],\"url\":\"https:\/\/permbledhja.com\/sq\/author\/muhamet\/\"}]}<\/script>\n<!-- \/ Yoast SEO plugin. -->","yoast_head_json":{"title":"\u00c7ka duhet t\u00eb b\u00ebj\u00eb Kosova n\u00eb sfer\u00ebn e Siguris\u00eb p\u00ebr tu mbrojtur nga Serbia: Flet ushtaraku nga Shqip\u00ebria","robots":{"index":"index","follow":"follow","max-snippet":"max-snippet:-1","max-image-preview":"max-image-preview:large","max-video-preview":"max-video-preview:-1"},"canonical":"https:\/\/permbledhja.com\/sq\/cka-duhet-te-beje-kosova-ne-sferen-e-sigurise-per-tu-mbrojtur-nga-serbia-flet-ushtaraku-nga-shqiperia\/","og_locale":"sq_AL","og_type":"article","og_title":"\u00c7ka duhet t\u00eb b\u00ebj\u00eb Kosova n\u00eb sfer\u00ebn e Siguris\u00eb p\u00ebr tu mbrojtur nga Serbia: Flet ushtaraku nga Shqip\u00ebria","og_description":"Shum\u00eb analist\u00eb ushtarak\u00eb dhe t\u00eb luft\u00ebs, kan\u00eb hedhur hipotez\u00ebn se tani p\u00ebr tani bota ndodhet n\u00eb t\u00eb nj\u00ebjt\u00ebn situat\u00eb sikurse ishte n\u00eb vitet 1930-ta, pra kur lufta e dyt\u00eb bot\u00ebrore po trokiste n\u00eb der\u00eb n\u00eb at\u00eb koh\u00eb. Shtetet autoritare tani m\u00eb kan\u00eb marr\u00eb zem\u00ebr, dhe po ua m\u00ebsyjn\u00eb shteteve fqinje duke i pushtuar, si\u00e7 \u00ebsht\u00eb [&hellip;]","og_url":"https:\/\/permbledhja.com\/sq\/cka-duhet-te-beje-kosova-ne-sferen-e-sigurise-per-tu-mbrojtur-nga-serbia-flet-ushtaraku-nga-shqiperia\/","og_site_name":"Ve\u00e7 artikuj p\u00ebrmbledh\u00ebs","article_publisher":"https:\/\/www.facebook.com\/press07\/","article_published_time":"2024-01-01T20:18:19+00:00","og_image":[{"width":1139,"height":735,"url":"https:\/\/permbledhja.com\/wp-content\/uploads\/2024\/01\/artur-meqollari.png","type":"image\/png"}],"author":"M M","twitter_card":"summary_large_image","twitter_misc":{"Written by":"M M","Est. reading time":"11 minuta"},"schema":{"@context":"https:\/\/schema.org","@graph":[{"@type":"Article","@id":"https:\/\/permbledhja.com\/sq\/cka-duhet-te-beje-kosova-ne-sferen-e-sigurise-per-tu-mbrojtur-nga-serbia-flet-ushtaraku-nga-shqiperia\/#article","isPartOf":{"@id":"https:\/\/permbledhja.com\/sq\/cka-duhet-te-beje-kosova-ne-sferen-e-sigurise-per-tu-mbrojtur-nga-serbia-flet-ushtaraku-nga-shqiperia\/"},"author":{"name":"M M","@id":"https:\/\/permbledhja.com\/#\/schema\/person\/d23f13f59b5722643933d6780783acf3"},"headline":"\u00c7ka duhet t\u00eb b\u00ebj\u00eb Kosova n\u00eb sfer\u00ebn e Siguris\u00eb p\u00ebr tu mbrojtur nga Serbia: Flet ushtaraku nga Shqip\u00ebria","datePublished":"2024-01-01T20:18:19+00:00","dateModified":"2024-01-01T20:18:19+00:00","mainEntityOfPage":{"@id":"https:\/\/permbledhja.com\/sq\/cka-duhet-te-beje-kosova-ne-sferen-e-sigurise-per-tu-mbrojtur-nga-serbia-flet-ushtaraku-nga-shqiperia\/"},"wordCount":2149,"publisher":{"@id":"https:\/\/permbledhja.com\/#organization"},"keywords":["Kosova"],"articleSection":["Kryesoret"],"inLanguage":"sq"},{"@type":"WebPage","@id":"https:\/\/permbledhja.com\/sq\/cka-duhet-te-beje-kosova-ne-sferen-e-sigurise-per-tu-mbrojtur-nga-serbia-flet-ushtaraku-nga-shqiperia\/","url":"https:\/\/permbledhja.com\/sq\/cka-duhet-te-beje-kosova-ne-sferen-e-sigurise-per-tu-mbrojtur-nga-serbia-flet-ushtaraku-nga-shqiperia\/","name":"\u00c7ka duhet t\u00eb b\u00ebj\u00eb Kosova n\u00eb sfer\u00ebn e Siguris\u00eb p\u00ebr tu mbrojtur nga Serbia: Flet ushtaraku nga Shqip\u00ebria","isPartOf":{"@id":"https:\/\/permbledhja.com\/#website"},"datePublished":"2024-01-01T20:18:19+00:00","dateModified":"2024-01-01T20:18:19+00:00","breadcrumb":{"@id":"https:\/\/permbledhja.com\/sq\/cka-duhet-te-beje-kosova-ne-sferen-e-sigurise-per-tu-mbrojtur-nga-serbia-flet-ushtaraku-nga-shqiperia\/#breadcrumb"},"inLanguage":"sq","potentialAction":[{"@type":"ReadAction","target":["https:\/\/permbledhja.com\/sq\/cka-duhet-te-beje-kosova-ne-sferen-e-sigurise-per-tu-mbrojtur-nga-serbia-flet-ushtaraku-nga-shqiperia\/"]}]},{"@type":"BreadcrumbList","@id":"https:\/\/permbledhja.com\/sq\/cka-duhet-te-beje-kosova-ne-sferen-e-sigurise-per-tu-mbrojtur-nga-serbia-flet-ushtaraku-nga-shqiperia\/#breadcrumb","itemListElement":[{"@type":"ListItem","position":1,"name":"Ballina","item":"https:\/\/permbledhja.com\/sq\/"},{"@type":"ListItem","position":2,"name":"\u00c7ka duhet t\u00eb b\u00ebj\u00eb Kosova n\u00eb sfer\u00ebn e Siguris\u00eb p\u00ebr tu mbrojtur nga Serbia: Flet ushtaraku nga Shqip\u00ebria"}]},{"@type":"WebSite","@id":"https:\/\/permbledhja.com\/#website","url":"https:\/\/permbledhja.com\/","name":"Ve\u00e7 artikuj p\u00ebrmbledh\u00ebs","description":"","publisher":{"@id":"https:\/\/permbledhja.com\/#organization"},"potentialAction":[{"@type":"SearchAction","target":{"@type":"EntryPoint","urlTemplate":"https:\/\/permbledhja.com\/?s={search_term_string}"},"query-input":"required name=search_term_string"}],"inLanguage":"sq"},{"@type":"Organization","@id":"https:\/\/permbledhja.com\/#organization","name":"MK Media & Pr","url":"https:\/\/permbledhja.com\/","logo":{"@type":"ImageObject","inLanguage":"sq","@id":"https:\/\/permbledhja.com\/#\/schema\/logo\/image\/","url":"https:\/\/permbledhja.com\/wp-content\/uploads\/2021\/12\/07-Press-Logo.jpg","contentUrl":"https:\/\/permbledhja.com\/wp-content\/uploads\/2021\/12\/07-Press-Logo.jpg","width":512,"height":512,"caption":"MK Media & Pr"},"image":{"@id":"https:\/\/permbledhja.com\/#\/schema\/logo\/image\/"},"sameAs":["https:\/\/www.facebook.com\/press07\/"]},{"@type":"Person","@id":"https:\/\/permbledhja.com\/#\/schema\/person\/d23f13f59b5722643933d6780783acf3","name":"M M","image":{"@type":"ImageObject","inLanguage":"sq","@id":"https:\/\/permbledhja.com\/#\/schema\/person\/image\/","url":"https:\/\/secure.gravatar.com\/avatar\/e2835a76ca7c31a2416b2d51c4ec9a8f?s=96&d=mm&r=g","contentUrl":"https:\/\/secure.gravatar.com\/avatar\/e2835a76ca7c31a2416b2d51c4ec9a8f?s=96&d=mm&r=g","caption":"M M"},"sameAs":["http:\/\/MM"],"url":"https:\/\/permbledhja.com\/sq\/author\/muhamet\/"}]}},"_links":{"self":[{"href":"https:\/\/permbledhja.com\/sq\/wp-json\/wp\/v2\/posts\/41083"}],"collection":[{"href":"https:\/\/permbledhja.com\/sq\/wp-json\/wp\/v2\/posts"}],"about":[{"href":"https:\/\/permbledhja.com\/sq\/wp-json\/wp\/v2\/types\/post"}],"author":[{"embeddable":true,"href":"https:\/\/permbledhja.com\/sq\/wp-json\/wp\/v2\/users\/2"}],"replies":[{"embeddable":true,"href":"https:\/\/permbledhja.com\/sq\/wp-json\/wp\/v2\/comments?post=41083"}],"version-history":[{"count":1,"href":"https:\/\/permbledhja.com\/sq\/wp-json\/wp\/v2\/posts\/41083\/revisions"}],"predecessor-version":[{"id":41085,"href":"https:\/\/permbledhja.com\/sq\/wp-json\/wp\/v2\/posts\/41083\/revisions\/41085"}],"wp:featuredmedia":[{"embeddable":true,"href":"https:\/\/permbledhja.com\/sq\/wp-json\/wp\/v2\/media\/41084"}],"wp:attachment":[{"href":"https:\/\/permbledhja.com\/sq\/wp-json\/wp\/v2\/media?parent=41083"}],"wp:term":[{"taxonomy":"category","embeddable":true,"href":"https:\/\/permbledhja.com\/sq\/wp-json\/wp\/v2\/categories?post=41083"},{"taxonomy":"post_tag","embeddable":true,"href":"https:\/\/permbledhja.com\/sq\/wp-json\/wp\/v2\/tags?post=41083"}],"curies":[{"name":"wp","href":"https:\/\/api.w.org\/{rel}","templated":true}]}}