{"id":40929,"date":"2023-12-30T10:20:24","date_gmt":"2023-12-30T10:20:24","guid":{"rendered":"https:\/\/permbledhja.com\/?p=40929"},"modified":"2023-12-30T10:20:24","modified_gmt":"2023-12-30T10:20:24","slug":"rrefimi-i-te-riut-qe-mezi-po-pret-te-behet-1-janari-per-te-ikur-nga-kosova","status":"publish","type":"post","link":"https:\/\/permbledhja.com\/sq\/rrefimi-i-te-riut-qe-mezi-po-pret-te-behet-1-janari-per-te-ikur-nga-kosova\/","title":{"rendered":"Rr\u00ebfimi i t\u00eb riut q\u00eb mezi po pret t\u00eb b\u00ebhet 1 janari p\u00ebr t\u00eb ikur nga Kosova"},"content":{"rendered":"<h3>Edon Haziri, \u00ebsht\u00eb i riu nga Fush\u00eb Kosova q\u00eb mezi po pret t\u00eb b\u00ebhet 1 janari p\u00ebr t\u00eb ikur nga Kosova.<\/h3>\n<p>N\u00eb nj\u00eb rr\u00ebfim p\u00ebr emisionin e pasdites n\u00eb T7, \u201cCanap\u00e9\u201d, Edoni tha se iu ka m\u00ebrzitur gjith\u00e7ka n\u00eb Kosov\u00eb.<\/p>\n<p>\u201cIsha martu edhe me nj\u00eb plak\u00eb pa dhom\u00eb ve\u00e7 me ik prej ktu\u201d, u shpreh Haziri.<\/p>\n<p>Se \u00e7far\u00eb ka th\u00ebn\u00eb m\u00eb shum\u00eb e kuptoni duke klikuar n\u00eb videon e m\u00ebposhtme.<\/p>\n<p><iframe loading=\"lazy\" style=\"border: none; overflow: hidden;\" src=\"https:\/\/www.facebook.com\/plugins\/video.php?href=https%3A%2F%2Fwww.facebook.com%2FT7plus%2Fvideos%2F723234906406616%2F%3Fref%3Dembed_video&amp;show_text=0&amp;width=476\" width=\"476\" height=\"476\" frameborder=\"0\" scrolling=\"no\" allowfullscreen=\"allowfullscreen\"><\/iframe><\/p>\n<div class=\"\"><\/div>\n","protected":false},"excerpt":{"rendered":"<p>Edon Haziri, \u00ebsht\u00eb i riu nga Fush\u00eb Kosova q\u00eb mezi po pret t\u00eb b\u00ebhet 1 janari p\u00ebr t\u00eb ikur nga Kosova. N\u00eb nj\u00eb rr\u00ebfim p\u00ebr emisionin e pasdites n\u00eb T7, \u201cCanap\u00e9\u201d, Edoni tha se iu ka m\u00ebrzitur gjith\u00e7ka n\u00eb Kosov\u00eb. \u201cIsha martu edhe me nj\u00eb plak\u00eb pa dhom\u00eb ve\u00e7 me ik prej ktu\u201d, u shpreh [&hellip;]<\/p>\n","protected":false},"author":2,"featured_media":40930,"comment_status":"closed","ping_status":"closed","sticky":false,"template":"","format":"standard","meta":{"_monsterinsights_skip_tracking":false,"_monsterinsights_sitenote_active":false,"_monsterinsights_sitenote_note":"","_monsterinsights_sitenote_category":0,"_uf_show_specific_survey":0,"_uf_disable_surveys":false,"footnotes":""},"categories":[15],"tags":[2830],"yoast_head":"<!-- This site is optimized with the Yoast SEO plugin v21.5 - https:\/\/yoast.com\/wordpress\/plugins\/seo\/ -->\n<title>Rr\u00ebfimi i t\u00eb riut q\u00eb mezi po pret t\u00eb b\u00ebhet 1 janari p\u00ebr t\u00eb ikur nga Kosova<\/title>\n<meta name=\"robots\" content=\"index, follow, max-snippet:-1, max-image-preview:large, max-video-preview:-1\" \/>\n<link rel=\"canonical\" href=\"https:\/\/permbledhja.com\/sq\/rrefimi-i-te-riut-qe-mezi-po-pret-te-behet-1-janari-per-te-ikur-nga-kosova\/\" \/>\n<meta property=\"og:locale\" content=\"sq_AL\" \/>\n<meta property=\"og:type\" content=\"article\" \/>\n<meta property=\"og:title\" content=\"Rr\u00ebfimi i t\u00eb riut q\u00eb mezi po pret t\u00eb b\u00ebhet 1 janari p\u00ebr t\u00eb ikur nga Kosova\" \/>\n<meta property=\"og:description\" content=\"Edon Haziri, \u00ebsht\u00eb i riu nga Fush\u00eb Kosova q\u00eb mezi po pret t\u00eb b\u00ebhet 1 janari p\u00ebr t\u00eb ikur nga Kosova. N\u00eb nj\u00eb rr\u00ebfim p\u00ebr emisionin e pasdites n\u00eb T7, \u201cCanap\u00e9\u201d, Edoni tha se iu ka m\u00ebrzitur gjith\u00e7ka n\u00eb Kosov\u00eb. \u201cIsha martu edhe me nj\u00eb plak\u00eb pa dhom\u00eb ve\u00e7 me ik prej ktu\u201d, u shpreh [&hellip;]\" \/>\n<meta property=\"og:url\" content=\"https:\/\/permbledhja.com\/sq\/rrefimi-i-te-riut-qe-mezi-po-pret-te-behet-1-janari-per-te-ikur-nga-kosova\/\" \/>\n<meta property=\"og:site_name\" content=\"Ve\u00e7 artikuj p\u00ebrmbledh\u00ebs\" \/>\n<meta property=\"article:publisher\" content=\"https:\/\/www.facebook.com\/press07\/\" \/>\n<meta property=\"article:published_time\" content=\"2023-12-30T10:20:24+00:00\" \/>\n<meta property=\"og:image\" content=\"https:\/\/permbledhja.com\/wp-content\/uploads\/2023\/12\/410062292_2231855640350449_2106298584499047297_n-600x360-1.jpg\" \/>\n\t<meta property=\"og:image:width\" content=\"600\" \/>\n\t<meta property=\"og:image:height\" content=\"360\" \/>\n\t<meta property=\"og:image:type\" content=\"image\/jpeg\" \/>\n<meta name=\"author\" content=\"M M\" \/>\n<meta name=\"twitter:card\" content=\"summary_large_image\" \/>\n<meta name=\"twitter:label1\" content=\"Written by\" \/>\n\t<meta name=\"twitter:data1\" content=\"M M\" \/>\n\t<meta name=\"twitter:label2\" content=\"Est. reading time\" \/>\n\t<meta name=\"twitter:data2\" content=\"1 minut\u00eb\" \/>\n<script type=\"application\/ld+json\" class=\"yoast-schema-graph\">{\"@context\":\"https:\/\/schema.org\",\"@graph\":[{\"@type\":\"Article\",\"@id\":\"https:\/\/permbledhja.com\/sq\/rrefimi-i-te-riut-qe-mezi-po-pret-te-behet-1-janari-per-te-ikur-nga-kosova\/#article\",\"isPartOf\":{\"@id\":\"https:\/\/permbledhja.com\/sq\/rrefimi-i-te-riut-qe-mezi-po-pret-te-behet-1-janari-per-te-ikur-nga-kosova\/\"},\"author\":{\"name\":\"M M\",\"@id\":\"https:\/\/permbledhja.com\/#\/schema\/person\/d23f13f59b5722643933d6780783acf3\"},\"headline\":\"Rr\u00ebfimi i t\u00eb riut q\u00eb mezi po pret t\u00eb b\u00ebhet 1 janari p\u00ebr t\u00eb ikur nga Kosova\",\"datePublished\":\"2023-12-30T10:20:24+00:00\",\"dateModified\":\"2023-12-30T10:20:24+00:00\",\"mainEntityOfPage\":{\"@id\":\"https:\/\/permbledhja.com\/sq\/rrefimi-i-te-riut-qe-mezi-po-pret-te-behet-1-janari-per-te-ikur-nga-kosova\/\"},\"wordCount\":96,\"publisher\":{\"@id\":\"https:\/\/permbledhja.com\/#organization\"},\"keywords\":[\"1 janari\"],\"articleSection\":[\"Lajme\"],\"inLanguage\":\"sq\"},{\"@type\":\"WebPage\",\"@id\":\"https:\/\/permbledhja.com\/sq\/rrefimi-i-te-riut-qe-mezi-po-pret-te-behet-1-janari-per-te-ikur-nga-kosova\/\",\"url\":\"https:\/\/permbledhja.com\/sq\/rrefimi-i-te-riut-qe-mezi-po-pret-te-behet-1-janari-per-te-ikur-nga-kosova\/\",\"name\":\"Rr\u00ebfimi i t\u00eb riut q\u00eb mezi po pret t\u00eb b\u00ebhet 1 janari p\u00ebr t\u00eb ikur nga Kosova\",\"isPartOf\":{\"@id\":\"https:\/\/permbledhja.com\/#website\"},\"datePublished\":\"2023-12-30T10:20:24+00:00\",\"dateModified\":\"2023-12-30T10:20:24+00:00\",\"breadcrumb\":{\"@id\":\"https:\/\/permbledhja.com\/sq\/rrefimi-i-te-riut-qe-mezi-po-pret-te-behet-1-janari-per-te-ikur-nga-kosova\/#breadcrumb\"},\"inLanguage\":\"sq\",\"potentialAction\":[{\"@type\":\"ReadAction\",\"target\":[\"https:\/\/permbledhja.com\/sq\/rrefimi-i-te-riut-qe-mezi-po-pret-te-behet-1-janari-per-te-ikur-nga-kosova\/\"]}]},{\"@type\":\"BreadcrumbList\",\"@id\":\"https:\/\/permbledhja.com\/sq\/rrefimi-i-te-riut-qe-mezi-po-pret-te-behet-1-janari-per-te-ikur-nga-kosova\/#breadcrumb\",\"itemListElement\":[{\"@type\":\"ListItem\",\"position\":1,\"name\":\"Ballina\",\"item\":\"https:\/\/permbledhja.com\/sq\/\"},{\"@type\":\"ListItem\",\"position\":2,\"name\":\"Rr\u00ebfimi i t\u00eb riut q\u00eb mezi po pret t\u00eb b\u00ebhet 1 janari p\u00ebr t\u00eb ikur nga Kosova\"}]},{\"@type\":\"WebSite\",\"@id\":\"https:\/\/permbledhja.com\/#website\",\"url\":\"https:\/\/permbledhja.com\/\",\"name\":\"Ve\u00e7 artikuj p\u00ebrmbledh\u00ebs\",\"description\":\"\",\"publisher\":{\"@id\":\"https:\/\/permbledhja.com\/#organization\"},\"potentialAction\":[{\"@type\":\"SearchAction\",\"target\":{\"@type\":\"EntryPoint\",\"urlTemplate\":\"https:\/\/permbledhja.com\/?s={search_term_string}\"},\"query-input\":\"required name=search_term_string\"}],\"inLanguage\":\"sq\"},{\"@type\":\"Organization\",\"@id\":\"https:\/\/permbledhja.com\/#organization\",\"name\":\"MK Media & Pr\",\"url\":\"https:\/\/permbledhja.com\/\",\"logo\":{\"@type\":\"ImageObject\",\"inLanguage\":\"sq\",\"@id\":\"https:\/\/permbledhja.com\/#\/schema\/logo\/image\/\",\"url\":\"https:\/\/permbledhja.com\/wp-content\/uploads\/2021\/12\/07-Press-Logo.jpg\",\"contentUrl\":\"https:\/\/permbledhja.com\/wp-content\/uploads\/2021\/12\/07-Press-Logo.jpg\",\"width\":512,\"height\":512,\"caption\":\"MK Media & Pr\"},\"image\":{\"@id\":\"https:\/\/permbledhja.com\/#\/schema\/logo\/image\/\"},\"sameAs\":[\"https:\/\/www.facebook.com\/press07\/\"]},{\"@type\":\"Person\",\"@id\":\"https:\/\/permbledhja.com\/#\/schema\/person\/d23f13f59b5722643933d6780783acf3\",\"name\":\"M M\",\"image\":{\"@type\":\"ImageObject\",\"inLanguage\":\"sq\",\"@id\":\"https:\/\/permbledhja.com\/#\/schema\/person\/image\/\",\"url\":\"https:\/\/secure.gravatar.com\/avatar\/e2835a76ca7c31a2416b2d51c4ec9a8f?s=96&d=mm&r=g\",\"contentUrl\":\"https:\/\/secure.gravatar.com\/avatar\/e2835a76ca7c31a2416b2d51c4ec9a8f?s=96&d=mm&r=g\",\"caption\":\"M M\"},\"sameAs\":[\"http:\/\/MM\"],\"url\":\"https:\/\/permbledhja.com\/sq\/author\/muhamet\/\"}]}<\/script>\n<!-- \/ Yoast SEO plugin. -->","yoast_head_json":{"title":"Rr\u00ebfimi i t\u00eb riut q\u00eb mezi po pret t\u00eb b\u00ebhet 1 janari p\u00ebr t\u00eb ikur nga Kosova","robots":{"index":"index","follow":"follow","max-snippet":"max-snippet:-1","max-image-preview":"max-image-preview:large","max-video-preview":"max-video-preview:-1"},"canonical":"https:\/\/permbledhja.com\/sq\/rrefimi-i-te-riut-qe-mezi-po-pret-te-behet-1-janari-per-te-ikur-nga-kosova\/","og_locale":"sq_AL","og_type":"article","og_title":"Rr\u00ebfimi i t\u00eb riut q\u00eb mezi po pret t\u00eb b\u00ebhet 1 janari p\u00ebr t\u00eb ikur nga Kosova","og_description":"Edon Haziri, \u00ebsht\u00eb i riu nga Fush\u00eb Kosova q\u00eb mezi po pret t\u00eb b\u00ebhet 1 janari p\u00ebr t\u00eb ikur nga Kosova. N\u00eb nj\u00eb rr\u00ebfim p\u00ebr emisionin e pasdites n\u00eb T7, \u201cCanap\u00e9\u201d, Edoni tha se iu ka m\u00ebrzitur gjith\u00e7ka n\u00eb Kosov\u00eb. \u201cIsha martu edhe me nj\u00eb plak\u00eb pa dhom\u00eb ve\u00e7 me ik prej ktu\u201d, u shpreh [&hellip;]","og_url":"https:\/\/permbledhja.com\/sq\/rrefimi-i-te-riut-qe-mezi-po-pret-te-behet-1-janari-per-te-ikur-nga-kosova\/","og_site_name":"Ve\u00e7 artikuj p\u00ebrmbledh\u00ebs","article_publisher":"https:\/\/www.facebook.com\/press07\/","article_published_time":"2023-12-30T10:20:24+00:00","og_image":[{"width":600,"height":360,"url":"https:\/\/permbledhja.com\/wp-content\/uploads\/2023\/12\/410062292_2231855640350449_2106298584499047297_n-600x360-1.jpg","type":"image\/jpeg"}],"author":"M M","twitter_card":"summary_large_image","twitter_misc":{"Written by":"M M","Est. reading time":"1 minut\u00eb"},"schema":{"@context":"https:\/\/schema.org","@graph":[{"@type":"Article","@id":"https:\/\/permbledhja.com\/sq\/rrefimi-i-te-riut-qe-mezi-po-pret-te-behet-1-janari-per-te-ikur-nga-kosova\/#article","isPartOf":{"@id":"https:\/\/permbledhja.com\/sq\/rrefimi-i-te-riut-qe-mezi-po-pret-te-behet-1-janari-per-te-ikur-nga-kosova\/"},"author":{"name":"M M","@id":"https:\/\/permbledhja.com\/#\/schema\/person\/d23f13f59b5722643933d6780783acf3"},"headline":"Rr\u00ebfimi i t\u00eb riut q\u00eb mezi po pret t\u00eb b\u00ebhet 1 janari p\u00ebr t\u00eb ikur nga Kosova","datePublished":"2023-12-30T10:20:24+00:00","dateModified":"2023-12-30T10:20:24+00:00","mainEntityOfPage":{"@id":"https:\/\/permbledhja.com\/sq\/rrefimi-i-te-riut-qe-mezi-po-pret-te-behet-1-janari-per-te-ikur-nga-kosova\/"},"wordCount":96,"publisher":{"@id":"https:\/\/permbledhja.com\/#organization"},"keywords":["1 janari"],"articleSection":["Lajme"],"inLanguage":"sq"},{"@type":"WebPage","@id":"https:\/\/permbledhja.com\/sq\/rrefimi-i-te-riut-qe-mezi-po-pret-te-behet-1-janari-per-te-ikur-nga-kosova\/","url":"https:\/\/permbledhja.com\/sq\/rrefimi-i-te-riut-qe-mezi-po-pret-te-behet-1-janari-per-te-ikur-nga-kosova\/","name":"Rr\u00ebfimi i t\u00eb riut q\u00eb mezi po pret t\u00eb b\u00ebhet 1 janari p\u00ebr t\u00eb ikur nga Kosova","isPartOf":{"@id":"https:\/\/permbledhja.com\/#website"},"datePublished":"2023-12-30T10:20:24+00:00","dateModified":"2023-12-30T10:20:24+00:00","breadcrumb":{"@id":"https:\/\/permbledhja.com\/sq\/rrefimi-i-te-riut-qe-mezi-po-pret-te-behet-1-janari-per-te-ikur-nga-kosova\/#breadcrumb"},"inLanguage":"sq","potentialAction":[{"@type":"ReadAction","target":["https:\/\/permbledhja.com\/sq\/rrefimi-i-te-riut-qe-mezi-po-pret-te-behet-1-janari-per-te-ikur-nga-kosova\/"]}]},{"@type":"BreadcrumbList","@id":"https:\/\/permbledhja.com\/sq\/rrefimi-i-te-riut-qe-mezi-po-pret-te-behet-1-janari-per-te-ikur-nga-kosova\/#breadcrumb","itemListElement":[{"@type":"ListItem","position":1,"name":"Ballina","item":"https:\/\/permbledhja.com\/sq\/"},{"@type":"ListItem","position":2,"name":"Rr\u00ebfimi i t\u00eb riut q\u00eb mezi po pret t\u00eb b\u00ebhet 1 janari p\u00ebr t\u00eb ikur nga Kosova"}]},{"@type":"WebSite","@id":"https:\/\/permbledhja.com\/#website","url":"https:\/\/permbledhja.com\/","name":"Ve\u00e7 artikuj p\u00ebrmbledh\u00ebs","description":"","publisher":{"@id":"https:\/\/permbledhja.com\/#organization"},"potentialAction":[{"@type":"SearchAction","target":{"@type":"EntryPoint","urlTemplate":"https:\/\/permbledhja.com\/?s={search_term_string}"},"query-input":"required name=search_term_string"}],"inLanguage":"sq"},{"@type":"Organization","@id":"https:\/\/permbledhja.com\/#organization","name":"MK Media & Pr","url":"https:\/\/permbledhja.com\/","logo":{"@type":"ImageObject","inLanguage":"sq","@id":"https:\/\/permbledhja.com\/#\/schema\/logo\/image\/","url":"https:\/\/permbledhja.com\/wp-content\/uploads\/2021\/12\/07-Press-Logo.jpg","contentUrl":"https:\/\/permbledhja.com\/wp-content\/uploads\/2021\/12\/07-Press-Logo.jpg","width":512,"height":512,"caption":"MK Media & Pr"},"image":{"@id":"https:\/\/permbledhja.com\/#\/schema\/logo\/image\/"},"sameAs":["https:\/\/www.facebook.com\/press07\/"]},{"@type":"Person","@id":"https:\/\/permbledhja.com\/#\/schema\/person\/d23f13f59b5722643933d6780783acf3","name":"M M","image":{"@type":"ImageObject","inLanguage":"sq","@id":"https:\/\/permbledhja.com\/#\/schema\/person\/image\/","url":"https:\/\/secure.gravatar.com\/avatar\/e2835a76ca7c31a2416b2d51c4ec9a8f?s=96&d=mm&r=g","contentUrl":"https:\/\/secure.gravatar.com\/avatar\/e2835a76ca7c31a2416b2d51c4ec9a8f?s=96&d=mm&r=g","caption":"M M"},"sameAs":["http:\/\/MM"],"url":"https:\/\/permbledhja.com\/sq\/author\/muhamet\/"}]}},"_links":{"self":[{"href":"https:\/\/permbledhja.com\/sq\/wp-json\/wp\/v2\/posts\/40929"}],"collection":[{"href":"https:\/\/permbledhja.com\/sq\/wp-json\/wp\/v2\/posts"}],"about":[{"href":"https:\/\/permbledhja.com\/sq\/wp-json\/wp\/v2\/types\/post"}],"author":[{"embeddable":true,"href":"https:\/\/permbledhja.com\/sq\/wp-json\/wp\/v2\/users\/2"}],"replies":[{"embeddable":true,"href":"https:\/\/permbledhja.com\/sq\/wp-json\/wp\/v2\/comments?post=40929"}],"version-history":[{"count":1,"href":"https:\/\/permbledhja.com\/sq\/wp-json\/wp\/v2\/posts\/40929\/revisions"}],"predecessor-version":[{"id":40931,"href":"https:\/\/permbledhja.com\/sq\/wp-json\/wp\/v2\/posts\/40929\/revisions\/40931"}],"wp:featuredmedia":[{"embeddable":true,"href":"https:\/\/permbledhja.com\/sq\/wp-json\/wp\/v2\/media\/40930"}],"wp:attachment":[{"href":"https:\/\/permbledhja.com\/sq\/wp-json\/wp\/v2\/media?parent=40929"}],"wp:term":[{"taxonomy":"category","embeddable":true,"href":"https:\/\/permbledhja.com\/sq\/wp-json\/wp\/v2\/categories?post=40929"},{"taxonomy":"post_tag","embeddable":true,"href":"https:\/\/permbledhja.com\/sq\/wp-json\/wp\/v2\/tags?post=40929"}],"curies":[{"name":"wp","href":"https:\/\/api.w.org\/{rel}","templated":true}]}}