{"id":40926,"date":"2023-12-30T10:06:21","date_gmt":"2023-12-30T10:06:21","guid":{"rendered":"https:\/\/permbledhja.com\/?p=40926"},"modified":"2023-12-30T10:06:21","modified_gmt":"2023-12-30T10:06:21","slug":"jashari-shoqata-e-familjeve-te-deshmoreve-kurti-po-shkel-cdo-dite-mbi-gjakun-e-deshmoreve","status":"publish","type":"post","link":"https:\/\/permbledhja.com\/sq\/jashari-shoqata-e-familjeve-te-deshmoreve-kurti-po-shkel-cdo-dite-mbi-gjakun-e-deshmoreve\/","title":{"rendered":"Jashari, shoqata e familjeve t\u00eb d\u00ebshmor\u00ebve: Kurti po shkel \u00e7do dit\u00eb mbi gjakun e d\u00ebshmor\u00ebve"},"content":{"rendered":"<h3>Organizatat e dala nga Lufa e U\u00c7K-s\u00eb, n\u00eb dit\u00ebn e Veteranit, kan\u00eb shprehur shqet\u00ebsimin e tyre ndaj Qeveris\u00eb s\u00eb Kosov\u00ebs, duke th\u00ebn\u00eb se \u00ebsht\u00eb anit-U\u00c7K. Kurse, Kryeministri Albin Kurti, sipas kategorive t\u00eb luft\u00ebs, ka shkel mbi gjymtyr\u00ebt e invalid\u00ebve dhe po shkel \u00e7do dit\u00eb mbi gjakun e d\u00ebshmor\u00ebve.<\/h3>\n<p>K\u00ebshtu ka th\u00ebn\u00eb Kryetari i Shoqat\u00ebs s\u00eb familjeve t\u00eb d\u00ebshmor\u00ebve t\u00eb luft\u00ebs s\u00eb U\u00c7K-s\u00eb, Xhavit Jashari , pas vizit\u00ebs q\u00eb i b\u00ebri kryetari i Aleanc\u00ebs p\u00ebr Ardhm\u00ebrin\u00eb e Kosov\u00ebs, Ramush Haradinaj, organizat\u00ebs s\u00eb Veteran\u00ebve, asaj t\u00eb invalid\u00ebve dhe t\u00eb familjeve t\u00eb d\u00ebshmor\u00ebve, me rastin e Dit\u00ebs s\u00eb Veteranit.<\/p>\n<p>Jashari tha se bashk\u00ebrisht n\u00eb vitin 2024, do t\u2019i thon\u00eb stop jo vet\u00ebm kryeministrit Kurti por \u00e7dokujt q\u00eb b\u00ebn p\u00ebrpjekje p\u00ebr t\u00eb njollosur dhe atakuar luft\u00ebn e U\u00c7K-s\u00eb.<\/p>\n<p>\u201cNe q\u00ebndrojm\u00eb me q\u00ebndrime tona edhe ndaj Gjykat\u00ebs Speciale e cila pam\u00ebshirsh\u00ebm me pretendime, shpifje dhe gjith\u00eb ato q\u00eb po i b\u00ebn ndaj luft\u00ebs dhe krer\u00ebve t\u00eb saj por gjithsesi shprehem shqet\u00ebsimet tona edhe ndaj k\u00ebsaj qeverie e cila prej q\u00eb \u00ebsht\u00eb dhe \u00ebsht\u00eb e vetmja qeveri pasluft\u00ebs q\u00eb \u00ebsht\u00eb qeveri anti-U\u00c7K. \u00c7doher\u00eb prej q\u00eb \u00ebsht\u00eb kryeminist\u00ebr Albin Kurti dhe vart\u00ebsit e tij, p\u00ebrpjekjet e vazhdueshme i ka b\u00ebr\u00eb p\u00ebr t\u00eb goditur luft\u00ebn e Ushtris\u00eb \u00c7lirimtare t\u00eb Kosov\u00ebs, duke mohuar t\u00eb drejtat k\u00ebtyre kategorive dhe ne e diskutuar dhe n\u00eb\u00a0 vitin 2024, presim edhe interpretimin e Kushtetueses q\u00eb goditi veteran\u00ebt duke i hequr nga paga minimale dhe ne do t\u00eb organizohemi p\u00ebr t\u00eb kund\u00ebrshtuar \u00e7do padrejt\u00ebsi q\u00eb i b\u00ebhet Ushtris\u00eb \u00c7lirimtare t\u00eb Kosov\u00ebs. Ju e dini q\u00eb ka b\u00ebr\u00eb shkelje ligjore duke ia mohuar familjeve t\u00eb d\u00ebshmor\u00ebve, invalid\u00ebve t\u00eb luft\u00ebs, pensionin e pleq\u00ebsis\u00eb dhe kontribut-dh\u00ebn\u00ebs padrejt\u00ebsisht dhe ne u kemi b\u00ebr\u00eb thirrje dhe po iu b\u00ebjm\u00eb edhe sot, le t\u2019iu drejtohen organeve t\u00eb drejt\u00ebsis\u00eb sepse e fitojn\u00eb, sepse \u00ebsht\u00eb v\u00ebrtetuar, \u00ebsht\u00eb sakt\u00ebsuar q\u00eb \u00ebsht\u00eb shkelje e ligjit dhe nga nj\u00eb nen i nj\u00eb ligji, gabimisht, ose nuk do ta kuptoj, ose e b\u00ebn q\u00ebllimisht e b\u00ebn, prek edhe n\u00eb ligjin e ve\u00e7ant\u00eb, si\u00e7 \u00ebsht\u00eb ligji p\u00ebr kategorit\u00eb e luft\u00ebs. Ka shkel mbi gjymtyr\u00ebt e invalid\u00ebve, po shkel \u00e7do dit\u00eb mbi gjakun e d\u00ebshmor\u00ebve por mendoj q\u00eb bashk\u00ebrisht q\u00eb n\u00eb vitin 2024, do t\u2019i themi stop jo vet\u00ebm k\u00ebtij kryeministri por \u00e7dokujt q\u00eb b\u00ebn p\u00ebrpjekje p\u00ebr t\u00eb njollosur dhe atakuar luft\u00ebn e U\u00c7K-s\u00eb \u201d, tha ai p\u00ebr KosovaPress.<\/p>\n<p>Kurse, i pari i AAK-s\u00eb, Ramush Haradinajka uruar dit\u00ebn e veteranit, duke th\u00ebn\u00eb se n\u00eb Kosov\u00eb kan\u00eb ndodhur shum\u00eb padrejt\u00ebsi dhe nj\u00eb nga to \u00ebsht\u00eb marrja nga veteran\u00ebt.<\/p>\n<p>Dita e Veteranit sh\u00ebnohet m\u00eb 30 dhjetor, p\u00ebr t\u00eb p\u00ebrkujtuar sakrific\u00ebn, angazhimin dhe kontributin e veteran\u00ebve p\u00ebr sjelljen e liris\u00eb dhe pavar\u00ebsis\u00eb p\u00ebr popullin e Kosov\u00ebs.<\/p>\n<p>M\u00eb 30 dhjetor 1991 filloi p\u00ebrballja e familjes Jashari me forcat ushtarake serbe n\u00eb Prekaz, ku nga kjo filloi edhe rezistenca ushtarake e U\u00c7K-s\u00eb.<\/p>\n<p>Sh\u00ebnimi i k\u00ebsaj dite \u00ebsht\u00eb rregulluar sipas Ligjit p\u00ebr veteran\u00ebt e luft\u00ebs s\u00eb U\u00c7K-s\u00eb.<\/p>\n","protected":false},"excerpt":{"rendered":"<p>Organizatat e dala nga Lufa e U\u00c7K-s\u00eb, n\u00eb dit\u00ebn e Veteranit, kan\u00eb shprehur shqet\u00ebsimin e tyre ndaj Qeveris\u00eb s\u00eb Kosov\u00ebs, duke th\u00ebn\u00eb se \u00ebsht\u00eb anit-U\u00c7K. Kurse, Kryeministri Albin Kurti, sipas kategorive t\u00eb luft\u00ebs, ka shkel mbi gjymtyr\u00ebt e invalid\u00ebve dhe po shkel \u00e7do dit\u00eb mbi gjakun e d\u00ebshmor\u00ebve. K\u00ebshtu ka th\u00ebn\u00eb Kryetari i Shoqat\u00ebs s\u00eb [&hellip;]<\/p>\n","protected":false},"author":2,"featured_media":40927,"comment_status":"closed","ping_status":"closed","sticky":false,"template":"","format":"standard","meta":{"_monsterinsights_skip_tracking":false,"_monsterinsights_sitenote_active":false,"_monsterinsights_sitenote_note":"","_monsterinsights_sitenote_category":0,"_uf_show_specific_survey":0,"_uf_disable_surveys":false,"footnotes":""},"categories":[2645],"tags":[2829],"yoast_head":"<!-- This site is optimized with the Yoast SEO plugin v21.5 - https:\/\/yoast.com\/wordpress\/plugins\/seo\/ -->\n<title>Jashari, shoqata e familjeve t\u00eb d\u00ebshmor\u00ebve: Kurti po shkel \u00e7do dit\u00eb mbi gjakun e d\u00ebshmor\u00ebve<\/title>\n<meta name=\"robots\" content=\"index, follow, max-snippet:-1, max-image-preview:large, max-video-preview:-1\" \/>\n<link rel=\"canonical\" href=\"https:\/\/permbledhja.com\/sq\/jashari-shoqata-e-familjeve-te-deshmoreve-kurti-po-shkel-cdo-dite-mbi-gjakun-e-deshmoreve\/\" \/>\n<meta property=\"og:locale\" content=\"sq_AL\" \/>\n<meta property=\"og:type\" content=\"article\" \/>\n<meta property=\"og:title\" content=\"Jashari, shoqata e familjeve t\u00eb d\u00ebshmor\u00ebve: Kurti po shkel \u00e7do dit\u00eb mbi gjakun e d\u00ebshmor\u00ebve\" \/>\n<meta property=\"og:description\" content=\"Organizatat e dala nga Lufa e U\u00c7K-s\u00eb, n\u00eb dit\u00ebn e Veteranit, kan\u00eb shprehur shqet\u00ebsimin e tyre ndaj Qeveris\u00eb s\u00eb Kosov\u00ebs, duke th\u00ebn\u00eb se \u00ebsht\u00eb anit-U\u00c7K. Kurse, Kryeministri Albin Kurti, sipas kategorive t\u00eb luft\u00ebs, ka shkel mbi gjymtyr\u00ebt e invalid\u00ebve dhe po shkel \u00e7do dit\u00eb mbi gjakun e d\u00ebshmor\u00ebve. K\u00ebshtu ka th\u00ebn\u00eb Kryetari i Shoqat\u00ebs s\u00eb [&hellip;]\" \/>\n<meta property=\"og:url\" content=\"https:\/\/permbledhja.com\/sq\/jashari-shoqata-e-familjeve-te-deshmoreve-kurti-po-shkel-cdo-dite-mbi-gjakun-e-deshmoreve\/\" \/>\n<meta property=\"og:site_name\" content=\"Ve\u00e7 artikuj p\u00ebrmbledh\u00ebs\" \/>\n<meta property=\"article:publisher\" content=\"https:\/\/www.facebook.com\/press07\/\" \/>\n<meta property=\"article:published_time\" content=\"2023-12-30T10:06:21+00:00\" \/>\n<meta property=\"og:image\" content=\"https:\/\/permbledhja.com\/wp-content\/uploads\/2023\/12\/XHAVIT-JASHARI.jpg\" \/>\n\t<meta property=\"og:image:width\" content=\"780\" \/>\n\t<meta property=\"og:image:height\" content=\"439\" \/>\n\t<meta property=\"og:image:type\" content=\"image\/jpeg\" \/>\n<meta name=\"author\" content=\"M M\" \/>\n<meta name=\"twitter:card\" content=\"summary_large_image\" \/>\n<meta name=\"twitter:label1\" content=\"Written by\" \/>\n\t<meta name=\"twitter:data1\" content=\"M M\" \/>\n\t<meta name=\"twitter:label2\" content=\"Est. reading time\" \/>\n\t<meta name=\"twitter:data2\" content=\"3 minuta\" \/>\n<script type=\"application\/ld+json\" class=\"yoast-schema-graph\">{\"@context\":\"https:\/\/schema.org\",\"@graph\":[{\"@type\":\"Article\",\"@id\":\"https:\/\/permbledhja.com\/jashari-shoqata-e-familjeve-te-deshmoreve-kurti-po-shkel-cdo-dite-mbi-gjakun-e-deshmoreve\/#article\",\"isPartOf\":{\"@id\":\"https:\/\/permbledhja.com\/jashari-shoqata-e-familjeve-te-deshmoreve-kurti-po-shkel-cdo-dite-mbi-gjakun-e-deshmoreve\/\"},\"author\":{\"name\":\"M M\",\"@id\":\"https:\/\/permbledhja.com\/#\/schema\/person\/d23f13f59b5722643933d6780783acf3\"},\"headline\":\"Jashari, shoqata e familjeve t\u00eb d\u00ebshmor\u00ebve: Kurti po shkel \u00e7do dit\u00eb mbi gjakun e d\u00ebshmor\u00ebve\",\"datePublished\":\"2023-12-30T10:06:21+00:00\",\"dateModified\":\"2023-12-30T10:06:21+00:00\",\"mainEntityOfPage\":{\"@id\":\"https:\/\/permbledhja.com\/jashari-shoqata-e-familjeve-te-deshmoreve-kurti-po-shkel-cdo-dite-mbi-gjakun-e-deshmoreve\/\"},\"wordCount\":604,\"publisher\":{\"@id\":\"https:\/\/permbledhja.com\/#organization\"},\"keywords\":[\"Xhavit Jashari\"],\"articleSection\":[\"T\u00eb r\u00ebnd\u00ebsishme\"],\"inLanguage\":\"sq\"},{\"@type\":\"WebPage\",\"@id\":\"https:\/\/permbledhja.com\/jashari-shoqata-e-familjeve-te-deshmoreve-kurti-po-shkel-cdo-dite-mbi-gjakun-e-deshmoreve\/\",\"url\":\"https:\/\/permbledhja.com\/jashari-shoqata-e-familjeve-te-deshmoreve-kurti-po-shkel-cdo-dite-mbi-gjakun-e-deshmoreve\/\",\"name\":\"Jashari, shoqata e familjeve t\u00eb d\u00ebshmor\u00ebve: Kurti po shkel \u00e7do dit\u00eb mbi gjakun e d\u00ebshmor\u00ebve\",\"isPartOf\":{\"@id\":\"https:\/\/permbledhja.com\/#website\"},\"datePublished\":\"2023-12-30T10:06:21+00:00\",\"dateModified\":\"2023-12-30T10:06:21+00:00\",\"breadcrumb\":{\"@id\":\"https:\/\/permbledhja.com\/jashari-shoqata-e-familjeve-te-deshmoreve-kurti-po-shkel-cdo-dite-mbi-gjakun-e-deshmoreve\/#breadcrumb\"},\"inLanguage\":\"sq\",\"potentialAction\":[{\"@type\":\"ReadAction\",\"target\":[\"https:\/\/permbledhja.com\/jashari-shoqata-e-familjeve-te-deshmoreve-kurti-po-shkel-cdo-dite-mbi-gjakun-e-deshmoreve\/\"]}]},{\"@type\":\"BreadcrumbList\",\"@id\":\"https:\/\/permbledhja.com\/jashari-shoqata-e-familjeve-te-deshmoreve-kurti-po-shkel-cdo-dite-mbi-gjakun-e-deshmoreve\/#breadcrumb\",\"itemListElement\":[{\"@type\":\"ListItem\",\"position\":1,\"name\":\"Ballina\",\"item\":\"https:\/\/permbledhja.com\/sq\/\"},{\"@type\":\"ListItem\",\"position\":2,\"name\":\"Jashari, shoqata e familjeve t\u00eb d\u00ebshmor\u00ebve: Kurti po shkel \u00e7do dit\u00eb mbi gjakun e d\u00ebshmor\u00ebve\"}]},{\"@type\":\"WebSite\",\"@id\":\"https:\/\/permbledhja.com\/#website\",\"url\":\"https:\/\/permbledhja.com\/\",\"name\":\"Ve\u00e7 artikuj p\u00ebrmbledh\u00ebs\",\"description\":\"\",\"publisher\":{\"@id\":\"https:\/\/permbledhja.com\/#organization\"},\"potentialAction\":[{\"@type\":\"SearchAction\",\"target\":{\"@type\":\"EntryPoint\",\"urlTemplate\":\"https:\/\/permbledhja.com\/?s={search_term_string}\"},\"query-input\":\"required name=search_term_string\"}],\"inLanguage\":\"sq\"},{\"@type\":\"Organization\",\"@id\":\"https:\/\/permbledhja.com\/#organization\",\"name\":\"MK Media & Pr\",\"url\":\"https:\/\/permbledhja.com\/\",\"logo\":{\"@type\":\"ImageObject\",\"inLanguage\":\"sq\",\"@id\":\"https:\/\/permbledhja.com\/#\/schema\/logo\/image\/\",\"url\":\"https:\/\/permbledhja.com\/wp-content\/uploads\/2021\/12\/07-Press-Logo.jpg\",\"contentUrl\":\"https:\/\/permbledhja.com\/wp-content\/uploads\/2021\/12\/07-Press-Logo.jpg\",\"width\":512,\"height\":512,\"caption\":\"MK Media & Pr\"},\"image\":{\"@id\":\"https:\/\/permbledhja.com\/#\/schema\/logo\/image\/\"},\"sameAs\":[\"https:\/\/www.facebook.com\/press07\/\"]},{\"@type\":\"Person\",\"@id\":\"https:\/\/permbledhja.com\/#\/schema\/person\/d23f13f59b5722643933d6780783acf3\",\"name\":\"M M\",\"image\":{\"@type\":\"ImageObject\",\"inLanguage\":\"sq\",\"@id\":\"https:\/\/permbledhja.com\/#\/schema\/person\/image\/\",\"url\":\"https:\/\/secure.gravatar.com\/avatar\/e2835a76ca7c31a2416b2d51c4ec9a8f?s=96&d=mm&r=g\",\"contentUrl\":\"https:\/\/secure.gravatar.com\/avatar\/e2835a76ca7c31a2416b2d51c4ec9a8f?s=96&d=mm&r=g\",\"caption\":\"M M\"},\"sameAs\":[\"http:\/\/MM\"],\"url\":\"https:\/\/permbledhja.com\/sq\/author\/muhamet\/\"}]}<\/script>\n<!-- \/ Yoast SEO plugin. -->","yoast_head_json":{"title":"Jashari, shoqata e familjeve t\u00eb d\u00ebshmor\u00ebve: Kurti po shkel \u00e7do dit\u00eb mbi gjakun e d\u00ebshmor\u00ebve","robots":{"index":"index","follow":"follow","max-snippet":"max-snippet:-1","max-image-preview":"max-image-preview:large","max-video-preview":"max-video-preview:-1"},"canonical":"https:\/\/permbledhja.com\/sq\/jashari-shoqata-e-familjeve-te-deshmoreve-kurti-po-shkel-cdo-dite-mbi-gjakun-e-deshmoreve\/","og_locale":"sq_AL","og_type":"article","og_title":"Jashari, shoqata e familjeve t\u00eb d\u00ebshmor\u00ebve: Kurti po shkel \u00e7do dit\u00eb mbi gjakun e d\u00ebshmor\u00ebve","og_description":"Organizatat e dala nga Lufa e U\u00c7K-s\u00eb, n\u00eb dit\u00ebn e Veteranit, kan\u00eb shprehur shqet\u00ebsimin e tyre ndaj Qeveris\u00eb s\u00eb Kosov\u00ebs, duke th\u00ebn\u00eb se \u00ebsht\u00eb anit-U\u00c7K. Kurse, Kryeministri Albin Kurti, sipas kategorive t\u00eb luft\u00ebs, ka shkel mbi gjymtyr\u00ebt e invalid\u00ebve dhe po shkel \u00e7do dit\u00eb mbi gjakun e d\u00ebshmor\u00ebve. K\u00ebshtu ka th\u00ebn\u00eb Kryetari i Shoqat\u00ebs s\u00eb [&hellip;]","og_url":"https:\/\/permbledhja.com\/sq\/jashari-shoqata-e-familjeve-te-deshmoreve-kurti-po-shkel-cdo-dite-mbi-gjakun-e-deshmoreve\/","og_site_name":"Ve\u00e7 artikuj p\u00ebrmbledh\u00ebs","article_publisher":"https:\/\/www.facebook.com\/press07\/","article_published_time":"2023-12-30T10:06:21+00:00","og_image":[{"width":780,"height":439,"url":"https:\/\/permbledhja.com\/wp-content\/uploads\/2023\/12\/XHAVIT-JASHARI.jpg","type":"image\/jpeg"}],"author":"M M","twitter_card":"summary_large_image","twitter_misc":{"Written by":"M M","Est. reading time":"3 minuta"},"schema":{"@context":"https:\/\/schema.org","@graph":[{"@type":"Article","@id":"https:\/\/permbledhja.com\/jashari-shoqata-e-familjeve-te-deshmoreve-kurti-po-shkel-cdo-dite-mbi-gjakun-e-deshmoreve\/#article","isPartOf":{"@id":"https:\/\/permbledhja.com\/jashari-shoqata-e-familjeve-te-deshmoreve-kurti-po-shkel-cdo-dite-mbi-gjakun-e-deshmoreve\/"},"author":{"name":"M M","@id":"https:\/\/permbledhja.com\/#\/schema\/person\/d23f13f59b5722643933d6780783acf3"},"headline":"Jashari, shoqata e familjeve t\u00eb d\u00ebshmor\u00ebve: Kurti po shkel \u00e7do dit\u00eb mbi gjakun e d\u00ebshmor\u00ebve","datePublished":"2023-12-30T10:06:21+00:00","dateModified":"2023-12-30T10:06:21+00:00","mainEntityOfPage":{"@id":"https:\/\/permbledhja.com\/jashari-shoqata-e-familjeve-te-deshmoreve-kurti-po-shkel-cdo-dite-mbi-gjakun-e-deshmoreve\/"},"wordCount":604,"publisher":{"@id":"https:\/\/permbledhja.com\/#organization"},"keywords":["Xhavit Jashari"],"articleSection":["T\u00eb r\u00ebnd\u00ebsishme"],"inLanguage":"sq"},{"@type":"WebPage","@id":"https:\/\/permbledhja.com\/jashari-shoqata-e-familjeve-te-deshmoreve-kurti-po-shkel-cdo-dite-mbi-gjakun-e-deshmoreve\/","url":"https:\/\/permbledhja.com\/jashari-shoqata-e-familjeve-te-deshmoreve-kurti-po-shkel-cdo-dite-mbi-gjakun-e-deshmoreve\/","name":"Jashari, shoqata e familjeve t\u00eb d\u00ebshmor\u00ebve: Kurti po shkel \u00e7do dit\u00eb mbi gjakun e d\u00ebshmor\u00ebve","isPartOf":{"@id":"https:\/\/permbledhja.com\/#website"},"datePublished":"2023-12-30T10:06:21+00:00","dateModified":"2023-12-30T10:06:21+00:00","breadcrumb":{"@id":"https:\/\/permbledhja.com\/jashari-shoqata-e-familjeve-te-deshmoreve-kurti-po-shkel-cdo-dite-mbi-gjakun-e-deshmoreve\/#breadcrumb"},"inLanguage":"sq","potentialAction":[{"@type":"ReadAction","target":["https:\/\/permbledhja.com\/jashari-shoqata-e-familjeve-te-deshmoreve-kurti-po-shkel-cdo-dite-mbi-gjakun-e-deshmoreve\/"]}]},{"@type":"BreadcrumbList","@id":"https:\/\/permbledhja.com\/jashari-shoqata-e-familjeve-te-deshmoreve-kurti-po-shkel-cdo-dite-mbi-gjakun-e-deshmoreve\/#breadcrumb","itemListElement":[{"@type":"ListItem","position":1,"name":"Ballina","item":"https:\/\/permbledhja.com\/sq\/"},{"@type":"ListItem","position":2,"name":"Jashari, shoqata e familjeve t\u00eb d\u00ebshmor\u00ebve: Kurti po shkel \u00e7do dit\u00eb mbi gjakun e d\u00ebshmor\u00ebve"}]},{"@type":"WebSite","@id":"https:\/\/permbledhja.com\/#website","url":"https:\/\/permbledhja.com\/","name":"Ve\u00e7 artikuj p\u00ebrmbledh\u00ebs","description":"","publisher":{"@id":"https:\/\/permbledhja.com\/#organization"},"potentialAction":[{"@type":"SearchAction","target":{"@type":"EntryPoint","urlTemplate":"https:\/\/permbledhja.com\/?s={search_term_string}"},"query-input":"required name=search_term_string"}],"inLanguage":"sq"},{"@type":"Organization","@id":"https:\/\/permbledhja.com\/#organization","name":"MK Media & Pr","url":"https:\/\/permbledhja.com\/","logo":{"@type":"ImageObject","inLanguage":"sq","@id":"https:\/\/permbledhja.com\/#\/schema\/logo\/image\/","url":"https:\/\/permbledhja.com\/wp-content\/uploads\/2021\/12\/07-Press-Logo.jpg","contentUrl":"https:\/\/permbledhja.com\/wp-content\/uploads\/2021\/12\/07-Press-Logo.jpg","width":512,"height":512,"caption":"MK Media & Pr"},"image":{"@id":"https:\/\/permbledhja.com\/#\/schema\/logo\/image\/"},"sameAs":["https:\/\/www.facebook.com\/press07\/"]},{"@type":"Person","@id":"https:\/\/permbledhja.com\/#\/schema\/person\/d23f13f59b5722643933d6780783acf3","name":"M M","image":{"@type":"ImageObject","inLanguage":"sq","@id":"https:\/\/permbledhja.com\/#\/schema\/person\/image\/","url":"https:\/\/secure.gravatar.com\/avatar\/e2835a76ca7c31a2416b2d51c4ec9a8f?s=96&d=mm&r=g","contentUrl":"https:\/\/secure.gravatar.com\/avatar\/e2835a76ca7c31a2416b2d51c4ec9a8f?s=96&d=mm&r=g","caption":"M M"},"sameAs":["http:\/\/MM"],"url":"https:\/\/permbledhja.com\/sq\/author\/muhamet\/"}]}},"_links":{"self":[{"href":"https:\/\/permbledhja.com\/sq\/wp-json\/wp\/v2\/posts\/40926"}],"collection":[{"href":"https:\/\/permbledhja.com\/sq\/wp-json\/wp\/v2\/posts"}],"about":[{"href":"https:\/\/permbledhja.com\/sq\/wp-json\/wp\/v2\/types\/post"}],"author":[{"embeddable":true,"href":"https:\/\/permbledhja.com\/sq\/wp-json\/wp\/v2\/users\/2"}],"replies":[{"embeddable":true,"href":"https:\/\/permbledhja.com\/sq\/wp-json\/wp\/v2\/comments?post=40926"}],"version-history":[{"count":1,"href":"https:\/\/permbledhja.com\/sq\/wp-json\/wp\/v2\/posts\/40926\/revisions"}],"predecessor-version":[{"id":40928,"href":"https:\/\/permbledhja.com\/sq\/wp-json\/wp\/v2\/posts\/40926\/revisions\/40928"}],"wp:featuredmedia":[{"embeddable":true,"href":"https:\/\/permbledhja.com\/sq\/wp-json\/wp\/v2\/media\/40927"}],"wp:attachment":[{"href":"https:\/\/permbledhja.com\/sq\/wp-json\/wp\/v2\/media?parent=40926"}],"wp:term":[{"taxonomy":"category","embeddable":true,"href":"https:\/\/permbledhja.com\/sq\/wp-json\/wp\/v2\/categories?post=40926"},{"taxonomy":"post_tag","embeddable":true,"href":"https:\/\/permbledhja.com\/sq\/wp-json\/wp\/v2\/tags?post=40926"}],"curies":[{"name":"wp","href":"https:\/\/api.w.org\/{rel}","templated":true}]}}