{"id":40919,"date":"2023-12-30T09:02:52","date_gmt":"2023-12-30T09:02:52","guid":{"rendered":"https:\/\/permbledhja.com\/?p=40919"},"modified":"2023-12-30T09:53:18","modified_gmt":"2023-12-30T09:53:18","slug":"belgjika-merr-kryesimin-e-be-se-flet-diplomati-a-do-te-shqyrtohet-aplikimi-i-kosoves-per-anetaresim","status":"publish","type":"post","link":"https:\/\/permbledhja.com\/sq\/belgjika-merr-kryesimin-e-be-se-flet-diplomati-a-do-te-shqyrtohet-aplikimi-i-kosoves-per-anetaresim\/","title":{"rendered":"Belgjika merr kryesimin e BE-s\u00eb \u2013 Flet diplomati, a do t\u00eb shqyrtohet aplikimi i Kosov\u00ebs p\u00ebr an\u00ebtar\u00ebsim"},"content":{"rendered":"<h3>Spanja me fundin e vitit 2023 e p\u00ebrmbyll kryesimin e Bashkimit Evropian (BE) p\u00ebr t\u2019ia dor\u00ebzuar k\u00ebt\u00eb detyr\u00eb Belgjik\u00ebs.<\/h3>\n<p>K\u00ebshtu Belgjika, vendi n\u00eb t\u00eb cilin edhe ndodhet selia e Bashkimit Evropian, dhe i cili ishte i pari q\u00eb kishte rolin e kryesuesit kur ky sistem u vendos, do t\u00eb kryesoj\u00eb p\u00ebr t\u00eb 13 her\u00eb me radh\u00eb, transmeton lajmi.net.<\/p>\n<p>Dhe ky kryesim i Belgjik\u00ebs ndodh n\u00eb nj\u00eb moment ky\u00e7 p\u00ebr BE-n\u00eb pasi nga fundi i k\u00ebsaj presidence, mes datave 6 dhe 9 qershor, do t\u00eb zhvillohen zgjedhjet evropiane.<\/p>\n<p>E, p\u00ebr Belgjik\u00ebn, dita e zgjedhjeve do t\u00eb jet\u00eb edhe m\u00eb e r\u00ebnd\u00ebsishme pasi n\u00eb t\u00eb nj\u00ebjt\u00ebn dit\u00eb me zgjedhjet p\u00ebr Parlamentin Evropian, do t\u00eb zhvillohen edhe zgjedhjet nacionale, edhe ato rajonale edhe ato lokale. Pavar\u00ebsisht, k\u00ebsaj Qeveria e Belgjik\u00ebs ka premtuar se do t\u00eb ket\u00eb kapacitete t\u00eb duhura dhe fokusin e mjaftuesh\u00ebm p\u00ebr ta kryer detyr\u00ebn e kryesuesit t\u00eb radh\u00ebs me sukses.<\/p>\n<p>Edhe Spanja gjat\u00eb kryesimit t\u00eb saj me BE-n\u00eb n\u00eb pjes\u00ebn e dyt\u00eb t\u00eb vitit 2023 kaloi p\u00ebrmes procesit zgjedhor.<\/p>\n<p>Spanja, gjat\u00eb kryesimit t\u00eb saj me BE-n\u00eb, nd\u00ebr prioritetet pati edhe procesin e zgjerimit dhe k\u00ebt\u00eb, po ashtu, pritet ta ket\u00eb edhe Belgjika.<\/p>\n<p>Gjat\u00eb kryesimit t\u00eb Spanj\u00ebs u miratuan vendime historike p\u00ebr nisjen e negociatave t\u00eb an\u00ebtar\u00ebsimit me Ukrain\u00ebn dhe Moldavin\u00eb, u shpreh edhe gatishm\u00ebria p\u00ebr t\u00eb nisur negociatat me kusht edhe me Bosnje e Hercegovin\u00ebn dhe Gjeorgjis\u00eb iu dha statusi i vendit kandidat Gjeorgjis\u00eb.<\/p>\n<p>Nuk pati asnj\u00eb hap t\u00eb vet\u00ebm sa i p\u00ebrket aplikimit t\u00eb Kosov\u00ebs p\u00ebr an\u00ebtar\u00ebsim n\u00eb BE dhe kjo nuk pritej gjat\u00eb kryesimit t\u00eb Spanj\u00ebs, e cila \u00ebsht\u00eb nd\u00ebr vendet an\u00ebtare t\u00eb BE-s\u00eb q\u00eb e kund\u00ebrshton ashp\u00ebr pavar\u00ebsin\u00eb e Kosov\u00ebs.<\/p>\n<p>Megjithat\u00eb, Kosova mori pjes\u00eb n\u00eb nj\u00eb samit t\u00eb Bashk\u00ebsis\u00eb Politike Evropiane q\u00eb u zhvillua n\u00eb Granada t\u00eb Spanj\u00ebs, si dhe n\u00eb nj\u00eb samit t\u00eb p\u00ebrbashk\u00ebt BE-Ballkani Per\u00ebndimor, i cili u zhvillua n\u00eb muajin dhjetor n\u00eb Bruksel.<\/p>\n<p>Diplomat\u00ebt n\u00eb Bruksel thon\u00eb se n\u00eb pjes\u00ebn e par\u00eb t\u00eb vitit 2023, kur kryesimin e BE-s\u00eb e pati Suedia, pati p\u00ebrpjekje q\u00eb K\u00ebshilli i BE-s\u00eb t\u00eb shqyrtoj\u00eb aplikimin e Kosov\u00ebs p\u00ebr an\u00ebtar\u00ebsim n\u00eb BE dhe eventualisht t\u2019i jap\u00eb mandat Komisionit Evropian p\u00ebr t\u00eb p\u00ebrpiluar mendimin rreth k\u00ebtij aplikimi. Por, as Suedia nuk arriti t\u00eb siguroj\u00eb mb\u00ebshtetjen e t\u00eb gjitha vendeve an\u00ebtare p\u00ebr nj\u00eb gj\u00eb t\u00eb till\u00eb, nd\u00ebrsa Spanja ishte nd\u00ebr vendet q\u00eb m\u00eb s\u00eb shumti e kund\u00ebrshtonte k\u00ebt\u00eb.<\/p>\n<p>Tash kur Belgjika merr kryesimin e radh\u00ebs nuk \u00ebsht\u00eb e qart\u00eb n\u00ebse do t\u00eb kthej\u00eb n\u00eb shqyrtim aplikimin e Kosov\u00ebs p\u00ebr an\u00ebtar\u00ebsim n\u00eb BE, t\u00eb dor\u00ebzuar n\u00eb fund t\u00eb vitit 2022 kur kryesimin e radh\u00ebs e kishte \u00c7ekia.<\/p>\n<p>\u201cKjo \u00ebsht\u00eb edhe \u00e7\u00ebshtje ligjore, pasi pavar\u00ebsin\u00eb e Kosov\u00ebs nuk e kan\u00eb njohur t\u00eb gjitha vendet an\u00ebtare e n\u00eb zgjerim vendoset me konsensus. Por, \u00ebsht\u00eb edhe \u00e7\u00ebshtje politike pasi lidhet edhe me sjelljen e Kosov\u00ebs n\u00eb procesin e dialogut me Serbin\u00eb dhe zbatimin e obligimeve q\u00eb dalin nga ky proces\u201d, ka th\u00ebn\u00eb p\u00ebr Radion Evropa e Lir\u00eb nj\u00eb diplomat i BE-s\u00eb.<\/p>\n<p>N\u00eb dokumentet e Qeveris\u00eb s\u00eb Belgjik\u00ebs ku p\u00ebrmenden prioritetet, me t\u00eb cilat do t\u00eb merret gjat\u00eb gjasht\u00eb muajve sa do t\u00eb jet\u00eb n\u00eb krye t\u00eb BE-s\u00eb vet\u00ebm shkruan se gjat\u00eb k\u00ebsaj periudhe \u201cdo t\u00eb \u00e7oj\u00eb p\u00ebrpara pun\u00ebn n\u00eb procesin e zgjerimit q\u00eb \u00ebsht\u00eb n\u00eb vazhdim e sip\u00ebr\u201d.<\/p>\n<p>\u201cPresidenca belge do t\u00eb monitoroj\u00eb proceset q\u00eb jan\u00eb n\u00eb vazhdim e sip\u00ebr me t\u00eb gjitha vendet relevante, n\u00eb p\u00ebrputhje me metodologjin\u00eb ekzistuese, bazuar n\u00eb qasjen e meritave individuale, dhe progresin e secilit kandidat n\u00eb p\u00ebrmbushjen e kritereve t\u00eb an\u00ebtar\u00ebsimit\u201d, thuhet n\u00eb dokumentin e prioriteteve t\u00eb Belgjik\u00ebs, e cila do ta kryeson BE-n\u00eb n\u00eb gjysm\u00ebn e par\u00eb t\u00eb vitit 2024.<\/p>\n<p>\u201cDo t\u00eb inkurajojm\u00eb integrimin n\u00eb BE duke promovuar reformat e domosdoshme transformative n\u00eb fushat ky\u00e7e, posa\u00e7\u00ebrisht sundimin e ligjit, institucionet demokratike, lirin\u00eb e mediave dhe t\u00eb drejtat themelore\u201d, thuhet n\u00eb k\u00ebt\u00eb dokument.<\/p>\n<p>Po ashtu, n\u00ebnvizohet se pik\u00ebrisht gjat\u00eb kryesimit t\u00eb Belgjik\u00ebs me BE-n\u00eb, m\u00eb sakt\u00ebsisht m\u00eb 1 maj t\u00eb vitit 2024, do t\u00eb sh\u00ebnohet 20-vjetori i zgjerimit m\u00eb t\u00eb madh t\u00eb Bashkimit Evropian. Belgjika si kryesuese e BE-s\u00eb e vler\u00ebson k\u00ebt\u00eb si \u201chap t\u00eb madh drejt bashkimit dhe prosperitetit t\u00eb kontinentit t\u00eb Evrop\u00ebs\u201d.<\/p>\n<p>Belgjika, gjat\u00eb kryesimit do t\u00eb merret edhe me definimin e nj\u00eb agjende strategjike p\u00ebr zhvillimin e BE-s\u00eb ku zgjerimi do t\u00eb ket\u00eb nj\u00eb vend t\u00eb r\u00ebnd\u00ebsish\u00ebm.<\/p>\n<p>Kjo \u201cagjend\u00eb strategjike\u201d do ta vendos\u00eb baz\u00ebn p\u00ebr veprimin e BE-s\u00eb n\u00eb periudh\u00ebn nga viti 2024 deri n\u00eb vitin 2029.<\/p>\n<p>\u201cParalelisht presidenca do t\u2019u kushtoj\u00eb v\u00ebmendje t\u00eb ve\u00e7ant\u00eb kapaciteteve t\u00eb BE-s\u00eb p\u00ebr t\u00eb integruar an\u00ebtar\u00eb t\u00eb rinj dhe t\u00eb avancoj\u00eb reflektimet p\u00ebr reformat e brendshme q\u00eb nevojiten p\u00ebr nj\u00eb zgjerim t\u00eb suksessh\u00ebm n\u00eb t\u00eb ardhmen\u201d, thuhet n\u00eb dokumentin e prioriteteve t\u00eb presidenc\u00ebs belge t\u00eb Bashkimit Evropian.<\/p>\n<p>Sa i p\u00ebrket procesit t\u00eb zgjerimit t\u00eb Bashkimit Evropian gjat\u00eb kryesimit t\u00eb Belgjik\u00ebs do t\u00eb mund t\u00eb nisin negociatat e an\u00ebtar\u00ebsimit me Ukrain\u00ebn dhe Moldavin\u00eb, pasi p\u00ebr nj\u00eb gj\u00eb t\u00eb till\u00eb ishte miratuar vendimi n\u00eb takimin e fundit n\u00eb dhjetor t\u00eb K\u00ebshillit Evropian. Bosnja e Hercegovina do t\u00eb vler\u00ebsohet n\u00eb muajin mars p\u00ebr t\u00eb par\u00eb n\u00ebse i ka p\u00ebrmbushur apo jo disa kushte p\u00ebr t\u00eb nisur edhe ajo negociatat e an\u00ebtar\u00ebsimit.<\/p>\n<p>Belgjika ka paralajm\u00ebruar se do t\u00eb vazhdoj\u00eb thellimin e bashk\u00ebpunimit me fqinj\u00ebt evropian\u00eb q\u00eb nuk jan\u00eb n\u00eb BE, nga Zvicra e deri te Ballkani Per\u00ebndimor, p\u00ebr t\u2019u p\u00ebrballur me sfidat e p\u00ebrbashk\u00ebta si siguria e furnizimit me energji dhe \u00e7\u00ebshtjet e migrimit. Po ashtu, Belgjika do t\u00eb mbaj\u00eb fokusin e BE-s\u00eb n\u00eb forcimin e Aleanc\u00ebn me Shteteve t\u00eb Bashkuara t\u00eb Amerik\u00ebs dhe bashk\u00ebveprimin me NATO-n.<\/p>\n","protected":false},"excerpt":{"rendered":"<p>Spanja me fundin e vitit 2023 e p\u00ebrmbyll kryesimin e Bashkimit Evropian (BE) p\u00ebr t\u2019ia dor\u00ebzuar k\u00ebt\u00eb detyr\u00eb Belgjik\u00ebs. K\u00ebshtu Belgjika, vendi n\u00eb t\u00eb cilin edhe ndodhet selia e Bashkimit Evropian, dhe i cili ishte i pari q\u00eb kishte rolin e kryesuesit kur ky sistem u vendos, do t\u00eb kryesoj\u00eb p\u00ebr t\u00eb 13 her\u00eb me [&hellip;]<\/p>\n","protected":false},"author":2,"featured_media":27332,"comment_status":"closed","ping_status":"closed","sticky":false,"template":"","format":"standard","meta":{"_monsterinsights_skip_tracking":false,"_monsterinsights_sitenote_active":false,"_monsterinsights_sitenote_note":"","_monsterinsights_sitenote_category":0,"_uf_show_specific_survey":0,"_uf_disable_surveys":false,"footnotes":""},"categories":[1146],"tags":[487],"yoast_head":"<!-- This site is optimized with the Yoast SEO plugin v21.5 - https:\/\/yoast.com\/wordpress\/plugins\/seo\/ -->\n<title>Belgjika merr kryesimin e BE-s\u00eb \u2013 Flet diplomati, a do t\u00eb shqyrtohet aplikimi i Kosov\u00ebs p\u00ebr an\u00ebtar\u00ebsim<\/title>\n<meta name=\"robots\" content=\"index, follow, max-snippet:-1, max-image-preview:large, max-video-preview:-1\" \/>\n<link rel=\"canonical\" href=\"https:\/\/permbledhja.com\/sq\/belgjika-merr-kryesimin-e-be-se-flet-diplomati-a-do-te-shqyrtohet-aplikimi-i-kosoves-per-anetaresim\/\" \/>\n<meta property=\"og:locale\" content=\"sq_AL\" \/>\n<meta property=\"og:type\" content=\"article\" \/>\n<meta property=\"og:title\" content=\"Belgjika merr kryesimin e BE-s\u00eb \u2013 Flet diplomati, a do t\u00eb shqyrtohet aplikimi i Kosov\u00ebs p\u00ebr an\u00ebtar\u00ebsim\" \/>\n<meta property=\"og:description\" content=\"Spanja me fundin e vitit 2023 e p\u00ebrmbyll kryesimin e Bashkimit Evropian (BE) p\u00ebr t\u2019ia dor\u00ebzuar k\u00ebt\u00eb detyr\u00eb Belgjik\u00ebs. K\u00ebshtu Belgjika, vendi n\u00eb t\u00eb cilin edhe ndodhet selia e Bashkimit Evropian, dhe i cili ishte i pari q\u00eb kishte rolin e kryesuesit kur ky sistem u vendos, do t\u00eb kryesoj\u00eb p\u00ebr t\u00eb 13 her\u00eb me [&hellip;]\" \/>\n<meta property=\"og:url\" content=\"https:\/\/permbledhja.com\/sq\/belgjika-merr-kryesimin-e-be-se-flet-diplomati-a-do-te-shqyrtohet-aplikimi-i-kosoves-per-anetaresim\/\" \/>\n<meta property=\"og:site_name\" content=\"Ve\u00e7 artikuj p\u00ebrmbledh\u00ebs\" \/>\n<meta property=\"article:publisher\" content=\"https:\/\/www.facebook.com\/press07\/\" \/>\n<meta property=\"article:published_time\" content=\"2023-12-30T09:02:52+00:00\" \/>\n<meta property=\"article:modified_time\" content=\"2023-12-30T09:53:18+00:00\" \/>\n<meta property=\"og:image\" content=\"https:\/\/permbledhja.com\/wp-content\/uploads\/2023\/09\/bashkimi-evropian.jpg\" \/>\n\t<meta property=\"og:image:width\" content=\"2500\" \/>\n\t<meta property=\"og:image:height\" content=\"1667\" \/>\n\t<meta property=\"og:image:type\" content=\"image\/jpeg\" \/>\n<meta name=\"author\" content=\"M M\" \/>\n<meta name=\"twitter:card\" content=\"summary_large_image\" \/>\n<meta name=\"twitter:label1\" content=\"Written by\" \/>\n\t<meta name=\"twitter:data1\" content=\"M M\" \/>\n\t<meta name=\"twitter:label2\" content=\"Est. reading time\" \/>\n\t<meta name=\"twitter:data2\" content=\"5 minuta\" \/>\n<script type=\"application\/ld+json\" class=\"yoast-schema-graph\">{\"@context\":\"https:\/\/schema.org\",\"@graph\":[{\"@type\":\"Article\",\"@id\":\"https:\/\/permbledhja.com\/belgjika-merr-kryesimin-e-be-se-flet-diplomati-a-do-te-shqyrtohet-aplikimi-i-kosoves-per-anetaresim\/#article\",\"isPartOf\":{\"@id\":\"https:\/\/permbledhja.com\/belgjika-merr-kryesimin-e-be-se-flet-diplomati-a-do-te-shqyrtohet-aplikimi-i-kosoves-per-anetaresim\/\"},\"author\":{\"name\":\"M M\",\"@id\":\"https:\/\/permbledhja.com\/#\/schema\/person\/d23f13f59b5722643933d6780783acf3\"},\"headline\":\"Belgjika merr kryesimin e BE-s\u00eb \u2013 Flet diplomati, a do t\u00eb shqyrtohet aplikimi i Kosov\u00ebs p\u00ebr an\u00ebtar\u00ebsim\",\"datePublished\":\"2023-12-30T09:02:52+00:00\",\"dateModified\":\"2023-12-30T09:53:18+00:00\",\"mainEntityOfPage\":{\"@id\":\"https:\/\/permbledhja.com\/belgjika-merr-kryesimin-e-be-se-flet-diplomati-a-do-te-shqyrtohet-aplikimi-i-kosoves-per-anetaresim\/\"},\"wordCount\":1067,\"publisher\":{\"@id\":\"https:\/\/permbledhja.com\/#organization\"},\"keywords\":[\"BE\"],\"articleSection\":[\"Kryesoret\"],\"inLanguage\":\"sq\"},{\"@type\":\"WebPage\",\"@id\":\"https:\/\/permbledhja.com\/belgjika-merr-kryesimin-e-be-se-flet-diplomati-a-do-te-shqyrtohet-aplikimi-i-kosoves-per-anetaresim\/\",\"url\":\"https:\/\/permbledhja.com\/belgjika-merr-kryesimin-e-be-se-flet-diplomati-a-do-te-shqyrtohet-aplikimi-i-kosoves-per-anetaresim\/\",\"name\":\"Belgjika merr kryesimin e BE-s\u00eb \u2013 Flet diplomati, a do t\u00eb shqyrtohet aplikimi i Kosov\u00ebs p\u00ebr an\u00ebtar\u00ebsim\",\"isPartOf\":{\"@id\":\"https:\/\/permbledhja.com\/#website\"},\"datePublished\":\"2023-12-30T09:02:52+00:00\",\"dateModified\":\"2023-12-30T09:53:18+00:00\",\"breadcrumb\":{\"@id\":\"https:\/\/permbledhja.com\/belgjika-merr-kryesimin-e-be-se-flet-diplomati-a-do-te-shqyrtohet-aplikimi-i-kosoves-per-anetaresim\/#breadcrumb\"},\"inLanguage\":\"sq\",\"potentialAction\":[{\"@type\":\"ReadAction\",\"target\":[\"https:\/\/permbledhja.com\/belgjika-merr-kryesimin-e-be-se-flet-diplomati-a-do-te-shqyrtohet-aplikimi-i-kosoves-per-anetaresim\/\"]}]},{\"@type\":\"BreadcrumbList\",\"@id\":\"https:\/\/permbledhja.com\/belgjika-merr-kryesimin-e-be-se-flet-diplomati-a-do-te-shqyrtohet-aplikimi-i-kosoves-per-anetaresim\/#breadcrumb\",\"itemListElement\":[{\"@type\":\"ListItem\",\"position\":1,\"name\":\"Ballina\",\"item\":\"https:\/\/permbledhja.com\/sq\/\"},{\"@type\":\"ListItem\",\"position\":2,\"name\":\"Belgjika merr kryesimin e BE-s\u00eb \u2013 Flet diplomati, a do t\u00eb shqyrtohet aplikimi i Kosov\u00ebs p\u00ebr an\u00ebtar\u00ebsim\"}]},{\"@type\":\"WebSite\",\"@id\":\"https:\/\/permbledhja.com\/#website\",\"url\":\"https:\/\/permbledhja.com\/\",\"name\":\"Ve\u00e7 artikuj p\u00ebrmbledh\u00ebs\",\"description\":\"\",\"publisher\":{\"@id\":\"https:\/\/permbledhja.com\/#organization\"},\"potentialAction\":[{\"@type\":\"SearchAction\",\"target\":{\"@type\":\"EntryPoint\",\"urlTemplate\":\"https:\/\/permbledhja.com\/?s={search_term_string}\"},\"query-input\":\"required name=search_term_string\"}],\"inLanguage\":\"sq\"},{\"@type\":\"Organization\",\"@id\":\"https:\/\/permbledhja.com\/#organization\",\"name\":\"MK Media & Pr\",\"url\":\"https:\/\/permbledhja.com\/\",\"logo\":{\"@type\":\"ImageObject\",\"inLanguage\":\"sq\",\"@id\":\"https:\/\/permbledhja.com\/#\/schema\/logo\/image\/\",\"url\":\"https:\/\/permbledhja.com\/wp-content\/uploads\/2021\/12\/07-Press-Logo.jpg\",\"contentUrl\":\"https:\/\/permbledhja.com\/wp-content\/uploads\/2021\/12\/07-Press-Logo.jpg\",\"width\":512,\"height\":512,\"caption\":\"MK Media & Pr\"},\"image\":{\"@id\":\"https:\/\/permbledhja.com\/#\/schema\/logo\/image\/\"},\"sameAs\":[\"https:\/\/www.facebook.com\/press07\/\"]},{\"@type\":\"Person\",\"@id\":\"https:\/\/permbledhja.com\/#\/schema\/person\/d23f13f59b5722643933d6780783acf3\",\"name\":\"M M\",\"image\":{\"@type\":\"ImageObject\",\"inLanguage\":\"sq\",\"@id\":\"https:\/\/permbledhja.com\/#\/schema\/person\/image\/\",\"url\":\"https:\/\/secure.gravatar.com\/avatar\/e2835a76ca7c31a2416b2d51c4ec9a8f?s=96&d=mm&r=g\",\"contentUrl\":\"https:\/\/secure.gravatar.com\/avatar\/e2835a76ca7c31a2416b2d51c4ec9a8f?s=96&d=mm&r=g\",\"caption\":\"M M\"},\"sameAs\":[\"http:\/\/MM\"],\"url\":\"https:\/\/permbledhja.com\/sq\/author\/muhamet\/\"}]}<\/script>\n<!-- \/ Yoast SEO plugin. -->","yoast_head_json":{"title":"Belgjika merr kryesimin e BE-s\u00eb \u2013 Flet diplomati, a do t\u00eb shqyrtohet aplikimi i Kosov\u00ebs p\u00ebr an\u00ebtar\u00ebsim","robots":{"index":"index","follow":"follow","max-snippet":"max-snippet:-1","max-image-preview":"max-image-preview:large","max-video-preview":"max-video-preview:-1"},"canonical":"https:\/\/permbledhja.com\/sq\/belgjika-merr-kryesimin-e-be-se-flet-diplomati-a-do-te-shqyrtohet-aplikimi-i-kosoves-per-anetaresim\/","og_locale":"sq_AL","og_type":"article","og_title":"Belgjika merr kryesimin e BE-s\u00eb \u2013 Flet diplomati, a do t\u00eb shqyrtohet aplikimi i Kosov\u00ebs p\u00ebr an\u00ebtar\u00ebsim","og_description":"Spanja me fundin e vitit 2023 e p\u00ebrmbyll kryesimin e Bashkimit Evropian (BE) p\u00ebr t\u2019ia dor\u00ebzuar k\u00ebt\u00eb detyr\u00eb Belgjik\u00ebs. K\u00ebshtu Belgjika, vendi n\u00eb t\u00eb cilin edhe ndodhet selia e Bashkimit Evropian, dhe i cili ishte i pari q\u00eb kishte rolin e kryesuesit kur ky sistem u vendos, do t\u00eb kryesoj\u00eb p\u00ebr t\u00eb 13 her\u00eb me [&hellip;]","og_url":"https:\/\/permbledhja.com\/sq\/belgjika-merr-kryesimin-e-be-se-flet-diplomati-a-do-te-shqyrtohet-aplikimi-i-kosoves-per-anetaresim\/","og_site_name":"Ve\u00e7 artikuj p\u00ebrmbledh\u00ebs","article_publisher":"https:\/\/www.facebook.com\/press07\/","article_published_time":"2023-12-30T09:02:52+00:00","article_modified_time":"2023-12-30T09:53:18+00:00","og_image":[{"width":2500,"height":1667,"url":"https:\/\/permbledhja.com\/wp-content\/uploads\/2023\/09\/bashkimi-evropian.jpg","type":"image\/jpeg"}],"author":"M M","twitter_card":"summary_large_image","twitter_misc":{"Written by":"M M","Est. reading time":"5 minuta"},"schema":{"@context":"https:\/\/schema.org","@graph":[{"@type":"Article","@id":"https:\/\/permbledhja.com\/belgjika-merr-kryesimin-e-be-se-flet-diplomati-a-do-te-shqyrtohet-aplikimi-i-kosoves-per-anetaresim\/#article","isPartOf":{"@id":"https:\/\/permbledhja.com\/belgjika-merr-kryesimin-e-be-se-flet-diplomati-a-do-te-shqyrtohet-aplikimi-i-kosoves-per-anetaresim\/"},"author":{"name":"M M","@id":"https:\/\/permbledhja.com\/#\/schema\/person\/d23f13f59b5722643933d6780783acf3"},"headline":"Belgjika merr kryesimin e BE-s\u00eb \u2013 Flet diplomati, a do t\u00eb shqyrtohet aplikimi i Kosov\u00ebs p\u00ebr an\u00ebtar\u00ebsim","datePublished":"2023-12-30T09:02:52+00:00","dateModified":"2023-12-30T09:53:18+00:00","mainEntityOfPage":{"@id":"https:\/\/permbledhja.com\/belgjika-merr-kryesimin-e-be-se-flet-diplomati-a-do-te-shqyrtohet-aplikimi-i-kosoves-per-anetaresim\/"},"wordCount":1067,"publisher":{"@id":"https:\/\/permbledhja.com\/#organization"},"keywords":["BE"],"articleSection":["Kryesoret"],"inLanguage":"sq"},{"@type":"WebPage","@id":"https:\/\/permbledhja.com\/belgjika-merr-kryesimin-e-be-se-flet-diplomati-a-do-te-shqyrtohet-aplikimi-i-kosoves-per-anetaresim\/","url":"https:\/\/permbledhja.com\/belgjika-merr-kryesimin-e-be-se-flet-diplomati-a-do-te-shqyrtohet-aplikimi-i-kosoves-per-anetaresim\/","name":"Belgjika merr kryesimin e BE-s\u00eb \u2013 Flet diplomati, a do t\u00eb shqyrtohet aplikimi i Kosov\u00ebs p\u00ebr an\u00ebtar\u00ebsim","isPartOf":{"@id":"https:\/\/permbledhja.com\/#website"},"datePublished":"2023-12-30T09:02:52+00:00","dateModified":"2023-12-30T09:53:18+00:00","breadcrumb":{"@id":"https:\/\/permbledhja.com\/belgjika-merr-kryesimin-e-be-se-flet-diplomati-a-do-te-shqyrtohet-aplikimi-i-kosoves-per-anetaresim\/#breadcrumb"},"inLanguage":"sq","potentialAction":[{"@type":"ReadAction","target":["https:\/\/permbledhja.com\/belgjika-merr-kryesimin-e-be-se-flet-diplomati-a-do-te-shqyrtohet-aplikimi-i-kosoves-per-anetaresim\/"]}]},{"@type":"BreadcrumbList","@id":"https:\/\/permbledhja.com\/belgjika-merr-kryesimin-e-be-se-flet-diplomati-a-do-te-shqyrtohet-aplikimi-i-kosoves-per-anetaresim\/#breadcrumb","itemListElement":[{"@type":"ListItem","position":1,"name":"Ballina","item":"https:\/\/permbledhja.com\/sq\/"},{"@type":"ListItem","position":2,"name":"Belgjika merr kryesimin e BE-s\u00eb \u2013 Flet diplomati, a do t\u00eb shqyrtohet aplikimi i Kosov\u00ebs p\u00ebr an\u00ebtar\u00ebsim"}]},{"@type":"WebSite","@id":"https:\/\/permbledhja.com\/#website","url":"https:\/\/permbledhja.com\/","name":"Ve\u00e7 artikuj p\u00ebrmbledh\u00ebs","description":"","publisher":{"@id":"https:\/\/permbledhja.com\/#organization"},"potentialAction":[{"@type":"SearchAction","target":{"@type":"EntryPoint","urlTemplate":"https:\/\/permbledhja.com\/?s={search_term_string}"},"query-input":"required name=search_term_string"}],"inLanguage":"sq"},{"@type":"Organization","@id":"https:\/\/permbledhja.com\/#organization","name":"MK Media & Pr","url":"https:\/\/permbledhja.com\/","logo":{"@type":"ImageObject","inLanguage":"sq","@id":"https:\/\/permbledhja.com\/#\/schema\/logo\/image\/","url":"https:\/\/permbledhja.com\/wp-content\/uploads\/2021\/12\/07-Press-Logo.jpg","contentUrl":"https:\/\/permbledhja.com\/wp-content\/uploads\/2021\/12\/07-Press-Logo.jpg","width":512,"height":512,"caption":"MK Media & Pr"},"image":{"@id":"https:\/\/permbledhja.com\/#\/schema\/logo\/image\/"},"sameAs":["https:\/\/www.facebook.com\/press07\/"]},{"@type":"Person","@id":"https:\/\/permbledhja.com\/#\/schema\/person\/d23f13f59b5722643933d6780783acf3","name":"M M","image":{"@type":"ImageObject","inLanguage":"sq","@id":"https:\/\/permbledhja.com\/#\/schema\/person\/image\/","url":"https:\/\/secure.gravatar.com\/avatar\/e2835a76ca7c31a2416b2d51c4ec9a8f?s=96&d=mm&r=g","contentUrl":"https:\/\/secure.gravatar.com\/avatar\/e2835a76ca7c31a2416b2d51c4ec9a8f?s=96&d=mm&r=g","caption":"M M"},"sameAs":["http:\/\/MM"],"url":"https:\/\/permbledhja.com\/sq\/author\/muhamet\/"}]}},"_links":{"self":[{"href":"https:\/\/permbledhja.com\/sq\/wp-json\/wp\/v2\/posts\/40919"}],"collection":[{"href":"https:\/\/permbledhja.com\/sq\/wp-json\/wp\/v2\/posts"}],"about":[{"href":"https:\/\/permbledhja.com\/sq\/wp-json\/wp\/v2\/types\/post"}],"author":[{"embeddable":true,"href":"https:\/\/permbledhja.com\/sq\/wp-json\/wp\/v2\/users\/2"}],"replies":[{"embeddable":true,"href":"https:\/\/permbledhja.com\/sq\/wp-json\/wp\/v2\/comments?post=40919"}],"version-history":[{"count":1,"href":"https:\/\/permbledhja.com\/sq\/wp-json\/wp\/v2\/posts\/40919\/revisions"}],"predecessor-version":[{"id":40920,"href":"https:\/\/permbledhja.com\/sq\/wp-json\/wp\/v2\/posts\/40919\/revisions\/40920"}],"wp:featuredmedia":[{"embeddable":true,"href":"https:\/\/permbledhja.com\/sq\/wp-json\/wp\/v2\/media\/27332"}],"wp:attachment":[{"href":"https:\/\/permbledhja.com\/sq\/wp-json\/wp\/v2\/media?parent=40919"}],"wp:term":[{"taxonomy":"category","embeddable":true,"href":"https:\/\/permbledhja.com\/sq\/wp-json\/wp\/v2\/categories?post=40919"},{"taxonomy":"post_tag","embeddable":true,"href":"https:\/\/permbledhja.com\/sq\/wp-json\/wp\/v2\/tags?post=40919"}],"curies":[{"name":"wp","href":"https:\/\/api.w.org\/{rel}","templated":true}]}}