{"id":40795,"date":"2023-12-27T11:24:09","date_gmt":"2023-12-27T11:24:09","guid":{"rendered":"https:\/\/permbledhja.com\/?p=40795"},"modified":"2023-12-27T11:24:09","modified_gmt":"2023-12-27T11:24:09","slug":"nenshkruhet-marreveshje-mbi-25-milione-euro-me-kostt-in","status":"publish","type":"post","link":"https:\/\/permbledhja.com\/sq\/nenshkruhet-marreveshje-mbi-25-milione-euro-me-kostt-in\/","title":{"rendered":"N\u00ebnshkruhet marr\u00ebveshje mbi 25 milion\u00eb euro me KOSTT-in"},"content":{"rendered":"<h3>N\u00eb vler\u00eb 25.5 milion\u00eb euro \u00ebsht\u00eb n\u00ebnshkruar marr\u00ebveshja e n\u00ebn-huazimit mes KOSTT-it dhe Ministris\u00eb s\u00eb Financave p\u00ebr projektin \u201cZhvillimi i sektorit t\u00eb energjis\u00eb VII \u2013 P\u00ebrmir\u00ebsimi i rrjetit t\u00eb transmetimit\u201d.<\/h3>\n<p>Ky projekt parasheh investime n\u00eb z\u00ebvend\u00ebsimin e n\u00ebnstacioneve t\u00eb linjave ky\u00e7e t\u00eb tensionit p\u00ebr operim t\u00eb sigurt dhe t\u00eb q\u00ebndruesh\u00ebm t\u00eb sistemit t\u00eb transmisionit.<\/p>\n<p>Ministri i Financave, Hekuran Murati, derisa ka treguar q\u00ebllimin e projektit tha se e r\u00ebnd\u00ebsishmja e k\u00ebsaj marr\u00ebveshje \u00ebsht\u00eb se do t\u00eb vazhdoj\u00eb t\u00eb ul\u00ebt niveli i humbjeve, ani pse sipas tij humbjet jan\u00eb t\u00eb vogla.<\/p>\n<div class=\"code-block code-block-10\"><\/div>\n<p>\u201cP\u00ebr shkak t\u00eb procedurave, por edhe p\u00ebr shkak disa vonesave n\u00eb Kuvend deri me ratifikimin e asaj marr\u00ebveshje kishim t\u00eb pamundur t\u00eb vinim tek ky n\u00ebnshkrim\u2026Sot po e n\u00ebnshkruajm\u00eb marr\u00ebveshjen e n\u00ebn huazimit t\u00eb KOSTT n\u00eb vler\u00eb prej 25.5 milion euro, pra jan\u00eb mjete q\u00eb do t\u00eb investohen n\u00eb rrjetin e transmisionit p\u00ebr p\u00ebrmir\u00ebsimin e tij. Konkretisht me an\u00eb t\u00eb k\u00ebtij projekti do t\u00eb b\u00ebhet rehabilitimi, zgjerimi dhe modernizimi i rrjetit t\u00eb transmisionit si dhe do t\u00eb investohet edhe n\u00eb sh\u00ebrbimet e konsulences dhe inxhinieris\u00eb p\u00ebrkat\u00ebse. Projekti parasheh investime n\u00eb z\u00ebvend\u00ebsimin e n\u00ebnstacioneve t\u00eb linjave ky\u00e7e t\u00eb tensionit p\u00ebr operim t\u00eb sigurt dhe t\u00eb q\u00ebndruesh\u00ebm t\u00eb sistemit t\u00eb transmisionit dhe m\u00eb e r\u00ebnd\u00ebsishme \u00ebsht\u00eb q\u00eb vazhdon t\u00eb ulet edhe niveli i humbjeve, q\u00eb megjithat\u00eb jan\u00eb t\u00eb vogla aktualisht, por rritet efi\u00e7ienca e rrjetit t\u00eb transmisionit dhe k\u00ebsisoj p\u00ebrmir\u00ebsohet edhe p\u00ebrformanca e nd\u00ebrmarrjes publike\u201d,\u00a0tha Murati, raporton KP, transmeton Klankosova.tv.<\/p>\n<p>Ai po ashtu tha se zhvillimi i sektorit t\u00eb energjis\u00eb \u00ebsht\u00eb prioritet ky\u00e7 p\u00ebr qeverin\u00eb.<\/p>\n<p>Nd\u00ebrsa, Matthias Conrad z\u00ebvend\u00ebsambasador i Gjermanis\u00eb n\u00eb Kosov\u00eb, \u00ebsht\u00eb shprehur i k\u00ebnaqur me arritjen e k\u00ebsaj marr\u00ebveshje. Ai tha se p\u00ebrmir\u00ebsimi i klim\u00ebs n\u00eb sektorin e energjis\u00eb \u00ebsht\u00eb nj\u00eb fush\u00eb prioritare e bashk\u00ebpunimit t\u00eb Gjermanis\u00eb me Kosov\u00ebn.<\/p>\n<p>\u201cP\u00ebrmir\u00ebsimi i klim\u00ebs \u00ebsht\u00eb nj\u00eb fush\u00eb prioritare e bashk\u00ebpunimit t\u00eb Gjermanis\u00eb me Kosov\u00ebn. Qeveria Gjermane \u00ebsht\u00eb e zotuar p\u00ebr k\u00ebto ndryshime q\u00eb kan\u00eb arritur vler\u00ebn 222 milion\u00eb euro\u2026 Ky projekt do t\u00eb kontribuoj n\u00eb rritjen e p\u00ebrqindjes s\u00eb energjis\u00eb n\u00eb Kosov\u00eb dhe investimet e tilla n\u00eb rrjetin e transmisionit t\u00eb Kosov\u00ebs jan\u00eb kruciale p\u00ebr integrimin e Kosov\u00ebs n\u00eb tregun e rrym\u00ebs t\u00eb rajonit evropian. Me k\u00ebt\u00eb marr\u00ebveshje p\u00ebrfshihen investime prioritare si\u00e7 \u00ebsht\u00eb p\u00ebrmir\u00ebsimi i sistemit t\u00eb telekomunikimit, nd\u00ebrtimit n\u00eb stacionet tjera n\u00eb Dragash, dy n\u00eb stacionin n\u00eb Ferizaj, nd\u00ebrtimi i 110 k\u00cb dhe linja me kufirin me Shqip\u00ebri si dhe instalimin e transformator\u00ebve t\u00eb energjis\u00eb n\u00eb disa stacione n\u00eb Kosov\u00eb. Ky projekt do t\u00eb kontribuoj n\u00eb uljen e nivelit t\u00eb energjis\u00eb, efikasitetin dhe p\u00ebrmir\u00ebsimin e furnizimit me rrym\u00eb dhe integrimin e tregut kosovar\u00ebt e energjis\u00eb n\u00eb tregun evropian t\u00eb energjis\u00eb\u201d,\u00a0tha Conard.<\/p>\n<p>Nd\u00ebrkaq, Evetar Zeqiri, kyeshef ekzekutiv i KOSTT-it ka treguar se ku do t\u00eb fokusohet ky projekt.<\/p>\n<p>\u201cProjekti fokusohet n\u00eb kat\u00ebr komponent\u00eb kryesore pra nd\u00ebrtimin e n\u00ebnstacioneve t\u00eb reja n\u00eb zon\u00ebn e De\u00e7anit ku do t\u00eb mund\u00ebsoj integrimin e nj\u00eb kapaciteti t\u00eb r\u00ebnd\u00ebsishme t\u00eb burimeve t\u00eb rip\u00ebrtritshme t\u00eb cilat kan\u00eb potencial n\u00eb at\u00eb pjes\u00eb, z\u00ebvend\u00ebsimin e transformator\u00ebve ekzistues me transformator t\u00eb ri q\u00eb do t\u00eb p\u00ebrmir\u00ebsojn\u00eb ngarkes\u00ebn, nd\u00ebrrimi i linjave dhe m\u00eb e r\u00ebnd\u00ebsishmja pakoja digjitale q\u00eb ne i referohemi q\u00eb ka kuptimin q\u00eb do t\u00eb b\u00ebj\u00eb z\u00ebvend\u00ebsimin e aspektit digjital q\u00eb do t\u00eb mund\u00ebsoj nj\u00eb fuqizim m\u00eb t\u00eb mir\u00eb t\u00eb nd\u00ebrmarrjes sa i p\u00ebrket siguris\u00eb kibernetike e cila \u00ebsht\u00eb b\u00ebr\u00eb nj\u00eb tem\u00eb tejet e r\u00ebnd\u00ebsishme\u201d, tha ai.<\/p>\n","protected":false},"excerpt":{"rendered":"<p>N\u00eb vler\u00eb 25.5 milion\u00eb euro \u00ebsht\u00eb n\u00ebnshkruar marr\u00ebveshja e n\u00ebn-huazimit mes KOSTT-it dhe Ministris\u00eb s\u00eb Financave p\u00ebr projektin \u201cZhvillimi i sektorit t\u00eb energjis\u00eb VII \u2013 P\u00ebrmir\u00ebsimi i rrjetit t\u00eb transmetimit\u201d. Ky projekt parasheh investime n\u00eb z\u00ebvend\u00ebsimin e n\u00ebnstacioneve t\u00eb linjave ky\u00e7e t\u00eb tensionit p\u00ebr operim t\u00eb sigurt dhe t\u00eb q\u00ebndruesh\u00ebm t\u00eb sistemit t\u00eb transmisionit. Ministri [&hellip;]<\/p>\n","protected":false},"author":2,"featured_media":40796,"comment_status":"closed","ping_status":"closed","sticky":false,"template":"","format":"standard","meta":{"_monsterinsights_skip_tracking":false,"_monsterinsights_sitenote_active":false,"_monsterinsights_sitenote_note":"","_monsterinsights_sitenote_category":0,"_uf_show_specific_survey":0,"_uf_disable_surveys":false,"footnotes":""},"categories":[15],"tags":[2822],"yoast_head":"<!-- This site is optimized with the Yoast SEO plugin v21.5 - https:\/\/yoast.com\/wordpress\/plugins\/seo\/ -->\n<title>N\u00ebnshkruhet marr\u00ebveshje mbi 25 milion\u00eb euro me KOSTT-in<\/title>\n<meta name=\"robots\" content=\"index, follow, max-snippet:-1, max-image-preview:large, max-video-preview:-1\" \/>\n<link rel=\"canonical\" href=\"https:\/\/permbledhja.com\/sq\/nenshkruhet-marreveshje-mbi-25-milione-euro-me-kostt-in\/\" \/>\n<meta property=\"og:locale\" content=\"sq_AL\" \/>\n<meta property=\"og:type\" content=\"article\" \/>\n<meta property=\"og:title\" content=\"N\u00ebnshkruhet marr\u00ebveshje mbi 25 milion\u00eb euro me KOSTT-in\" \/>\n<meta property=\"og:description\" content=\"N\u00eb vler\u00eb 25.5 milion\u00eb euro \u00ebsht\u00eb n\u00ebnshkruar marr\u00ebveshja e n\u00ebn-huazimit mes KOSTT-it dhe Ministris\u00eb s\u00eb Financave p\u00ebr projektin \u201cZhvillimi i sektorit t\u00eb energjis\u00eb VII \u2013 P\u00ebrmir\u00ebsimi i rrjetit t\u00eb transmetimit\u201d. Ky projekt parasheh investime n\u00eb z\u00ebvend\u00ebsimin e n\u00ebnstacioneve t\u00eb linjave ky\u00e7e t\u00eb tensionit p\u00ebr operim t\u00eb sigurt dhe t\u00eb q\u00ebndruesh\u00ebm t\u00eb sistemit t\u00eb transmisionit. Ministri [&hellip;]\" \/>\n<meta property=\"og:url\" content=\"https:\/\/permbledhja.com\/sq\/nenshkruhet-marreveshje-mbi-25-milione-euro-me-kostt-in\/\" \/>\n<meta property=\"og:site_name\" content=\"Ve\u00e7 artikuj p\u00ebrmbledh\u00ebs\" \/>\n<meta property=\"article:publisher\" content=\"https:\/\/www.facebook.com\/press07\/\" \/>\n<meta property=\"article:published_time\" content=\"2023-12-27T11:24:09+00:00\" \/>\n<meta property=\"og:image\" content=\"https:\/\/permbledhja.com\/wp-content\/uploads\/2023\/12\/hekurani.png\" \/>\n\t<meta property=\"og:image:width\" content=\"1068\" \/>\n\t<meta property=\"og:image:height\" content=\"689\" \/>\n\t<meta property=\"og:image:type\" content=\"image\/png\" \/>\n<meta name=\"author\" content=\"M M\" \/>\n<meta name=\"twitter:card\" content=\"summary_large_image\" \/>\n<meta name=\"twitter:label1\" content=\"Written by\" \/>\n\t<meta name=\"twitter:data1\" content=\"M M\" \/>\n\t<meta name=\"twitter:label2\" content=\"Est. reading time\" \/>\n\t<meta name=\"twitter:data2\" content=\"3 minuta\" \/>\n<script type=\"application\/ld+json\" class=\"yoast-schema-graph\">{\"@context\":\"https:\/\/schema.org\",\"@graph\":[{\"@type\":\"Article\",\"@id\":\"https:\/\/permbledhja.com\/nenshkruhet-marreveshje-mbi-25-milione-euro-me-kostt-in\/#article\",\"isPartOf\":{\"@id\":\"https:\/\/permbledhja.com\/nenshkruhet-marreveshje-mbi-25-milione-euro-me-kostt-in\/\"},\"author\":{\"name\":\"M M\",\"@id\":\"https:\/\/permbledhja.com\/#\/schema\/person\/d23f13f59b5722643933d6780783acf3\"},\"headline\":\"N\u00ebnshkruhet marr\u00ebveshje mbi 25 milion\u00eb euro me KOSTT-in\",\"datePublished\":\"2023-12-27T11:24:09+00:00\",\"dateModified\":\"2023-12-27T11:24:09+00:00\",\"mainEntityOfPage\":{\"@id\":\"https:\/\/permbledhja.com\/nenshkruhet-marreveshje-mbi-25-milione-euro-me-kostt-in\/\"},\"wordCount\":670,\"publisher\":{\"@id\":\"https:\/\/permbledhja.com\/#organization\"},\"keywords\":[\"KOSTT\"],\"articleSection\":[\"Lajme\"],\"inLanguage\":\"sq\"},{\"@type\":\"WebPage\",\"@id\":\"https:\/\/permbledhja.com\/nenshkruhet-marreveshje-mbi-25-milione-euro-me-kostt-in\/\",\"url\":\"https:\/\/permbledhja.com\/nenshkruhet-marreveshje-mbi-25-milione-euro-me-kostt-in\/\",\"name\":\"N\u00ebnshkruhet marr\u00ebveshje mbi 25 milion\u00eb euro me KOSTT-in\",\"isPartOf\":{\"@id\":\"https:\/\/permbledhja.com\/#website\"},\"datePublished\":\"2023-12-27T11:24:09+00:00\",\"dateModified\":\"2023-12-27T11:24:09+00:00\",\"breadcrumb\":{\"@id\":\"https:\/\/permbledhja.com\/nenshkruhet-marreveshje-mbi-25-milione-euro-me-kostt-in\/#breadcrumb\"},\"inLanguage\":\"sq\",\"potentialAction\":[{\"@type\":\"ReadAction\",\"target\":[\"https:\/\/permbledhja.com\/nenshkruhet-marreveshje-mbi-25-milione-euro-me-kostt-in\/\"]}]},{\"@type\":\"BreadcrumbList\",\"@id\":\"https:\/\/permbledhja.com\/nenshkruhet-marreveshje-mbi-25-milione-euro-me-kostt-in\/#breadcrumb\",\"itemListElement\":[{\"@type\":\"ListItem\",\"position\":1,\"name\":\"Ballina\",\"item\":\"https:\/\/permbledhja.com\/sq\/\"},{\"@type\":\"ListItem\",\"position\":2,\"name\":\"N\u00ebnshkruhet marr\u00ebveshje mbi 25 milion\u00eb euro me KOSTT-in\"}]},{\"@type\":\"WebSite\",\"@id\":\"https:\/\/permbledhja.com\/#website\",\"url\":\"https:\/\/permbledhja.com\/\",\"name\":\"Ve\u00e7 artikuj p\u00ebrmbledh\u00ebs\",\"description\":\"\",\"publisher\":{\"@id\":\"https:\/\/permbledhja.com\/#organization\"},\"potentialAction\":[{\"@type\":\"SearchAction\",\"target\":{\"@type\":\"EntryPoint\",\"urlTemplate\":\"https:\/\/permbledhja.com\/?s={search_term_string}\"},\"query-input\":\"required name=search_term_string\"}],\"inLanguage\":\"sq\"},{\"@type\":\"Organization\",\"@id\":\"https:\/\/permbledhja.com\/#organization\",\"name\":\"MK Media & Pr\",\"url\":\"https:\/\/permbledhja.com\/\",\"logo\":{\"@type\":\"ImageObject\",\"inLanguage\":\"sq\",\"@id\":\"https:\/\/permbledhja.com\/#\/schema\/logo\/image\/\",\"url\":\"https:\/\/permbledhja.com\/wp-content\/uploads\/2021\/12\/07-Press-Logo.jpg\",\"contentUrl\":\"https:\/\/permbledhja.com\/wp-content\/uploads\/2021\/12\/07-Press-Logo.jpg\",\"width\":512,\"height\":512,\"caption\":\"MK Media & Pr\"},\"image\":{\"@id\":\"https:\/\/permbledhja.com\/#\/schema\/logo\/image\/\"},\"sameAs\":[\"https:\/\/www.facebook.com\/press07\/\"]},{\"@type\":\"Person\",\"@id\":\"https:\/\/permbledhja.com\/#\/schema\/person\/d23f13f59b5722643933d6780783acf3\",\"name\":\"M M\",\"image\":{\"@type\":\"ImageObject\",\"inLanguage\":\"sq\",\"@id\":\"https:\/\/permbledhja.com\/#\/schema\/person\/image\/\",\"url\":\"https:\/\/secure.gravatar.com\/avatar\/e2835a76ca7c31a2416b2d51c4ec9a8f?s=96&d=mm&r=g\",\"contentUrl\":\"https:\/\/secure.gravatar.com\/avatar\/e2835a76ca7c31a2416b2d51c4ec9a8f?s=96&d=mm&r=g\",\"caption\":\"M M\"},\"sameAs\":[\"http:\/\/MM\"],\"url\":\"https:\/\/permbledhja.com\/sq\/author\/muhamet\/\"}]}<\/script>\n<!-- \/ Yoast SEO plugin. -->","yoast_head_json":{"title":"N\u00ebnshkruhet marr\u00ebveshje mbi 25 milion\u00eb euro me KOSTT-in","robots":{"index":"index","follow":"follow","max-snippet":"max-snippet:-1","max-image-preview":"max-image-preview:large","max-video-preview":"max-video-preview:-1"},"canonical":"https:\/\/permbledhja.com\/sq\/nenshkruhet-marreveshje-mbi-25-milione-euro-me-kostt-in\/","og_locale":"sq_AL","og_type":"article","og_title":"N\u00ebnshkruhet marr\u00ebveshje mbi 25 milion\u00eb euro me KOSTT-in","og_description":"N\u00eb vler\u00eb 25.5 milion\u00eb euro \u00ebsht\u00eb n\u00ebnshkruar marr\u00ebveshja e n\u00ebn-huazimit mes KOSTT-it dhe Ministris\u00eb s\u00eb Financave p\u00ebr projektin \u201cZhvillimi i sektorit t\u00eb energjis\u00eb VII \u2013 P\u00ebrmir\u00ebsimi i rrjetit t\u00eb transmetimit\u201d. Ky projekt parasheh investime n\u00eb z\u00ebvend\u00ebsimin e n\u00ebnstacioneve t\u00eb linjave ky\u00e7e t\u00eb tensionit p\u00ebr operim t\u00eb sigurt dhe t\u00eb q\u00ebndruesh\u00ebm t\u00eb sistemit t\u00eb transmisionit. Ministri [&hellip;]","og_url":"https:\/\/permbledhja.com\/sq\/nenshkruhet-marreveshje-mbi-25-milione-euro-me-kostt-in\/","og_site_name":"Ve\u00e7 artikuj p\u00ebrmbledh\u00ebs","article_publisher":"https:\/\/www.facebook.com\/press07\/","article_published_time":"2023-12-27T11:24:09+00:00","og_image":[{"width":1068,"height":689,"url":"https:\/\/permbledhja.com\/wp-content\/uploads\/2023\/12\/hekurani.png","type":"image\/png"}],"author":"M M","twitter_card":"summary_large_image","twitter_misc":{"Written by":"M M","Est. reading time":"3 minuta"},"schema":{"@context":"https:\/\/schema.org","@graph":[{"@type":"Article","@id":"https:\/\/permbledhja.com\/nenshkruhet-marreveshje-mbi-25-milione-euro-me-kostt-in\/#article","isPartOf":{"@id":"https:\/\/permbledhja.com\/nenshkruhet-marreveshje-mbi-25-milione-euro-me-kostt-in\/"},"author":{"name":"M M","@id":"https:\/\/permbledhja.com\/#\/schema\/person\/d23f13f59b5722643933d6780783acf3"},"headline":"N\u00ebnshkruhet marr\u00ebveshje mbi 25 milion\u00eb euro me KOSTT-in","datePublished":"2023-12-27T11:24:09+00:00","dateModified":"2023-12-27T11:24:09+00:00","mainEntityOfPage":{"@id":"https:\/\/permbledhja.com\/nenshkruhet-marreveshje-mbi-25-milione-euro-me-kostt-in\/"},"wordCount":670,"publisher":{"@id":"https:\/\/permbledhja.com\/#organization"},"keywords":["KOSTT"],"articleSection":["Lajme"],"inLanguage":"sq"},{"@type":"WebPage","@id":"https:\/\/permbledhja.com\/nenshkruhet-marreveshje-mbi-25-milione-euro-me-kostt-in\/","url":"https:\/\/permbledhja.com\/nenshkruhet-marreveshje-mbi-25-milione-euro-me-kostt-in\/","name":"N\u00ebnshkruhet marr\u00ebveshje mbi 25 milion\u00eb euro me KOSTT-in","isPartOf":{"@id":"https:\/\/permbledhja.com\/#website"},"datePublished":"2023-12-27T11:24:09+00:00","dateModified":"2023-12-27T11:24:09+00:00","breadcrumb":{"@id":"https:\/\/permbledhja.com\/nenshkruhet-marreveshje-mbi-25-milione-euro-me-kostt-in\/#breadcrumb"},"inLanguage":"sq","potentialAction":[{"@type":"ReadAction","target":["https:\/\/permbledhja.com\/nenshkruhet-marreveshje-mbi-25-milione-euro-me-kostt-in\/"]}]},{"@type":"BreadcrumbList","@id":"https:\/\/permbledhja.com\/nenshkruhet-marreveshje-mbi-25-milione-euro-me-kostt-in\/#breadcrumb","itemListElement":[{"@type":"ListItem","position":1,"name":"Ballina","item":"https:\/\/permbledhja.com\/sq\/"},{"@type":"ListItem","position":2,"name":"N\u00ebnshkruhet marr\u00ebveshje mbi 25 milion\u00eb euro me KOSTT-in"}]},{"@type":"WebSite","@id":"https:\/\/permbledhja.com\/#website","url":"https:\/\/permbledhja.com\/","name":"Ve\u00e7 artikuj p\u00ebrmbledh\u00ebs","description":"","publisher":{"@id":"https:\/\/permbledhja.com\/#organization"},"potentialAction":[{"@type":"SearchAction","target":{"@type":"EntryPoint","urlTemplate":"https:\/\/permbledhja.com\/?s={search_term_string}"},"query-input":"required name=search_term_string"}],"inLanguage":"sq"},{"@type":"Organization","@id":"https:\/\/permbledhja.com\/#organization","name":"MK Media & Pr","url":"https:\/\/permbledhja.com\/","logo":{"@type":"ImageObject","inLanguage":"sq","@id":"https:\/\/permbledhja.com\/#\/schema\/logo\/image\/","url":"https:\/\/permbledhja.com\/wp-content\/uploads\/2021\/12\/07-Press-Logo.jpg","contentUrl":"https:\/\/permbledhja.com\/wp-content\/uploads\/2021\/12\/07-Press-Logo.jpg","width":512,"height":512,"caption":"MK Media & Pr"},"image":{"@id":"https:\/\/permbledhja.com\/#\/schema\/logo\/image\/"},"sameAs":["https:\/\/www.facebook.com\/press07\/"]},{"@type":"Person","@id":"https:\/\/permbledhja.com\/#\/schema\/person\/d23f13f59b5722643933d6780783acf3","name":"M M","image":{"@type":"ImageObject","inLanguage":"sq","@id":"https:\/\/permbledhja.com\/#\/schema\/person\/image\/","url":"https:\/\/secure.gravatar.com\/avatar\/e2835a76ca7c31a2416b2d51c4ec9a8f?s=96&d=mm&r=g","contentUrl":"https:\/\/secure.gravatar.com\/avatar\/e2835a76ca7c31a2416b2d51c4ec9a8f?s=96&d=mm&r=g","caption":"M M"},"sameAs":["http:\/\/MM"],"url":"https:\/\/permbledhja.com\/sq\/author\/muhamet\/"}]}},"_links":{"self":[{"href":"https:\/\/permbledhja.com\/sq\/wp-json\/wp\/v2\/posts\/40795"}],"collection":[{"href":"https:\/\/permbledhja.com\/sq\/wp-json\/wp\/v2\/posts"}],"about":[{"href":"https:\/\/permbledhja.com\/sq\/wp-json\/wp\/v2\/types\/post"}],"author":[{"embeddable":true,"href":"https:\/\/permbledhja.com\/sq\/wp-json\/wp\/v2\/users\/2"}],"replies":[{"embeddable":true,"href":"https:\/\/permbledhja.com\/sq\/wp-json\/wp\/v2\/comments?post=40795"}],"version-history":[{"count":1,"href":"https:\/\/permbledhja.com\/sq\/wp-json\/wp\/v2\/posts\/40795\/revisions"}],"predecessor-version":[{"id":40797,"href":"https:\/\/permbledhja.com\/sq\/wp-json\/wp\/v2\/posts\/40795\/revisions\/40797"}],"wp:featuredmedia":[{"embeddable":true,"href":"https:\/\/permbledhja.com\/sq\/wp-json\/wp\/v2\/media\/40796"}],"wp:attachment":[{"href":"https:\/\/permbledhja.com\/sq\/wp-json\/wp\/v2\/media?parent=40795"}],"wp:term":[{"taxonomy":"category","embeddable":true,"href":"https:\/\/permbledhja.com\/sq\/wp-json\/wp\/v2\/categories?post=40795"},{"taxonomy":"post_tag","embeddable":true,"href":"https:\/\/permbledhja.com\/sq\/wp-json\/wp\/v2\/tags?post=40795"}],"curies":[{"name":"wp","href":"https:\/\/api.w.org\/{rel}","templated":true}]}}