{"id":40792,"date":"2023-12-27T11:11:53","date_gmt":"2023-12-27T11:11:53","guid":{"rendered":"https:\/\/permbledhja.com\/?p=40792"},"modified":"2023-12-27T11:11:53","modified_gmt":"2023-12-27T11:11:53","slug":"dyshime-per-vjedhje-ne-fatura-te-energjise-kerkohet-hetim-urgjent-nga-prokuroria-dhe-protesta-nga-qytetaret","status":"publish","type":"post","link":"https:\/\/permbledhja.com\/sq\/dyshime-per-vjedhje-ne-fatura-te-energjise-kerkohet-hetim-urgjent-nga-prokuroria-dhe-protesta-nga-qytetaret\/","title":{"rendered":"Dyshime p\u00ebr vjedhje n\u00eb fatura t\u00eb energjis\u00eb: K\u00ebrkohet hetim urgjent nga prokuroria dhe protesta nga qytetar\u00ebt"},"content":{"rendered":"<h3>Faturat e energjis\u00eb elektrike p\u00ebr muajin dhjetor kan\u00eb nxitur reagime t\u00eb ashpra te qytetar\u00ebt dhe spektri politik.<\/h3>\n<p>Ndon\u00ebse nuk \u00ebsht\u00eb njoftuar p\u00ebr rritje eventuale t\u00eb \u00e7mimit t\u00eb energjis\u00eb elektrike, faturat e rrym\u00ebs p\u00ebr shumic\u00ebn e qytetar\u00ebve dallojn\u00eb shum\u00eb nga ato t\u00eb muajit t\u00eb kaluar. Kjo ka nxitur dyshime t\u00eb shumta nga qytetar\u00ebt p\u00ebr vjedhje n\u00eb k\u00ebto fatura. P\u00ebr k\u00ebt\u00eb arsyeje i \u00ebsht\u00eb b\u00ebr\u00eb thirrje Prokuroris\u00eb s\u00eb Shtetit q\u00eb t\u00eb hetoj\u00eb k\u00ebt\u00eb \u00e7\u00ebshtje, nd\u00ebrsa n\u00ebp\u00ebr rrjete sociale \u00ebsht\u00eb b\u00ebr\u00eb thirrje p\u00ebr organizimin e nj\u00eb proteste.<\/p>\n<p>Nd\u00ebr t\u00eb par\u00ebt q\u00eb ka k\u00ebrkuar hetim t\u00eb k\u00ebsaj \u00e7\u00ebshtje ka qen\u00eb KMDLNj.<\/p>\n<p>Valentina Demolli nga KMDLNj ka th\u00ebn\u00eb se me urgjenc\u00eb duhet t\u00eb nis nj\u00eb hetim i till\u00eb.<\/p>\n<p>\u201c<i>Ne p\u00ebrve\u00e7 se i kemi kund\u00ebrshtuar ne iu kemi b\u00ebr\u00eb thirrje dhe institucioneve p\u00ebrgjegj\u00ebse, p\u00ebrfshir\u00eb dhe Prokurorin\u00eb e shtetit q\u00eb realisht me urgjenc\u00eb t\u00eb nisin hetimet dhe t\u00eb shqyrtoj m\u00eb n\u00eb sakt\u00ebsi se si ka ardhur deri te kjo fryrje enorme elektrike, shtuar k\u00ebtu faktin q\u00eb nuk ka pasur rritje t\u00eb \u00e7mimeve t\u00eb energjis\u00eb elektrike , e k\u00ebsaj i ndihmon fakti q\u00eb edhe koha, dometh\u00ebn\u00eb se nuk ka qen\u00eb edhe aq ftoft\u00eb q\u00eb do te mund qytetar\u00ebt t\u00eb shfryt\u00ebzonin m\u00eb tep\u00ebr energji e q\u00eb do t\u00eb mund t\u00eb qonte tek rritja e konsumit t\u00eb energjis\u00eb elektrike<\/i>\u201d, ka th\u00ebn\u00eb ajo p\u00ebr Ekonomia Online.<\/p>\n<p>Edhe ish-ministri Ekonomis\u00eb dhe Financave, Haki Shatri, i ka par\u00eb me dyshime faturat e muajit dhjetor.<\/p>\n<p>Ai ka vler\u00ebsuar se k\u00ebtu mund t\u00eb b\u00ebhet fjal\u00eb p\u00ebr krim t\u00eb organizuar.<\/p>\n<p>\u201c<i>Ky \u00ebsht\u00eb nj\u00eb lloj krimi i organizuar q\u00eb her\u00ebt apo von\u00eb do t\u00eb kthjellet dhe do t\u00eb shohim se \u00e7ka po ndodh n\u00eb k\u00ebt\u00eb sektor. Tendenca p\u00ebr ta shfaj\u00ebsuar nj\u00eb struktur\u00eb dhe p\u00ebr ta l\u00ebn\u00eb barr\u00ebn te nj\u00eb struktur\u00eb tjet\u00ebr ose e kund\u00ebrta, k\u00ebtu nuk vlen shum\u00eb sepse ne e dim\u00eb q\u00eb qeveria e b\u00ebn em\u00ebrimin edhe t\u00eb pozitave ky\u00e7e n\u00eb bordet e caktuara e edhe te strukturat tjera, k\u00ebshtu q\u00eb k\u00ebto b\u00ebhen t\u00eb koordinuara dhe me nd\u00ebrhyrje. Pa p\u00eblqimin e qeveris\u00eb e ministris\u00eb p\u00ebrkat\u00ebse nuk guxon t\u00eb ndodh\u00eb asnj\u00eb veprim n\u00eb k\u00ebt\u00eb sfer\u00eb dhe n\u00eb m\u00ebnyr\u00eb t\u00eb pavarur<\/i>\u201d, deklaroi Shatri p\u00ebr Klan Kosov\u00ebn.<\/p>\n<p>Nd\u00ebrsa, shefi i Grupit Parlament t\u00eb PDK-s\u00eb, Abelard Tahiri, ka k\u00ebrkuar reagimin e Avokatit t\u00eb Popullit.<\/p>\n<p>\u201c<i>Ai, pik\u00ebrisht sot do t\u00eb duhej q\u00eb t\u00eb merrte veprime emergjente p\u00ebr fillimin e hetimeve ndaj abuzimit me faturat e energjis\u00eb elektrike dhe madje t\u00eb zbardhte edhe fakte mbi trajtimin diskriminues t\u00eb qytetar\u00ebve n\u00eb pagesat e k\u00ebsaj energjie. Pik\u00ebrisht sot m\u00eb shum\u00eb se kurr\u00eb do t\u00eb duhej t\u00eb ishte z\u00ebri kumbues kund\u00ebr vjedhjes dhe diskriminimit t\u00eb qytetar\u00ebve n\u00eb faturat e energjis\u00eb nga qeveria e dhe mafia energjetike<\/i>\u201d, ka shkruar ai n\u00eb profilin e tij n\u00eb \u201cFacebook\u201d.<\/p>\n<p><b>Thirrje p\u00ebr protest\u00eb<\/b><\/p>\n<p>Krahas thirrjes p\u00ebr hetim nga organet e rendit \u00ebsht\u00eb b\u00ebr\u00eb thirrje edhe p\u00ebr organizimin e nj\u00eb proteste p\u00ebr k\u00ebt\u00eb \u00e7\u00ebshtje.<\/p>\n<p>Njoh\u00ebsit e rrethanave politike kan\u00eb drejtuar gishtin nga Qeveria Kurti.<\/p>\n<p>Analisti Valon Syla ka b\u00ebr\u00eb me dije se shtrenjtimi i rrym\u00ebs \u00ebsht\u00eb 300 p\u00ebr qind m\u00eb i lart\u00eb q\u00eb nga vitit 2021.<\/p>\n<p>Ai ka vler\u00ebsuar se protesta \u00ebsht\u00eb pak p\u00ebr k\u00ebt\u00eb \u00e7\u00ebshtje.<\/p>\n<p>\u201c<i>Protesta \u00ebsht\u00eb pak p\u00ebr k\u00ebt\u00eb d\u00ebm. As dor\u00ebheqja nuk mjafton. Hetim p\u00ebr importin e energjis\u00eb multimilion\u00ebshe dhe ndalimin e projekteve energjetike prej &#8216;Kosov\u00ebs s\u00eb Re&#8217;, e deri te projektet euro &#8211; amerikane t\u00eb gasit duhet t\u00eb fillojn\u00eb. Pra nga Martin Berisha e Nagip Krasniqi i burgosur e deri te Ministrja Rizvanolli, Murati dhe Kryeministri Kurti.<\/i>\u201d, ka shkruar nd\u00ebr t\u00eb tjera ai n\u00eb \u201cFacebook\u201d.<\/p>\n<p>Edhe analisti tjet\u00ebr, Astrit Gashi ka k\u00ebrkuar q\u00eb t\u00eb hetohet KEDS p\u00ebr faturat e rrym\u00ebs.<\/p>\n<p>\u201c<i>HETIM NDAJ KESCO PER FATURAT E RRYMES! Faturat jane ekstremisht te fryera. Ka shume mundesi qe kjo eshte bere pershkak te leximit te qellimshem mashtrues, si shembull duke bartur kilovat nga nje muaj nje tjetrin. Jo vetem ZRRE dhe Kuvendi por edhe Prokuroria e Kosoves duhet te nise urgjentisht nje hetim te KESCO, qe te zbardhet nese kishte mashtrim apo jo. Shteti i Kosoves duhet ti mbroje qytetaret, jo investitoret qe mund te bejne mashtrime.<\/i>\u201d, ka shkruar ai.<\/p>\n<p>Nd\u00ebrsa, kryetari i LDK-s\u00eb, Lumir Abdixhiku, ka th\u00ebn\u00eb vet\u00ebm gjat\u00eb mandatit t\u00eb Qeveris\u00eb Kurti tarifa e energjis\u00eb elektrike \u00ebsht\u00eb rritur 3 her\u00eb.<\/p>\n<p>\u201c<i>Tarifat e energjis\u00eb elektrike, her\u00ebn e fundit, jan\u00eb rritur nga prilli i k\u00ebtij viti. Para k\u00ebsaj, ishin rritur edhe dy her\u00eb t\u00eb tjera. Pra gjithsej 3 her\u00eb p\u00ebr 3 vjet. Gjendja e tanishme \u00ebsht\u00eb produkt i mosnjohjes s\u00eb realitetit qytetar n\u00eb vend. Si\u00e7 dhe thoshin vet, \u2018qytetar\u00ebt po shpenzojn\u00eb shum\u00eb sepse rryma \u00ebsht\u00eb e lir\u00eb\u2019. Do t\u00eb gjejn\u00eb arsyetime; do t\u00eb ju mbushin me ankesa, nga privatizimi e deri tek luft\u00ebrat n\u00ebp\u00ebr bot\u00eb, por e v\u00ebrteta e vetme \u00ebsht\u00eb si m\u00eb posht\u00eb. Paaft\u00ebsia kushton! Shiheni vet<\/i>\u201d, ka shkruar ai n\u00eb profilin e tij n\u00eb \u201cFacebook\u201d.<\/p>\n","protected":false},"excerpt":{"rendered":"<p>Faturat e energjis\u00eb elektrike p\u00ebr muajin dhjetor kan\u00eb nxitur reagime t\u00eb ashpra te qytetar\u00ebt dhe spektri politik. Ndon\u00ebse nuk \u00ebsht\u00eb njoftuar p\u00ebr rritje eventuale t\u00eb \u00e7mimit t\u00eb energjis\u00eb elektrike, faturat e rrym\u00ebs p\u00ebr shumic\u00ebn e qytetar\u00ebve dallojn\u00eb shum\u00eb nga ato t\u00eb muajit t\u00eb kaluar. Kjo ka nxitur dyshime t\u00eb shumta nga qytetar\u00ebt p\u00ebr vjedhje n\u00eb [&hellip;]<\/p>\n","protected":false},"author":2,"featured_media":40793,"comment_status":"closed","ping_status":"closed","sticky":false,"template":"","format":"standard","meta":{"_monsterinsights_skip_tracking":false,"_monsterinsights_sitenote_active":false,"_monsterinsights_sitenote_note":"","_monsterinsights_sitenote_category":0,"_uf_show_specific_survey":0,"_uf_disable_surveys":false,"footnotes":""},"categories":[1146],"tags":[1570],"yoast_head":"<!-- This site is optimized with the Yoast SEO plugin v21.5 - https:\/\/yoast.com\/wordpress\/plugins\/seo\/ -->\n<title>Dyshime p\u00ebr vjedhje n\u00eb fatura t\u00eb energjis\u00eb: K\u00ebrkohet hetim urgjent nga prokuroria dhe protesta nga qytetar\u00ebt<\/title>\n<meta name=\"robots\" content=\"index, follow, max-snippet:-1, max-image-preview:large, max-video-preview:-1\" \/>\n<link rel=\"canonical\" href=\"https:\/\/permbledhja.com\/sq\/dyshime-per-vjedhje-ne-fatura-te-energjise-kerkohet-hetim-urgjent-nga-prokuroria-dhe-protesta-nga-qytetaret\/\" \/>\n<meta property=\"og:locale\" content=\"sq_AL\" \/>\n<meta property=\"og:type\" content=\"article\" \/>\n<meta property=\"og:title\" content=\"Dyshime p\u00ebr vjedhje n\u00eb fatura t\u00eb energjis\u00eb: K\u00ebrkohet hetim urgjent nga prokuroria dhe protesta nga qytetar\u00ebt\" \/>\n<meta property=\"og:description\" content=\"Faturat e energjis\u00eb elektrike p\u00ebr muajin dhjetor kan\u00eb nxitur reagime t\u00eb ashpra te qytetar\u00ebt dhe spektri politik. Ndon\u00ebse nuk \u00ebsht\u00eb njoftuar p\u00ebr rritje eventuale t\u00eb \u00e7mimit t\u00eb energjis\u00eb elektrike, faturat e rrym\u00ebs p\u00ebr shumic\u00ebn e qytetar\u00ebve dallojn\u00eb shum\u00eb nga ato t\u00eb muajit t\u00eb kaluar. Kjo ka nxitur dyshime t\u00eb shumta nga qytetar\u00ebt p\u00ebr vjedhje n\u00eb [&hellip;]\" \/>\n<meta property=\"og:url\" content=\"https:\/\/permbledhja.com\/sq\/dyshime-per-vjedhje-ne-fatura-te-energjise-kerkohet-hetim-urgjent-nga-prokuroria-dhe-protesta-nga-qytetaret\/\" \/>\n<meta property=\"og:site_name\" content=\"Ve\u00e7 artikuj p\u00ebrmbledh\u00ebs\" \/>\n<meta property=\"article:publisher\" content=\"https:\/\/www.facebook.com\/press07\/\" \/>\n<meta property=\"article:published_time\" content=\"2023-12-27T11:11:53+00:00\" \/>\n<meta property=\"og:image\" content=\"https:\/\/permbledhja.com\/wp-content\/uploads\/2023\/12\/Capture-7.jpg\" \/>\n\t<meta property=\"og:image:width\" content=\"1008\" \/>\n\t<meta property=\"og:image:height\" content=\"608\" \/>\n\t<meta property=\"og:image:type\" content=\"image\/jpeg\" \/>\n<meta name=\"author\" content=\"M M\" \/>\n<meta name=\"twitter:card\" content=\"summary_large_image\" \/>\n<meta name=\"twitter:label1\" content=\"Written by\" \/>\n\t<meta name=\"twitter:data1\" content=\"M M\" \/>\n\t<meta name=\"twitter:label2\" content=\"Est. reading time\" \/>\n\t<meta name=\"twitter:data2\" content=\"5 minuta\" \/>\n<script type=\"application\/ld+json\" class=\"yoast-schema-graph\">{\"@context\":\"https:\/\/schema.org\",\"@graph\":[{\"@type\":\"Article\",\"@id\":\"https:\/\/permbledhja.com\/dyshime-per-vjedhje-ne-fatura-te-energjise-kerkohet-hetim-urgjent-nga-prokuroria-dhe-protesta-nga-qytetaret\/#article\",\"isPartOf\":{\"@id\":\"https:\/\/permbledhja.com\/dyshime-per-vjedhje-ne-fatura-te-energjise-kerkohet-hetim-urgjent-nga-prokuroria-dhe-protesta-nga-qytetaret\/\"},\"author\":{\"name\":\"M M\",\"@id\":\"https:\/\/permbledhja.com\/#\/schema\/person\/d23f13f59b5722643933d6780783acf3\"},\"headline\":\"Dyshime p\u00ebr vjedhje n\u00eb fatura t\u00eb energjis\u00eb: K\u00ebrkohet hetim urgjent nga prokuroria dhe protesta nga qytetar\u00ebt\",\"datePublished\":\"2023-12-27T11:11:53+00:00\",\"dateModified\":\"2023-12-27T11:11:53+00:00\",\"mainEntityOfPage\":{\"@id\":\"https:\/\/permbledhja.com\/dyshime-per-vjedhje-ne-fatura-te-energjise-kerkohet-hetim-urgjent-nga-prokuroria-dhe-protesta-nga-qytetaret\/\"},\"wordCount\":907,\"publisher\":{\"@id\":\"https:\/\/permbledhja.com\/#organization\"},\"keywords\":[\"Faturat\"],\"articleSection\":[\"Kryesoret\"],\"inLanguage\":\"sq\"},{\"@type\":\"WebPage\",\"@id\":\"https:\/\/permbledhja.com\/dyshime-per-vjedhje-ne-fatura-te-energjise-kerkohet-hetim-urgjent-nga-prokuroria-dhe-protesta-nga-qytetaret\/\",\"url\":\"https:\/\/permbledhja.com\/dyshime-per-vjedhje-ne-fatura-te-energjise-kerkohet-hetim-urgjent-nga-prokuroria-dhe-protesta-nga-qytetaret\/\",\"name\":\"Dyshime p\u00ebr vjedhje n\u00eb fatura t\u00eb energjis\u00eb: K\u00ebrkohet hetim urgjent nga prokuroria dhe protesta nga qytetar\u00ebt\",\"isPartOf\":{\"@id\":\"https:\/\/permbledhja.com\/#website\"},\"datePublished\":\"2023-12-27T11:11:53+00:00\",\"dateModified\":\"2023-12-27T11:11:53+00:00\",\"breadcrumb\":{\"@id\":\"https:\/\/permbledhja.com\/dyshime-per-vjedhje-ne-fatura-te-energjise-kerkohet-hetim-urgjent-nga-prokuroria-dhe-protesta-nga-qytetaret\/#breadcrumb\"},\"inLanguage\":\"sq\",\"potentialAction\":[{\"@type\":\"ReadAction\",\"target\":[\"https:\/\/permbledhja.com\/dyshime-per-vjedhje-ne-fatura-te-energjise-kerkohet-hetim-urgjent-nga-prokuroria-dhe-protesta-nga-qytetaret\/\"]}]},{\"@type\":\"BreadcrumbList\",\"@id\":\"https:\/\/permbledhja.com\/dyshime-per-vjedhje-ne-fatura-te-energjise-kerkohet-hetim-urgjent-nga-prokuroria-dhe-protesta-nga-qytetaret\/#breadcrumb\",\"itemListElement\":[{\"@type\":\"ListItem\",\"position\":1,\"name\":\"Ballina\",\"item\":\"https:\/\/permbledhja.com\/sq\/\"},{\"@type\":\"ListItem\",\"position\":2,\"name\":\"Dyshime p\u00ebr vjedhje n\u00eb fatura t\u00eb energjis\u00eb: K\u00ebrkohet hetim urgjent nga prokuroria dhe protesta nga qytetar\u00ebt\"}]},{\"@type\":\"WebSite\",\"@id\":\"https:\/\/permbledhja.com\/#website\",\"url\":\"https:\/\/permbledhja.com\/\",\"name\":\"Ve\u00e7 artikuj p\u00ebrmbledh\u00ebs\",\"description\":\"\",\"publisher\":{\"@id\":\"https:\/\/permbledhja.com\/#organization\"},\"potentialAction\":[{\"@type\":\"SearchAction\",\"target\":{\"@type\":\"EntryPoint\",\"urlTemplate\":\"https:\/\/permbledhja.com\/?s={search_term_string}\"},\"query-input\":\"required name=search_term_string\"}],\"inLanguage\":\"sq\"},{\"@type\":\"Organization\",\"@id\":\"https:\/\/permbledhja.com\/#organization\",\"name\":\"MK Media & Pr\",\"url\":\"https:\/\/permbledhja.com\/\",\"logo\":{\"@type\":\"ImageObject\",\"inLanguage\":\"sq\",\"@id\":\"https:\/\/permbledhja.com\/#\/schema\/logo\/image\/\",\"url\":\"https:\/\/permbledhja.com\/wp-content\/uploads\/2021\/12\/07-Press-Logo.jpg\",\"contentUrl\":\"https:\/\/permbledhja.com\/wp-content\/uploads\/2021\/12\/07-Press-Logo.jpg\",\"width\":512,\"height\":512,\"caption\":\"MK Media & Pr\"},\"image\":{\"@id\":\"https:\/\/permbledhja.com\/#\/schema\/logo\/image\/\"},\"sameAs\":[\"https:\/\/www.facebook.com\/press07\/\"]},{\"@type\":\"Person\",\"@id\":\"https:\/\/permbledhja.com\/#\/schema\/person\/d23f13f59b5722643933d6780783acf3\",\"name\":\"M M\",\"image\":{\"@type\":\"ImageObject\",\"inLanguage\":\"sq\",\"@id\":\"https:\/\/permbledhja.com\/#\/schema\/person\/image\/\",\"url\":\"https:\/\/secure.gravatar.com\/avatar\/e2835a76ca7c31a2416b2d51c4ec9a8f?s=96&d=mm&r=g\",\"contentUrl\":\"https:\/\/secure.gravatar.com\/avatar\/e2835a76ca7c31a2416b2d51c4ec9a8f?s=96&d=mm&r=g\",\"caption\":\"M M\"},\"sameAs\":[\"http:\/\/MM\"],\"url\":\"https:\/\/permbledhja.com\/sq\/author\/muhamet\/\"}]}<\/script>\n<!-- \/ Yoast SEO plugin. -->","yoast_head_json":{"title":"Dyshime p\u00ebr vjedhje n\u00eb fatura t\u00eb energjis\u00eb: K\u00ebrkohet hetim urgjent nga prokuroria dhe protesta nga qytetar\u00ebt","robots":{"index":"index","follow":"follow","max-snippet":"max-snippet:-1","max-image-preview":"max-image-preview:large","max-video-preview":"max-video-preview:-1"},"canonical":"https:\/\/permbledhja.com\/sq\/dyshime-per-vjedhje-ne-fatura-te-energjise-kerkohet-hetim-urgjent-nga-prokuroria-dhe-protesta-nga-qytetaret\/","og_locale":"sq_AL","og_type":"article","og_title":"Dyshime p\u00ebr vjedhje n\u00eb fatura t\u00eb energjis\u00eb: K\u00ebrkohet hetim urgjent nga prokuroria dhe protesta nga qytetar\u00ebt","og_description":"Faturat e energjis\u00eb elektrike p\u00ebr muajin dhjetor kan\u00eb nxitur reagime t\u00eb ashpra te qytetar\u00ebt dhe spektri politik. Ndon\u00ebse nuk \u00ebsht\u00eb njoftuar p\u00ebr rritje eventuale t\u00eb \u00e7mimit t\u00eb energjis\u00eb elektrike, faturat e rrym\u00ebs p\u00ebr shumic\u00ebn e qytetar\u00ebve dallojn\u00eb shum\u00eb nga ato t\u00eb muajit t\u00eb kaluar. Kjo ka nxitur dyshime t\u00eb shumta nga qytetar\u00ebt p\u00ebr vjedhje n\u00eb [&hellip;]","og_url":"https:\/\/permbledhja.com\/sq\/dyshime-per-vjedhje-ne-fatura-te-energjise-kerkohet-hetim-urgjent-nga-prokuroria-dhe-protesta-nga-qytetaret\/","og_site_name":"Ve\u00e7 artikuj p\u00ebrmbledh\u00ebs","article_publisher":"https:\/\/www.facebook.com\/press07\/","article_published_time":"2023-12-27T11:11:53+00:00","og_image":[{"width":1008,"height":608,"url":"https:\/\/permbledhja.com\/wp-content\/uploads\/2023\/12\/Capture-7.jpg","type":"image\/jpeg"}],"author":"M M","twitter_card":"summary_large_image","twitter_misc":{"Written by":"M M","Est. reading time":"5 minuta"},"schema":{"@context":"https:\/\/schema.org","@graph":[{"@type":"Article","@id":"https:\/\/permbledhja.com\/dyshime-per-vjedhje-ne-fatura-te-energjise-kerkohet-hetim-urgjent-nga-prokuroria-dhe-protesta-nga-qytetaret\/#article","isPartOf":{"@id":"https:\/\/permbledhja.com\/dyshime-per-vjedhje-ne-fatura-te-energjise-kerkohet-hetim-urgjent-nga-prokuroria-dhe-protesta-nga-qytetaret\/"},"author":{"name":"M M","@id":"https:\/\/permbledhja.com\/#\/schema\/person\/d23f13f59b5722643933d6780783acf3"},"headline":"Dyshime p\u00ebr vjedhje n\u00eb fatura t\u00eb energjis\u00eb: K\u00ebrkohet hetim urgjent nga prokuroria dhe protesta nga qytetar\u00ebt","datePublished":"2023-12-27T11:11:53+00:00","dateModified":"2023-12-27T11:11:53+00:00","mainEntityOfPage":{"@id":"https:\/\/permbledhja.com\/dyshime-per-vjedhje-ne-fatura-te-energjise-kerkohet-hetim-urgjent-nga-prokuroria-dhe-protesta-nga-qytetaret\/"},"wordCount":907,"publisher":{"@id":"https:\/\/permbledhja.com\/#organization"},"keywords":["Faturat"],"articleSection":["Kryesoret"],"inLanguage":"sq"},{"@type":"WebPage","@id":"https:\/\/permbledhja.com\/dyshime-per-vjedhje-ne-fatura-te-energjise-kerkohet-hetim-urgjent-nga-prokuroria-dhe-protesta-nga-qytetaret\/","url":"https:\/\/permbledhja.com\/dyshime-per-vjedhje-ne-fatura-te-energjise-kerkohet-hetim-urgjent-nga-prokuroria-dhe-protesta-nga-qytetaret\/","name":"Dyshime p\u00ebr vjedhje n\u00eb fatura t\u00eb energjis\u00eb: K\u00ebrkohet hetim urgjent nga prokuroria dhe protesta nga qytetar\u00ebt","isPartOf":{"@id":"https:\/\/permbledhja.com\/#website"},"datePublished":"2023-12-27T11:11:53+00:00","dateModified":"2023-12-27T11:11:53+00:00","breadcrumb":{"@id":"https:\/\/permbledhja.com\/dyshime-per-vjedhje-ne-fatura-te-energjise-kerkohet-hetim-urgjent-nga-prokuroria-dhe-protesta-nga-qytetaret\/#breadcrumb"},"inLanguage":"sq","potentialAction":[{"@type":"ReadAction","target":["https:\/\/permbledhja.com\/dyshime-per-vjedhje-ne-fatura-te-energjise-kerkohet-hetim-urgjent-nga-prokuroria-dhe-protesta-nga-qytetaret\/"]}]},{"@type":"BreadcrumbList","@id":"https:\/\/permbledhja.com\/dyshime-per-vjedhje-ne-fatura-te-energjise-kerkohet-hetim-urgjent-nga-prokuroria-dhe-protesta-nga-qytetaret\/#breadcrumb","itemListElement":[{"@type":"ListItem","position":1,"name":"Ballina","item":"https:\/\/permbledhja.com\/sq\/"},{"@type":"ListItem","position":2,"name":"Dyshime p\u00ebr vjedhje n\u00eb fatura t\u00eb energjis\u00eb: K\u00ebrkohet hetim urgjent nga prokuroria dhe protesta nga qytetar\u00ebt"}]},{"@type":"WebSite","@id":"https:\/\/permbledhja.com\/#website","url":"https:\/\/permbledhja.com\/","name":"Ve\u00e7 artikuj p\u00ebrmbledh\u00ebs","description":"","publisher":{"@id":"https:\/\/permbledhja.com\/#organization"},"potentialAction":[{"@type":"SearchAction","target":{"@type":"EntryPoint","urlTemplate":"https:\/\/permbledhja.com\/?s={search_term_string}"},"query-input":"required name=search_term_string"}],"inLanguage":"sq"},{"@type":"Organization","@id":"https:\/\/permbledhja.com\/#organization","name":"MK Media & Pr","url":"https:\/\/permbledhja.com\/","logo":{"@type":"ImageObject","inLanguage":"sq","@id":"https:\/\/permbledhja.com\/#\/schema\/logo\/image\/","url":"https:\/\/permbledhja.com\/wp-content\/uploads\/2021\/12\/07-Press-Logo.jpg","contentUrl":"https:\/\/permbledhja.com\/wp-content\/uploads\/2021\/12\/07-Press-Logo.jpg","width":512,"height":512,"caption":"MK Media & Pr"},"image":{"@id":"https:\/\/permbledhja.com\/#\/schema\/logo\/image\/"},"sameAs":["https:\/\/www.facebook.com\/press07\/"]},{"@type":"Person","@id":"https:\/\/permbledhja.com\/#\/schema\/person\/d23f13f59b5722643933d6780783acf3","name":"M M","image":{"@type":"ImageObject","inLanguage":"sq","@id":"https:\/\/permbledhja.com\/#\/schema\/person\/image\/","url":"https:\/\/secure.gravatar.com\/avatar\/e2835a76ca7c31a2416b2d51c4ec9a8f?s=96&d=mm&r=g","contentUrl":"https:\/\/secure.gravatar.com\/avatar\/e2835a76ca7c31a2416b2d51c4ec9a8f?s=96&d=mm&r=g","caption":"M M"},"sameAs":["http:\/\/MM"],"url":"https:\/\/permbledhja.com\/sq\/author\/muhamet\/"}]}},"_links":{"self":[{"href":"https:\/\/permbledhja.com\/sq\/wp-json\/wp\/v2\/posts\/40792"}],"collection":[{"href":"https:\/\/permbledhja.com\/sq\/wp-json\/wp\/v2\/posts"}],"about":[{"href":"https:\/\/permbledhja.com\/sq\/wp-json\/wp\/v2\/types\/post"}],"author":[{"embeddable":true,"href":"https:\/\/permbledhja.com\/sq\/wp-json\/wp\/v2\/users\/2"}],"replies":[{"embeddable":true,"href":"https:\/\/permbledhja.com\/sq\/wp-json\/wp\/v2\/comments?post=40792"}],"version-history":[{"count":1,"href":"https:\/\/permbledhja.com\/sq\/wp-json\/wp\/v2\/posts\/40792\/revisions"}],"predecessor-version":[{"id":40794,"href":"https:\/\/permbledhja.com\/sq\/wp-json\/wp\/v2\/posts\/40792\/revisions\/40794"}],"wp:featuredmedia":[{"embeddable":true,"href":"https:\/\/permbledhja.com\/sq\/wp-json\/wp\/v2\/media\/40793"}],"wp:attachment":[{"href":"https:\/\/permbledhja.com\/sq\/wp-json\/wp\/v2\/media?parent=40792"}],"wp:term":[{"taxonomy":"category","embeddable":true,"href":"https:\/\/permbledhja.com\/sq\/wp-json\/wp\/v2\/categories?post=40792"},{"taxonomy":"post_tag","embeddable":true,"href":"https:\/\/permbledhja.com\/sq\/wp-json\/wp\/v2\/tags?post=40792"}],"curies":[{"name":"wp","href":"https:\/\/api.w.org\/{rel}","templated":true}]}}