{"id":40688,"date":"2023-12-26T11:24:32","date_gmt":"2023-12-26T11:24:32","guid":{"rendered":"https:\/\/permbledhja.com\/?p=40688"},"modified":"2023-12-26T11:24:32","modified_gmt":"2023-12-26T11:24:32","slug":"ankesat-per-faturat-e-larta-te-rrymes-kmdlnj-kerkon-qe-prokuroria-te-nis-hetime-urgjentisht","status":"publish","type":"post","link":"https:\/\/permbledhja.com\/sq\/ankesat-per-faturat-e-larta-te-rrymes-kmdlnj-kerkon-qe-prokuroria-te-nis-hetime-urgjentisht\/","title":{"rendered":"Ankesat p\u00ebr faturat e larta t\u00eb rrym\u00ebs, KMDLNJ k\u00ebrkon q\u00eb Prokuroria t\u00eb nis hetime urgjentisht"},"content":{"rendered":"<h3>K\u00ebshilli p\u00ebr Mbrojtjen e t\u00eb Drejtave dhe Lirive t\u00eb Njeriut ka dal\u00eb me nj\u00eb reagim pas ankesave t\u00eb qytetar\u00ebve p\u00ebr faturat e larta t\u00eb energjis\u00eb elektrike p\u00ebr k\u00ebt\u00eb muaj.<\/h3>\n<p>Nga KMDLNJ i kan\u00eb quajtur si \u201cjonormale\u201d faturat e k\u00ebtij muaji, derisa i kan\u00eb k\u00ebrkuar Prokuroris\u00eb s\u00eb Shtetit q\u00eb t\u00eb nis hetime urgjentisht.<\/p>\n<p>\u201cFaturat p\u00ebr rrym\u00eb t\u00eb muajit dhjetor p\u00ebr shumic\u00ebn e qytetar\u00ebve dallojn\u00eb shum\u00eb nga ato t\u00eb muajit t\u00eb kaluar, jan\u00eb 100 % e m\u00eb shum\u00eb m\u00eb t\u00eb larta. N\u00eb nd\u00ebrkoh\u00eb askush nuk ka njoftuar p\u00ebr rritje eventuale t\u00eb \u00e7mimit t\u00eb energjis\u00eb elektrike sikur q\u00eb edhe temperaturat nuk kan\u00eb qen\u00eb t\u00eb larta p\u00ebr t\u00eb shpenzuar energji shtes\u00eb. Po n\u00eb t\u00eb nj\u00ebjt\u00ebn koh\u00eb serb\u00ebt dhe banor\u00ebt tjer\u00eb t\u00eb veriut t\u00eb Kosov\u00ebs vazhdojn\u00eb t\u00eb mos i paguajn\u00eb faturat p\u00ebr rrym\u00ebn e shpenzuar sikur q\u00eb rrym\u00ebn e shpenzojn\u00eb pa asnj\u00eb kufizim. Qeveria e Kosov\u00ebs n\u00eb rastin konkret po zbaton standarde t\u00eb dyfishta duke favorizuar serb\u00ebt e veriut pasi ua paguan rrym\u00ebn dhe duke i nd\u00ebshkuar konsumator\u00ebt e rregullt\u00eb me nj\u00eb rritje aq t\u00eb madhe dhe p\u00ebr k\u00ebt\u00eb as q\u00eb ka reaguar\u201d, thuhet n\u00eb reagim.<\/p>\n<p><strong>Reagimi i plot\u00eb:<\/strong><\/p>\n<p>FATURAT JONORMALE T\u00cb RRYM\u00cbS, PROKURORIA E SHTETIT T\u00cb HETOJ\u00cb ME URGJENC\u00cb!<\/p>\n<p>Faturat p\u00ebr rrym\u00eb t\u00eb muajit dhjetor p\u00ebr shumic\u00ebn e qytetar\u00ebve dallojn\u00eb shum\u00eb nga ato t\u00eb muajit t\u00eb kaluar, jan\u00eb 100 % e m\u00eb shum\u00eb m\u00eb t\u00eb larta. N\u00eb nd\u00ebrkoh\u00eb askush nuk ka njoftuar p\u00ebr rritje eventuale t\u00eb \u00e7mimit t\u00eb energjis\u00eb elektrike sikur q\u00eb edhe temperaturat nuk kan\u00eb qen\u00eb t\u00eb larta p\u00ebr t\u00eb shpenzuar energji shtes\u00eb. Po n\u00eb t\u00eb nj\u00ebjt\u00ebn koh\u00eb serb\u00ebt dhe banor\u00ebt tjer\u00eb t\u00eb veriut t\u00eb Kosov\u00ebs vazhdojn\u00eb t\u00eb mos i paguajn\u00eb faturat p\u00ebr rrym\u00ebn e shpenzuar sikur q\u00eb rrym\u00ebn e shpenzojn\u00eb pa asnj\u00eb kufizim. Qeveria e Kosov\u00ebs n\u00eb rastin konkret po zbaton standarde t\u00eb dyfishta duke favorizuar serb\u00ebt e veriut pasi ua paguan rrym\u00ebn dhe duke i nd\u00ebshkuar konsumator\u00ebt e rregullt\u00eb me nj\u00eb rritje aq t\u00eb madhe dhe p\u00ebr k\u00ebt\u00eb as q\u00eb ka reaguar. KMDLNj \u2013\u00eb ka k\u00ebrkuar nga qytetar\u00ebt e Kosov\u00ebs t\u2019i b\u00ebjn\u00eb publike faturat e k\u00ebtij muaji duke i krahasuar me ato t\u00eb muajit paraprak sikur edhe t\u00eb paraqesin kund\u00ebrshtim n\u00eb KEDS p\u00ebr k\u00ebto fatura q\u00eb jan\u00eb thejsht vjedhje e paras\u00eb nga buxheti, edhe ashtu shum\u00eb i r\u00ebnduar i shumic\u00ebs s\u00eb familjeve n\u00eb Kosov\u00eb. N\u00eb \u00e7do vend normal kjo vjedhje klasike p\u00ebrmes faturave t\u00eb rrym\u00ebs do t\u00eb ishte mund\u00ebsi e art\u00eb p\u00ebr opozit\u00ebn q\u00eb fuqishish\u00ebm t\u00eb kund\u00ebrshtoj\u00eb nd\u00ebrsa te ne vet\u00ebm kishte reagime sporadike t\u00eb deputet\u00ebve. P\u00ebr k\u00ebt\u00eb pla\u00e7kitje legale deputet\u00ebt e Kuvendit t\u00eb Kosov\u00ebs \u00ebsht\u00eb dashur t\u00eb th\u00ebrrasin seanc\u00eb t\u00eb jasht\u00ebzakonshme nd\u00ebrsa qytetar\u00ebt e Kosov\u00ebs \u00ebsht\u00eb dashur t\u00eb reagojn\u00eb fuqish\u00ebm p\u00ebrmes nj\u00eb aktivizmi qytetar kund\u00ebr KEDS, KES\/CO dhe ZRrE \u2013s\u00eb. E keqja e gjith\u00eb k\u00ebsaj \u00ebsht\u00eb se ZRrE, si Rregullator I Energjis\u00eb Elektrike asgj\u00eb nuk ka nd\u00ebrmarr\u00eb p\u00ebr mbrojtje t\u00eb interesit t\u00eb qytetar\u00ebve t\u00eb Kosov\u00ebs por se ka mbrojtur gjithmon\u00eb interesin e kompanive gllab\u00ebruese si KEDS dhe KES\/CO. N\u00eb vendet ku b\u00ebhet nj\u00eb politik\u00eb e p\u00ebrgjegjshme dhe ku deputet\u00ebt v\u00ebrtet\u00eb p\u00ebrfaq\u00ebsojn\u00eb intereset e qytetar\u00ebve\/votuesve t\u00eb tyre, m\u00eb s\u00eb paku q\u00eb do t\u00eb ndodhte do t\u00eb ishte dor\u00ebheqja apo shkakrkimi I ministris\u00eb p\u00ebrkat\u00ebse mbase edhe r\u00ebnia e qeveris\u00eb. K\u00ebtu, p\u00ebrve\u00e7 revolt\u00ebs s\u00eb shprehur n\u00ebp\u00ebr rrjetet sociale nuk ka kund\u00ebrshtim t\u00eb vendosur dhe t\u00eb organizuar qytetar\u00eb andaj edhe po legalizohen k\u00ebto vjedhje t\u00eb qytetar\u00ebve. T\u00eb gjith\u00eb jemi d\u00ebshmitar\u00eb se edhe n\u00eb vendet me nj\u00eb standard dhe ekonomi shum\u00eb m\u00eb t\u00eb zhvilluar si Franca, Gjermania, Italia, Hungaria etj. p\u00ebr shtrenjtim shum\u00eb m\u00eb t\u00eb vog\u00ebl ka apsur protesta shum\u00ebdit\u00ebshe dhe p\u00ebrballje t\u00eb qytetar\u00ebve me policin\u00eb deri kur shteti ka pranuar fajin dhe \u00ebsht\u00eb thyer n\u00eb pozitat e m\u00ebparshme.<\/p>\n<p>N\u00eb Kosov\u00eb p\u00ebrve\u00e7 se qeveria diskriminon qytetar\u00ebt n\u00eb baza etnike, disave ua paguan rrym\u00ebn qe 23 vjet nd\u00ebrsa t\u00eb tjer\u00ebt I penalizon dhe i vjedh\u00eb gjithashtu qe 23 vjet, diskriminimi b\u00ebhet edhe n\u00eb pages\u00ebn e sh\u00ebrbimeve tjera si uji, plehrat dhe kanalizimi, tatimi n\u00eb pron\u00eb etj. dhe me k\u00ebt\u00eb dukuri askush nuk merret seriozisht. Qytetar\u00ebt e kosov\u00ebs nuk mjafton t\u00eb njoftohen dhe t\u2019i dijn\u00eb t\u00eb drejtat e tyre por ato t\u00eb drejta duhet t\u2019i mbrojn\u00eb me t\u00eb gjitha mjetet e lejuara demokratike. Qytetar\u00ebt po manipulohen nga subjektet politike sikur edhe nga pjesa p\u00ebrfituese dhe klienteliste e shoq\u00ebris\u00eb civile q\u00eb po i zbehin protestat apo po i fusin n\u00eb sh\u00ebrbim t\u00eb tyre. Deri n\u00eb koh\u00ebn kur qytetar\u00ebt nuk do t\u00eb vet\u00ebdij\u00ebsohen se t\u00eb drejtat e tyre duhet t\u2019i mbrojn\u00eb vet, do t\u00eb marrin fatura shum\u00eb m\u00eb t\u00eb r\u00ebnda se k\u00ebto t\u00eb dhjetorit.<\/p>\n<p>Komuna e Prishtin\u00ebs doli me nj\u00eb informat\u00eb se me ndryshimin e Rregullores, \u201cPrishtina Parking\u201c m\u00eb nuk do t\u00eb ket\u00eb mund\u00ebsi t\u00eb d\u00ebnoj\u00eb qytetar\u00ebt sikur q\u00eb qytetar\u00ebt do t\u00eb lirohen nga pagesa p\u00ebr veturen e par\u00eb. Sa i p\u00ebrket shqiptimit t\u00eb d\u00ebnimit del se \u201cPrishtina Parking\u201c edhe n\u00eb t\u00eb ardhm\u00ebn do t\u00eb d\u00ebnoj\u00eb qytetar\u00ebt, tash pak m\u00eb but\u00eb duke i detyruar q\u00eb p\u00ebr parkim t\u00eb gabuar apo mospages\u00eb t\u00eb paguaj\u00eb 20 euro edhe n\u00eb rast se jeni parkuar vet\u00ebm nj\u00eb apo dy or\u00eb. KMDLNj\u2013\u00eb mendon se \u201cPrishtina Parking\u201c duhet t\u00eb vendos\u00eb kamera n\u00eb t\u00eb gjitha hap\u00ebsirat q\u00eb i menaxhon ku sakt\u00eb do t\u00eb dihet se sa or\u00eb ka q\u00ebndruar vetura e parkuar n\u00eb m\u00ebnyr\u00eb jo t\u00eb rregullt. Qytetari duhet t\u00eb paguaj p\u00ebr aq or\u00eb sa ka parkuar n\u00eb m\u00ebnyr\u00eb t\u00eb parregullt dhe eventualisht t\u00eb paguaj\u00eb nj\u00eb d\u00ebnim prej maksimumi 30 % e shum\u00ebs s\u00eb papaguar.<\/p>\n<p>Qytetar\u00eb t\u00eb Prishtin\u00ebs kan\u00eb informuar KMDLNj\u2013n\u00eb se lirimi i pages\u00ebs p\u00ebr vetur\u00eb t\u00eb par\u00eb vlen\u00eb vet\u00ebm p\u00ebr hap\u00ebsirat jokomerciale sikur q\u00eb jan\u00eb lagjet periferike nd\u00ebrkaq p\u00ebr lagjet me frekuentim t\u00eb madh Rruga B dhe C, Vicianum dhe t\u00eb tjera parkimi i vetures nuk zbatohet sipas Rregullores s\u00eb re. K\u00ebt\u00eb fakt komuna e Prishtin\u00ebs nuk ua ka b\u00ebr\u00eb t\u00eb ditur qytetar\u00ebve t\u00eb Prishtin\u00ebs prandaj po del se Rregullorja e re nuk ofron shum\u00eb privilegje p\u00ebr qytetar\u00ebt e kryeqytetit.<\/p>\n","protected":false},"excerpt":{"rendered":"<p>K\u00ebshilli p\u00ebr Mbrojtjen e t\u00eb Drejtave dhe Lirive t\u00eb Njeriut ka dal\u00eb me nj\u00eb reagim pas ankesave t\u00eb qytetar\u00ebve p\u00ebr faturat e larta t\u00eb energjis\u00eb elektrike p\u00ebr k\u00ebt\u00eb muaj. Nga KMDLNJ i kan\u00eb quajtur si \u201cjonormale\u201d faturat e k\u00ebtij muaji, derisa i kan\u00eb k\u00ebrkuar Prokuroris\u00eb s\u00eb Shtetit q\u00eb t\u00eb nis hetime urgjentisht. \u201cFaturat p\u00ebr rrym\u00eb [&hellip;]<\/p>\n","protected":false},"author":2,"featured_media":40689,"comment_status":"closed","ping_status":"closed","sticky":false,"template":"","format":"standard","meta":{"_monsterinsights_skip_tracking":false,"_monsterinsights_sitenote_active":false,"_monsterinsights_sitenote_note":"","_monsterinsights_sitenote_category":0,"_uf_show_specific_survey":0,"_uf_disable_surveys":false,"footnotes":""},"categories":[2645],"tags":[685],"yoast_head":"<!-- This site is optimized with the Yoast SEO plugin v21.5 - https:\/\/yoast.com\/wordpress\/plugins\/seo\/ -->\n<title>Ankesat p\u00ebr faturat e larta t\u00eb rrym\u00ebs, KMDLNJ k\u00ebrkon q\u00eb Prokuroria t\u00eb nis hetime urgjentisht<\/title>\n<meta name=\"robots\" content=\"index, follow, max-snippet:-1, max-image-preview:large, max-video-preview:-1\" \/>\n<link rel=\"canonical\" href=\"https:\/\/permbledhja.com\/sq\/ankesat-per-faturat-e-larta-te-rrymes-kmdlnj-kerkon-qe-prokuroria-te-nis-hetime-urgjentisht\/\" \/>\n<meta property=\"og:locale\" content=\"sq_AL\" \/>\n<meta property=\"og:type\" content=\"article\" \/>\n<meta property=\"og:title\" content=\"Ankesat p\u00ebr faturat e larta t\u00eb rrym\u00ebs, KMDLNJ k\u00ebrkon q\u00eb Prokuroria t\u00eb nis hetime urgjentisht\" \/>\n<meta property=\"og:description\" content=\"K\u00ebshilli p\u00ebr Mbrojtjen e t\u00eb Drejtave dhe Lirive t\u00eb Njeriut ka dal\u00eb me nj\u00eb reagim pas ankesave t\u00eb qytetar\u00ebve p\u00ebr faturat e larta t\u00eb energjis\u00eb elektrike p\u00ebr k\u00ebt\u00eb muaj. Nga KMDLNJ i kan\u00eb quajtur si \u201cjonormale\u201d faturat e k\u00ebtij muaji, derisa i kan\u00eb k\u00ebrkuar Prokuroris\u00eb s\u00eb Shtetit q\u00eb t\u00eb nis hetime urgjentisht. \u201cFaturat p\u00ebr rrym\u00eb [&hellip;]\" \/>\n<meta property=\"og:url\" content=\"https:\/\/permbledhja.com\/sq\/ankesat-per-faturat-e-larta-te-rrymes-kmdlnj-kerkon-qe-prokuroria-te-nis-hetime-urgjentisht\/\" \/>\n<meta property=\"og:site_name\" content=\"Ve\u00e7 artikuj p\u00ebrmbledh\u00ebs\" \/>\n<meta property=\"article:publisher\" content=\"https:\/\/www.facebook.com\/press07\/\" \/>\n<meta property=\"article:published_time\" content=\"2023-12-26T11:24:32+00:00\" \/>\n<meta property=\"og:image\" content=\"https:\/\/permbledhja.com\/wp-content\/uploads\/2023\/12\/fatura-energji-600x360-1.jpg\" \/>\n\t<meta property=\"og:image:width\" content=\"600\" \/>\n\t<meta property=\"og:image:height\" content=\"360\" \/>\n\t<meta property=\"og:image:type\" content=\"image\/jpeg\" \/>\n<meta name=\"author\" content=\"M M\" \/>\n<meta name=\"twitter:card\" content=\"summary_large_image\" \/>\n<meta name=\"twitter:label1\" content=\"Written by\" \/>\n\t<meta name=\"twitter:data1\" content=\"M M\" \/>\n\t<meta name=\"twitter:label2\" content=\"Est. reading time\" \/>\n\t<meta name=\"twitter:data2\" content=\"6 minuta\" \/>\n<script type=\"application\/ld+json\" class=\"yoast-schema-graph\">{\"@context\":\"https:\/\/schema.org\",\"@graph\":[{\"@type\":\"Article\",\"@id\":\"https:\/\/permbledhja.com\/ankesat-per-faturat-e-larta-te-rrymes-kmdlnj-kerkon-qe-prokuroria-te-nis-hetime-urgjentisht\/#article\",\"isPartOf\":{\"@id\":\"https:\/\/permbledhja.com\/ankesat-per-faturat-e-larta-te-rrymes-kmdlnj-kerkon-qe-prokuroria-te-nis-hetime-urgjentisht\/\"},\"author\":{\"name\":\"M M\",\"@id\":\"https:\/\/permbledhja.com\/#\/schema\/person\/d23f13f59b5722643933d6780783acf3\"},\"headline\":\"Ankesat p\u00ebr faturat e larta t\u00eb rrym\u00ebs, KMDLNJ k\u00ebrkon q\u00eb Prokuroria t\u00eb nis hetime urgjentisht\",\"datePublished\":\"2023-12-26T11:24:32+00:00\",\"dateModified\":\"2023-12-26T11:24:32+00:00\",\"mainEntityOfPage\":{\"@id\":\"https:\/\/permbledhja.com\/ankesat-per-faturat-e-larta-te-rrymes-kmdlnj-kerkon-qe-prokuroria-te-nis-hetime-urgjentisht\/\"},\"wordCount\":1147,\"publisher\":{\"@id\":\"https:\/\/permbledhja.com\/#organization\"},\"keywords\":[\"KMDLNj\"],\"articleSection\":[\"T\u00eb r\u00ebnd\u00ebsishme\"],\"inLanguage\":\"sq\"},{\"@type\":\"WebPage\",\"@id\":\"https:\/\/permbledhja.com\/ankesat-per-faturat-e-larta-te-rrymes-kmdlnj-kerkon-qe-prokuroria-te-nis-hetime-urgjentisht\/\",\"url\":\"https:\/\/permbledhja.com\/ankesat-per-faturat-e-larta-te-rrymes-kmdlnj-kerkon-qe-prokuroria-te-nis-hetime-urgjentisht\/\",\"name\":\"Ankesat p\u00ebr faturat e larta t\u00eb rrym\u00ebs, KMDLNJ k\u00ebrkon q\u00eb Prokuroria t\u00eb nis hetime urgjentisht\",\"isPartOf\":{\"@id\":\"https:\/\/permbledhja.com\/#website\"},\"datePublished\":\"2023-12-26T11:24:32+00:00\",\"dateModified\":\"2023-12-26T11:24:32+00:00\",\"breadcrumb\":{\"@id\":\"https:\/\/permbledhja.com\/ankesat-per-faturat-e-larta-te-rrymes-kmdlnj-kerkon-qe-prokuroria-te-nis-hetime-urgjentisht\/#breadcrumb\"},\"inLanguage\":\"sq\",\"potentialAction\":[{\"@type\":\"ReadAction\",\"target\":[\"https:\/\/permbledhja.com\/ankesat-per-faturat-e-larta-te-rrymes-kmdlnj-kerkon-qe-prokuroria-te-nis-hetime-urgjentisht\/\"]}]},{\"@type\":\"BreadcrumbList\",\"@id\":\"https:\/\/permbledhja.com\/ankesat-per-faturat-e-larta-te-rrymes-kmdlnj-kerkon-qe-prokuroria-te-nis-hetime-urgjentisht\/#breadcrumb\",\"itemListElement\":[{\"@type\":\"ListItem\",\"position\":1,\"name\":\"Ballina\",\"item\":\"https:\/\/permbledhja.com\/sq\/\"},{\"@type\":\"ListItem\",\"position\":2,\"name\":\"Ankesat p\u00ebr faturat e larta t\u00eb rrym\u00ebs, KMDLNJ k\u00ebrkon q\u00eb Prokuroria t\u00eb nis hetime urgjentisht\"}]},{\"@type\":\"WebSite\",\"@id\":\"https:\/\/permbledhja.com\/#website\",\"url\":\"https:\/\/permbledhja.com\/\",\"name\":\"Ve\u00e7 artikuj p\u00ebrmbledh\u00ebs\",\"description\":\"\",\"publisher\":{\"@id\":\"https:\/\/permbledhja.com\/#organization\"},\"potentialAction\":[{\"@type\":\"SearchAction\",\"target\":{\"@type\":\"EntryPoint\",\"urlTemplate\":\"https:\/\/permbledhja.com\/?s={search_term_string}\"},\"query-input\":\"required name=search_term_string\"}],\"inLanguage\":\"sq\"},{\"@type\":\"Organization\",\"@id\":\"https:\/\/permbledhja.com\/#organization\",\"name\":\"MK Media & Pr\",\"url\":\"https:\/\/permbledhja.com\/\",\"logo\":{\"@type\":\"ImageObject\",\"inLanguage\":\"sq\",\"@id\":\"https:\/\/permbledhja.com\/#\/schema\/logo\/image\/\",\"url\":\"https:\/\/permbledhja.com\/wp-content\/uploads\/2021\/12\/07-Press-Logo.jpg\",\"contentUrl\":\"https:\/\/permbledhja.com\/wp-content\/uploads\/2021\/12\/07-Press-Logo.jpg\",\"width\":512,\"height\":512,\"caption\":\"MK Media & Pr\"},\"image\":{\"@id\":\"https:\/\/permbledhja.com\/#\/schema\/logo\/image\/\"},\"sameAs\":[\"https:\/\/www.facebook.com\/press07\/\"]},{\"@type\":\"Person\",\"@id\":\"https:\/\/permbledhja.com\/#\/schema\/person\/d23f13f59b5722643933d6780783acf3\",\"name\":\"M M\",\"image\":{\"@type\":\"ImageObject\",\"inLanguage\":\"sq\",\"@id\":\"https:\/\/permbledhja.com\/#\/schema\/person\/image\/\",\"url\":\"https:\/\/secure.gravatar.com\/avatar\/e2835a76ca7c31a2416b2d51c4ec9a8f?s=96&d=mm&r=g\",\"contentUrl\":\"https:\/\/secure.gravatar.com\/avatar\/e2835a76ca7c31a2416b2d51c4ec9a8f?s=96&d=mm&r=g\",\"caption\":\"M M\"},\"sameAs\":[\"http:\/\/MM\"],\"url\":\"https:\/\/permbledhja.com\/sq\/author\/muhamet\/\"}]}<\/script>\n<!-- \/ Yoast SEO plugin. -->","yoast_head_json":{"title":"Ankesat p\u00ebr faturat e larta t\u00eb rrym\u00ebs, KMDLNJ k\u00ebrkon q\u00eb Prokuroria t\u00eb nis hetime urgjentisht","robots":{"index":"index","follow":"follow","max-snippet":"max-snippet:-1","max-image-preview":"max-image-preview:large","max-video-preview":"max-video-preview:-1"},"canonical":"https:\/\/permbledhja.com\/sq\/ankesat-per-faturat-e-larta-te-rrymes-kmdlnj-kerkon-qe-prokuroria-te-nis-hetime-urgjentisht\/","og_locale":"sq_AL","og_type":"article","og_title":"Ankesat p\u00ebr faturat e larta t\u00eb rrym\u00ebs, KMDLNJ k\u00ebrkon q\u00eb Prokuroria t\u00eb nis hetime urgjentisht","og_description":"K\u00ebshilli p\u00ebr Mbrojtjen e t\u00eb Drejtave dhe Lirive t\u00eb Njeriut ka dal\u00eb me nj\u00eb reagim pas ankesave t\u00eb qytetar\u00ebve p\u00ebr faturat e larta t\u00eb energjis\u00eb elektrike p\u00ebr k\u00ebt\u00eb muaj. Nga KMDLNJ i kan\u00eb quajtur si \u201cjonormale\u201d faturat e k\u00ebtij muaji, derisa i kan\u00eb k\u00ebrkuar Prokuroris\u00eb s\u00eb Shtetit q\u00eb t\u00eb nis hetime urgjentisht. \u201cFaturat p\u00ebr rrym\u00eb [&hellip;]","og_url":"https:\/\/permbledhja.com\/sq\/ankesat-per-faturat-e-larta-te-rrymes-kmdlnj-kerkon-qe-prokuroria-te-nis-hetime-urgjentisht\/","og_site_name":"Ve\u00e7 artikuj p\u00ebrmbledh\u00ebs","article_publisher":"https:\/\/www.facebook.com\/press07\/","article_published_time":"2023-12-26T11:24:32+00:00","og_image":[{"width":600,"height":360,"url":"https:\/\/permbledhja.com\/wp-content\/uploads\/2023\/12\/fatura-energji-600x360-1.jpg","type":"image\/jpeg"}],"author":"M M","twitter_card":"summary_large_image","twitter_misc":{"Written by":"M M","Est. reading time":"6 minuta"},"schema":{"@context":"https:\/\/schema.org","@graph":[{"@type":"Article","@id":"https:\/\/permbledhja.com\/ankesat-per-faturat-e-larta-te-rrymes-kmdlnj-kerkon-qe-prokuroria-te-nis-hetime-urgjentisht\/#article","isPartOf":{"@id":"https:\/\/permbledhja.com\/ankesat-per-faturat-e-larta-te-rrymes-kmdlnj-kerkon-qe-prokuroria-te-nis-hetime-urgjentisht\/"},"author":{"name":"M M","@id":"https:\/\/permbledhja.com\/#\/schema\/person\/d23f13f59b5722643933d6780783acf3"},"headline":"Ankesat p\u00ebr faturat e larta t\u00eb rrym\u00ebs, KMDLNJ k\u00ebrkon q\u00eb Prokuroria t\u00eb nis hetime urgjentisht","datePublished":"2023-12-26T11:24:32+00:00","dateModified":"2023-12-26T11:24:32+00:00","mainEntityOfPage":{"@id":"https:\/\/permbledhja.com\/ankesat-per-faturat-e-larta-te-rrymes-kmdlnj-kerkon-qe-prokuroria-te-nis-hetime-urgjentisht\/"},"wordCount":1147,"publisher":{"@id":"https:\/\/permbledhja.com\/#organization"},"keywords":["KMDLNj"],"articleSection":["T\u00eb r\u00ebnd\u00ebsishme"],"inLanguage":"sq"},{"@type":"WebPage","@id":"https:\/\/permbledhja.com\/ankesat-per-faturat-e-larta-te-rrymes-kmdlnj-kerkon-qe-prokuroria-te-nis-hetime-urgjentisht\/","url":"https:\/\/permbledhja.com\/ankesat-per-faturat-e-larta-te-rrymes-kmdlnj-kerkon-qe-prokuroria-te-nis-hetime-urgjentisht\/","name":"Ankesat p\u00ebr faturat e larta t\u00eb rrym\u00ebs, KMDLNJ k\u00ebrkon q\u00eb Prokuroria t\u00eb nis hetime urgjentisht","isPartOf":{"@id":"https:\/\/permbledhja.com\/#website"},"datePublished":"2023-12-26T11:24:32+00:00","dateModified":"2023-12-26T11:24:32+00:00","breadcrumb":{"@id":"https:\/\/permbledhja.com\/ankesat-per-faturat-e-larta-te-rrymes-kmdlnj-kerkon-qe-prokuroria-te-nis-hetime-urgjentisht\/#breadcrumb"},"inLanguage":"sq","potentialAction":[{"@type":"ReadAction","target":["https:\/\/permbledhja.com\/ankesat-per-faturat-e-larta-te-rrymes-kmdlnj-kerkon-qe-prokuroria-te-nis-hetime-urgjentisht\/"]}]},{"@type":"BreadcrumbList","@id":"https:\/\/permbledhja.com\/ankesat-per-faturat-e-larta-te-rrymes-kmdlnj-kerkon-qe-prokuroria-te-nis-hetime-urgjentisht\/#breadcrumb","itemListElement":[{"@type":"ListItem","position":1,"name":"Ballina","item":"https:\/\/permbledhja.com\/sq\/"},{"@type":"ListItem","position":2,"name":"Ankesat p\u00ebr faturat e larta t\u00eb rrym\u00ebs, KMDLNJ k\u00ebrkon q\u00eb Prokuroria t\u00eb nis hetime urgjentisht"}]},{"@type":"WebSite","@id":"https:\/\/permbledhja.com\/#website","url":"https:\/\/permbledhja.com\/","name":"Ve\u00e7 artikuj p\u00ebrmbledh\u00ebs","description":"","publisher":{"@id":"https:\/\/permbledhja.com\/#organization"},"potentialAction":[{"@type":"SearchAction","target":{"@type":"EntryPoint","urlTemplate":"https:\/\/permbledhja.com\/?s={search_term_string}"},"query-input":"required name=search_term_string"}],"inLanguage":"sq"},{"@type":"Organization","@id":"https:\/\/permbledhja.com\/#organization","name":"MK Media & Pr","url":"https:\/\/permbledhja.com\/","logo":{"@type":"ImageObject","inLanguage":"sq","@id":"https:\/\/permbledhja.com\/#\/schema\/logo\/image\/","url":"https:\/\/permbledhja.com\/wp-content\/uploads\/2021\/12\/07-Press-Logo.jpg","contentUrl":"https:\/\/permbledhja.com\/wp-content\/uploads\/2021\/12\/07-Press-Logo.jpg","width":512,"height":512,"caption":"MK Media & Pr"},"image":{"@id":"https:\/\/permbledhja.com\/#\/schema\/logo\/image\/"},"sameAs":["https:\/\/www.facebook.com\/press07\/"]},{"@type":"Person","@id":"https:\/\/permbledhja.com\/#\/schema\/person\/d23f13f59b5722643933d6780783acf3","name":"M M","image":{"@type":"ImageObject","inLanguage":"sq","@id":"https:\/\/permbledhja.com\/#\/schema\/person\/image\/","url":"https:\/\/secure.gravatar.com\/avatar\/e2835a76ca7c31a2416b2d51c4ec9a8f?s=96&d=mm&r=g","contentUrl":"https:\/\/secure.gravatar.com\/avatar\/e2835a76ca7c31a2416b2d51c4ec9a8f?s=96&d=mm&r=g","caption":"M M"},"sameAs":["http:\/\/MM"],"url":"https:\/\/permbledhja.com\/sq\/author\/muhamet\/"}]}},"_links":{"self":[{"href":"https:\/\/permbledhja.com\/sq\/wp-json\/wp\/v2\/posts\/40688"}],"collection":[{"href":"https:\/\/permbledhja.com\/sq\/wp-json\/wp\/v2\/posts"}],"about":[{"href":"https:\/\/permbledhja.com\/sq\/wp-json\/wp\/v2\/types\/post"}],"author":[{"embeddable":true,"href":"https:\/\/permbledhja.com\/sq\/wp-json\/wp\/v2\/users\/2"}],"replies":[{"embeddable":true,"href":"https:\/\/permbledhja.com\/sq\/wp-json\/wp\/v2\/comments?post=40688"}],"version-history":[{"count":1,"href":"https:\/\/permbledhja.com\/sq\/wp-json\/wp\/v2\/posts\/40688\/revisions"}],"predecessor-version":[{"id":40690,"href":"https:\/\/permbledhja.com\/sq\/wp-json\/wp\/v2\/posts\/40688\/revisions\/40690"}],"wp:featuredmedia":[{"embeddable":true,"href":"https:\/\/permbledhja.com\/sq\/wp-json\/wp\/v2\/media\/40689"}],"wp:attachment":[{"href":"https:\/\/permbledhja.com\/sq\/wp-json\/wp\/v2\/media?parent=40688"}],"wp:term":[{"taxonomy":"category","embeddable":true,"href":"https:\/\/permbledhja.com\/sq\/wp-json\/wp\/v2\/categories?post=40688"},{"taxonomy":"post_tag","embeddable":true,"href":"https:\/\/permbledhja.com\/sq\/wp-json\/wp\/v2\/tags?post=40688"}],"curies":[{"name":"wp","href":"https:\/\/api.w.org\/{rel}","templated":true}]}}