{"id":40377,"date":"2023-12-21T17:42:30","date_gmt":"2023-12-21T17:42:30","guid":{"rendered":"https:\/\/permbledhja.com\/?p=40377"},"modified":"2023-12-21T17:42:30","modified_gmt":"2023-12-21T17:42:30","slug":"dyshohet-se-ka-vrare-edhe-babane-e-tij-policia-ceke-zbulon-identitetin-e-autorit-te-masakres-ne-prage","status":"publish","type":"post","link":"https:\/\/permbledhja.com\/sq\/dyshohet-se-ka-vrare-edhe-babane-e-tij-policia-ceke-zbulon-identitetin-e-autorit-te-masakres-ne-prage\/","title":{"rendered":"Dyshohet se ka vrar\u00eb edhe baban\u00eb e tij, policia \u00e7eke zbulon identitetin e autorit t\u00eb masakr\u00ebs n\u00eb Prag\u00eb"},"content":{"rendered":"<h3>Sulmuesi q\u00eb vrau s\u00eb paku 10 persona sot n\u00eb Prag\u00eb, si\u00e7 raporton portali \u00e7ek Novinky, \u00ebsht\u00eb 24-vje\u00e7ari David Kozak.<\/h3>\n<p>Si\u00e7 raporton ky portal, policia ka nisur k\u00ebrkimet p\u00ebr t\u00eb pasditen e s\u00eb enjtes pasi e lidhi me nj\u00eb rast t\u00eb nj\u00eb vdekje t\u00eb dhunshme n\u00eb Kladno. Ai dyshohet se ka vrar\u00eb baban\u00eb e tij n\u00eb sht\u00ebpin\u00eb e familjes.<\/p>\n<p>M\u00eb pas, si\u00e7 u tha, u b\u00eb e qart\u00eb se i k\u00ebrkuari \u00ebsht\u00eb ai q\u00eb vrau dhjet\u00eb persona dhe plagosi disa dhjet\u00ebra t\u00eb tjer\u00eb n\u00eb Fakultetin Filozofik n\u00eb Prag\u00eb pasdite dhe u vra edhe ai m\u00eb pas.<\/p>\n<p>Sipas informacioneve t\u00eb publikuara nga policia, Kozak ishte i armatosur.<\/p>\n<div>\n<p>Kozak, i cili ishte student n\u00eb Fakultetin Filozofik, m\u00eb pas shkoi n\u00eb kolegj, ku kreu nj\u00eb vrasje masive.<\/p>\n<p>Ende nuk dihet motivi i t\u00eb sht\u00ebnave.<\/p>\n<p>Oficer\u00ebt e policis\u00eb n\u00eb Republik\u00ebn \u00c7eke kan\u00eb njoftuar se jan\u00eb n\u00eb k\u00ebrkim t\u00eb nj\u00eb t\u00eb riu q\u00eb dyshohet se ka lidhje me vdekjen e dhunshme t\u00eb nj\u00eb burri n\u00eb rajon. Ata nuk p\u00ebrjashtojn\u00eb lidhjet me t\u00eb sht\u00ebnat n\u00eb Prag\u00eb.<\/p>\n<p>N\u00eb zon\u00ebn e Kladno, nd\u00ebrhyn\u00eb disa nj\u00ebsi policie, disa prej t\u00eb cilave jan\u00eb t\u00eb pajisura me tyta t\u00eb gjata ose mitraloz\u00eb. Sipas informacioneve t\u00eb portalit Novinky, gjith\u00e7ka tregon se ngjarja lidhet me masakr\u00ebn n\u00eb Fakultetin Filozofik n\u00eb Prag\u00eb.<\/p>\n<p>Sipas portalit, oficer\u00ebt e policis\u00eb mund t\u00eb shihen n\u00eb nj\u00eb nga sht\u00ebpit\u00eb e familjes n\u00eb fshatin Hostou\u0148 n\u00eb Kladno.<\/p>\n<\/div>\n","protected":false},"excerpt":{"rendered":"<p>Sulmuesi q\u00eb vrau s\u00eb paku 10 persona sot n\u00eb Prag\u00eb, si\u00e7 raporton portali \u00e7ek Novinky, \u00ebsht\u00eb 24-vje\u00e7ari David Kozak. Si\u00e7 raporton ky portal, policia ka nisur k\u00ebrkimet p\u00ebr t\u00eb pasditen e s\u00eb enjtes pasi e lidhi me nj\u00eb rast t\u00eb nj\u00eb vdekje t\u00eb dhunshme n\u00eb Kladno. Ai dyshohet se ka vrar\u00eb baban\u00eb e tij n\u00eb [&hellip;]<\/p>\n","protected":false},"author":1,"featured_media":40378,"comment_status":"closed","ping_status":"closed","sticky":false,"template":"","format":"standard","meta":{"_monsterinsights_skip_tracking":false,"_monsterinsights_sitenote_active":false,"_monsterinsights_sitenote_note":"","_monsterinsights_sitenote_category":0,"_uf_show_specific_survey":0,"_uf_disable_surveys":false,"footnotes":""},"categories":[2645],"tags":[2801],"yoast_head":"<!-- This site is optimized with the Yoast SEO plugin v21.5 - https:\/\/yoast.com\/wordpress\/plugins\/seo\/ -->\n<title>Dyshohet se ka vrar\u00eb edhe baban\u00eb e tij, policia \u00e7eke zbulon identitetin e autorit t\u00eb masakr\u00ebs n\u00eb Prag\u00eb<\/title>\n<meta name=\"robots\" content=\"index, follow, max-snippet:-1, max-image-preview:large, max-video-preview:-1\" \/>\n<link rel=\"canonical\" href=\"https:\/\/permbledhja.com\/sq\/dyshohet-se-ka-vrare-edhe-babane-e-tij-policia-ceke-zbulon-identitetin-e-autorit-te-masakres-ne-prage\/\" \/>\n<meta property=\"og:locale\" content=\"sq_AL\" \/>\n<meta property=\"og:type\" content=\"article\" \/>\n<meta property=\"og:title\" content=\"Dyshohet se ka vrar\u00eb edhe baban\u00eb e tij, policia \u00e7eke zbulon identitetin e autorit t\u00eb masakr\u00ebs n\u00eb Prag\u00eb\" \/>\n<meta property=\"og:description\" content=\"Sulmuesi q\u00eb vrau s\u00eb paku 10 persona sot n\u00eb Prag\u00eb, si\u00e7 raporton portali \u00e7ek Novinky, \u00ebsht\u00eb 24-vje\u00e7ari David Kozak. Si\u00e7 raporton ky portal, policia ka nisur k\u00ebrkimet p\u00ebr t\u00eb pasditen e s\u00eb enjtes pasi e lidhi me nj\u00eb rast t\u00eb nj\u00eb vdekje t\u00eb dhunshme n\u00eb Kladno. Ai dyshohet se ka vrar\u00eb baban\u00eb e tij n\u00eb [&hellip;]\" \/>\n<meta property=\"og:url\" content=\"https:\/\/permbledhja.com\/sq\/dyshohet-se-ka-vrare-edhe-babane-e-tij-policia-ceke-zbulon-identitetin-e-autorit-te-masakres-ne-prage\/\" \/>\n<meta property=\"og:site_name\" content=\"Ve\u00e7 artikuj p\u00ebrmbledh\u00ebs\" \/>\n<meta property=\"article:publisher\" content=\"https:\/\/www.facebook.com\/press07\/\" \/>\n<meta property=\"article:author\" content=\"https:\/\/www.facebook.com\/kafexhiu.muharrem\/\" \/>\n<meta property=\"article:published_time\" content=\"2023-12-21T17:42:30+00:00\" \/>\n<meta property=\"og:image\" content=\"https:\/\/permbledhja.com\/wp-content\/uploads\/2023\/12\/957AEBD0-E6EA-4CC2-B1DC-6907BD3F6006.jpeg\" \/>\n\t<meta property=\"og:image:width\" content=\"600\" \/>\n\t<meta property=\"og:image:height\" content=\"360\" \/>\n\t<meta property=\"og:image:type\" content=\"image\/jpeg\" \/>\n<meta name=\"author\" content=\"P\u00ebrmbledhja\" \/>\n<meta name=\"twitter:card\" content=\"summary_large_image\" \/>\n<meta name=\"twitter:label1\" content=\"Written by\" \/>\n\t<meta name=\"twitter:data1\" content=\"P\u00ebrmbledhja\" \/>\n\t<meta name=\"twitter:label2\" content=\"Est. reading time\" \/>\n\t<meta name=\"twitter:data2\" content=\"2 minuta\" \/>\n<script type=\"application\/ld+json\" class=\"yoast-schema-graph\">{\"@context\":\"https:\/\/schema.org\",\"@graph\":[{\"@type\":\"Article\",\"@id\":\"https:\/\/permbledhja.com\/sq\/dyshohet-se-ka-vrare-edhe-babane-e-tij-policia-ceke-zbulon-identitetin-e-autorit-te-masakres-ne-prage\/#article\",\"isPartOf\":{\"@id\":\"https:\/\/permbledhja.com\/sq\/dyshohet-se-ka-vrare-edhe-babane-e-tij-policia-ceke-zbulon-identitetin-e-autorit-te-masakres-ne-prage\/\"},\"author\":{\"name\":\"P\u00ebrmbledhja\",\"@id\":\"https:\/\/permbledhja.com\/#\/schema\/person\/0d064377258d3221e50693947b9eb4fe\"},\"headline\":\"Dyshohet se ka vrar\u00eb edhe baban\u00eb e tij, policia \u00e7eke zbulon identitetin e autorit t\u00eb masakr\u00ebs n\u00eb Prag\u00eb\",\"datePublished\":\"2023-12-21T17:42:30+00:00\",\"dateModified\":\"2023-12-21T17:42:30+00:00\",\"mainEntityOfPage\":{\"@id\":\"https:\/\/permbledhja.com\/sq\/dyshohet-se-ka-vrare-edhe-babane-e-tij-policia-ceke-zbulon-identitetin-e-autorit-te-masakres-ne-prage\/\"},\"wordCount\":263,\"publisher\":{\"@id\":\"https:\/\/permbledhja.com\/#organization\"},\"keywords\":[\"Prag\u00eb\"],\"articleSection\":[\"T\u00eb r\u00ebnd\u00ebsishme\"],\"inLanguage\":\"sq\"},{\"@type\":\"WebPage\",\"@id\":\"https:\/\/permbledhja.com\/sq\/dyshohet-se-ka-vrare-edhe-babane-e-tij-policia-ceke-zbulon-identitetin-e-autorit-te-masakres-ne-prage\/\",\"url\":\"https:\/\/permbledhja.com\/sq\/dyshohet-se-ka-vrare-edhe-babane-e-tij-policia-ceke-zbulon-identitetin-e-autorit-te-masakres-ne-prage\/\",\"name\":\"Dyshohet se ka vrar\u00eb edhe baban\u00eb e tij, policia \u00e7eke zbulon identitetin e autorit t\u00eb masakr\u00ebs n\u00eb Prag\u00eb\",\"isPartOf\":{\"@id\":\"https:\/\/permbledhja.com\/#website\"},\"datePublished\":\"2023-12-21T17:42:30+00:00\",\"dateModified\":\"2023-12-21T17:42:30+00:00\",\"breadcrumb\":{\"@id\":\"https:\/\/permbledhja.com\/sq\/dyshohet-se-ka-vrare-edhe-babane-e-tij-policia-ceke-zbulon-identitetin-e-autorit-te-masakres-ne-prage\/#breadcrumb\"},\"inLanguage\":\"sq\",\"potentialAction\":[{\"@type\":\"ReadAction\",\"target\":[\"https:\/\/permbledhja.com\/sq\/dyshohet-se-ka-vrare-edhe-babane-e-tij-policia-ceke-zbulon-identitetin-e-autorit-te-masakres-ne-prage\/\"]}]},{\"@type\":\"BreadcrumbList\",\"@id\":\"https:\/\/permbledhja.com\/sq\/dyshohet-se-ka-vrare-edhe-babane-e-tij-policia-ceke-zbulon-identitetin-e-autorit-te-masakres-ne-prage\/#breadcrumb\",\"itemListElement\":[{\"@type\":\"ListItem\",\"position\":1,\"name\":\"Ballina\",\"item\":\"https:\/\/permbledhja.com\/sq\/\"},{\"@type\":\"ListItem\",\"position\":2,\"name\":\"Dyshohet se ka vrar\u00eb edhe baban\u00eb e tij, policia \u00e7eke zbulon identitetin e autorit t\u00eb masakr\u00ebs n\u00eb Prag\u00eb\"}]},{\"@type\":\"WebSite\",\"@id\":\"https:\/\/permbledhja.com\/#website\",\"url\":\"https:\/\/permbledhja.com\/\",\"name\":\"Ve\u00e7 artikuj p\u00ebrmbledh\u00ebs\",\"description\":\"\",\"publisher\":{\"@id\":\"https:\/\/permbledhja.com\/#organization\"},\"potentialAction\":[{\"@type\":\"SearchAction\",\"target\":{\"@type\":\"EntryPoint\",\"urlTemplate\":\"https:\/\/permbledhja.com\/?s={search_term_string}\"},\"query-input\":\"required name=search_term_string\"}],\"inLanguage\":\"sq\"},{\"@type\":\"Organization\",\"@id\":\"https:\/\/permbledhja.com\/#organization\",\"name\":\"MK Media & Pr\",\"url\":\"https:\/\/permbledhja.com\/\",\"logo\":{\"@type\":\"ImageObject\",\"inLanguage\":\"sq\",\"@id\":\"https:\/\/permbledhja.com\/#\/schema\/logo\/image\/\",\"url\":\"https:\/\/permbledhja.com\/wp-content\/uploads\/2021\/12\/07-Press-Logo.jpg\",\"contentUrl\":\"https:\/\/permbledhja.com\/wp-content\/uploads\/2021\/12\/07-Press-Logo.jpg\",\"width\":512,\"height\":512,\"caption\":\"MK Media & Pr\"},\"image\":{\"@id\":\"https:\/\/permbledhja.com\/#\/schema\/logo\/image\/\"},\"sameAs\":[\"https:\/\/www.facebook.com\/press07\/\"]},{\"@type\":\"Person\",\"@id\":\"https:\/\/permbledhja.com\/#\/schema\/person\/0d064377258d3221e50693947b9eb4fe\",\"name\":\"P\u00ebrmbledhja\",\"image\":{\"@type\":\"ImageObject\",\"inLanguage\":\"sq\",\"@id\":\"https:\/\/permbledhja.com\/#\/schema\/person\/image\/\",\"url\":\"https:\/\/permbledhja.com\/wp-content\/uploads\/2026\/01\/452004717_1040944174702970_8932037511805513407_n-96x96.jpg\",\"contentUrl\":\"https:\/\/permbledhja.com\/wp-content\/uploads\/2026\/01\/452004717_1040944174702970_8932037511805513407_n-96x96.jpg\",\"caption\":\"P\u00ebrmbledhja\"},\"sameAs\":[\"https:\/\/www.facebook.com\/kafexhiu.muharrem\/\",\"https:\/\/www.instagram.com\/muharrem_kafexhiu\/\"],\"url\":\"https:\/\/permbledhja.com\/sq\/author\/admin\/\"}]}<\/script>\n<!-- \/ Yoast SEO plugin. -->","yoast_head_json":{"title":"Dyshohet se ka vrar\u00eb edhe baban\u00eb e tij, policia \u00e7eke zbulon identitetin e autorit t\u00eb masakr\u00ebs n\u00eb Prag\u00eb","robots":{"index":"index","follow":"follow","max-snippet":"max-snippet:-1","max-image-preview":"max-image-preview:large","max-video-preview":"max-video-preview:-1"},"canonical":"https:\/\/permbledhja.com\/sq\/dyshohet-se-ka-vrare-edhe-babane-e-tij-policia-ceke-zbulon-identitetin-e-autorit-te-masakres-ne-prage\/","og_locale":"sq_AL","og_type":"article","og_title":"Dyshohet se ka vrar\u00eb edhe baban\u00eb e tij, policia \u00e7eke zbulon identitetin e autorit t\u00eb masakr\u00ebs n\u00eb Prag\u00eb","og_description":"Sulmuesi q\u00eb vrau s\u00eb paku 10 persona sot n\u00eb Prag\u00eb, si\u00e7 raporton portali \u00e7ek Novinky, \u00ebsht\u00eb 24-vje\u00e7ari David Kozak. Si\u00e7 raporton ky portal, policia ka nisur k\u00ebrkimet p\u00ebr t\u00eb pasditen e s\u00eb enjtes pasi e lidhi me nj\u00eb rast t\u00eb nj\u00eb vdekje t\u00eb dhunshme n\u00eb Kladno. Ai dyshohet se ka vrar\u00eb baban\u00eb e tij n\u00eb [&hellip;]","og_url":"https:\/\/permbledhja.com\/sq\/dyshohet-se-ka-vrare-edhe-babane-e-tij-policia-ceke-zbulon-identitetin-e-autorit-te-masakres-ne-prage\/","og_site_name":"Ve\u00e7 artikuj p\u00ebrmbledh\u00ebs","article_publisher":"https:\/\/www.facebook.com\/press07\/","article_author":"https:\/\/www.facebook.com\/kafexhiu.muharrem\/","article_published_time":"2023-12-21T17:42:30+00:00","og_image":[{"width":600,"height":360,"url":"https:\/\/permbledhja.com\/wp-content\/uploads\/2023\/12\/957AEBD0-E6EA-4CC2-B1DC-6907BD3F6006.jpeg","type":"image\/jpeg"}],"author":"P\u00ebrmbledhja","twitter_card":"summary_large_image","twitter_misc":{"Written by":"P\u00ebrmbledhja","Est. reading time":"2 minuta"},"schema":{"@context":"https:\/\/schema.org","@graph":[{"@type":"Article","@id":"https:\/\/permbledhja.com\/sq\/dyshohet-se-ka-vrare-edhe-babane-e-tij-policia-ceke-zbulon-identitetin-e-autorit-te-masakres-ne-prage\/#article","isPartOf":{"@id":"https:\/\/permbledhja.com\/sq\/dyshohet-se-ka-vrare-edhe-babane-e-tij-policia-ceke-zbulon-identitetin-e-autorit-te-masakres-ne-prage\/"},"author":{"name":"P\u00ebrmbledhja","@id":"https:\/\/permbledhja.com\/#\/schema\/person\/0d064377258d3221e50693947b9eb4fe"},"headline":"Dyshohet se ka vrar\u00eb edhe baban\u00eb e tij, policia \u00e7eke zbulon identitetin e autorit t\u00eb masakr\u00ebs n\u00eb Prag\u00eb","datePublished":"2023-12-21T17:42:30+00:00","dateModified":"2023-12-21T17:42:30+00:00","mainEntityOfPage":{"@id":"https:\/\/permbledhja.com\/sq\/dyshohet-se-ka-vrare-edhe-babane-e-tij-policia-ceke-zbulon-identitetin-e-autorit-te-masakres-ne-prage\/"},"wordCount":263,"publisher":{"@id":"https:\/\/permbledhja.com\/#organization"},"keywords":["Prag\u00eb"],"articleSection":["T\u00eb r\u00ebnd\u00ebsishme"],"inLanguage":"sq"},{"@type":"WebPage","@id":"https:\/\/permbledhja.com\/sq\/dyshohet-se-ka-vrare-edhe-babane-e-tij-policia-ceke-zbulon-identitetin-e-autorit-te-masakres-ne-prage\/","url":"https:\/\/permbledhja.com\/sq\/dyshohet-se-ka-vrare-edhe-babane-e-tij-policia-ceke-zbulon-identitetin-e-autorit-te-masakres-ne-prage\/","name":"Dyshohet se ka vrar\u00eb edhe baban\u00eb e tij, policia \u00e7eke zbulon identitetin e autorit t\u00eb masakr\u00ebs n\u00eb Prag\u00eb","isPartOf":{"@id":"https:\/\/permbledhja.com\/#website"},"datePublished":"2023-12-21T17:42:30+00:00","dateModified":"2023-12-21T17:42:30+00:00","breadcrumb":{"@id":"https:\/\/permbledhja.com\/sq\/dyshohet-se-ka-vrare-edhe-babane-e-tij-policia-ceke-zbulon-identitetin-e-autorit-te-masakres-ne-prage\/#breadcrumb"},"inLanguage":"sq","potentialAction":[{"@type":"ReadAction","target":["https:\/\/permbledhja.com\/sq\/dyshohet-se-ka-vrare-edhe-babane-e-tij-policia-ceke-zbulon-identitetin-e-autorit-te-masakres-ne-prage\/"]}]},{"@type":"BreadcrumbList","@id":"https:\/\/permbledhja.com\/sq\/dyshohet-se-ka-vrare-edhe-babane-e-tij-policia-ceke-zbulon-identitetin-e-autorit-te-masakres-ne-prage\/#breadcrumb","itemListElement":[{"@type":"ListItem","position":1,"name":"Ballina","item":"https:\/\/permbledhja.com\/sq\/"},{"@type":"ListItem","position":2,"name":"Dyshohet se ka vrar\u00eb edhe baban\u00eb e tij, policia \u00e7eke zbulon identitetin e autorit t\u00eb masakr\u00ebs n\u00eb Prag\u00eb"}]},{"@type":"WebSite","@id":"https:\/\/permbledhja.com\/#website","url":"https:\/\/permbledhja.com\/","name":"Ve\u00e7 artikuj p\u00ebrmbledh\u00ebs","description":"","publisher":{"@id":"https:\/\/permbledhja.com\/#organization"},"potentialAction":[{"@type":"SearchAction","target":{"@type":"EntryPoint","urlTemplate":"https:\/\/permbledhja.com\/?s={search_term_string}"},"query-input":"required name=search_term_string"}],"inLanguage":"sq"},{"@type":"Organization","@id":"https:\/\/permbledhja.com\/#organization","name":"MK Media & Pr","url":"https:\/\/permbledhja.com\/","logo":{"@type":"ImageObject","inLanguage":"sq","@id":"https:\/\/permbledhja.com\/#\/schema\/logo\/image\/","url":"https:\/\/permbledhja.com\/wp-content\/uploads\/2021\/12\/07-Press-Logo.jpg","contentUrl":"https:\/\/permbledhja.com\/wp-content\/uploads\/2021\/12\/07-Press-Logo.jpg","width":512,"height":512,"caption":"MK Media & Pr"},"image":{"@id":"https:\/\/permbledhja.com\/#\/schema\/logo\/image\/"},"sameAs":["https:\/\/www.facebook.com\/press07\/"]},{"@type":"Person","@id":"https:\/\/permbledhja.com\/#\/schema\/person\/0d064377258d3221e50693947b9eb4fe","name":"P\u00ebrmbledhja","image":{"@type":"ImageObject","inLanguage":"sq","@id":"https:\/\/permbledhja.com\/#\/schema\/person\/image\/","url":"https:\/\/permbledhja.com\/wp-content\/uploads\/2026\/01\/452004717_1040944174702970_8932037511805513407_n-96x96.jpg","contentUrl":"https:\/\/permbledhja.com\/wp-content\/uploads\/2026\/01\/452004717_1040944174702970_8932037511805513407_n-96x96.jpg","caption":"P\u00ebrmbledhja"},"sameAs":["https:\/\/www.facebook.com\/kafexhiu.muharrem\/","https:\/\/www.instagram.com\/muharrem_kafexhiu\/"],"url":"https:\/\/permbledhja.com\/sq\/author\/admin\/"}]}},"_links":{"self":[{"href":"https:\/\/permbledhja.com\/sq\/wp-json\/wp\/v2\/posts\/40377"}],"collection":[{"href":"https:\/\/permbledhja.com\/sq\/wp-json\/wp\/v2\/posts"}],"about":[{"href":"https:\/\/permbledhja.com\/sq\/wp-json\/wp\/v2\/types\/post"}],"author":[{"embeddable":true,"href":"https:\/\/permbledhja.com\/sq\/wp-json\/wp\/v2\/users\/1"}],"replies":[{"embeddable":true,"href":"https:\/\/permbledhja.com\/sq\/wp-json\/wp\/v2\/comments?post=40377"}],"version-history":[{"count":1,"href":"https:\/\/permbledhja.com\/sq\/wp-json\/wp\/v2\/posts\/40377\/revisions"}],"predecessor-version":[{"id":40379,"href":"https:\/\/permbledhja.com\/sq\/wp-json\/wp\/v2\/posts\/40377\/revisions\/40379"}],"wp:featuredmedia":[{"embeddable":true,"href":"https:\/\/permbledhja.com\/sq\/wp-json\/wp\/v2\/media\/40378"}],"wp:attachment":[{"href":"https:\/\/permbledhja.com\/sq\/wp-json\/wp\/v2\/media?parent=40377"}],"wp:term":[{"taxonomy":"category","embeddable":true,"href":"https:\/\/permbledhja.com\/sq\/wp-json\/wp\/v2\/categories?post=40377"},{"taxonomy":"post_tag","embeddable":true,"href":"https:\/\/permbledhja.com\/sq\/wp-json\/wp\/v2\/tags?post=40377"}],"curies":[{"name":"wp","href":"https:\/\/api.w.org\/{rel}","templated":true}]}}