{"id":40371,"date":"2023-12-21T16:09:23","date_gmt":"2023-12-21T16:09:23","guid":{"rendered":"https:\/\/permbledhja.com\/?p=40371"},"modified":"2023-12-21T16:09:23","modified_gmt":"2023-12-21T16:09:23","slug":"dhjete-te-vrare-nga-sulmi-ne-prage","status":"publish","type":"post","link":"https:\/\/permbledhja.com\/sq\/dhjete-te-vrare-nga-sulmi-ne-prage\/","title":{"rendered":"Dhjet\u00eb t\u00eb vrar\u00eb nga sulmi n\u00eb Prag\u00eb"},"content":{"rendered":"<h3>Sipas televizionit \u00e7ek, \u201cCT24\u201d 10 persona jan\u00eb vrar\u00eb nga sulmi n\u00eb Prag\u00eb t\u00eb premten pasdite. \u00cbsht\u00eb vrar\u00eb edhe sulmuesi.<\/h3>\n<p>Dhjet\u00ebra t\u00eb tjer\u00eb kan\u00eb mbetur t\u00eb l\u00ebnduar nga sulmi n\u00eb Prag\u00eb.<\/p>\n<p>Policia po ashtu ka th\u00ebn\u00eb se e \u201cka eliminuar\u201d sulmuesin dhe se nd\u00ebrtesa po evakuohet.<\/p>\n<p>\u00cbsht\u00eb raportuar se incidenti ka ndodhur n\u00eb Fakultetin e Arteve t\u00eb Universitetit Charles.<\/p>\n<p>Policia po ashtu ka th\u00ebn\u00eb se e \u201cka eliminuar\u201d sulmuesin dhe se nd\u00ebrtesa po evakuohet.<\/p>\n<p>Ambasada e Kosov\u00ebs n\u00eb Prag\u00eb ka reaguar pas sulmit duke u b\u00ebr\u00eb thirrje qytetar\u00ebve q\u00eb t\u00eb ndjekin udh\u00ebzimet e autoriteteve lokale. Ka v\u00ebn\u00eb edhe numrin n\u00eb dispozicion p\u00ebr \u00e7do k\u00ebrkes\u00eb p\u00ebr ndihm\u00eb konsullore.<\/p>\n<p><strong>Njoftimi i plot\u00eb:<\/strong><\/p>\n<p>Pas raportimeve p\u00ebr nj\u00eb sulm t\u00eb armatosur n\u00eb qend\u00ebr t\u00eb Prag\u00ebs, p\u00ebrkat\u00ebsisht n\u00eb Fakultetin e Filozofis\u00eb, Universitetin e Karlit.<\/p>\n<p>Ambasada e Republik\u00ebs s\u00eb Kosov\u00ebs n\u00eb Prag\u00eb ju b\u00ebn\u00eb thirrje t\u00eb gjith\u00eb qytetar\u00ebve t\u00eb Kosov\u00ebs q\u00eb t\u00eb ndjekin udh\u00ebzimet e autoriteteve lokale.<\/p>\n<p>Ju lutemi kontaktoni Ambasad\u00ebn n\u00eb<\/p>\n<p>+420 257 217 775 p\u00ebr \u00e7do k\u00ebrkes\u00eb p\u00ebr ndihm\u00eb konsullore.<\/p>\n","protected":false},"excerpt":{"rendered":"<p>Sipas televizionit \u00e7ek, \u201cCT24\u201d 10 persona jan\u00eb vrar\u00eb nga sulmi n\u00eb Prag\u00eb t\u00eb premten pasdite. \u00cbsht\u00eb vrar\u00eb edhe sulmuesi. Dhjet\u00ebra t\u00eb tjer\u00eb kan\u00eb mbetur t\u00eb l\u00ebnduar nga sulmi n\u00eb Prag\u00eb. Policia po ashtu ka th\u00ebn\u00eb se e \u201cka eliminuar\u201d sulmuesin dhe se nd\u00ebrtesa po evakuohet. \u00cbsht\u00eb raportuar se incidenti ka ndodhur n\u00eb Fakultetin e Arteve [&hellip;]<\/p>\n","protected":false},"author":1,"featured_media":40372,"comment_status":"closed","ping_status":"closed","sticky":false,"template":"","format":"standard","meta":{"_monsterinsights_skip_tracking":false,"_monsterinsights_sitenote_active":false,"_monsterinsights_sitenote_note":"","_monsterinsights_sitenote_category":0,"_uf_show_specific_survey":0,"_uf_disable_surveys":false,"footnotes":""},"categories":[15],"tags":[2801],"yoast_head":"<!-- This site is optimized with the Yoast SEO plugin v21.5 - https:\/\/yoast.com\/wordpress\/plugins\/seo\/ -->\n<title>Dhjet\u00eb t\u00eb vrar\u00eb nga sulmi n\u00eb Prag\u00eb<\/title>\n<meta name=\"robots\" content=\"index, follow, max-snippet:-1, max-image-preview:large, max-video-preview:-1\" \/>\n<link rel=\"canonical\" href=\"https:\/\/permbledhja.com\/sq\/dhjete-te-vrare-nga-sulmi-ne-prage\/\" \/>\n<meta property=\"og:locale\" content=\"sq_AL\" \/>\n<meta property=\"og:type\" content=\"article\" \/>\n<meta property=\"og:title\" content=\"Dhjet\u00eb t\u00eb vrar\u00eb nga sulmi n\u00eb Prag\u00eb\" \/>\n<meta property=\"og:description\" content=\"Sipas televizionit \u00e7ek, \u201cCT24\u201d 10 persona jan\u00eb vrar\u00eb nga sulmi n\u00eb Prag\u00eb t\u00eb premten pasdite. \u00cbsht\u00eb vrar\u00eb edhe sulmuesi. Dhjet\u00ebra t\u00eb tjer\u00eb kan\u00eb mbetur t\u00eb l\u00ebnduar nga sulmi n\u00eb Prag\u00eb. Policia po ashtu ka th\u00ebn\u00eb se e \u201cka eliminuar\u201d sulmuesin dhe se nd\u00ebrtesa po evakuohet. \u00cbsht\u00eb raportuar se incidenti ka ndodhur n\u00eb Fakultetin e Arteve [&hellip;]\" \/>\n<meta property=\"og:url\" content=\"https:\/\/permbledhja.com\/sq\/dhjete-te-vrare-nga-sulmi-ne-prage\/\" \/>\n<meta property=\"og:site_name\" content=\"Ve\u00e7 artikuj p\u00ebrmbledh\u00ebs\" \/>\n<meta property=\"article:publisher\" content=\"https:\/\/www.facebook.com\/press07\/\" \/>\n<meta property=\"article:author\" content=\"https:\/\/www.facebook.com\/kafexhiu.muharrem\/\" \/>\n<meta property=\"article:published_time\" content=\"2023-12-21T16:09:23+00:00\" \/>\n<meta property=\"og:image\" content=\"https:\/\/permbledhja.com\/wp-content\/uploads\/2023\/12\/538F72BE-11D7-483C-9A37-784B42D8C012.jpeg\" \/>\n\t<meta property=\"og:image:width\" content=\"1137\" \/>\n\t<meta property=\"og:image:height\" content=\"671\" \/>\n\t<meta property=\"og:image:type\" content=\"image\/jpeg\" \/>\n<meta name=\"author\" content=\"P\u00ebrmbledhja\" \/>\n<meta name=\"twitter:card\" content=\"summary_large_image\" \/>\n<meta name=\"twitter:label1\" content=\"Written by\" \/>\n\t<meta name=\"twitter:data1\" content=\"P\u00ebrmbledhja\" \/>\n\t<meta name=\"twitter:label2\" content=\"Est. reading time\" \/>\n\t<meta name=\"twitter:data2\" content=\"1 minut\u00eb\" \/>\n<script type=\"application\/ld+json\" class=\"yoast-schema-graph\">{\"@context\":\"https:\/\/schema.org\",\"@graph\":[{\"@type\":\"Article\",\"@id\":\"https:\/\/permbledhja.com\/sq\/dhjete-te-vrare-nga-sulmi-ne-prage\/#article\",\"isPartOf\":{\"@id\":\"https:\/\/permbledhja.com\/sq\/dhjete-te-vrare-nga-sulmi-ne-prage\/\"},\"author\":{\"name\":\"P\u00ebrmbledhja\",\"@id\":\"https:\/\/permbledhja.com\/#\/schema\/person\/0d064377258d3221e50693947b9eb4fe\"},\"headline\":\"Dhjet\u00eb t\u00eb vrar\u00eb nga sulmi n\u00eb Prag\u00eb\",\"datePublished\":\"2023-12-21T16:09:23+00:00\",\"dateModified\":\"2023-12-21T16:09:23+00:00\",\"mainEntityOfPage\":{\"@id\":\"https:\/\/permbledhja.com\/sq\/dhjete-te-vrare-nga-sulmi-ne-prage\/\"},\"wordCount\":196,\"publisher\":{\"@id\":\"https:\/\/permbledhja.com\/#organization\"},\"keywords\":[\"Prag\u00eb\"],\"articleSection\":[\"Lajme\"],\"inLanguage\":\"sq\"},{\"@type\":\"WebPage\",\"@id\":\"https:\/\/permbledhja.com\/sq\/dhjete-te-vrare-nga-sulmi-ne-prage\/\",\"url\":\"https:\/\/permbledhja.com\/sq\/dhjete-te-vrare-nga-sulmi-ne-prage\/\",\"name\":\"Dhjet\u00eb t\u00eb vrar\u00eb nga sulmi n\u00eb Prag\u00eb\",\"isPartOf\":{\"@id\":\"https:\/\/permbledhja.com\/#website\"},\"datePublished\":\"2023-12-21T16:09:23+00:00\",\"dateModified\":\"2023-12-21T16:09:23+00:00\",\"breadcrumb\":{\"@id\":\"https:\/\/permbledhja.com\/sq\/dhjete-te-vrare-nga-sulmi-ne-prage\/#breadcrumb\"},\"inLanguage\":\"sq\",\"potentialAction\":[{\"@type\":\"ReadAction\",\"target\":[\"https:\/\/permbledhja.com\/sq\/dhjete-te-vrare-nga-sulmi-ne-prage\/\"]}]},{\"@type\":\"BreadcrumbList\",\"@id\":\"https:\/\/permbledhja.com\/sq\/dhjete-te-vrare-nga-sulmi-ne-prage\/#breadcrumb\",\"itemListElement\":[{\"@type\":\"ListItem\",\"position\":1,\"name\":\"Ballina\",\"item\":\"https:\/\/permbledhja.com\/sq\/\"},{\"@type\":\"ListItem\",\"position\":2,\"name\":\"Dhjet\u00eb t\u00eb vrar\u00eb nga sulmi n\u00eb Prag\u00eb\"}]},{\"@type\":\"WebSite\",\"@id\":\"https:\/\/permbledhja.com\/#website\",\"url\":\"https:\/\/permbledhja.com\/\",\"name\":\"Ve\u00e7 artikuj p\u00ebrmbledh\u00ebs\",\"description\":\"\",\"publisher\":{\"@id\":\"https:\/\/permbledhja.com\/#organization\"},\"potentialAction\":[{\"@type\":\"SearchAction\",\"target\":{\"@type\":\"EntryPoint\",\"urlTemplate\":\"https:\/\/permbledhja.com\/?s={search_term_string}\"},\"query-input\":\"required name=search_term_string\"}],\"inLanguage\":\"sq\"},{\"@type\":\"Organization\",\"@id\":\"https:\/\/permbledhja.com\/#organization\",\"name\":\"MK Media & Pr\",\"url\":\"https:\/\/permbledhja.com\/\",\"logo\":{\"@type\":\"ImageObject\",\"inLanguage\":\"sq\",\"@id\":\"https:\/\/permbledhja.com\/#\/schema\/logo\/image\/\",\"url\":\"https:\/\/permbledhja.com\/wp-content\/uploads\/2021\/12\/07-Press-Logo.jpg\",\"contentUrl\":\"https:\/\/permbledhja.com\/wp-content\/uploads\/2021\/12\/07-Press-Logo.jpg\",\"width\":512,\"height\":512,\"caption\":\"MK Media & Pr\"},\"image\":{\"@id\":\"https:\/\/permbledhja.com\/#\/schema\/logo\/image\/\"},\"sameAs\":[\"https:\/\/www.facebook.com\/press07\/\"]},{\"@type\":\"Person\",\"@id\":\"https:\/\/permbledhja.com\/#\/schema\/person\/0d064377258d3221e50693947b9eb4fe\",\"name\":\"P\u00ebrmbledhja\",\"image\":{\"@type\":\"ImageObject\",\"inLanguage\":\"sq\",\"@id\":\"https:\/\/permbledhja.com\/#\/schema\/person\/image\/\",\"url\":\"https:\/\/permbledhja.com\/wp-content\/uploads\/2026\/01\/452004717_1040944174702970_8932037511805513407_n-96x96.jpg\",\"contentUrl\":\"https:\/\/permbledhja.com\/wp-content\/uploads\/2026\/01\/452004717_1040944174702970_8932037511805513407_n-96x96.jpg\",\"caption\":\"P\u00ebrmbledhja\"},\"sameAs\":[\"https:\/\/www.facebook.com\/kafexhiu.muharrem\/\",\"https:\/\/www.instagram.com\/muharrem_kafexhiu\/\"],\"url\":\"https:\/\/permbledhja.com\/sq\/author\/admin\/\"}]}<\/script>\n<!-- \/ Yoast SEO plugin. -->","yoast_head_json":{"title":"Dhjet\u00eb t\u00eb vrar\u00eb nga sulmi n\u00eb Prag\u00eb","robots":{"index":"index","follow":"follow","max-snippet":"max-snippet:-1","max-image-preview":"max-image-preview:large","max-video-preview":"max-video-preview:-1"},"canonical":"https:\/\/permbledhja.com\/sq\/dhjete-te-vrare-nga-sulmi-ne-prage\/","og_locale":"sq_AL","og_type":"article","og_title":"Dhjet\u00eb t\u00eb vrar\u00eb nga sulmi n\u00eb Prag\u00eb","og_description":"Sipas televizionit \u00e7ek, \u201cCT24\u201d 10 persona jan\u00eb vrar\u00eb nga sulmi n\u00eb Prag\u00eb t\u00eb premten pasdite. \u00cbsht\u00eb vrar\u00eb edhe sulmuesi. Dhjet\u00ebra t\u00eb tjer\u00eb kan\u00eb mbetur t\u00eb l\u00ebnduar nga sulmi n\u00eb Prag\u00eb. Policia po ashtu ka th\u00ebn\u00eb se e \u201cka eliminuar\u201d sulmuesin dhe se nd\u00ebrtesa po evakuohet. \u00cbsht\u00eb raportuar se incidenti ka ndodhur n\u00eb Fakultetin e Arteve [&hellip;]","og_url":"https:\/\/permbledhja.com\/sq\/dhjete-te-vrare-nga-sulmi-ne-prage\/","og_site_name":"Ve\u00e7 artikuj p\u00ebrmbledh\u00ebs","article_publisher":"https:\/\/www.facebook.com\/press07\/","article_author":"https:\/\/www.facebook.com\/kafexhiu.muharrem\/","article_published_time":"2023-12-21T16:09:23+00:00","og_image":[{"width":1137,"height":671,"url":"https:\/\/permbledhja.com\/wp-content\/uploads\/2023\/12\/538F72BE-11D7-483C-9A37-784B42D8C012.jpeg","type":"image\/jpeg"}],"author":"P\u00ebrmbledhja","twitter_card":"summary_large_image","twitter_misc":{"Written by":"P\u00ebrmbledhja","Est. reading time":"1 minut\u00eb"},"schema":{"@context":"https:\/\/schema.org","@graph":[{"@type":"Article","@id":"https:\/\/permbledhja.com\/sq\/dhjete-te-vrare-nga-sulmi-ne-prage\/#article","isPartOf":{"@id":"https:\/\/permbledhja.com\/sq\/dhjete-te-vrare-nga-sulmi-ne-prage\/"},"author":{"name":"P\u00ebrmbledhja","@id":"https:\/\/permbledhja.com\/#\/schema\/person\/0d064377258d3221e50693947b9eb4fe"},"headline":"Dhjet\u00eb t\u00eb vrar\u00eb nga sulmi n\u00eb Prag\u00eb","datePublished":"2023-12-21T16:09:23+00:00","dateModified":"2023-12-21T16:09:23+00:00","mainEntityOfPage":{"@id":"https:\/\/permbledhja.com\/sq\/dhjete-te-vrare-nga-sulmi-ne-prage\/"},"wordCount":196,"publisher":{"@id":"https:\/\/permbledhja.com\/#organization"},"keywords":["Prag\u00eb"],"articleSection":["Lajme"],"inLanguage":"sq"},{"@type":"WebPage","@id":"https:\/\/permbledhja.com\/sq\/dhjete-te-vrare-nga-sulmi-ne-prage\/","url":"https:\/\/permbledhja.com\/sq\/dhjete-te-vrare-nga-sulmi-ne-prage\/","name":"Dhjet\u00eb t\u00eb vrar\u00eb nga sulmi n\u00eb Prag\u00eb","isPartOf":{"@id":"https:\/\/permbledhja.com\/#website"},"datePublished":"2023-12-21T16:09:23+00:00","dateModified":"2023-12-21T16:09:23+00:00","breadcrumb":{"@id":"https:\/\/permbledhja.com\/sq\/dhjete-te-vrare-nga-sulmi-ne-prage\/#breadcrumb"},"inLanguage":"sq","potentialAction":[{"@type":"ReadAction","target":["https:\/\/permbledhja.com\/sq\/dhjete-te-vrare-nga-sulmi-ne-prage\/"]}]},{"@type":"BreadcrumbList","@id":"https:\/\/permbledhja.com\/sq\/dhjete-te-vrare-nga-sulmi-ne-prage\/#breadcrumb","itemListElement":[{"@type":"ListItem","position":1,"name":"Ballina","item":"https:\/\/permbledhja.com\/sq\/"},{"@type":"ListItem","position":2,"name":"Dhjet\u00eb t\u00eb vrar\u00eb nga sulmi n\u00eb Prag\u00eb"}]},{"@type":"WebSite","@id":"https:\/\/permbledhja.com\/#website","url":"https:\/\/permbledhja.com\/","name":"Ve\u00e7 artikuj p\u00ebrmbledh\u00ebs","description":"","publisher":{"@id":"https:\/\/permbledhja.com\/#organization"},"potentialAction":[{"@type":"SearchAction","target":{"@type":"EntryPoint","urlTemplate":"https:\/\/permbledhja.com\/?s={search_term_string}"},"query-input":"required name=search_term_string"}],"inLanguage":"sq"},{"@type":"Organization","@id":"https:\/\/permbledhja.com\/#organization","name":"MK Media & Pr","url":"https:\/\/permbledhja.com\/","logo":{"@type":"ImageObject","inLanguage":"sq","@id":"https:\/\/permbledhja.com\/#\/schema\/logo\/image\/","url":"https:\/\/permbledhja.com\/wp-content\/uploads\/2021\/12\/07-Press-Logo.jpg","contentUrl":"https:\/\/permbledhja.com\/wp-content\/uploads\/2021\/12\/07-Press-Logo.jpg","width":512,"height":512,"caption":"MK Media & Pr"},"image":{"@id":"https:\/\/permbledhja.com\/#\/schema\/logo\/image\/"},"sameAs":["https:\/\/www.facebook.com\/press07\/"]},{"@type":"Person","@id":"https:\/\/permbledhja.com\/#\/schema\/person\/0d064377258d3221e50693947b9eb4fe","name":"P\u00ebrmbledhja","image":{"@type":"ImageObject","inLanguage":"sq","@id":"https:\/\/permbledhja.com\/#\/schema\/person\/image\/","url":"https:\/\/permbledhja.com\/wp-content\/uploads\/2026\/01\/452004717_1040944174702970_8932037511805513407_n-96x96.jpg","contentUrl":"https:\/\/permbledhja.com\/wp-content\/uploads\/2026\/01\/452004717_1040944174702970_8932037511805513407_n-96x96.jpg","caption":"P\u00ebrmbledhja"},"sameAs":["https:\/\/www.facebook.com\/kafexhiu.muharrem\/","https:\/\/www.instagram.com\/muharrem_kafexhiu\/"],"url":"https:\/\/permbledhja.com\/sq\/author\/admin\/"}]}},"_links":{"self":[{"href":"https:\/\/permbledhja.com\/sq\/wp-json\/wp\/v2\/posts\/40371"}],"collection":[{"href":"https:\/\/permbledhja.com\/sq\/wp-json\/wp\/v2\/posts"}],"about":[{"href":"https:\/\/permbledhja.com\/sq\/wp-json\/wp\/v2\/types\/post"}],"author":[{"embeddable":true,"href":"https:\/\/permbledhja.com\/sq\/wp-json\/wp\/v2\/users\/1"}],"replies":[{"embeddable":true,"href":"https:\/\/permbledhja.com\/sq\/wp-json\/wp\/v2\/comments?post=40371"}],"version-history":[{"count":1,"href":"https:\/\/permbledhja.com\/sq\/wp-json\/wp\/v2\/posts\/40371\/revisions"}],"predecessor-version":[{"id":40373,"href":"https:\/\/permbledhja.com\/sq\/wp-json\/wp\/v2\/posts\/40371\/revisions\/40373"}],"wp:featuredmedia":[{"embeddable":true,"href":"https:\/\/permbledhja.com\/sq\/wp-json\/wp\/v2\/media\/40372"}],"wp:attachment":[{"href":"https:\/\/permbledhja.com\/sq\/wp-json\/wp\/v2\/media?parent=40371"}],"wp:term":[{"taxonomy":"category","embeddable":true,"href":"https:\/\/permbledhja.com\/sq\/wp-json\/wp\/v2\/categories?post=40371"},{"taxonomy":"post_tag","embeddable":true,"href":"https:\/\/permbledhja.com\/sq\/wp-json\/wp\/v2\/tags?post=40371"}],"curies":[{"name":"wp","href":"https:\/\/api.w.org\/{rel}","templated":true}]}}