{"id":40249,"date":"2023-12-20T13:39:40","date_gmt":"2023-12-20T13:39:40","guid":{"rendered":"https:\/\/permbledhja.com\/?p=40249"},"modified":"2023-12-20T13:39:40","modified_gmt":"2023-12-20T13:39:40","slug":"mercenar-i-paguar-nga-krimineli-vuciq-politikani-serb-mbron-kurtin-kapet-keq-me-grenellin","status":"publish","type":"post","link":"https:\/\/permbledhja.com\/sq\/mercenar-i-paguar-nga-krimineli-vuciq-politikani-serb-mbron-kurtin-kapet-keq-me-grenellin\/","title":{"rendered":"\u201cMercenar i paguar nga krimineli Vu\u00e7iq\u201d \u2013 Politikani serb mbron Kurtin, kapet keq me Grenellin"},"content":{"rendered":"<h3>Politikani serb, nj\u00ebherit kryetar i Partis\u00eb Republikane, Nikola Sandulovic i ka dal\u00eb n\u00eb mbrojtje kryeministrit Kurti pas komenteve t\u00eb r\u00ebnda q\u00eb shkuan n\u00eb drejtim t\u00eb tij nga ish-emisari i Amerik\u00ebs p\u00ebr dialogun, Richard Grenell.<\/h3>\n<p>Ky i fundit, dje tha se gjerman\u00ebt n\u00eb p\u00ebrgjith\u00ebsi jan\u00eb n\u00eb an\u00ebn e gabuar t\u00eb historis\u00eb, pasi q\u00eb ata po e mb\u00ebshtesin Kurtin, t\u00eb cilin ai nuk hezitoi ta quaj fashist, shkruan lajmi.net.<\/p>\n<div class=\"code-block code-block-10\"><\/div>\n<p>Sanduloviq ka reaguar ashp\u00ebr ndaj k\u00ebtij postimi, duke th\u00ebn\u00eb se Grenell \u00ebsht\u00eb mercenar i paguar dhe \u00ebsht\u00eb bler\u00eb nga presidenti serb, Aleksander Vu\u00e7iq.<\/p>\n<p>\u201cJu jeni Richard Grenell nj\u00eb mercenar q\u00eb \u00ebsht\u00eb n\u00eb an\u00ebn e gabuar t\u00eb historis\u00eb dhe vendit tuaj! Ju bleu krimineli i luft\u00ebs Aleksandar Vu\u00e7iq q\u00eb la pas mij\u00ebra viktima t\u00eb pafajshme t\u00eb komb\u00ebsis\u00eb shqiptare, kroate dhe boshnjake\u201d, shkroi Sanduloviq.<\/p>\n<p>Ky koment i Sanduloviqit nervozoi Grenellin q\u00eb i reagoi duke i th\u00ebn\u00eb se do t\u2019i duhet avokat p\u00ebr k\u00ebt\u00eb q\u00eb tha.<\/p>\n<p>Por Sanduloviq nuk u ndal me kaq.<\/p>\n<p>\u201cOoops! Te godita ne qender zemra ime?! Mezi pres takimin ton\u00eb n\u00eb gjykat\u00eb ku do t\u00eb paraqes gjith\u00e7ka q\u00eb b\u00ebni p\u00ebr shefin tuaj Aleksandar Vu\u00e7iq! Vet\u00ebm sigurohuni q\u00eb FBI t\u00eb mos ju arrestoj\u00eb m\u00eb pare\u201d, ia ktheu politikani serb.<\/p>\n<p><a href=\"https:\/\/lajmi.net\/mercenenar-i-paguar-nga-krimineli-vuciq-politikani-serb-mbron-kurtin-sulmon-keq-grenellin\/kto-3\/\" rel=\"attachment wp-att-103155110\"><img loading=\"lazy\" decoding=\"async\" class=\"alignnone size-full wp-image-103155110\" src=\"https:\/\/lajmi.net\/wp-content\/uploads\/2023\/12\/kto.png\" sizes=\"(max-width: 635px) 100vw, 635px\" srcset=\"https:\/\/lajmi.net\/wp-content\/uploads\/2023\/12\/kto.png 635w, https:\/\/lajmi.net\/wp-content\/uploads\/2023\/12\/kto-143x150.png 143w\" alt=\"\" width=\"635\" height=\"667\" \/><\/a><\/p>\n","protected":false},"excerpt":{"rendered":"<p>Politikani serb, nj\u00ebherit kryetar i Partis\u00eb Republikane, Nikola Sandulovic i ka dal\u00eb n\u00eb mbrojtje kryeministrit Kurti pas komenteve t\u00eb r\u00ebnda q\u00eb shkuan n\u00eb drejtim t\u00eb tij nga ish-emisari i Amerik\u00ebs p\u00ebr dialogun, Richard Grenell. Ky i fundit, dje tha se gjerman\u00ebt n\u00eb p\u00ebrgjith\u00ebsi jan\u00eb n\u00eb an\u00ebn e gabuar t\u00eb historis\u00eb, pasi q\u00eb ata po e [&hellip;]<\/p>\n","protected":false},"author":2,"featured_media":40250,"comment_status":"closed","ping_status":"closed","sticky":false,"template":"","format":"standard","meta":{"_monsterinsights_skip_tracking":false,"_monsterinsights_sitenote_active":false,"_monsterinsights_sitenote_note":"","_monsterinsights_sitenote_category":0,"_uf_show_specific_survey":0,"_uf_disable_surveys":false,"footnotes":""},"categories":[2645],"tags":[2447],"yoast_head":"<!-- This site is optimized with the Yoast SEO plugin v21.5 - https:\/\/yoast.com\/wordpress\/plugins\/seo\/ -->\n<title>\u201cMercenar i paguar nga krimineli Vu\u00e7iq\u201d \u2013 Politikani serb mbron Kurtin, kapet keq me Grenellin<\/title>\n<meta name=\"robots\" content=\"index, follow, max-snippet:-1, max-image-preview:large, max-video-preview:-1\" \/>\n<link rel=\"canonical\" href=\"https:\/\/permbledhja.com\/sq\/mercenar-i-paguar-nga-krimineli-vuciq-politikani-serb-mbron-kurtin-kapet-keq-me-grenellin\/\" \/>\n<meta property=\"og:locale\" content=\"sq_AL\" \/>\n<meta property=\"og:type\" content=\"article\" \/>\n<meta property=\"og:title\" content=\"\u201cMercenar i paguar nga krimineli Vu\u00e7iq\u201d \u2013 Politikani serb mbron Kurtin, kapet keq me Grenellin\" \/>\n<meta property=\"og:description\" content=\"Politikani serb, nj\u00ebherit kryetar i Partis\u00eb Republikane, Nikola Sandulovic i ka dal\u00eb n\u00eb mbrojtje kryeministrit Kurti pas komenteve t\u00eb r\u00ebnda q\u00eb shkuan n\u00eb drejtim t\u00eb tij nga ish-emisari i Amerik\u00ebs p\u00ebr dialogun, Richard Grenell. Ky i fundit, dje tha se gjerman\u00ebt n\u00eb p\u00ebrgjith\u00ebsi jan\u00eb n\u00eb an\u00ebn e gabuar t\u00eb historis\u00eb, pasi q\u00eb ata po e [&hellip;]\" \/>\n<meta property=\"og:url\" content=\"https:\/\/permbledhja.com\/sq\/mercenar-i-paguar-nga-krimineli-vuciq-politikani-serb-mbron-kurtin-kapet-keq-me-grenellin\/\" \/>\n<meta property=\"og:site_name\" content=\"Ve\u00e7 artikuj p\u00ebrmbledh\u00ebs\" \/>\n<meta property=\"article:publisher\" content=\"https:\/\/www.facebook.com\/press07\/\" \/>\n<meta property=\"article:published_time\" content=\"2023-12-20T13:39:40+00:00\" \/>\n<meta property=\"og:image\" content=\"https:\/\/permbledhja.com\/wp-content\/uploads\/2023\/12\/BeFunky-collage-68-scaled-1.jpg\" \/>\n\t<meta property=\"og:image:width\" content=\"2560\" \/>\n\t<meta property=\"og:image:height\" content=\"1587\" \/>\n\t<meta property=\"og:image:type\" content=\"image\/jpeg\" \/>\n<meta name=\"author\" content=\"M M\" \/>\n<meta name=\"twitter:card\" content=\"summary_large_image\" \/>\n<meta name=\"twitter:label1\" content=\"Written by\" \/>\n\t<meta name=\"twitter:data1\" content=\"M M\" \/>\n\t<meta name=\"twitter:label2\" content=\"Est. reading time\" \/>\n\t<meta name=\"twitter:data2\" content=\"2 minuta\" \/>\n<script type=\"application\/ld+json\" class=\"yoast-schema-graph\">{\"@context\":\"https:\/\/schema.org\",\"@graph\":[{\"@type\":\"Article\",\"@id\":\"https:\/\/permbledhja.com\/mercenar-i-paguar-nga-krimineli-vuciq-politikani-serb-mbron-kurtin-kapet-keq-me-grenellin\/#article\",\"isPartOf\":{\"@id\":\"https:\/\/permbledhja.com\/mercenar-i-paguar-nga-krimineli-vuciq-politikani-serb-mbron-kurtin-kapet-keq-me-grenellin\/\"},\"author\":{\"name\":\"M M\",\"@id\":\"https:\/\/permbledhja.com\/#\/schema\/person\/d23f13f59b5722643933d6780783acf3\"},\"headline\":\"\u201cMercenar i paguar nga krimineli Vu\u00e7iq\u201d \u2013 Politikani serb mbron Kurtin, kapet keq me Grenellin\",\"datePublished\":\"2023-12-20T13:39:40+00:00\",\"dateModified\":\"2023-12-20T13:39:40+00:00\",\"mainEntityOfPage\":{\"@id\":\"https:\/\/permbledhja.com\/mercenar-i-paguar-nga-krimineli-vuciq-politikani-serb-mbron-kurtin-kapet-keq-me-grenellin\/\"},\"wordCount\":239,\"publisher\":{\"@id\":\"https:\/\/permbledhja.com\/#organization\"},\"keywords\":[\"Politikani\"],\"articleSection\":[\"T\u00eb r\u00ebnd\u00ebsishme\"],\"inLanguage\":\"sq\"},{\"@type\":\"WebPage\",\"@id\":\"https:\/\/permbledhja.com\/mercenar-i-paguar-nga-krimineli-vuciq-politikani-serb-mbron-kurtin-kapet-keq-me-grenellin\/\",\"url\":\"https:\/\/permbledhja.com\/mercenar-i-paguar-nga-krimineli-vuciq-politikani-serb-mbron-kurtin-kapet-keq-me-grenellin\/\",\"name\":\"\u201cMercenar i paguar nga krimineli Vu\u00e7iq\u201d \u2013 Politikani serb mbron Kurtin, kapet keq me Grenellin\",\"isPartOf\":{\"@id\":\"https:\/\/permbledhja.com\/#website\"},\"datePublished\":\"2023-12-20T13:39:40+00:00\",\"dateModified\":\"2023-12-20T13:39:40+00:00\",\"breadcrumb\":{\"@id\":\"https:\/\/permbledhja.com\/mercenar-i-paguar-nga-krimineli-vuciq-politikani-serb-mbron-kurtin-kapet-keq-me-grenellin\/#breadcrumb\"},\"inLanguage\":\"sq\",\"potentialAction\":[{\"@type\":\"ReadAction\",\"target\":[\"https:\/\/permbledhja.com\/mercenar-i-paguar-nga-krimineli-vuciq-politikani-serb-mbron-kurtin-kapet-keq-me-grenellin\/\"]}]},{\"@type\":\"BreadcrumbList\",\"@id\":\"https:\/\/permbledhja.com\/mercenar-i-paguar-nga-krimineli-vuciq-politikani-serb-mbron-kurtin-kapet-keq-me-grenellin\/#breadcrumb\",\"itemListElement\":[{\"@type\":\"ListItem\",\"position\":1,\"name\":\"Ballina\",\"item\":\"https:\/\/permbledhja.com\/sq\/\"},{\"@type\":\"ListItem\",\"position\":2,\"name\":\"\u201cMercenar i paguar nga krimineli Vu\u00e7iq\u201d \u2013 Politikani serb mbron Kurtin, kapet keq me Grenellin\"}]},{\"@type\":\"WebSite\",\"@id\":\"https:\/\/permbledhja.com\/#website\",\"url\":\"https:\/\/permbledhja.com\/\",\"name\":\"Ve\u00e7 artikuj p\u00ebrmbledh\u00ebs\",\"description\":\"\",\"publisher\":{\"@id\":\"https:\/\/permbledhja.com\/#organization\"},\"potentialAction\":[{\"@type\":\"SearchAction\",\"target\":{\"@type\":\"EntryPoint\",\"urlTemplate\":\"https:\/\/permbledhja.com\/?s={search_term_string}\"},\"query-input\":\"required name=search_term_string\"}],\"inLanguage\":\"sq\"},{\"@type\":\"Organization\",\"@id\":\"https:\/\/permbledhja.com\/#organization\",\"name\":\"MK Media & Pr\",\"url\":\"https:\/\/permbledhja.com\/\",\"logo\":{\"@type\":\"ImageObject\",\"inLanguage\":\"sq\",\"@id\":\"https:\/\/permbledhja.com\/#\/schema\/logo\/image\/\",\"url\":\"https:\/\/permbledhja.com\/wp-content\/uploads\/2021\/12\/07-Press-Logo.jpg\",\"contentUrl\":\"https:\/\/permbledhja.com\/wp-content\/uploads\/2021\/12\/07-Press-Logo.jpg\",\"width\":512,\"height\":512,\"caption\":\"MK Media & Pr\"},\"image\":{\"@id\":\"https:\/\/permbledhja.com\/#\/schema\/logo\/image\/\"},\"sameAs\":[\"https:\/\/www.facebook.com\/press07\/\"]},{\"@type\":\"Person\",\"@id\":\"https:\/\/permbledhja.com\/#\/schema\/person\/d23f13f59b5722643933d6780783acf3\",\"name\":\"M M\",\"image\":{\"@type\":\"ImageObject\",\"inLanguage\":\"sq\",\"@id\":\"https:\/\/permbledhja.com\/#\/schema\/person\/image\/\",\"url\":\"https:\/\/secure.gravatar.com\/avatar\/e2835a76ca7c31a2416b2d51c4ec9a8f?s=96&d=mm&r=g\",\"contentUrl\":\"https:\/\/secure.gravatar.com\/avatar\/e2835a76ca7c31a2416b2d51c4ec9a8f?s=96&d=mm&r=g\",\"caption\":\"M M\"},\"sameAs\":[\"http:\/\/MM\"],\"url\":\"https:\/\/permbledhja.com\/sq\/author\/muhamet\/\"}]}<\/script>\n<!-- \/ Yoast SEO plugin. -->","yoast_head_json":{"title":"\u201cMercenar i paguar nga krimineli Vu\u00e7iq\u201d \u2013 Politikani serb mbron Kurtin, kapet keq me Grenellin","robots":{"index":"index","follow":"follow","max-snippet":"max-snippet:-1","max-image-preview":"max-image-preview:large","max-video-preview":"max-video-preview:-1"},"canonical":"https:\/\/permbledhja.com\/sq\/mercenar-i-paguar-nga-krimineli-vuciq-politikani-serb-mbron-kurtin-kapet-keq-me-grenellin\/","og_locale":"sq_AL","og_type":"article","og_title":"\u201cMercenar i paguar nga krimineli Vu\u00e7iq\u201d \u2013 Politikani serb mbron Kurtin, kapet keq me Grenellin","og_description":"Politikani serb, nj\u00ebherit kryetar i Partis\u00eb Republikane, Nikola Sandulovic i ka dal\u00eb n\u00eb mbrojtje kryeministrit Kurti pas komenteve t\u00eb r\u00ebnda q\u00eb shkuan n\u00eb drejtim t\u00eb tij nga ish-emisari i Amerik\u00ebs p\u00ebr dialogun, Richard Grenell. Ky i fundit, dje tha se gjerman\u00ebt n\u00eb p\u00ebrgjith\u00ebsi jan\u00eb n\u00eb an\u00ebn e gabuar t\u00eb historis\u00eb, pasi q\u00eb ata po e [&hellip;]","og_url":"https:\/\/permbledhja.com\/sq\/mercenar-i-paguar-nga-krimineli-vuciq-politikani-serb-mbron-kurtin-kapet-keq-me-grenellin\/","og_site_name":"Ve\u00e7 artikuj p\u00ebrmbledh\u00ebs","article_publisher":"https:\/\/www.facebook.com\/press07\/","article_published_time":"2023-12-20T13:39:40+00:00","og_image":[{"width":2560,"height":1587,"url":"https:\/\/permbledhja.com\/wp-content\/uploads\/2023\/12\/BeFunky-collage-68-scaled-1.jpg","type":"image\/jpeg"}],"author":"M M","twitter_card":"summary_large_image","twitter_misc":{"Written by":"M M","Est. reading time":"2 minuta"},"schema":{"@context":"https:\/\/schema.org","@graph":[{"@type":"Article","@id":"https:\/\/permbledhja.com\/mercenar-i-paguar-nga-krimineli-vuciq-politikani-serb-mbron-kurtin-kapet-keq-me-grenellin\/#article","isPartOf":{"@id":"https:\/\/permbledhja.com\/mercenar-i-paguar-nga-krimineli-vuciq-politikani-serb-mbron-kurtin-kapet-keq-me-grenellin\/"},"author":{"name":"M M","@id":"https:\/\/permbledhja.com\/#\/schema\/person\/d23f13f59b5722643933d6780783acf3"},"headline":"\u201cMercenar i paguar nga krimineli Vu\u00e7iq\u201d \u2013 Politikani serb mbron Kurtin, kapet keq me Grenellin","datePublished":"2023-12-20T13:39:40+00:00","dateModified":"2023-12-20T13:39:40+00:00","mainEntityOfPage":{"@id":"https:\/\/permbledhja.com\/mercenar-i-paguar-nga-krimineli-vuciq-politikani-serb-mbron-kurtin-kapet-keq-me-grenellin\/"},"wordCount":239,"publisher":{"@id":"https:\/\/permbledhja.com\/#organization"},"keywords":["Politikani"],"articleSection":["T\u00eb r\u00ebnd\u00ebsishme"],"inLanguage":"sq"},{"@type":"WebPage","@id":"https:\/\/permbledhja.com\/mercenar-i-paguar-nga-krimineli-vuciq-politikani-serb-mbron-kurtin-kapet-keq-me-grenellin\/","url":"https:\/\/permbledhja.com\/mercenar-i-paguar-nga-krimineli-vuciq-politikani-serb-mbron-kurtin-kapet-keq-me-grenellin\/","name":"\u201cMercenar i paguar nga krimineli Vu\u00e7iq\u201d \u2013 Politikani serb mbron Kurtin, kapet keq me Grenellin","isPartOf":{"@id":"https:\/\/permbledhja.com\/#website"},"datePublished":"2023-12-20T13:39:40+00:00","dateModified":"2023-12-20T13:39:40+00:00","breadcrumb":{"@id":"https:\/\/permbledhja.com\/mercenar-i-paguar-nga-krimineli-vuciq-politikani-serb-mbron-kurtin-kapet-keq-me-grenellin\/#breadcrumb"},"inLanguage":"sq","potentialAction":[{"@type":"ReadAction","target":["https:\/\/permbledhja.com\/mercenar-i-paguar-nga-krimineli-vuciq-politikani-serb-mbron-kurtin-kapet-keq-me-grenellin\/"]}]},{"@type":"BreadcrumbList","@id":"https:\/\/permbledhja.com\/mercenar-i-paguar-nga-krimineli-vuciq-politikani-serb-mbron-kurtin-kapet-keq-me-grenellin\/#breadcrumb","itemListElement":[{"@type":"ListItem","position":1,"name":"Ballina","item":"https:\/\/permbledhja.com\/sq\/"},{"@type":"ListItem","position":2,"name":"\u201cMercenar i paguar nga krimineli Vu\u00e7iq\u201d \u2013 Politikani serb mbron Kurtin, kapet keq me Grenellin"}]},{"@type":"WebSite","@id":"https:\/\/permbledhja.com\/#website","url":"https:\/\/permbledhja.com\/","name":"Ve\u00e7 artikuj p\u00ebrmbledh\u00ebs","description":"","publisher":{"@id":"https:\/\/permbledhja.com\/#organization"},"potentialAction":[{"@type":"SearchAction","target":{"@type":"EntryPoint","urlTemplate":"https:\/\/permbledhja.com\/?s={search_term_string}"},"query-input":"required name=search_term_string"}],"inLanguage":"sq"},{"@type":"Organization","@id":"https:\/\/permbledhja.com\/#organization","name":"MK Media & Pr","url":"https:\/\/permbledhja.com\/","logo":{"@type":"ImageObject","inLanguage":"sq","@id":"https:\/\/permbledhja.com\/#\/schema\/logo\/image\/","url":"https:\/\/permbledhja.com\/wp-content\/uploads\/2021\/12\/07-Press-Logo.jpg","contentUrl":"https:\/\/permbledhja.com\/wp-content\/uploads\/2021\/12\/07-Press-Logo.jpg","width":512,"height":512,"caption":"MK Media & Pr"},"image":{"@id":"https:\/\/permbledhja.com\/#\/schema\/logo\/image\/"},"sameAs":["https:\/\/www.facebook.com\/press07\/"]},{"@type":"Person","@id":"https:\/\/permbledhja.com\/#\/schema\/person\/d23f13f59b5722643933d6780783acf3","name":"M M","image":{"@type":"ImageObject","inLanguage":"sq","@id":"https:\/\/permbledhja.com\/#\/schema\/person\/image\/","url":"https:\/\/secure.gravatar.com\/avatar\/e2835a76ca7c31a2416b2d51c4ec9a8f?s=96&d=mm&r=g","contentUrl":"https:\/\/secure.gravatar.com\/avatar\/e2835a76ca7c31a2416b2d51c4ec9a8f?s=96&d=mm&r=g","caption":"M M"},"sameAs":["http:\/\/MM"],"url":"https:\/\/permbledhja.com\/sq\/author\/muhamet\/"}]}},"_links":{"self":[{"href":"https:\/\/permbledhja.com\/sq\/wp-json\/wp\/v2\/posts\/40249"}],"collection":[{"href":"https:\/\/permbledhja.com\/sq\/wp-json\/wp\/v2\/posts"}],"about":[{"href":"https:\/\/permbledhja.com\/sq\/wp-json\/wp\/v2\/types\/post"}],"author":[{"embeddable":true,"href":"https:\/\/permbledhja.com\/sq\/wp-json\/wp\/v2\/users\/2"}],"replies":[{"embeddable":true,"href":"https:\/\/permbledhja.com\/sq\/wp-json\/wp\/v2\/comments?post=40249"}],"version-history":[{"count":1,"href":"https:\/\/permbledhja.com\/sq\/wp-json\/wp\/v2\/posts\/40249\/revisions"}],"predecessor-version":[{"id":40251,"href":"https:\/\/permbledhja.com\/sq\/wp-json\/wp\/v2\/posts\/40249\/revisions\/40251"}],"wp:featuredmedia":[{"embeddable":true,"href":"https:\/\/permbledhja.com\/sq\/wp-json\/wp\/v2\/media\/40250"}],"wp:attachment":[{"href":"https:\/\/permbledhja.com\/sq\/wp-json\/wp\/v2\/media?parent=40249"}],"wp:term":[{"taxonomy":"category","embeddable":true,"href":"https:\/\/permbledhja.com\/sq\/wp-json\/wp\/v2\/categories?post=40249"},{"taxonomy":"post_tag","embeddable":true,"href":"https:\/\/permbledhja.com\/sq\/wp-json\/wp\/v2\/tags?post=40249"}],"curies":[{"name":"wp","href":"https:\/\/api.w.org\/{rel}","templated":true}]}}