{"id":40088,"date":"2023-12-19T10:25:31","date_gmt":"2023-12-19T10:25:31","guid":{"rendered":"https:\/\/permbledhja.com\/?p=40088"},"modified":"2023-12-19T10:25:31","modified_gmt":"2023-12-19T10:25:31","slug":"kushte-me-te-mira-te-punes-protestohet-para-komunes-se-prishtines-nga-zyrtaret-e-pese-institucioneve","status":"publish","type":"post","link":"https:\/\/permbledhja.com\/sq\/kushte-me-te-mira-te-punes-protestohet-para-komunes-se-prishtines-nga-zyrtaret-e-pese-institucioneve\/","title":{"rendered":"\u201cKushte m\u00eb t\u00eb mira t\u00eb pun\u00ebs\u201d, protestohet para Komun\u00ebs s\u00eb Prishtin\u00ebs nga zyrtar\u00ebt e pes\u00eb institucioneve"},"content":{"rendered":"<h3>Dhjet\u00ebra zyrtar\u00eb t\u00eb pes\u00eb institucioneve n\u00eb Prishtin\u00eb kan\u00eb protestuar para komun\u00ebs, duke k\u00ebrkuar kushte m\u00eb t\u00eb mira t\u00eb pun\u00ebs.<\/h3>\n<p>Zyrtar\u00eb t\u00eb Teatrit \u201cDodona\u201d, Arkivit t\u00eb Komun\u00ebs s\u00eb Prishtin\u00ebs, Bibliotek\u00ebs \u201cHivzi Sylejmani\u201d, Qendr\u00ebs Kulturore p\u00ebr Rini dhe Zjarrfik\u00ebsit, kan\u00eb protestuar para objektit t\u00eb Komun\u00ebs s\u00eb Prishtin\u00ebs.<\/p>\n<p>Ata kan\u00eb k\u00ebrkuar kushte m\u00eb t\u00eb mira n\u00eb pun\u00eb dhe ndalimin e ndikimit nga personat p\u00ebrgjegj\u00ebs.<\/p>\n<p>Nj\u00ebra prej k\u00ebrkesave, t\u00eb protestueseve \u00ebsht\u00eb q\u00eb t\u00eb hartohet nj\u00eb rregullore p\u00ebr sistematizimin e vendeve t\u00eb pun\u00ebs.<\/p>\n","protected":false},"excerpt":{"rendered":"<p>Dhjet\u00ebra zyrtar\u00eb t\u00eb pes\u00eb institucioneve n\u00eb Prishtin\u00eb kan\u00eb protestuar para komun\u00ebs, duke k\u00ebrkuar kushte m\u00eb t\u00eb mira t\u00eb pun\u00ebs. Zyrtar\u00eb t\u00eb Teatrit \u201cDodona\u201d, Arkivit t\u00eb Komun\u00ebs s\u00eb Prishtin\u00ebs, Bibliotek\u00ebs \u201cHivzi Sylejmani\u201d, Qendr\u00ebs Kulturore p\u00ebr Rini dhe Zjarrfik\u00ebsit, kan\u00eb protestuar para objektit t\u00eb Komun\u00ebs s\u00eb Prishtin\u00ebs. Ata kan\u00eb k\u00ebrkuar kushte m\u00eb t\u00eb mira n\u00eb pun\u00eb dhe [&hellip;]<\/p>\n","protected":false},"author":2,"featured_media":40089,"comment_status":"closed","ping_status":"closed","sticky":false,"template":"","format":"standard","meta":{"_monsterinsights_skip_tracking":false,"_monsterinsights_sitenote_active":false,"_monsterinsights_sitenote_note":"","_monsterinsights_sitenote_category":0,"_uf_show_specific_survey":0,"_uf_disable_surveys":false,"footnotes":""},"categories":[15],"tags":[1374],"yoast_head":"<!-- This site is optimized with the Yoast SEO plugin v21.5 - https:\/\/yoast.com\/wordpress\/plugins\/seo\/ -->\n<title>\u201cKushte m\u00eb t\u00eb mira t\u00eb pun\u00ebs\u201d, protestohet para Komun\u00ebs s\u00eb Prishtin\u00ebs nga zyrtar\u00ebt e pes\u00eb institucioneve<\/title>\n<meta name=\"robots\" content=\"index, follow, max-snippet:-1, max-image-preview:large, max-video-preview:-1\" \/>\n<link rel=\"canonical\" href=\"https:\/\/permbledhja.com\/sq\/kushte-me-te-mira-te-punes-protestohet-para-komunes-se-prishtines-nga-zyrtaret-e-pese-institucioneve\/\" \/>\n<meta property=\"og:locale\" content=\"sq_AL\" \/>\n<meta property=\"og:type\" content=\"article\" \/>\n<meta property=\"og:title\" content=\"\u201cKushte m\u00eb t\u00eb mira t\u00eb pun\u00ebs\u201d, protestohet para Komun\u00ebs s\u00eb Prishtin\u00ebs nga zyrtar\u00ebt e pes\u00eb institucioneve\" \/>\n<meta property=\"og:description\" content=\"Dhjet\u00ebra zyrtar\u00eb t\u00eb pes\u00eb institucioneve n\u00eb Prishtin\u00eb kan\u00eb protestuar para komun\u00ebs, duke k\u00ebrkuar kushte m\u00eb t\u00eb mira t\u00eb pun\u00ebs. Zyrtar\u00eb t\u00eb Teatrit \u201cDodona\u201d, Arkivit t\u00eb Komun\u00ebs s\u00eb Prishtin\u00ebs, Bibliotek\u00ebs \u201cHivzi Sylejmani\u201d, Qendr\u00ebs Kulturore p\u00ebr Rini dhe Zjarrfik\u00ebsit, kan\u00eb protestuar para objektit t\u00eb Komun\u00ebs s\u00eb Prishtin\u00ebs. Ata kan\u00eb k\u00ebrkuar kushte m\u00eb t\u00eb mira n\u00eb pun\u00eb dhe [&hellip;]\" \/>\n<meta property=\"og:url\" content=\"https:\/\/permbledhja.com\/sq\/kushte-me-te-mira-te-punes-protestohet-para-komunes-se-prishtines-nga-zyrtaret-e-pese-institucioneve\/\" \/>\n<meta property=\"og:site_name\" content=\"Ve\u00e7 artikuj p\u00ebrmbledh\u00ebs\" \/>\n<meta property=\"article:publisher\" content=\"https:\/\/www.facebook.com\/press07\/\" \/>\n<meta property=\"article:published_time\" content=\"2023-12-19T10:25:31+00:00\" \/>\n<meta property=\"og:image\" content=\"https:\/\/permbledhja.com\/wp-content\/uploads\/2023\/12\/protesta-Insajderi.jpg\" \/>\n\t<meta property=\"og:image:width\" content=\"2048\" \/>\n\t<meta property=\"og:image:height\" content=\"1536\" \/>\n\t<meta property=\"og:image:type\" content=\"image\/jpeg\" \/>\n<meta name=\"author\" content=\"M M\" \/>\n<meta name=\"twitter:card\" content=\"summary_large_image\" \/>\n<meta name=\"twitter:label1\" content=\"Written by\" \/>\n\t<meta name=\"twitter:data1\" content=\"M M\" \/>\n\t<meta name=\"twitter:label2\" content=\"Est. reading time\" \/>\n\t<meta name=\"twitter:data2\" content=\"1 minut\u00eb\" \/>\n<script type=\"application\/ld+json\" class=\"yoast-schema-graph\">{\"@context\":\"https:\/\/schema.org\",\"@graph\":[{\"@type\":\"Article\",\"@id\":\"https:\/\/permbledhja.com\/sq\/kushte-me-te-mira-te-punes-protestohet-para-komunes-se-prishtines-nga-zyrtaret-e-pese-institucioneve\/#article\",\"isPartOf\":{\"@id\":\"https:\/\/permbledhja.com\/sq\/kushte-me-te-mira-te-punes-protestohet-para-komunes-se-prishtines-nga-zyrtaret-e-pese-institucioneve\/\"},\"author\":{\"name\":\"M M\",\"@id\":\"https:\/\/permbledhja.com\/#\/schema\/person\/d23f13f59b5722643933d6780783acf3\"},\"headline\":\"\u201cKushte m\u00eb t\u00eb mira t\u00eb pun\u00ebs\u201d, protestohet para Komun\u00ebs s\u00eb Prishtin\u00ebs nga zyrtar\u00ebt e pes\u00eb institucioneve\",\"datePublished\":\"2023-12-19T10:25:31+00:00\",\"dateModified\":\"2023-12-19T10:25:31+00:00\",\"mainEntityOfPage\":{\"@id\":\"https:\/\/permbledhja.com\/sq\/kushte-me-te-mira-te-punes-protestohet-para-komunes-se-prishtines-nga-zyrtaret-e-pese-institucioneve\/\"},\"wordCount\":117,\"publisher\":{\"@id\":\"https:\/\/permbledhja.com\/#organization\"},\"keywords\":[\"Komuna e Prishtin\u00ebs\"],\"articleSection\":[\"Lajme\"],\"inLanguage\":\"sq\"},{\"@type\":\"WebPage\",\"@id\":\"https:\/\/permbledhja.com\/sq\/kushte-me-te-mira-te-punes-protestohet-para-komunes-se-prishtines-nga-zyrtaret-e-pese-institucioneve\/\",\"url\":\"https:\/\/permbledhja.com\/sq\/kushte-me-te-mira-te-punes-protestohet-para-komunes-se-prishtines-nga-zyrtaret-e-pese-institucioneve\/\",\"name\":\"\u201cKushte m\u00eb t\u00eb mira t\u00eb pun\u00ebs\u201d, protestohet para Komun\u00ebs s\u00eb Prishtin\u00ebs nga zyrtar\u00ebt e pes\u00eb institucioneve\",\"isPartOf\":{\"@id\":\"https:\/\/permbledhja.com\/#website\"},\"datePublished\":\"2023-12-19T10:25:31+00:00\",\"dateModified\":\"2023-12-19T10:25:31+00:00\",\"breadcrumb\":{\"@id\":\"https:\/\/permbledhja.com\/sq\/kushte-me-te-mira-te-punes-protestohet-para-komunes-se-prishtines-nga-zyrtaret-e-pese-institucioneve\/#breadcrumb\"},\"inLanguage\":\"sq\",\"potentialAction\":[{\"@type\":\"ReadAction\",\"target\":[\"https:\/\/permbledhja.com\/sq\/kushte-me-te-mira-te-punes-protestohet-para-komunes-se-prishtines-nga-zyrtaret-e-pese-institucioneve\/\"]}]},{\"@type\":\"BreadcrumbList\",\"@id\":\"https:\/\/permbledhja.com\/sq\/kushte-me-te-mira-te-punes-protestohet-para-komunes-se-prishtines-nga-zyrtaret-e-pese-institucioneve\/#breadcrumb\",\"itemListElement\":[{\"@type\":\"ListItem\",\"position\":1,\"name\":\"Ballina\",\"item\":\"https:\/\/permbledhja.com\/sq\/\"},{\"@type\":\"ListItem\",\"position\":2,\"name\":\"\u201cKushte m\u00eb t\u00eb mira t\u00eb pun\u00ebs\u201d, protestohet para Komun\u00ebs s\u00eb Prishtin\u00ebs nga zyrtar\u00ebt e pes\u00eb institucioneve\"}]},{\"@type\":\"WebSite\",\"@id\":\"https:\/\/permbledhja.com\/#website\",\"url\":\"https:\/\/permbledhja.com\/\",\"name\":\"Ve\u00e7 artikuj p\u00ebrmbledh\u00ebs\",\"description\":\"\",\"publisher\":{\"@id\":\"https:\/\/permbledhja.com\/#organization\"},\"potentialAction\":[{\"@type\":\"SearchAction\",\"target\":{\"@type\":\"EntryPoint\",\"urlTemplate\":\"https:\/\/permbledhja.com\/?s={search_term_string}\"},\"query-input\":\"required name=search_term_string\"}],\"inLanguage\":\"sq\"},{\"@type\":\"Organization\",\"@id\":\"https:\/\/permbledhja.com\/#organization\",\"name\":\"MK Media & Pr\",\"url\":\"https:\/\/permbledhja.com\/\",\"logo\":{\"@type\":\"ImageObject\",\"inLanguage\":\"sq\",\"@id\":\"https:\/\/permbledhja.com\/#\/schema\/logo\/image\/\",\"url\":\"https:\/\/permbledhja.com\/wp-content\/uploads\/2021\/12\/07-Press-Logo.jpg\",\"contentUrl\":\"https:\/\/permbledhja.com\/wp-content\/uploads\/2021\/12\/07-Press-Logo.jpg\",\"width\":512,\"height\":512,\"caption\":\"MK Media & Pr\"},\"image\":{\"@id\":\"https:\/\/permbledhja.com\/#\/schema\/logo\/image\/\"},\"sameAs\":[\"https:\/\/www.facebook.com\/press07\/\"]},{\"@type\":\"Person\",\"@id\":\"https:\/\/permbledhja.com\/#\/schema\/person\/d23f13f59b5722643933d6780783acf3\",\"name\":\"M M\",\"image\":{\"@type\":\"ImageObject\",\"inLanguage\":\"sq\",\"@id\":\"https:\/\/permbledhja.com\/#\/schema\/person\/image\/\",\"url\":\"https:\/\/secure.gravatar.com\/avatar\/e2835a76ca7c31a2416b2d51c4ec9a8f?s=96&d=mm&r=g\",\"contentUrl\":\"https:\/\/secure.gravatar.com\/avatar\/e2835a76ca7c31a2416b2d51c4ec9a8f?s=96&d=mm&r=g\",\"caption\":\"M M\"},\"sameAs\":[\"http:\/\/MM\"],\"url\":\"https:\/\/permbledhja.com\/sq\/author\/muhamet\/\"}]}<\/script>\n<!-- \/ Yoast SEO plugin. -->","yoast_head_json":{"title":"\u201cKushte m\u00eb t\u00eb mira t\u00eb pun\u00ebs\u201d, protestohet para Komun\u00ebs s\u00eb Prishtin\u00ebs nga zyrtar\u00ebt e pes\u00eb institucioneve","robots":{"index":"index","follow":"follow","max-snippet":"max-snippet:-1","max-image-preview":"max-image-preview:large","max-video-preview":"max-video-preview:-1"},"canonical":"https:\/\/permbledhja.com\/sq\/kushte-me-te-mira-te-punes-protestohet-para-komunes-se-prishtines-nga-zyrtaret-e-pese-institucioneve\/","og_locale":"sq_AL","og_type":"article","og_title":"\u201cKushte m\u00eb t\u00eb mira t\u00eb pun\u00ebs\u201d, protestohet para Komun\u00ebs s\u00eb Prishtin\u00ebs nga zyrtar\u00ebt e pes\u00eb institucioneve","og_description":"Dhjet\u00ebra zyrtar\u00eb t\u00eb pes\u00eb institucioneve n\u00eb Prishtin\u00eb kan\u00eb protestuar para komun\u00ebs, duke k\u00ebrkuar kushte m\u00eb t\u00eb mira t\u00eb pun\u00ebs. Zyrtar\u00eb t\u00eb Teatrit \u201cDodona\u201d, Arkivit t\u00eb Komun\u00ebs s\u00eb Prishtin\u00ebs, Bibliotek\u00ebs \u201cHivzi Sylejmani\u201d, Qendr\u00ebs Kulturore p\u00ebr Rini dhe Zjarrfik\u00ebsit, kan\u00eb protestuar para objektit t\u00eb Komun\u00ebs s\u00eb Prishtin\u00ebs. Ata kan\u00eb k\u00ebrkuar kushte m\u00eb t\u00eb mira n\u00eb pun\u00eb dhe [&hellip;]","og_url":"https:\/\/permbledhja.com\/sq\/kushte-me-te-mira-te-punes-protestohet-para-komunes-se-prishtines-nga-zyrtaret-e-pese-institucioneve\/","og_site_name":"Ve\u00e7 artikuj p\u00ebrmbledh\u00ebs","article_publisher":"https:\/\/www.facebook.com\/press07\/","article_published_time":"2023-12-19T10:25:31+00:00","og_image":[{"width":2048,"height":1536,"url":"https:\/\/permbledhja.com\/wp-content\/uploads\/2023\/12\/protesta-Insajderi.jpg","type":"image\/jpeg"}],"author":"M M","twitter_card":"summary_large_image","twitter_misc":{"Written by":"M M","Est. reading time":"1 minut\u00eb"},"schema":{"@context":"https:\/\/schema.org","@graph":[{"@type":"Article","@id":"https:\/\/permbledhja.com\/sq\/kushte-me-te-mira-te-punes-protestohet-para-komunes-se-prishtines-nga-zyrtaret-e-pese-institucioneve\/#article","isPartOf":{"@id":"https:\/\/permbledhja.com\/sq\/kushte-me-te-mira-te-punes-protestohet-para-komunes-se-prishtines-nga-zyrtaret-e-pese-institucioneve\/"},"author":{"name":"M M","@id":"https:\/\/permbledhja.com\/#\/schema\/person\/d23f13f59b5722643933d6780783acf3"},"headline":"\u201cKushte m\u00eb t\u00eb mira t\u00eb pun\u00ebs\u201d, protestohet para Komun\u00ebs s\u00eb Prishtin\u00ebs nga zyrtar\u00ebt e pes\u00eb institucioneve","datePublished":"2023-12-19T10:25:31+00:00","dateModified":"2023-12-19T10:25:31+00:00","mainEntityOfPage":{"@id":"https:\/\/permbledhja.com\/sq\/kushte-me-te-mira-te-punes-protestohet-para-komunes-se-prishtines-nga-zyrtaret-e-pese-institucioneve\/"},"wordCount":117,"publisher":{"@id":"https:\/\/permbledhja.com\/#organization"},"keywords":["Komuna e Prishtin\u00ebs"],"articleSection":["Lajme"],"inLanguage":"sq"},{"@type":"WebPage","@id":"https:\/\/permbledhja.com\/sq\/kushte-me-te-mira-te-punes-protestohet-para-komunes-se-prishtines-nga-zyrtaret-e-pese-institucioneve\/","url":"https:\/\/permbledhja.com\/sq\/kushte-me-te-mira-te-punes-protestohet-para-komunes-se-prishtines-nga-zyrtaret-e-pese-institucioneve\/","name":"\u201cKushte m\u00eb t\u00eb mira t\u00eb pun\u00ebs\u201d, protestohet para Komun\u00ebs s\u00eb Prishtin\u00ebs nga zyrtar\u00ebt e pes\u00eb institucioneve","isPartOf":{"@id":"https:\/\/permbledhja.com\/#website"},"datePublished":"2023-12-19T10:25:31+00:00","dateModified":"2023-12-19T10:25:31+00:00","breadcrumb":{"@id":"https:\/\/permbledhja.com\/sq\/kushte-me-te-mira-te-punes-protestohet-para-komunes-se-prishtines-nga-zyrtaret-e-pese-institucioneve\/#breadcrumb"},"inLanguage":"sq","potentialAction":[{"@type":"ReadAction","target":["https:\/\/permbledhja.com\/sq\/kushte-me-te-mira-te-punes-protestohet-para-komunes-se-prishtines-nga-zyrtaret-e-pese-institucioneve\/"]}]},{"@type":"BreadcrumbList","@id":"https:\/\/permbledhja.com\/sq\/kushte-me-te-mira-te-punes-protestohet-para-komunes-se-prishtines-nga-zyrtaret-e-pese-institucioneve\/#breadcrumb","itemListElement":[{"@type":"ListItem","position":1,"name":"Ballina","item":"https:\/\/permbledhja.com\/sq\/"},{"@type":"ListItem","position":2,"name":"\u201cKushte m\u00eb t\u00eb mira t\u00eb pun\u00ebs\u201d, protestohet para Komun\u00ebs s\u00eb Prishtin\u00ebs nga zyrtar\u00ebt e pes\u00eb institucioneve"}]},{"@type":"WebSite","@id":"https:\/\/permbledhja.com\/#website","url":"https:\/\/permbledhja.com\/","name":"Ve\u00e7 artikuj p\u00ebrmbledh\u00ebs","description":"","publisher":{"@id":"https:\/\/permbledhja.com\/#organization"},"potentialAction":[{"@type":"SearchAction","target":{"@type":"EntryPoint","urlTemplate":"https:\/\/permbledhja.com\/?s={search_term_string}"},"query-input":"required name=search_term_string"}],"inLanguage":"sq"},{"@type":"Organization","@id":"https:\/\/permbledhja.com\/#organization","name":"MK Media & Pr","url":"https:\/\/permbledhja.com\/","logo":{"@type":"ImageObject","inLanguage":"sq","@id":"https:\/\/permbledhja.com\/#\/schema\/logo\/image\/","url":"https:\/\/permbledhja.com\/wp-content\/uploads\/2021\/12\/07-Press-Logo.jpg","contentUrl":"https:\/\/permbledhja.com\/wp-content\/uploads\/2021\/12\/07-Press-Logo.jpg","width":512,"height":512,"caption":"MK Media & Pr"},"image":{"@id":"https:\/\/permbledhja.com\/#\/schema\/logo\/image\/"},"sameAs":["https:\/\/www.facebook.com\/press07\/"]},{"@type":"Person","@id":"https:\/\/permbledhja.com\/#\/schema\/person\/d23f13f59b5722643933d6780783acf3","name":"M M","image":{"@type":"ImageObject","inLanguage":"sq","@id":"https:\/\/permbledhja.com\/#\/schema\/person\/image\/","url":"https:\/\/secure.gravatar.com\/avatar\/e2835a76ca7c31a2416b2d51c4ec9a8f?s=96&d=mm&r=g","contentUrl":"https:\/\/secure.gravatar.com\/avatar\/e2835a76ca7c31a2416b2d51c4ec9a8f?s=96&d=mm&r=g","caption":"M M"},"sameAs":["http:\/\/MM"],"url":"https:\/\/permbledhja.com\/sq\/author\/muhamet\/"}]}},"_links":{"self":[{"href":"https:\/\/permbledhja.com\/sq\/wp-json\/wp\/v2\/posts\/40088"}],"collection":[{"href":"https:\/\/permbledhja.com\/sq\/wp-json\/wp\/v2\/posts"}],"about":[{"href":"https:\/\/permbledhja.com\/sq\/wp-json\/wp\/v2\/types\/post"}],"author":[{"embeddable":true,"href":"https:\/\/permbledhja.com\/sq\/wp-json\/wp\/v2\/users\/2"}],"replies":[{"embeddable":true,"href":"https:\/\/permbledhja.com\/sq\/wp-json\/wp\/v2\/comments?post=40088"}],"version-history":[{"count":1,"href":"https:\/\/permbledhja.com\/sq\/wp-json\/wp\/v2\/posts\/40088\/revisions"}],"predecessor-version":[{"id":40090,"href":"https:\/\/permbledhja.com\/sq\/wp-json\/wp\/v2\/posts\/40088\/revisions\/40090"}],"wp:featuredmedia":[{"embeddable":true,"href":"https:\/\/permbledhja.com\/sq\/wp-json\/wp\/v2\/media\/40089"}],"wp:attachment":[{"href":"https:\/\/permbledhja.com\/sq\/wp-json\/wp\/v2\/media?parent=40088"}],"wp:term":[{"taxonomy":"category","embeddable":true,"href":"https:\/\/permbledhja.com\/sq\/wp-json\/wp\/v2\/categories?post=40088"},{"taxonomy":"post_tag","embeddable":true,"href":"https:\/\/permbledhja.com\/sq\/wp-json\/wp\/v2\/tags?post=40088"}],"curies":[{"name":"wp","href":"https:\/\/api.w.org\/{rel}","templated":true}]}}