{"id":39956,"date":"2023-12-18T08:28:23","date_gmt":"2023-12-18T08:28:23","guid":{"rendered":"https:\/\/permbledhja.com\/?p=39956"},"modified":"2023-12-18T08:28:23","modified_gmt":"2023-12-18T08:28:23","slug":"742-per-qind-te-votave-te-komunitetit-serb-te-kosoves-i-shkojne-vuciqit-dhe-listes-se-tij","status":"publish","type":"post","link":"https:\/\/permbledhja.com\/sq\/742-per-qind-te-votave-te-komunitetit-serb-te-kosoves-i-shkojne-vuciqit-dhe-listes-se-tij\/","title":{"rendered":"74,2 p\u00ebr qind t\u00eb votave t\u00eb komunitetit serb t\u00eb Kosov\u00ebs i shkojn\u00eb Vu\u00e7iqit dhe list\u00ebs s\u00eb tij"},"content":{"rendered":"<h3>Presidenti serb dhe bart\u00ebsi i list\u00ebs \u201cSerbia nuk duhet t\u00eb ndalet\u201d, Aleksandar Vu\u00e7iq, mbr\u00ebm\u00eb ka kumtuar se kjo list\u00eb ka fituar 74.2 p\u00ebr qind t\u00eb votave t\u00eb serb\u00ebve t\u00eb Kosov\u00ebs.<\/h3>\n<p>\u201cSipas t\u00eb dh\u00ebnave t\u00eb para preliminare, lista \u2018Aleksandar Vu\u00e7iq \u2013 Serbia nuk duhet t\u00eb ndalet\u2019 ka fituar 74.2 p\u00ebr qind t\u00eb votave t\u00eb qytetar\u00ebve nga Kosova dhe Metohia\u201d, ka th\u00ebn\u00eb Vu\u00e7iq n\u00eb nj\u00eb fjalim n\u00eb selin\u00eb zgjedhore t\u00eb partis\u00eb s\u00eb tij PPS.<\/p>\n<p>Ai ka shtuar se lista \u201cSerbia kund\u00ebr dhun\u00ebs\u201d ka fituar pak m\u00eb shum\u00eb se pes\u00eb p\u00ebr qind t\u00eb votave t\u00eb komunitetit serb nga Kosova.<\/p>\n<p>Ndryshe, n\u00eb zgjedhjet parlamentare t\u00eb 3 prillit t\u00eb vitit t\u00eb kaluar, lista \u201cAleksandar Vu\u00e7iq \u2013 S\u00eb bashku mund t\u00eb b\u00ebjm\u00eb gjith\u00e7ka\u201d ka marr\u00eb 12.586 vota nga votuesit e Kosov\u00ebs, pra 64.04 p\u00ebr qind.<\/p>\n","protected":false},"excerpt":{"rendered":"<p>Presidenti serb dhe bart\u00ebsi i list\u00ebs \u201cSerbia nuk duhet t\u00eb ndalet\u201d, Aleksandar Vu\u00e7iq, mbr\u00ebm\u00eb ka kumtuar se kjo list\u00eb ka fituar 74.2 p\u00ebr qind t\u00eb votave t\u00eb serb\u00ebve t\u00eb Kosov\u00ebs. \u201cSipas t\u00eb dh\u00ebnave t\u00eb para preliminare, lista \u2018Aleksandar Vu\u00e7iq \u2013 Serbia nuk duhet t\u00eb ndalet\u2019 ka fituar 74.2 p\u00ebr qind t\u00eb votave t\u00eb qytetar\u00ebve nga [&hellip;]<\/p>\n","protected":false},"author":2,"featured_media":33654,"comment_status":"closed","ping_status":"closed","sticky":false,"template":"","format":"standard","meta":{"_monsterinsights_skip_tracking":false,"_monsterinsights_sitenote_active":false,"_monsterinsights_sitenote_note":"","_monsterinsights_sitenote_category":0,"_uf_show_specific_survey":0,"_uf_disable_surveys":false,"footnotes":""},"categories":[15],"tags":[658],"yoast_head":"<!-- This site is optimized with the Yoast SEO plugin v21.5 - https:\/\/yoast.com\/wordpress\/plugins\/seo\/ -->\n<title>74,2 p\u00ebr qind t\u00eb votave t\u00eb komunitetit serb t\u00eb Kosov\u00ebs i shkojn\u00eb Vu\u00e7iqit dhe list\u00ebs s\u00eb tij<\/title>\n<meta name=\"robots\" content=\"index, follow, max-snippet:-1, max-image-preview:large, max-video-preview:-1\" \/>\n<link rel=\"canonical\" href=\"https:\/\/permbledhja.com\/sq\/742-per-qind-te-votave-te-komunitetit-serb-te-kosoves-i-shkojne-vuciqit-dhe-listes-se-tij\/\" \/>\n<meta property=\"og:locale\" content=\"sq_AL\" \/>\n<meta property=\"og:type\" content=\"article\" \/>\n<meta property=\"og:title\" content=\"74,2 p\u00ebr qind t\u00eb votave t\u00eb komunitetit serb t\u00eb Kosov\u00ebs i shkojn\u00eb Vu\u00e7iqit dhe list\u00ebs s\u00eb tij\" \/>\n<meta property=\"og:description\" content=\"Presidenti serb dhe bart\u00ebsi i list\u00ebs \u201cSerbia nuk duhet t\u00eb ndalet\u201d, Aleksandar Vu\u00e7iq, mbr\u00ebm\u00eb ka kumtuar se kjo list\u00eb ka fituar 74.2 p\u00ebr qind t\u00eb votave t\u00eb serb\u00ebve t\u00eb Kosov\u00ebs. \u201cSipas t\u00eb dh\u00ebnave t\u00eb para preliminare, lista \u2018Aleksandar Vu\u00e7iq \u2013 Serbia nuk duhet t\u00eb ndalet\u2019 ka fituar 74.2 p\u00ebr qind t\u00eb votave t\u00eb qytetar\u00ebve nga [&hellip;]\" \/>\n<meta property=\"og:url\" content=\"https:\/\/permbledhja.com\/sq\/742-per-qind-te-votave-te-komunitetit-serb-te-kosoves-i-shkojne-vuciqit-dhe-listes-se-tij\/\" \/>\n<meta property=\"og:site_name\" content=\"Ve\u00e7 artikuj p\u00ebrmbledh\u00ebs\" \/>\n<meta property=\"article:publisher\" content=\"https:\/\/www.facebook.com\/press07\/\" \/>\n<meta property=\"article:published_time\" content=\"2023-12-18T08:28:23+00:00\" \/>\n<meta property=\"og:image\" content=\"https:\/\/permbledhja.com\/wp-content\/uploads\/2023\/10\/vucicc-1.webp\" \/>\n\t<meta property=\"og:image:width\" content=\"623\" \/>\n\t<meta property=\"og:image:height\" content=\"363\" \/>\n\t<meta property=\"og:image:type\" content=\"image\/webp\" \/>\n<meta name=\"author\" content=\"M M\" \/>\n<meta name=\"twitter:card\" content=\"summary_large_image\" \/>\n<meta name=\"twitter:label1\" content=\"Written by\" \/>\n\t<meta name=\"twitter:data1\" content=\"M M\" \/>\n\t<meta name=\"twitter:label2\" content=\"Est. reading time\" \/>\n\t<meta name=\"twitter:data2\" content=\"1 minut\u00eb\" \/>\n<script type=\"application\/ld+json\" class=\"yoast-schema-graph\">{\"@context\":\"https:\/\/schema.org\",\"@graph\":[{\"@type\":\"Article\",\"@id\":\"https:\/\/permbledhja.com\/sq\/742-per-qind-te-votave-te-komunitetit-serb-te-kosoves-i-shkojne-vuciqit-dhe-listes-se-tij\/#article\",\"isPartOf\":{\"@id\":\"https:\/\/permbledhja.com\/sq\/742-per-qind-te-votave-te-komunitetit-serb-te-kosoves-i-shkojne-vuciqit-dhe-listes-se-tij\/\"},\"author\":{\"name\":\"M M\",\"@id\":\"https:\/\/permbledhja.com\/#\/schema\/person\/d23f13f59b5722643933d6780783acf3\"},\"headline\":\"74,2 p\u00ebr qind t\u00eb votave t\u00eb komunitetit serb t\u00eb Kosov\u00ebs i shkojn\u00eb Vu\u00e7iqit dhe list\u00ebs s\u00eb tij\",\"datePublished\":\"2023-12-18T08:28:23+00:00\",\"dateModified\":\"2023-12-18T08:28:23+00:00\",\"mainEntityOfPage\":{\"@id\":\"https:\/\/permbledhja.com\/sq\/742-per-qind-te-votave-te-komunitetit-serb-te-kosoves-i-shkojne-vuciqit-dhe-listes-se-tij\/\"},\"wordCount\":163,\"publisher\":{\"@id\":\"https:\/\/permbledhja.com\/#organization\"},\"keywords\":[\"Aleksandar Vu\u00e7iq\"],\"articleSection\":[\"Lajme\"],\"inLanguage\":\"sq\"},{\"@type\":\"WebPage\",\"@id\":\"https:\/\/permbledhja.com\/sq\/742-per-qind-te-votave-te-komunitetit-serb-te-kosoves-i-shkojne-vuciqit-dhe-listes-se-tij\/\",\"url\":\"https:\/\/permbledhja.com\/sq\/742-per-qind-te-votave-te-komunitetit-serb-te-kosoves-i-shkojne-vuciqit-dhe-listes-se-tij\/\",\"name\":\"74,2 p\u00ebr qind t\u00eb votave t\u00eb komunitetit serb t\u00eb Kosov\u00ebs i shkojn\u00eb Vu\u00e7iqit dhe list\u00ebs s\u00eb tij\",\"isPartOf\":{\"@id\":\"https:\/\/permbledhja.com\/#website\"},\"datePublished\":\"2023-12-18T08:28:23+00:00\",\"dateModified\":\"2023-12-18T08:28:23+00:00\",\"breadcrumb\":{\"@id\":\"https:\/\/permbledhja.com\/sq\/742-per-qind-te-votave-te-komunitetit-serb-te-kosoves-i-shkojne-vuciqit-dhe-listes-se-tij\/#breadcrumb\"},\"inLanguage\":\"sq\",\"potentialAction\":[{\"@type\":\"ReadAction\",\"target\":[\"https:\/\/permbledhja.com\/sq\/742-per-qind-te-votave-te-komunitetit-serb-te-kosoves-i-shkojne-vuciqit-dhe-listes-se-tij\/\"]}]},{\"@type\":\"BreadcrumbList\",\"@id\":\"https:\/\/permbledhja.com\/sq\/742-per-qind-te-votave-te-komunitetit-serb-te-kosoves-i-shkojne-vuciqit-dhe-listes-se-tij\/#breadcrumb\",\"itemListElement\":[{\"@type\":\"ListItem\",\"position\":1,\"name\":\"Ballina\",\"item\":\"https:\/\/permbledhja.com\/sq\/\"},{\"@type\":\"ListItem\",\"position\":2,\"name\":\"74,2 p\u00ebr qind t\u00eb votave t\u00eb komunitetit serb t\u00eb Kosov\u00ebs i shkojn\u00eb Vu\u00e7iqit dhe list\u00ebs s\u00eb tij\"}]},{\"@type\":\"WebSite\",\"@id\":\"https:\/\/permbledhja.com\/#website\",\"url\":\"https:\/\/permbledhja.com\/\",\"name\":\"Ve\u00e7 artikuj p\u00ebrmbledh\u00ebs\",\"description\":\"\",\"publisher\":{\"@id\":\"https:\/\/permbledhja.com\/#organization\"},\"potentialAction\":[{\"@type\":\"SearchAction\",\"target\":{\"@type\":\"EntryPoint\",\"urlTemplate\":\"https:\/\/permbledhja.com\/?s={search_term_string}\"},\"query-input\":\"required name=search_term_string\"}],\"inLanguage\":\"sq\"},{\"@type\":\"Organization\",\"@id\":\"https:\/\/permbledhja.com\/#organization\",\"name\":\"MK Media & Pr\",\"url\":\"https:\/\/permbledhja.com\/\",\"logo\":{\"@type\":\"ImageObject\",\"inLanguage\":\"sq\",\"@id\":\"https:\/\/permbledhja.com\/#\/schema\/logo\/image\/\",\"url\":\"https:\/\/permbledhja.com\/wp-content\/uploads\/2021\/12\/07-Press-Logo.jpg\",\"contentUrl\":\"https:\/\/permbledhja.com\/wp-content\/uploads\/2021\/12\/07-Press-Logo.jpg\",\"width\":512,\"height\":512,\"caption\":\"MK Media & Pr\"},\"image\":{\"@id\":\"https:\/\/permbledhja.com\/#\/schema\/logo\/image\/\"},\"sameAs\":[\"https:\/\/www.facebook.com\/press07\/\"]},{\"@type\":\"Person\",\"@id\":\"https:\/\/permbledhja.com\/#\/schema\/person\/d23f13f59b5722643933d6780783acf3\",\"name\":\"M M\",\"image\":{\"@type\":\"ImageObject\",\"inLanguage\":\"sq\",\"@id\":\"https:\/\/permbledhja.com\/#\/schema\/person\/image\/\",\"url\":\"https:\/\/secure.gravatar.com\/avatar\/e2835a76ca7c31a2416b2d51c4ec9a8f?s=96&d=mm&r=g\",\"contentUrl\":\"https:\/\/secure.gravatar.com\/avatar\/e2835a76ca7c31a2416b2d51c4ec9a8f?s=96&d=mm&r=g\",\"caption\":\"M M\"},\"sameAs\":[\"http:\/\/MM\"],\"url\":\"https:\/\/permbledhja.com\/sq\/author\/muhamet\/\"}]}<\/script>\n<!-- \/ Yoast SEO plugin. -->","yoast_head_json":{"title":"74,2 p\u00ebr qind t\u00eb votave t\u00eb komunitetit serb t\u00eb Kosov\u00ebs i shkojn\u00eb Vu\u00e7iqit dhe list\u00ebs s\u00eb tij","robots":{"index":"index","follow":"follow","max-snippet":"max-snippet:-1","max-image-preview":"max-image-preview:large","max-video-preview":"max-video-preview:-1"},"canonical":"https:\/\/permbledhja.com\/sq\/742-per-qind-te-votave-te-komunitetit-serb-te-kosoves-i-shkojne-vuciqit-dhe-listes-se-tij\/","og_locale":"sq_AL","og_type":"article","og_title":"74,2 p\u00ebr qind t\u00eb votave t\u00eb komunitetit serb t\u00eb Kosov\u00ebs i shkojn\u00eb Vu\u00e7iqit dhe list\u00ebs s\u00eb tij","og_description":"Presidenti serb dhe bart\u00ebsi i list\u00ebs \u201cSerbia nuk duhet t\u00eb ndalet\u201d, Aleksandar Vu\u00e7iq, mbr\u00ebm\u00eb ka kumtuar se kjo list\u00eb ka fituar 74.2 p\u00ebr qind t\u00eb votave t\u00eb serb\u00ebve t\u00eb Kosov\u00ebs. \u201cSipas t\u00eb dh\u00ebnave t\u00eb para preliminare, lista \u2018Aleksandar Vu\u00e7iq \u2013 Serbia nuk duhet t\u00eb ndalet\u2019 ka fituar 74.2 p\u00ebr qind t\u00eb votave t\u00eb qytetar\u00ebve nga [&hellip;]","og_url":"https:\/\/permbledhja.com\/sq\/742-per-qind-te-votave-te-komunitetit-serb-te-kosoves-i-shkojne-vuciqit-dhe-listes-se-tij\/","og_site_name":"Ve\u00e7 artikuj p\u00ebrmbledh\u00ebs","article_publisher":"https:\/\/www.facebook.com\/press07\/","article_published_time":"2023-12-18T08:28:23+00:00","og_image":[{"width":623,"height":363,"url":"https:\/\/permbledhja.com\/wp-content\/uploads\/2023\/10\/vucicc-1.webp","type":"image\/webp"}],"author":"M M","twitter_card":"summary_large_image","twitter_misc":{"Written by":"M M","Est. reading time":"1 minut\u00eb"},"schema":{"@context":"https:\/\/schema.org","@graph":[{"@type":"Article","@id":"https:\/\/permbledhja.com\/sq\/742-per-qind-te-votave-te-komunitetit-serb-te-kosoves-i-shkojne-vuciqit-dhe-listes-se-tij\/#article","isPartOf":{"@id":"https:\/\/permbledhja.com\/sq\/742-per-qind-te-votave-te-komunitetit-serb-te-kosoves-i-shkojne-vuciqit-dhe-listes-se-tij\/"},"author":{"name":"M M","@id":"https:\/\/permbledhja.com\/#\/schema\/person\/d23f13f59b5722643933d6780783acf3"},"headline":"74,2 p\u00ebr qind t\u00eb votave t\u00eb komunitetit serb t\u00eb Kosov\u00ebs i shkojn\u00eb Vu\u00e7iqit dhe list\u00ebs s\u00eb tij","datePublished":"2023-12-18T08:28:23+00:00","dateModified":"2023-12-18T08:28:23+00:00","mainEntityOfPage":{"@id":"https:\/\/permbledhja.com\/sq\/742-per-qind-te-votave-te-komunitetit-serb-te-kosoves-i-shkojne-vuciqit-dhe-listes-se-tij\/"},"wordCount":163,"publisher":{"@id":"https:\/\/permbledhja.com\/#organization"},"keywords":["Aleksandar Vu\u00e7iq"],"articleSection":["Lajme"],"inLanguage":"sq"},{"@type":"WebPage","@id":"https:\/\/permbledhja.com\/sq\/742-per-qind-te-votave-te-komunitetit-serb-te-kosoves-i-shkojne-vuciqit-dhe-listes-se-tij\/","url":"https:\/\/permbledhja.com\/sq\/742-per-qind-te-votave-te-komunitetit-serb-te-kosoves-i-shkojne-vuciqit-dhe-listes-se-tij\/","name":"74,2 p\u00ebr qind t\u00eb votave t\u00eb komunitetit serb t\u00eb Kosov\u00ebs i shkojn\u00eb Vu\u00e7iqit dhe list\u00ebs s\u00eb tij","isPartOf":{"@id":"https:\/\/permbledhja.com\/#website"},"datePublished":"2023-12-18T08:28:23+00:00","dateModified":"2023-12-18T08:28:23+00:00","breadcrumb":{"@id":"https:\/\/permbledhja.com\/sq\/742-per-qind-te-votave-te-komunitetit-serb-te-kosoves-i-shkojne-vuciqit-dhe-listes-se-tij\/#breadcrumb"},"inLanguage":"sq","potentialAction":[{"@type":"ReadAction","target":["https:\/\/permbledhja.com\/sq\/742-per-qind-te-votave-te-komunitetit-serb-te-kosoves-i-shkojne-vuciqit-dhe-listes-se-tij\/"]}]},{"@type":"BreadcrumbList","@id":"https:\/\/permbledhja.com\/sq\/742-per-qind-te-votave-te-komunitetit-serb-te-kosoves-i-shkojne-vuciqit-dhe-listes-se-tij\/#breadcrumb","itemListElement":[{"@type":"ListItem","position":1,"name":"Ballina","item":"https:\/\/permbledhja.com\/sq\/"},{"@type":"ListItem","position":2,"name":"74,2 p\u00ebr qind t\u00eb votave t\u00eb komunitetit serb t\u00eb Kosov\u00ebs i shkojn\u00eb Vu\u00e7iqit dhe list\u00ebs s\u00eb tij"}]},{"@type":"WebSite","@id":"https:\/\/permbledhja.com\/#website","url":"https:\/\/permbledhja.com\/","name":"Ve\u00e7 artikuj p\u00ebrmbledh\u00ebs","description":"","publisher":{"@id":"https:\/\/permbledhja.com\/#organization"},"potentialAction":[{"@type":"SearchAction","target":{"@type":"EntryPoint","urlTemplate":"https:\/\/permbledhja.com\/?s={search_term_string}"},"query-input":"required name=search_term_string"}],"inLanguage":"sq"},{"@type":"Organization","@id":"https:\/\/permbledhja.com\/#organization","name":"MK Media & Pr","url":"https:\/\/permbledhja.com\/","logo":{"@type":"ImageObject","inLanguage":"sq","@id":"https:\/\/permbledhja.com\/#\/schema\/logo\/image\/","url":"https:\/\/permbledhja.com\/wp-content\/uploads\/2021\/12\/07-Press-Logo.jpg","contentUrl":"https:\/\/permbledhja.com\/wp-content\/uploads\/2021\/12\/07-Press-Logo.jpg","width":512,"height":512,"caption":"MK Media & Pr"},"image":{"@id":"https:\/\/permbledhja.com\/#\/schema\/logo\/image\/"},"sameAs":["https:\/\/www.facebook.com\/press07\/"]},{"@type":"Person","@id":"https:\/\/permbledhja.com\/#\/schema\/person\/d23f13f59b5722643933d6780783acf3","name":"M M","image":{"@type":"ImageObject","inLanguage":"sq","@id":"https:\/\/permbledhja.com\/#\/schema\/person\/image\/","url":"https:\/\/secure.gravatar.com\/avatar\/e2835a76ca7c31a2416b2d51c4ec9a8f?s=96&d=mm&r=g","contentUrl":"https:\/\/secure.gravatar.com\/avatar\/e2835a76ca7c31a2416b2d51c4ec9a8f?s=96&d=mm&r=g","caption":"M M"},"sameAs":["http:\/\/MM"],"url":"https:\/\/permbledhja.com\/sq\/author\/muhamet\/"}]}},"_links":{"self":[{"href":"https:\/\/permbledhja.com\/sq\/wp-json\/wp\/v2\/posts\/39956"}],"collection":[{"href":"https:\/\/permbledhja.com\/sq\/wp-json\/wp\/v2\/posts"}],"about":[{"href":"https:\/\/permbledhja.com\/sq\/wp-json\/wp\/v2\/types\/post"}],"author":[{"embeddable":true,"href":"https:\/\/permbledhja.com\/sq\/wp-json\/wp\/v2\/users\/2"}],"replies":[{"embeddable":true,"href":"https:\/\/permbledhja.com\/sq\/wp-json\/wp\/v2\/comments?post=39956"}],"version-history":[{"count":1,"href":"https:\/\/permbledhja.com\/sq\/wp-json\/wp\/v2\/posts\/39956\/revisions"}],"predecessor-version":[{"id":39957,"href":"https:\/\/permbledhja.com\/sq\/wp-json\/wp\/v2\/posts\/39956\/revisions\/39957"}],"wp:featuredmedia":[{"embeddable":true,"href":"https:\/\/permbledhja.com\/sq\/wp-json\/wp\/v2\/media\/33654"}],"wp:attachment":[{"href":"https:\/\/permbledhja.com\/sq\/wp-json\/wp\/v2\/media?parent=39956"}],"wp:term":[{"taxonomy":"category","embeddable":true,"href":"https:\/\/permbledhja.com\/sq\/wp-json\/wp\/v2\/categories?post=39956"},{"taxonomy":"post_tag","embeddable":true,"href":"https:\/\/permbledhja.com\/sq\/wp-json\/wp\/v2\/tags?post=39956"}],"curies":[{"name":"wp","href":"https:\/\/api.w.org\/{rel}","templated":true}]}}