{"id":39769,"date":"2023-12-16T08:56:20","date_gmt":"2023-12-16T08:56:20","guid":{"rendered":"https:\/\/permbledhja.com\/?p=39769"},"modified":"2023-12-16T08:56:20","modified_gmt":"2023-12-16T08:56:20","slug":"pranojeni-se-ka-deshtuar-osmani-e-gervalla-me-kritika-per-komunitetin-nderkombetar","status":"publish","type":"post","link":"https:\/\/permbledhja.com\/sq\/pranojeni-se-ka-deshtuar-osmani-e-gervalla-me-kritika-per-komunitetin-nderkombetar\/","title":{"rendered":"\u2018Pranojeni se ka d\u00ebshtuar&#8230;\u2019: Osmani e G\u00ebrvalla me kritika p\u00ebr komunitetin nd\u00ebrkomb\u00ebtar"},"content":{"rendered":"<h3>Komuniteti nd\u00ebrkomb\u00ebtar \u00ebsht\u00eb kritikuar nga lider\u00eb t\u00eb Kosov\u00ebs p\u00ebr qasje \u201cjo t\u00eb balancuar\u201d n\u00eb dialogun Kosov\u00eb-Serbi.<\/h3>\n<p>Deklarata t\u00eb tilla, disa her\u00eb kan\u00eb ardhur nga kryeministri Albin Kurti, megjithat\u00eb, s\u00eb fundi jan\u00eb deklaruar edhe presidentja Vjosa Osmani dhe kryediplomatja Donika G\u00ebrvalla.<\/p>\n<p>Kosova vazhdon t\u00eb jet\u00eb ende n\u00ebn masa t\u00eb Bashkimit Evropian, t\u00eb cilat u vendos\u00ebn n\u00eb qershor t\u00eb k\u00ebtij viti, pas situat\u00ebs s\u00eb krijuar n\u00eb veri.<\/p>\n<p>Pik\u00ebrisht k\u00ebt\u00eb \u00e7\u00ebshtje, e p\u00ebrmendi t\u00eb premten presidentja Osmani deria po i adresohej Kuvendit t\u00eb Kosov\u00ebs.<\/p>\n<p>Osmani ka th\u00ebn\u00eb se procesi p\u00ebr normalizimin e marr\u00ebdh\u00ebnieve mes dy vendeve, po pengohet nga Serbia. Por k\u00ebtu, ajo p\u00ebrmendi edhe komunitetin nd\u00ebrkomb\u00ebtar.<\/p>\n<p>\u201cMungesa e balancit dhe qasjes s\u00eb trajtimit t\u00eb pabarabart\u00eb n\u00eb dialog i ka b\u00ebr\u00eb d\u00ebm jasht\u00ebzakonisht t\u00eb madh k\u00ebtij procesi. Kosova ende p\u00ebrballet me masa t\u00eb padrejta dhe joproporcionale, t\u00eb cilat prekin drejtp\u00ebrdrejt interesin e qytetar\u00ebve t\u00eb saj.\u201d \u2013 ka th\u00ebn\u00eb ajo.<\/p>\n<p>Nj\u00eb dit\u00eb para k\u00ebsaj, komunitetin nd\u00ebrkomb\u00ebtar e kritikoi edhe ministrja e Pun\u00ebve t\u00eb Jashtme t\u00eb Kosov\u00ebs, Donika G\u00ebrvalla. \u201cPranojeni\u201d se politika \u201ce zbutjes\u201d ndaj Serbis\u00eb ka d\u00ebshtu, k\u00ebshtu la t\u00eb kuptoj\u00eb kryediplomatja n\u00eb shkrimin e saj n\u00eb rrjetin social Twitter.<\/p>\n<p>\u201dSerbia shprehimisht shpreh refuzimin e saj p\u00ebr t\u00eb zbatuar dispozitat e marr\u00ebveshjeve t\u00eb Brukselit dhe Ohrit. I b\u00ebj thirrje komunitetit nd\u00ebrkomb\u00ebtar t\u00eb pranoj\u00eb se politika e zbutjes ndaj Serbis\u00eb ka d\u00ebshtuar. Tani nevojitet nj\u00eb ndryshim thelb\u00ebsor.\u201d \u2013 deklaroi G\u00ebrvalla.<\/p>\n<p>Masat ende n\u00eb fuqi<\/p>\n<p>Gjat\u00eb k\u00ebsaj jave, ministrat e Bashkimit Evropian fol\u00ebn edhe p\u00ebr Kosov\u00ebn n\u00eb takimin e K\u00ebshillit t\u00eb \u00c7\u00ebshtjeve t\u00eb P\u00ebrgjithshme.<\/p>\n<p>N\u00eb konkluzat ku p\u00ebrmendej Kosova, fokusi ishte kryesisht te situata n\u00eb veri dhe dialogu me Serbin\u00eb.<\/p>\n<p>K\u00ebshilli i BE-s\u00eb shprehu shqet\u00ebsimin e thell\u00eb p\u00ebr \u201cveprimet e nj\u00ebanshme nga t\u00eb dyja pal\u00ebt\u201d, duke p\u00ebrfshir\u00eb dor\u00ebheqjen kolektive t\u00eb serb\u00ebve t\u00eb Kosov\u00ebs nga institucionet dhe bojkotin e zgjedhjeve lokale n\u00eb veri t\u00eb Kosov\u00ebs, veprime q\u00eb kan\u00eb shkaktuar tensione shtes\u00eb.<\/p>\n<p>Aty m\u00eb tej thuhej se K\u00ebshilli shpreh\u00eb keqardhje p\u00ebr munges\u00ebn e implementimit nga t\u00eb dyja pal\u00ebt t\u00eb Marr\u00ebveshjes dhe aneksit p\u00ebr zbatimin e saj, sikur edhe \u00e7\u00ebshtjeve tjera t\u00eb arritura n\u00eb dialog.<\/p>\n<p>\u201cK\u00ebrkojm\u00eb nga Kosova q\u00eb n\u00eb t\u00ebr\u00ebsi dhe pa vonesa tjera t\u2019i implementoj\u00eb ato. Kjo p\u00ebrfshin edhe themelimin e Asociacionit t\u00eb komunave me shumic\u00eb serbe. K\u00ebshilli mir\u00ebpret gatishm\u00ebrin\u00eb e Kosov\u00ebs dhe Serbis\u00eb p\u00ebr t\u00eb pranuar draftin e paraqitur nga leht\u00ebsuesi i BE-s\u00eb, q\u00eb n\u00ebnkupton se puna e m\u00ebtejme duhet t\u00eb b\u00ebhet n\u00eb baz\u00eb t\u00eb tij\u201d<\/p>\n<p>Lidhur me masat ndaj Kosov\u00ebs, t\u00eb vendosura p\u00ebr shkak t\u00eb \u201cmunges\u00ebs s\u00eb hapave t\u00eb vendosur p\u00ebr t\u00eb shtensionuar situat\u00ebn n\u00eb veri\u201d, shprehet gatishm\u00ebria q\u00eb ato masa t\u00eb hiqen, n\u00eb rast se do t\u00eb ket\u00eb p\u00ebrparim n\u00eb p\u00ebrmbushjen e k\u00ebrkesave.<\/p>\n<p>\u201cK\u00ebshilli mir\u00ebpret nd\u00ebrmarrjen e hapave drejt zbatimit t\u00eb disa k\u00ebrkesave t\u00eb BE-s\u00eb. K\u00ebshilli rikujton se BE-ja mbetet e gatshme q\u00eb t\u00eb heq\u00eb masat, n\u00eb rast t\u00eb progresit t\u00eb m\u00ebtejm\u00eb n\u00eb p\u00ebrmbushjen e k\u00ebrkesave ekzistuese.\u201d \u2013 thuhej n\u00eb tekst.\/Nacionale<\/p>\n","protected":false},"excerpt":{"rendered":"<p>Komuniteti nd\u00ebrkomb\u00ebtar \u00ebsht\u00eb kritikuar nga lider\u00eb t\u00eb Kosov\u00ebs p\u00ebr qasje \u201cjo t\u00eb balancuar\u201d n\u00eb dialogun Kosov\u00eb-Serbi. Deklarata t\u00eb tilla, disa her\u00eb kan\u00eb ardhur nga kryeministri Albin Kurti, megjithat\u00eb, s\u00eb fundi jan\u00eb deklaruar edhe presidentja Vjosa Osmani dhe kryediplomatja Donika G\u00ebrvalla. Kosova vazhdon t\u00eb jet\u00eb ende n\u00ebn masa t\u00eb Bashkimit Evropian, t\u00eb cilat u vendos\u00ebn n\u00eb [&hellip;]<\/p>\n","protected":false},"author":1,"featured_media":39770,"comment_status":"closed","ping_status":"closed","sticky":false,"template":"","format":"standard","meta":{"_monsterinsights_skip_tracking":false,"_monsterinsights_sitenote_active":false,"_monsterinsights_sitenote_note":"","_monsterinsights_sitenote_category":0,"_uf_show_specific_survey":0,"_uf_disable_surveys":false,"footnotes":""},"categories":[1146],"tags":[259,163],"yoast_head":"<!-- This site is optimized with the Yoast SEO plugin v21.5 - https:\/\/yoast.com\/wordpress\/plugins\/seo\/ -->\n<title>\u2018Pranojeni se ka d\u00ebshtuar...\u2019: Osmani e G\u00ebrvalla me kritika p\u00ebr komunitetin nd\u00ebrkomb\u00ebtar<\/title>\n<meta name=\"robots\" content=\"index, follow, max-snippet:-1, max-image-preview:large, max-video-preview:-1\" \/>\n<link rel=\"canonical\" href=\"https:\/\/permbledhja.com\/sq\/pranojeni-se-ka-deshtuar-osmani-e-gervalla-me-kritika-per-komunitetin-nderkombetar\/\" \/>\n<meta property=\"og:locale\" content=\"sq_AL\" \/>\n<meta property=\"og:type\" content=\"article\" \/>\n<meta property=\"og:title\" content=\"\u2018Pranojeni se ka d\u00ebshtuar...\u2019: Osmani e G\u00ebrvalla me kritika p\u00ebr komunitetin nd\u00ebrkomb\u00ebtar\" \/>\n<meta property=\"og:description\" content=\"Komuniteti nd\u00ebrkomb\u00ebtar \u00ebsht\u00eb kritikuar nga lider\u00eb t\u00eb Kosov\u00ebs p\u00ebr qasje \u201cjo t\u00eb balancuar\u201d n\u00eb dialogun Kosov\u00eb-Serbi. Deklarata t\u00eb tilla, disa her\u00eb kan\u00eb ardhur nga kryeministri Albin Kurti, megjithat\u00eb, s\u00eb fundi jan\u00eb deklaruar edhe presidentja Vjosa Osmani dhe kryediplomatja Donika G\u00ebrvalla. Kosova vazhdon t\u00eb jet\u00eb ende n\u00ebn masa t\u00eb Bashkimit Evropian, t\u00eb cilat u vendos\u00ebn n\u00eb [&hellip;]\" \/>\n<meta property=\"og:url\" content=\"https:\/\/permbledhja.com\/sq\/pranojeni-se-ka-deshtuar-osmani-e-gervalla-me-kritika-per-komunitetin-nderkombetar\/\" \/>\n<meta property=\"og:site_name\" content=\"Ve\u00e7 artikuj p\u00ebrmbledh\u00ebs\" \/>\n<meta property=\"article:publisher\" content=\"https:\/\/www.facebook.com\/press07\/\" \/>\n<meta property=\"article:author\" content=\"https:\/\/www.facebook.com\/kafexhiu.muharrem\/\" \/>\n<meta property=\"article:published_time\" content=\"2023-12-16T08:56:20+00:00\" \/>\n<meta property=\"og:image\" content=\"https:\/\/permbledhja.com\/wp-content\/uploads\/2023\/12\/5389A05F-C729-4FB4-90D0-677A37196F87.jpeg\" \/>\n\t<meta property=\"og:image:width\" content=\"1154\" \/>\n\t<meta property=\"og:image:height\" content=\"885\" \/>\n\t<meta property=\"og:image:type\" content=\"image\/jpeg\" \/>\n<meta name=\"author\" content=\"P\u00ebrmbledhja\" \/>\n<meta name=\"twitter:card\" content=\"summary_large_image\" \/>\n<meta name=\"twitter:label1\" content=\"Written by\" \/>\n\t<meta name=\"twitter:data1\" content=\"P\u00ebrmbledhja\" \/>\n\t<meta name=\"twitter:label2\" content=\"Est. reading time\" \/>\n\t<meta name=\"twitter:data2\" content=\"3 minuta\" \/>\n<script type=\"application\/ld+json\" class=\"yoast-schema-graph\">{\"@context\":\"https:\/\/schema.org\",\"@graph\":[{\"@type\":\"Article\",\"@id\":\"https:\/\/permbledhja.com\/sq\/pranojeni-se-ka-deshtuar-osmani-e-gervalla-me-kritika-per-komunitetin-nderkombetar\/#article\",\"isPartOf\":{\"@id\":\"https:\/\/permbledhja.com\/sq\/pranojeni-se-ka-deshtuar-osmani-e-gervalla-me-kritika-per-komunitetin-nderkombetar\/\"},\"author\":{\"name\":\"P\u00ebrmbledhja\",\"@id\":\"https:\/\/permbledhja.com\/#\/schema\/person\/0d064377258d3221e50693947b9eb4fe\"},\"headline\":\"\u2018Pranojeni se ka d\u00ebshtuar&#8230;\u2019: Osmani e G\u00ebrvalla me kritika p\u00ebr komunitetin nd\u00ebrkomb\u00ebtar\",\"datePublished\":\"2023-12-16T08:56:20+00:00\",\"dateModified\":\"2023-12-16T08:56:20+00:00\",\"mainEntityOfPage\":{\"@id\":\"https:\/\/permbledhja.com\/sq\/pranojeni-se-ka-deshtuar-osmani-e-gervalla-me-kritika-per-komunitetin-nderkombetar\/\"},\"wordCount\":582,\"publisher\":{\"@id\":\"https:\/\/permbledhja.com\/#organization\"},\"keywords\":[\"Donika G\u00ebrvalla\",\"Vjosa Osmani\"],\"articleSection\":[\"Kryesoret\"],\"inLanguage\":\"sq\"},{\"@type\":\"WebPage\",\"@id\":\"https:\/\/permbledhja.com\/sq\/pranojeni-se-ka-deshtuar-osmani-e-gervalla-me-kritika-per-komunitetin-nderkombetar\/\",\"url\":\"https:\/\/permbledhja.com\/sq\/pranojeni-se-ka-deshtuar-osmani-e-gervalla-me-kritika-per-komunitetin-nderkombetar\/\",\"name\":\"\u2018Pranojeni se ka d\u00ebshtuar...\u2019: Osmani e G\u00ebrvalla me kritika p\u00ebr komunitetin nd\u00ebrkomb\u00ebtar\",\"isPartOf\":{\"@id\":\"https:\/\/permbledhja.com\/#website\"},\"datePublished\":\"2023-12-16T08:56:20+00:00\",\"dateModified\":\"2023-12-16T08:56:20+00:00\",\"breadcrumb\":{\"@id\":\"https:\/\/permbledhja.com\/sq\/pranojeni-se-ka-deshtuar-osmani-e-gervalla-me-kritika-per-komunitetin-nderkombetar\/#breadcrumb\"},\"inLanguage\":\"sq\",\"potentialAction\":[{\"@type\":\"ReadAction\",\"target\":[\"https:\/\/permbledhja.com\/sq\/pranojeni-se-ka-deshtuar-osmani-e-gervalla-me-kritika-per-komunitetin-nderkombetar\/\"]}]},{\"@type\":\"BreadcrumbList\",\"@id\":\"https:\/\/permbledhja.com\/sq\/pranojeni-se-ka-deshtuar-osmani-e-gervalla-me-kritika-per-komunitetin-nderkombetar\/#breadcrumb\",\"itemListElement\":[{\"@type\":\"ListItem\",\"position\":1,\"name\":\"Ballina\",\"item\":\"https:\/\/permbledhja.com\/sq\/\"},{\"@type\":\"ListItem\",\"position\":2,\"name\":\"\u2018Pranojeni se ka d\u00ebshtuar&#8230;\u2019: Osmani e G\u00ebrvalla me kritika p\u00ebr komunitetin nd\u00ebrkomb\u00ebtar\"}]},{\"@type\":\"WebSite\",\"@id\":\"https:\/\/permbledhja.com\/#website\",\"url\":\"https:\/\/permbledhja.com\/\",\"name\":\"Ve\u00e7 artikuj p\u00ebrmbledh\u00ebs\",\"description\":\"\",\"publisher\":{\"@id\":\"https:\/\/permbledhja.com\/#organization\"},\"potentialAction\":[{\"@type\":\"SearchAction\",\"target\":{\"@type\":\"EntryPoint\",\"urlTemplate\":\"https:\/\/permbledhja.com\/?s={search_term_string}\"},\"query-input\":\"required name=search_term_string\"}],\"inLanguage\":\"sq\"},{\"@type\":\"Organization\",\"@id\":\"https:\/\/permbledhja.com\/#organization\",\"name\":\"MK Media & Pr\",\"url\":\"https:\/\/permbledhja.com\/\",\"logo\":{\"@type\":\"ImageObject\",\"inLanguage\":\"sq\",\"@id\":\"https:\/\/permbledhja.com\/#\/schema\/logo\/image\/\",\"url\":\"https:\/\/permbledhja.com\/wp-content\/uploads\/2021\/12\/07-Press-Logo.jpg\",\"contentUrl\":\"https:\/\/permbledhja.com\/wp-content\/uploads\/2021\/12\/07-Press-Logo.jpg\",\"width\":512,\"height\":512,\"caption\":\"MK Media & Pr\"},\"image\":{\"@id\":\"https:\/\/permbledhja.com\/#\/schema\/logo\/image\/\"},\"sameAs\":[\"https:\/\/www.facebook.com\/press07\/\"]},{\"@type\":\"Person\",\"@id\":\"https:\/\/permbledhja.com\/#\/schema\/person\/0d064377258d3221e50693947b9eb4fe\",\"name\":\"P\u00ebrmbledhja\",\"image\":{\"@type\":\"ImageObject\",\"inLanguage\":\"sq\",\"@id\":\"https:\/\/permbledhja.com\/#\/schema\/person\/image\/\",\"url\":\"https:\/\/permbledhja.com\/wp-content\/uploads\/2026\/01\/452004717_1040944174702970_8932037511805513407_n-96x96.jpg\",\"contentUrl\":\"https:\/\/permbledhja.com\/wp-content\/uploads\/2026\/01\/452004717_1040944174702970_8932037511805513407_n-96x96.jpg\",\"caption\":\"P\u00ebrmbledhja\"},\"sameAs\":[\"https:\/\/www.facebook.com\/kafexhiu.muharrem\/\",\"https:\/\/www.instagram.com\/muharrem_kafexhiu\/\"],\"url\":\"https:\/\/permbledhja.com\/sq\/author\/admin\/\"}]}<\/script>\n<!-- \/ Yoast SEO plugin. -->","yoast_head_json":{"title":"\u2018Pranojeni se ka d\u00ebshtuar...\u2019: Osmani e G\u00ebrvalla me kritika p\u00ebr komunitetin nd\u00ebrkomb\u00ebtar","robots":{"index":"index","follow":"follow","max-snippet":"max-snippet:-1","max-image-preview":"max-image-preview:large","max-video-preview":"max-video-preview:-1"},"canonical":"https:\/\/permbledhja.com\/sq\/pranojeni-se-ka-deshtuar-osmani-e-gervalla-me-kritika-per-komunitetin-nderkombetar\/","og_locale":"sq_AL","og_type":"article","og_title":"\u2018Pranojeni se ka d\u00ebshtuar...\u2019: Osmani e G\u00ebrvalla me kritika p\u00ebr komunitetin nd\u00ebrkomb\u00ebtar","og_description":"Komuniteti nd\u00ebrkomb\u00ebtar \u00ebsht\u00eb kritikuar nga lider\u00eb t\u00eb Kosov\u00ebs p\u00ebr qasje \u201cjo t\u00eb balancuar\u201d n\u00eb dialogun Kosov\u00eb-Serbi. Deklarata t\u00eb tilla, disa her\u00eb kan\u00eb ardhur nga kryeministri Albin Kurti, megjithat\u00eb, s\u00eb fundi jan\u00eb deklaruar edhe presidentja Vjosa Osmani dhe kryediplomatja Donika G\u00ebrvalla. Kosova vazhdon t\u00eb jet\u00eb ende n\u00ebn masa t\u00eb Bashkimit Evropian, t\u00eb cilat u vendos\u00ebn n\u00eb [&hellip;]","og_url":"https:\/\/permbledhja.com\/sq\/pranojeni-se-ka-deshtuar-osmani-e-gervalla-me-kritika-per-komunitetin-nderkombetar\/","og_site_name":"Ve\u00e7 artikuj p\u00ebrmbledh\u00ebs","article_publisher":"https:\/\/www.facebook.com\/press07\/","article_author":"https:\/\/www.facebook.com\/kafexhiu.muharrem\/","article_published_time":"2023-12-16T08:56:20+00:00","og_image":[{"width":1154,"height":885,"url":"https:\/\/permbledhja.com\/wp-content\/uploads\/2023\/12\/5389A05F-C729-4FB4-90D0-677A37196F87.jpeg","type":"image\/jpeg"}],"author":"P\u00ebrmbledhja","twitter_card":"summary_large_image","twitter_misc":{"Written by":"P\u00ebrmbledhja","Est. reading time":"3 minuta"},"schema":{"@context":"https:\/\/schema.org","@graph":[{"@type":"Article","@id":"https:\/\/permbledhja.com\/sq\/pranojeni-se-ka-deshtuar-osmani-e-gervalla-me-kritika-per-komunitetin-nderkombetar\/#article","isPartOf":{"@id":"https:\/\/permbledhja.com\/sq\/pranojeni-se-ka-deshtuar-osmani-e-gervalla-me-kritika-per-komunitetin-nderkombetar\/"},"author":{"name":"P\u00ebrmbledhja","@id":"https:\/\/permbledhja.com\/#\/schema\/person\/0d064377258d3221e50693947b9eb4fe"},"headline":"\u2018Pranojeni se ka d\u00ebshtuar&#8230;\u2019: Osmani e G\u00ebrvalla me kritika p\u00ebr komunitetin nd\u00ebrkomb\u00ebtar","datePublished":"2023-12-16T08:56:20+00:00","dateModified":"2023-12-16T08:56:20+00:00","mainEntityOfPage":{"@id":"https:\/\/permbledhja.com\/sq\/pranojeni-se-ka-deshtuar-osmani-e-gervalla-me-kritika-per-komunitetin-nderkombetar\/"},"wordCount":582,"publisher":{"@id":"https:\/\/permbledhja.com\/#organization"},"keywords":["Donika G\u00ebrvalla","Vjosa Osmani"],"articleSection":["Kryesoret"],"inLanguage":"sq"},{"@type":"WebPage","@id":"https:\/\/permbledhja.com\/sq\/pranojeni-se-ka-deshtuar-osmani-e-gervalla-me-kritika-per-komunitetin-nderkombetar\/","url":"https:\/\/permbledhja.com\/sq\/pranojeni-se-ka-deshtuar-osmani-e-gervalla-me-kritika-per-komunitetin-nderkombetar\/","name":"\u2018Pranojeni se ka d\u00ebshtuar...\u2019: Osmani e G\u00ebrvalla me kritika p\u00ebr komunitetin nd\u00ebrkomb\u00ebtar","isPartOf":{"@id":"https:\/\/permbledhja.com\/#website"},"datePublished":"2023-12-16T08:56:20+00:00","dateModified":"2023-12-16T08:56:20+00:00","breadcrumb":{"@id":"https:\/\/permbledhja.com\/sq\/pranojeni-se-ka-deshtuar-osmani-e-gervalla-me-kritika-per-komunitetin-nderkombetar\/#breadcrumb"},"inLanguage":"sq","potentialAction":[{"@type":"ReadAction","target":["https:\/\/permbledhja.com\/sq\/pranojeni-se-ka-deshtuar-osmani-e-gervalla-me-kritika-per-komunitetin-nderkombetar\/"]}]},{"@type":"BreadcrumbList","@id":"https:\/\/permbledhja.com\/sq\/pranojeni-se-ka-deshtuar-osmani-e-gervalla-me-kritika-per-komunitetin-nderkombetar\/#breadcrumb","itemListElement":[{"@type":"ListItem","position":1,"name":"Ballina","item":"https:\/\/permbledhja.com\/sq\/"},{"@type":"ListItem","position":2,"name":"\u2018Pranojeni se ka d\u00ebshtuar&#8230;\u2019: Osmani e G\u00ebrvalla me kritika p\u00ebr komunitetin nd\u00ebrkomb\u00ebtar"}]},{"@type":"WebSite","@id":"https:\/\/permbledhja.com\/#website","url":"https:\/\/permbledhja.com\/","name":"Ve\u00e7 artikuj p\u00ebrmbledh\u00ebs","description":"","publisher":{"@id":"https:\/\/permbledhja.com\/#organization"},"potentialAction":[{"@type":"SearchAction","target":{"@type":"EntryPoint","urlTemplate":"https:\/\/permbledhja.com\/?s={search_term_string}"},"query-input":"required name=search_term_string"}],"inLanguage":"sq"},{"@type":"Organization","@id":"https:\/\/permbledhja.com\/#organization","name":"MK Media & Pr","url":"https:\/\/permbledhja.com\/","logo":{"@type":"ImageObject","inLanguage":"sq","@id":"https:\/\/permbledhja.com\/#\/schema\/logo\/image\/","url":"https:\/\/permbledhja.com\/wp-content\/uploads\/2021\/12\/07-Press-Logo.jpg","contentUrl":"https:\/\/permbledhja.com\/wp-content\/uploads\/2021\/12\/07-Press-Logo.jpg","width":512,"height":512,"caption":"MK Media & Pr"},"image":{"@id":"https:\/\/permbledhja.com\/#\/schema\/logo\/image\/"},"sameAs":["https:\/\/www.facebook.com\/press07\/"]},{"@type":"Person","@id":"https:\/\/permbledhja.com\/#\/schema\/person\/0d064377258d3221e50693947b9eb4fe","name":"P\u00ebrmbledhja","image":{"@type":"ImageObject","inLanguage":"sq","@id":"https:\/\/permbledhja.com\/#\/schema\/person\/image\/","url":"https:\/\/permbledhja.com\/wp-content\/uploads\/2026\/01\/452004717_1040944174702970_8932037511805513407_n-96x96.jpg","contentUrl":"https:\/\/permbledhja.com\/wp-content\/uploads\/2026\/01\/452004717_1040944174702970_8932037511805513407_n-96x96.jpg","caption":"P\u00ebrmbledhja"},"sameAs":["https:\/\/www.facebook.com\/kafexhiu.muharrem\/","https:\/\/www.instagram.com\/muharrem_kafexhiu\/"],"url":"https:\/\/permbledhja.com\/sq\/author\/admin\/"}]}},"_links":{"self":[{"href":"https:\/\/permbledhja.com\/sq\/wp-json\/wp\/v2\/posts\/39769"}],"collection":[{"href":"https:\/\/permbledhja.com\/sq\/wp-json\/wp\/v2\/posts"}],"about":[{"href":"https:\/\/permbledhja.com\/sq\/wp-json\/wp\/v2\/types\/post"}],"author":[{"embeddable":true,"href":"https:\/\/permbledhja.com\/sq\/wp-json\/wp\/v2\/users\/1"}],"replies":[{"embeddable":true,"href":"https:\/\/permbledhja.com\/sq\/wp-json\/wp\/v2\/comments?post=39769"}],"version-history":[{"count":1,"href":"https:\/\/permbledhja.com\/sq\/wp-json\/wp\/v2\/posts\/39769\/revisions"}],"predecessor-version":[{"id":39771,"href":"https:\/\/permbledhja.com\/sq\/wp-json\/wp\/v2\/posts\/39769\/revisions\/39771"}],"wp:featuredmedia":[{"embeddable":true,"href":"https:\/\/permbledhja.com\/sq\/wp-json\/wp\/v2\/media\/39770"}],"wp:attachment":[{"href":"https:\/\/permbledhja.com\/sq\/wp-json\/wp\/v2\/media?parent=39769"}],"wp:term":[{"taxonomy":"category","embeddable":true,"href":"https:\/\/permbledhja.com\/sq\/wp-json\/wp\/v2\/categories?post=39769"},{"taxonomy":"post_tag","embeddable":true,"href":"https:\/\/permbledhja.com\/sq\/wp-json\/wp\/v2\/tags?post=39769"}],"curies":[{"name":"wp","href":"https:\/\/api.w.org\/{rel}","templated":true}]}}