{"id":39736,"date":"2023-12-15T13:47:32","date_gmt":"2023-12-15T13:47:32","guid":{"rendered":"https:\/\/permbledhja.com\/?p=39736"},"modified":"2023-12-15T13:47:32","modified_gmt":"2023-12-15T13:47:32","slug":"kurti-u-takua-me-ambasadorin-hovenier-zkm-tregon-cka-u-diskutua","status":"publish","type":"post","link":"https:\/\/permbledhja.com\/sq\/kurti-u-takua-me-ambasadorin-hovenier-zkm-tregon-cka-u-diskutua\/","title":{"rendered":"Kurti u takua me ambasadorin Hovenier, ZKM tregon \u00e7ka u diskutua"},"content":{"rendered":"<h3>Kryeministri Albin Kurti \u00ebsht\u00eb takuar sot me \u00a0ambasadorin amerikan, Jeffrey Hovenier dhe Drejtoresh\u00ebn p\u00ebr \u00c7\u00ebshtje t\u00eb Evrop\u00ebs Qendrore dhe Jugore n\u00eb Departamentin e Shtetit Amerikan, Collen Hyland, me t\u00eb cil\u00ebt diskutoi p\u00ebr marr\u00ebdh\u00ebniet n\u00eb mes t\u00eb dy vendeve.<\/h3>\n<p>Pjes\u00eb e diskutimit ishte edhe bashk\u00ebpunimi n\u00eb shum\u00eb fusha p\u00ebrfshir\u00eb edhe at\u00eb t\u00eb konvertimit t\u00eb targave n\u00eb RKS.<\/p>\n<p>\u201cS\u00eb bashku diskutuan p\u00ebr marr\u00ebdh\u00ebniet e forta dypal\u00ebshe nd\u00ebrmjet vendeve tona, bashk\u00ebpunimin n\u00eb shum\u00eb fusha, dhe tema e \u00e7\u00ebshtje q\u00eb na presin deri n\u00eb p\u00ebrfundim t\u00eb vitit dhe vitin q\u00eb po vjen. Nj\u00eb prej tyre ishte \u00e7\u00ebshtja e procesit t\u00eb konvertimit t\u00eb targave, nga i cili deri m\u00eb tani mbi 4200 qytetar\u00eb serb\u00eb t\u00eb Kosov\u00ebs kan\u00eb p\u00ebrfituar prej leht\u00ebsimeve financiare t\u00eb Qeveris\u00eb p\u00ebr regjistrimin e veturave me targa RKS\u201d, thuhet n\u00eb njoftim.<\/p>\n<p>Kurti poashtu ka fal\u00ebnderuar ambasadorin amerikan p\u00ebr p\u00ebrkrahjen ndaj Kosov\u00ebs, teksa p\u00ebrmendi sulmin e serb\u00ebve ndaj pjes\u00ebtar\u00ebve t\u00eb KFOR-it, sulmin n\u00eb Banjsk\u00eb, rr\u00ebmbimin e tre polic\u00ebve dhe vrasjen e rreshterit policor Afrim Bunjaku.<\/p>\n<div>\n<p>\u201cKryeministri Kurti fal\u00ebnderoi Ambasadorin Hovenier dhe Shtetet e Bashkuara t\u00eb Amerik\u00ebs p\u00ebr bashk\u00ebpunimin e ngusht\u00eb dhe mb\u00ebshtetjen e vazhdueshme p\u00ebrgjat\u00eb gjith\u00eb vitit. Vit ky q\u00eb krahas zhvillimit dhe progresit ishte vit sfidues ve\u00e7an\u00ebrisht n\u00eb aspektin e siguris\u00eb p\u00ebr shkak t\u00eb sjelljes agresive t\u00eb Serbis\u00eb ndaj Kosov\u00ebs dhe strukturave kriminale t\u00eb saj, q\u00eb u p\u00ebrcoll me tensione, sulme ndaj pjes\u00ebtar\u00ebve t\u00eb KFOR-it, institucioneve vendore e t\u00eb gazetar\u00ebve n\u00eb kat\u00ebr komuna n\u00eb veri, rr\u00ebmbimin e tre polic\u00ebve t\u00eb Kosov\u00ebs brenda territorit ton\u00eb, dhe sulmi terrorist e paramilitar i 24 shtatorit n\u00eb Banjsk\u00eb t\u00eb Zve\u00e7anit ku mbeti i vrar\u00eb rreshteri i policor, tani Heroi i Kosov\u00ebs, Afrim Bunjaku\u201d, thuhet nd\u00ebr t\u00eb tjera n\u00eb njoftim.<\/p>\n<\/div>\n","protected":false},"excerpt":{"rendered":"<p>Kryeministri Albin Kurti \u00ebsht\u00eb takuar sot me \u00a0ambasadorin amerikan, Jeffrey Hovenier dhe Drejtoresh\u00ebn p\u00ebr \u00c7\u00ebshtje t\u00eb Evrop\u00ebs Qendrore dhe Jugore n\u00eb Departamentin e Shtetit Amerikan, Collen Hyland, me t\u00eb cil\u00ebt diskutoi p\u00ebr marr\u00ebdh\u00ebniet n\u00eb mes t\u00eb dy vendeve. Pjes\u00eb e diskutimit ishte edhe bashk\u00ebpunimi n\u00eb shum\u00eb fusha p\u00ebrfshir\u00eb edhe at\u00eb t\u00eb konvertimit t\u00eb targave n\u00eb [&hellip;]<\/p>\n","protected":false},"author":1,"featured_media":39737,"comment_status":"closed","ping_status":"closed","sticky":false,"template":"","format":"standard","meta":{"_monsterinsights_skip_tracking":false,"_monsterinsights_sitenote_active":false,"_monsterinsights_sitenote_note":"","_monsterinsights_sitenote_category":0,"_uf_show_specific_survey":0,"_uf_disable_surveys":false,"footnotes":""},"categories":[1146],"tags":[86],"yoast_head":"<!-- This site is optimized with the Yoast SEO plugin v21.5 - https:\/\/yoast.com\/wordpress\/plugins\/seo\/ -->\n<title>Kurti u takua me ambasadorin Hovenier, ZKM tregon \u00e7ka u diskutua<\/title>\n<meta name=\"robots\" content=\"index, follow, max-snippet:-1, max-image-preview:large, max-video-preview:-1\" \/>\n<link rel=\"canonical\" href=\"https:\/\/permbledhja.com\/sq\/kurti-u-takua-me-ambasadorin-hovenier-zkm-tregon-cka-u-diskutua\/\" \/>\n<meta property=\"og:locale\" content=\"sq_AL\" \/>\n<meta property=\"og:type\" content=\"article\" \/>\n<meta property=\"og:title\" content=\"Kurti u takua me ambasadorin Hovenier, ZKM tregon \u00e7ka u diskutua\" \/>\n<meta property=\"og:description\" content=\"Kryeministri Albin Kurti \u00ebsht\u00eb takuar sot me \u00a0ambasadorin amerikan, Jeffrey Hovenier dhe Drejtoresh\u00ebn p\u00ebr \u00c7\u00ebshtje t\u00eb Evrop\u00ebs Qendrore dhe Jugore n\u00eb Departamentin e Shtetit Amerikan, Collen Hyland, me t\u00eb cil\u00ebt diskutoi p\u00ebr marr\u00ebdh\u00ebniet n\u00eb mes t\u00eb dy vendeve. Pjes\u00eb e diskutimit ishte edhe bashk\u00ebpunimi n\u00eb shum\u00eb fusha p\u00ebrfshir\u00eb edhe at\u00eb t\u00eb konvertimit t\u00eb targave n\u00eb [&hellip;]\" \/>\n<meta property=\"og:url\" content=\"https:\/\/permbledhja.com\/sq\/kurti-u-takua-me-ambasadorin-hovenier-zkm-tregon-cka-u-diskutua\/\" \/>\n<meta property=\"og:site_name\" content=\"Ve\u00e7 artikuj p\u00ebrmbledh\u00ebs\" \/>\n<meta property=\"article:publisher\" content=\"https:\/\/www.facebook.com\/press07\/\" \/>\n<meta property=\"article:author\" content=\"https:\/\/www.facebook.com\/kafexhiu.muharrem\/\" \/>\n<meta property=\"article:published_time\" content=\"2023-12-15T13:47:32+00:00\" \/>\n<meta property=\"og:image\" content=\"https:\/\/permbledhja.com\/wp-content\/uploads\/2023\/12\/E7DE8D11-4192-4CAB-BF80-BE2C4415B5E9.jpeg\" \/>\n\t<meta property=\"og:image:width\" content=\"600\" \/>\n\t<meta property=\"og:image:height\" content=\"360\" \/>\n\t<meta property=\"og:image:type\" content=\"image\/jpeg\" \/>\n<meta name=\"author\" content=\"P\u00ebrmbledhja\" \/>\n<meta name=\"twitter:card\" content=\"summary_large_image\" \/>\n<meta name=\"twitter:label1\" content=\"Written by\" \/>\n\t<meta name=\"twitter:data1\" content=\"P\u00ebrmbledhja\" \/>\n\t<meta name=\"twitter:label2\" content=\"Est. reading time\" \/>\n\t<meta name=\"twitter:data2\" content=\"2 minuta\" \/>\n<script type=\"application\/ld+json\" class=\"yoast-schema-graph\">{\"@context\":\"https:\/\/schema.org\",\"@graph\":[{\"@type\":\"Article\",\"@id\":\"https:\/\/permbledhja.com\/kurti-u-takua-me-ambasadorin-hovenier-zkm-tregon-cka-u-diskutua\/#article\",\"isPartOf\":{\"@id\":\"https:\/\/permbledhja.com\/kurti-u-takua-me-ambasadorin-hovenier-zkm-tregon-cka-u-diskutua\/\"},\"author\":{\"name\":\"P\u00ebrmbledhja\",\"@id\":\"https:\/\/permbledhja.com\/#\/schema\/person\/0d064377258d3221e50693947b9eb4fe\"},\"headline\":\"Kurti u takua me ambasadorin Hovenier, ZKM tregon \u00e7ka u diskutua\",\"datePublished\":\"2023-12-15T13:47:32+00:00\",\"dateModified\":\"2023-12-15T13:47:32+00:00\",\"mainEntityOfPage\":{\"@id\":\"https:\/\/permbledhja.com\/kurti-u-takua-me-ambasadorin-hovenier-zkm-tregon-cka-u-diskutua\/\"},\"wordCount\":332,\"publisher\":{\"@id\":\"https:\/\/permbledhja.com\/#organization\"},\"keywords\":[\"Albin Kurti\"],\"articleSection\":[\"Kryesoret\"],\"inLanguage\":\"sq\"},{\"@type\":\"WebPage\",\"@id\":\"https:\/\/permbledhja.com\/kurti-u-takua-me-ambasadorin-hovenier-zkm-tregon-cka-u-diskutua\/\",\"url\":\"https:\/\/permbledhja.com\/kurti-u-takua-me-ambasadorin-hovenier-zkm-tregon-cka-u-diskutua\/\",\"name\":\"Kurti u takua me ambasadorin Hovenier, ZKM tregon \u00e7ka u diskutua\",\"isPartOf\":{\"@id\":\"https:\/\/permbledhja.com\/#website\"},\"datePublished\":\"2023-12-15T13:47:32+00:00\",\"dateModified\":\"2023-12-15T13:47:32+00:00\",\"breadcrumb\":{\"@id\":\"https:\/\/permbledhja.com\/kurti-u-takua-me-ambasadorin-hovenier-zkm-tregon-cka-u-diskutua\/#breadcrumb\"},\"inLanguage\":\"sq\",\"potentialAction\":[{\"@type\":\"ReadAction\",\"target\":[\"https:\/\/permbledhja.com\/kurti-u-takua-me-ambasadorin-hovenier-zkm-tregon-cka-u-diskutua\/\"]}]},{\"@type\":\"BreadcrumbList\",\"@id\":\"https:\/\/permbledhja.com\/kurti-u-takua-me-ambasadorin-hovenier-zkm-tregon-cka-u-diskutua\/#breadcrumb\",\"itemListElement\":[{\"@type\":\"ListItem\",\"position\":1,\"name\":\"Ballina\",\"item\":\"https:\/\/permbledhja.com\/sq\/\"},{\"@type\":\"ListItem\",\"position\":2,\"name\":\"Kurti u takua me ambasadorin Hovenier, ZKM tregon \u00e7ka u diskutua\"}]},{\"@type\":\"WebSite\",\"@id\":\"https:\/\/permbledhja.com\/#website\",\"url\":\"https:\/\/permbledhja.com\/\",\"name\":\"Ve\u00e7 artikuj p\u00ebrmbledh\u00ebs\",\"description\":\"\",\"publisher\":{\"@id\":\"https:\/\/permbledhja.com\/#organization\"},\"potentialAction\":[{\"@type\":\"SearchAction\",\"target\":{\"@type\":\"EntryPoint\",\"urlTemplate\":\"https:\/\/permbledhja.com\/?s={search_term_string}\"},\"query-input\":\"required name=search_term_string\"}],\"inLanguage\":\"sq\"},{\"@type\":\"Organization\",\"@id\":\"https:\/\/permbledhja.com\/#organization\",\"name\":\"MK Media & Pr\",\"url\":\"https:\/\/permbledhja.com\/\",\"logo\":{\"@type\":\"ImageObject\",\"inLanguage\":\"sq\",\"@id\":\"https:\/\/permbledhja.com\/#\/schema\/logo\/image\/\",\"url\":\"https:\/\/permbledhja.com\/wp-content\/uploads\/2021\/12\/07-Press-Logo.jpg\",\"contentUrl\":\"https:\/\/permbledhja.com\/wp-content\/uploads\/2021\/12\/07-Press-Logo.jpg\",\"width\":512,\"height\":512,\"caption\":\"MK Media & Pr\"},\"image\":{\"@id\":\"https:\/\/permbledhja.com\/#\/schema\/logo\/image\/\"},\"sameAs\":[\"https:\/\/www.facebook.com\/press07\/\"]},{\"@type\":\"Person\",\"@id\":\"https:\/\/permbledhja.com\/#\/schema\/person\/0d064377258d3221e50693947b9eb4fe\",\"name\":\"P\u00ebrmbledhja\",\"image\":{\"@type\":\"ImageObject\",\"inLanguage\":\"sq\",\"@id\":\"https:\/\/permbledhja.com\/#\/schema\/person\/image\/\",\"url\":\"https:\/\/permbledhja.com\/wp-content\/uploads\/2026\/01\/452004717_1040944174702970_8932037511805513407_n-96x96.jpg\",\"contentUrl\":\"https:\/\/permbledhja.com\/wp-content\/uploads\/2026\/01\/452004717_1040944174702970_8932037511805513407_n-96x96.jpg\",\"caption\":\"P\u00ebrmbledhja\"},\"sameAs\":[\"https:\/\/www.facebook.com\/kafexhiu.muharrem\/\",\"https:\/\/www.instagram.com\/muharrem_kafexhiu\/\"],\"url\":\"https:\/\/permbledhja.com\/sq\/author\/admin\/\"}]}<\/script>\n<!-- \/ Yoast SEO plugin. -->","yoast_head_json":{"title":"Kurti u takua me ambasadorin Hovenier, ZKM tregon \u00e7ka u diskutua","robots":{"index":"index","follow":"follow","max-snippet":"max-snippet:-1","max-image-preview":"max-image-preview:large","max-video-preview":"max-video-preview:-1"},"canonical":"https:\/\/permbledhja.com\/sq\/kurti-u-takua-me-ambasadorin-hovenier-zkm-tregon-cka-u-diskutua\/","og_locale":"sq_AL","og_type":"article","og_title":"Kurti u takua me ambasadorin Hovenier, ZKM tregon \u00e7ka u diskutua","og_description":"Kryeministri Albin Kurti \u00ebsht\u00eb takuar sot me \u00a0ambasadorin amerikan, Jeffrey Hovenier dhe Drejtoresh\u00ebn p\u00ebr \u00c7\u00ebshtje t\u00eb Evrop\u00ebs Qendrore dhe Jugore n\u00eb Departamentin e Shtetit Amerikan, Collen Hyland, me t\u00eb cil\u00ebt diskutoi p\u00ebr marr\u00ebdh\u00ebniet n\u00eb mes t\u00eb dy vendeve. Pjes\u00eb e diskutimit ishte edhe bashk\u00ebpunimi n\u00eb shum\u00eb fusha p\u00ebrfshir\u00eb edhe at\u00eb t\u00eb konvertimit t\u00eb targave n\u00eb [&hellip;]","og_url":"https:\/\/permbledhja.com\/sq\/kurti-u-takua-me-ambasadorin-hovenier-zkm-tregon-cka-u-diskutua\/","og_site_name":"Ve\u00e7 artikuj p\u00ebrmbledh\u00ebs","article_publisher":"https:\/\/www.facebook.com\/press07\/","article_author":"https:\/\/www.facebook.com\/kafexhiu.muharrem\/","article_published_time":"2023-12-15T13:47:32+00:00","og_image":[{"width":600,"height":360,"url":"https:\/\/permbledhja.com\/wp-content\/uploads\/2023\/12\/E7DE8D11-4192-4CAB-BF80-BE2C4415B5E9.jpeg","type":"image\/jpeg"}],"author":"P\u00ebrmbledhja","twitter_card":"summary_large_image","twitter_misc":{"Written by":"P\u00ebrmbledhja","Est. reading time":"2 minuta"},"schema":{"@context":"https:\/\/schema.org","@graph":[{"@type":"Article","@id":"https:\/\/permbledhja.com\/kurti-u-takua-me-ambasadorin-hovenier-zkm-tregon-cka-u-diskutua\/#article","isPartOf":{"@id":"https:\/\/permbledhja.com\/kurti-u-takua-me-ambasadorin-hovenier-zkm-tregon-cka-u-diskutua\/"},"author":{"name":"P\u00ebrmbledhja","@id":"https:\/\/permbledhja.com\/#\/schema\/person\/0d064377258d3221e50693947b9eb4fe"},"headline":"Kurti u takua me ambasadorin Hovenier, ZKM tregon \u00e7ka u diskutua","datePublished":"2023-12-15T13:47:32+00:00","dateModified":"2023-12-15T13:47:32+00:00","mainEntityOfPage":{"@id":"https:\/\/permbledhja.com\/kurti-u-takua-me-ambasadorin-hovenier-zkm-tregon-cka-u-diskutua\/"},"wordCount":332,"publisher":{"@id":"https:\/\/permbledhja.com\/#organization"},"keywords":["Albin Kurti"],"articleSection":["Kryesoret"],"inLanguage":"sq"},{"@type":"WebPage","@id":"https:\/\/permbledhja.com\/kurti-u-takua-me-ambasadorin-hovenier-zkm-tregon-cka-u-diskutua\/","url":"https:\/\/permbledhja.com\/kurti-u-takua-me-ambasadorin-hovenier-zkm-tregon-cka-u-diskutua\/","name":"Kurti u takua me ambasadorin Hovenier, ZKM tregon \u00e7ka u diskutua","isPartOf":{"@id":"https:\/\/permbledhja.com\/#website"},"datePublished":"2023-12-15T13:47:32+00:00","dateModified":"2023-12-15T13:47:32+00:00","breadcrumb":{"@id":"https:\/\/permbledhja.com\/kurti-u-takua-me-ambasadorin-hovenier-zkm-tregon-cka-u-diskutua\/#breadcrumb"},"inLanguage":"sq","potentialAction":[{"@type":"ReadAction","target":["https:\/\/permbledhja.com\/kurti-u-takua-me-ambasadorin-hovenier-zkm-tregon-cka-u-diskutua\/"]}]},{"@type":"BreadcrumbList","@id":"https:\/\/permbledhja.com\/kurti-u-takua-me-ambasadorin-hovenier-zkm-tregon-cka-u-diskutua\/#breadcrumb","itemListElement":[{"@type":"ListItem","position":1,"name":"Ballina","item":"https:\/\/permbledhja.com\/sq\/"},{"@type":"ListItem","position":2,"name":"Kurti u takua me ambasadorin Hovenier, ZKM tregon \u00e7ka u diskutua"}]},{"@type":"WebSite","@id":"https:\/\/permbledhja.com\/#website","url":"https:\/\/permbledhja.com\/","name":"Ve\u00e7 artikuj p\u00ebrmbledh\u00ebs","description":"","publisher":{"@id":"https:\/\/permbledhja.com\/#organization"},"potentialAction":[{"@type":"SearchAction","target":{"@type":"EntryPoint","urlTemplate":"https:\/\/permbledhja.com\/?s={search_term_string}"},"query-input":"required name=search_term_string"}],"inLanguage":"sq"},{"@type":"Organization","@id":"https:\/\/permbledhja.com\/#organization","name":"MK Media & Pr","url":"https:\/\/permbledhja.com\/","logo":{"@type":"ImageObject","inLanguage":"sq","@id":"https:\/\/permbledhja.com\/#\/schema\/logo\/image\/","url":"https:\/\/permbledhja.com\/wp-content\/uploads\/2021\/12\/07-Press-Logo.jpg","contentUrl":"https:\/\/permbledhja.com\/wp-content\/uploads\/2021\/12\/07-Press-Logo.jpg","width":512,"height":512,"caption":"MK Media & Pr"},"image":{"@id":"https:\/\/permbledhja.com\/#\/schema\/logo\/image\/"},"sameAs":["https:\/\/www.facebook.com\/press07\/"]},{"@type":"Person","@id":"https:\/\/permbledhja.com\/#\/schema\/person\/0d064377258d3221e50693947b9eb4fe","name":"P\u00ebrmbledhja","image":{"@type":"ImageObject","inLanguage":"sq","@id":"https:\/\/permbledhja.com\/#\/schema\/person\/image\/","url":"https:\/\/permbledhja.com\/wp-content\/uploads\/2026\/01\/452004717_1040944174702970_8932037511805513407_n-96x96.jpg","contentUrl":"https:\/\/permbledhja.com\/wp-content\/uploads\/2026\/01\/452004717_1040944174702970_8932037511805513407_n-96x96.jpg","caption":"P\u00ebrmbledhja"},"sameAs":["https:\/\/www.facebook.com\/kafexhiu.muharrem\/","https:\/\/www.instagram.com\/muharrem_kafexhiu\/"],"url":"https:\/\/permbledhja.com\/sq\/author\/admin\/"}]}},"_links":{"self":[{"href":"https:\/\/permbledhja.com\/sq\/wp-json\/wp\/v2\/posts\/39736"}],"collection":[{"href":"https:\/\/permbledhja.com\/sq\/wp-json\/wp\/v2\/posts"}],"about":[{"href":"https:\/\/permbledhja.com\/sq\/wp-json\/wp\/v2\/types\/post"}],"author":[{"embeddable":true,"href":"https:\/\/permbledhja.com\/sq\/wp-json\/wp\/v2\/users\/1"}],"replies":[{"embeddable":true,"href":"https:\/\/permbledhja.com\/sq\/wp-json\/wp\/v2\/comments?post=39736"}],"version-history":[{"count":1,"href":"https:\/\/permbledhja.com\/sq\/wp-json\/wp\/v2\/posts\/39736\/revisions"}],"predecessor-version":[{"id":39738,"href":"https:\/\/permbledhja.com\/sq\/wp-json\/wp\/v2\/posts\/39736\/revisions\/39738"}],"wp:featuredmedia":[{"embeddable":true,"href":"https:\/\/permbledhja.com\/sq\/wp-json\/wp\/v2\/media\/39737"}],"wp:attachment":[{"href":"https:\/\/permbledhja.com\/sq\/wp-json\/wp\/v2\/media?parent=39736"}],"wp:term":[{"taxonomy":"category","embeddable":true,"href":"https:\/\/permbledhja.com\/sq\/wp-json\/wp\/v2\/categories?post=39736"},{"taxonomy":"post_tag","embeddable":true,"href":"https:\/\/permbledhja.com\/sq\/wp-json\/wp\/v2\/tags?post=39736"}],"curies":[{"name":"wp","href":"https:\/\/api.w.org\/{rel}","templated":true}]}}