{"id":39572,"date":"2023-12-13T17:57:34","date_gmt":"2023-12-13T17:57:34","guid":{"rendered":"https:\/\/permbledhja.com\/?p=39572"},"modified":"2023-12-13T17:57:34","modified_gmt":"2023-12-13T17:57:34","slug":"osmani-asociacionin-e-bejme-sipas-drafit-te-be-se-nese-skrijon-nivel-shtese-qeverisjeje-dhe-ska-rrezik-per-srpska-te-dyte","status":"publish","type":"post","link":"https:\/\/permbledhja.com\/sq\/osmani-asociacionin-e-bejme-sipas-drafit-te-be-se-nese-skrijon-nivel-shtese-qeverisjeje-dhe-ska-rrezik-per-srpska-te-dyte\/","title":{"rendered":"Osmani: Asociacionin e b\u00ebjm\u00eb sipas Drafit t\u00eb BE-s\u00eb n\u00ebse s\u2019krijon nivel shtes\u00eb qeverisjeje dhe s\u2019ka rrezik p\u00ebr \u201cSrpska\u201d t\u00eb dyt\u00eb"},"content":{"rendered":"<h3>Presidentja e Republik\u00ebs s\u00eb Kosov\u00ebs, Vjosa Osmani, n\u00eb paraqitjen para gazetar\u00ebve n\u00eb Bruksel \u00ebsht\u00eb pyetur edhe p\u00ebr \u00e7\u00ebshtjen e themelimit t\u00eb Asociacionit.<\/h3>\n<p>Osmani ka th\u00ebn\u00eb se emisar\u00ebt m\u00eb 21 tetor e kan\u00eb propozuar nj\u00eb Draft p\u00ebr komunat me shumic\u00eb serbe dhe se ai draft duhet t\u00eb shkoj\u00eb p\u00ebr verifikim n\u00eb Gjykat\u00eb Kushtetuese. Osmani ka th\u00ebn\u00eb se n\u00ebse \u00ebsht\u00eb n\u00eb p\u00ebrputhje me Kushtetut\u00ebn, n\u00ebse s\u2019e krijo nj\u00eb nivel shtes\u00eb t\u00eb qeverisjes e n\u00ebse s\u2019ka rrezik p\u00ebr \u201cSrpska\u201d t\u00eb dyt\u00eb, at\u00ebher\u00eb sigurisht q\u00eb Kosova do ta themeloj\u00eb, raporton Gazeta Express.<\/p>\n<p>Presidentja ka th\u00ebn\u00eb se ata q\u00eb e kan\u00eb shkruar Draftin kan\u00eb th\u00ebn\u00eb se Asociacioni s\u2019e b\u00ebn asnj\u00eb prej k\u00ebtyre, por thot\u00eb se vet\u00ebm Gjykata Kushtetuese mund ta jap\u00eb nj\u00eb konfirmim t\u00eb till\u00eb.<\/p>\n<p>\u201cSigurisht, Marr\u00ebveshja e Brukselit, p\u00ebrfshin\u00eb implementimin e marr\u00ebveshjeve t\u00eb kaluara. Emisar\u00ebt propozuan nj\u00eb draft statut p\u00ebr komunat me shumic\u00eb serbe dhe ai duhet t\u00eb shkoj\u00eb n\u00eb Gjykat\u00eb Kushtetuese. N\u00ebse \u00ebsht\u00eb n\u00eb p\u00ebrputhje me Kushtetut\u00ebn dhe n\u00ebse nuk krijon nj\u00eb nivel shtes\u00eb t\u00eb qeverisjes, n\u00ebse s\u2019paraqet ndonj\u00eb rrezik p\u00ebr nj\u00eb Republika Srpska t\u00eb dyt\u00eb , sigurisht q\u00eb do t\u00eb implementohet. Sigurisht, ata q\u00eb e kan\u00eb draftuar jan\u00eb t\u00eb sigurt q\u00eb s\u2019e krijon asnj\u00eb prej k\u00ebtyre, por Gjykata Kushtetuese \u00ebsht\u00eb i vetmi trup q\u00eb mund ta jap\u00eb nj\u00eb konfirmim t\u00eb till\u00eb\u201d, ka th\u00ebn\u00eb presidentja Vjosa Osmani.<\/p>\n","protected":false},"excerpt":{"rendered":"<p>Presidentja e Republik\u00ebs s\u00eb Kosov\u00ebs, Vjosa Osmani, n\u00eb paraqitjen para gazetar\u00ebve n\u00eb Bruksel \u00ebsht\u00eb pyetur edhe p\u00ebr \u00e7\u00ebshtjen e themelimit t\u00eb Asociacionit. Osmani ka th\u00ebn\u00eb se emisar\u00ebt m\u00eb 21 tetor e kan\u00eb propozuar nj\u00eb Draft p\u00ebr komunat me shumic\u00eb serbe dhe se ai draft duhet t\u00eb shkoj\u00eb p\u00ebr verifikim n\u00eb Gjykat\u00eb Kushtetuese. Osmani ka th\u00ebn\u00eb [&hellip;]<\/p>\n","protected":false},"author":1,"featured_media":37059,"comment_status":"closed","ping_status":"closed","sticky":false,"template":"","format":"standard","meta":{"_monsterinsights_skip_tracking":false,"_monsterinsights_sitenote_active":false,"_monsterinsights_sitenote_note":"","_monsterinsights_sitenote_category":0,"_uf_show_specific_survey":0,"_uf_disable_surveys":false,"footnotes":""},"categories":[1146],"tags":[163],"yoast_head":"<!-- This site is optimized with the Yoast SEO plugin v21.5 - https:\/\/yoast.com\/wordpress\/plugins\/seo\/ -->\n<title>Osmani: Asociacionin e b\u00ebjm\u00eb sipas Drafit t\u00eb BE-s\u00eb n\u00ebse s\u2019krijon nivel shtes\u00eb qeverisjeje dhe s\u2019ka rrezik p\u00ebr \u201cSrpska\u201d t\u00eb dyt\u00eb<\/title>\n<meta name=\"robots\" content=\"index, follow, max-snippet:-1, max-image-preview:large, max-video-preview:-1\" \/>\n<link rel=\"canonical\" href=\"https:\/\/permbledhja.com\/sq\/osmani-asociacionin-e-bejme-sipas-drafit-te-be-se-nese-skrijon-nivel-shtese-qeverisjeje-dhe-ska-rrezik-per-srpska-te-dyte\/\" \/>\n<meta property=\"og:locale\" content=\"sq_AL\" \/>\n<meta property=\"og:type\" content=\"article\" \/>\n<meta property=\"og:title\" content=\"Osmani: Asociacionin e b\u00ebjm\u00eb sipas Drafit t\u00eb BE-s\u00eb n\u00ebse s\u2019krijon nivel shtes\u00eb qeverisjeje dhe s\u2019ka rrezik p\u00ebr \u201cSrpska\u201d t\u00eb dyt\u00eb\" \/>\n<meta property=\"og:description\" content=\"Presidentja e Republik\u00ebs s\u00eb Kosov\u00ebs, Vjosa Osmani, n\u00eb paraqitjen para gazetar\u00ebve n\u00eb Bruksel \u00ebsht\u00eb pyetur edhe p\u00ebr \u00e7\u00ebshtjen e themelimit t\u00eb Asociacionit. Osmani ka th\u00ebn\u00eb se emisar\u00ebt m\u00eb 21 tetor e kan\u00eb propozuar nj\u00eb Draft p\u00ebr komunat me shumic\u00eb serbe dhe se ai draft duhet t\u00eb shkoj\u00eb p\u00ebr verifikim n\u00eb Gjykat\u00eb Kushtetuese. Osmani ka th\u00ebn\u00eb [&hellip;]\" \/>\n<meta property=\"og:url\" content=\"https:\/\/permbledhja.com\/sq\/osmani-asociacionin-e-bejme-sipas-drafit-te-be-se-nese-skrijon-nivel-shtese-qeverisjeje-dhe-ska-rrezik-per-srpska-te-dyte\/\" \/>\n<meta property=\"og:site_name\" content=\"Ve\u00e7 artikuj p\u00ebrmbledh\u00ebs\" \/>\n<meta property=\"article:publisher\" content=\"https:\/\/www.facebook.com\/press07\/\" \/>\n<meta property=\"article:author\" content=\"https:\/\/www.facebook.com\/kafexhiu.muharrem\/\" \/>\n<meta property=\"article:published_time\" content=\"2023-12-13T17:57:34+00:00\" \/>\n<meta property=\"og:image\" content=\"https:\/\/permbledhja.com\/wp-content\/uploads\/2023\/11\/Vjosa-Osmani-7.jpg\" \/>\n\t<meta property=\"og:image:width\" content=\"878\" \/>\n\t<meta property=\"og:image:height\" content=\"579\" \/>\n\t<meta property=\"og:image:type\" content=\"image\/jpeg\" \/>\n<meta name=\"author\" content=\"P\u00ebrmbledhja\" \/>\n<meta name=\"twitter:card\" content=\"summary_large_image\" \/>\n<meta name=\"twitter:label1\" content=\"Written by\" \/>\n\t<meta name=\"twitter:data1\" content=\"P\u00ebrmbledhja\" \/>\n\t<meta name=\"twitter:label2\" content=\"Est. reading time\" \/>\n\t<meta name=\"twitter:data2\" content=\"2 minuta\" \/>\n<script type=\"application\/ld+json\" class=\"yoast-schema-graph\">{\"@context\":\"https:\/\/schema.org\",\"@graph\":[{\"@type\":\"Article\",\"@id\":\"https:\/\/permbledhja.com\/sq\/osmani-asociacionin-e-bejme-sipas-drafit-te-be-se-nese-skrijon-nivel-shtese-qeverisjeje-dhe-ska-rrezik-per-srpska-te-dyte\/#article\",\"isPartOf\":{\"@id\":\"https:\/\/permbledhja.com\/sq\/osmani-asociacionin-e-bejme-sipas-drafit-te-be-se-nese-skrijon-nivel-shtese-qeverisjeje-dhe-ska-rrezik-per-srpska-te-dyte\/\"},\"author\":{\"name\":\"P\u00ebrmbledhja\",\"@id\":\"https:\/\/permbledhja.com\/#\/schema\/person\/0d064377258d3221e50693947b9eb4fe\"},\"headline\":\"Osmani: Asociacionin e b\u00ebjm\u00eb sipas Drafit t\u00eb BE-s\u00eb n\u00ebse s\u2019krijon nivel shtes\u00eb qeverisjeje dhe s\u2019ka rrezik p\u00ebr \u201cSrpska\u201d t\u00eb dyt\u00eb\",\"datePublished\":\"2023-12-13T17:57:34+00:00\",\"dateModified\":\"2023-12-13T17:57:34+00:00\",\"mainEntityOfPage\":{\"@id\":\"https:\/\/permbledhja.com\/sq\/osmani-asociacionin-e-bejme-sipas-drafit-te-be-se-nese-skrijon-nivel-shtese-qeverisjeje-dhe-ska-rrezik-per-srpska-te-dyte\/\"},\"wordCount\":276,\"publisher\":{\"@id\":\"https:\/\/permbledhja.com\/#organization\"},\"keywords\":[\"Vjosa Osmani\"],\"articleSection\":[\"Kryesoret\"],\"inLanguage\":\"sq\"},{\"@type\":\"WebPage\",\"@id\":\"https:\/\/permbledhja.com\/sq\/osmani-asociacionin-e-bejme-sipas-drafit-te-be-se-nese-skrijon-nivel-shtese-qeverisjeje-dhe-ska-rrezik-per-srpska-te-dyte\/\",\"url\":\"https:\/\/permbledhja.com\/sq\/osmani-asociacionin-e-bejme-sipas-drafit-te-be-se-nese-skrijon-nivel-shtese-qeverisjeje-dhe-ska-rrezik-per-srpska-te-dyte\/\",\"name\":\"Osmani: Asociacionin e b\u00ebjm\u00eb sipas Drafit t\u00eb BE-s\u00eb n\u00ebse s\u2019krijon nivel shtes\u00eb qeverisjeje dhe s\u2019ka rrezik p\u00ebr \u201cSrpska\u201d t\u00eb dyt\u00eb\",\"isPartOf\":{\"@id\":\"https:\/\/permbledhja.com\/#website\"},\"datePublished\":\"2023-12-13T17:57:34+00:00\",\"dateModified\":\"2023-12-13T17:57:34+00:00\",\"breadcrumb\":{\"@id\":\"https:\/\/permbledhja.com\/sq\/osmani-asociacionin-e-bejme-sipas-drafit-te-be-se-nese-skrijon-nivel-shtese-qeverisjeje-dhe-ska-rrezik-per-srpska-te-dyte\/#breadcrumb\"},\"inLanguage\":\"sq\",\"potentialAction\":[{\"@type\":\"ReadAction\",\"target\":[\"https:\/\/permbledhja.com\/sq\/osmani-asociacionin-e-bejme-sipas-drafit-te-be-se-nese-skrijon-nivel-shtese-qeverisjeje-dhe-ska-rrezik-per-srpska-te-dyte\/\"]}]},{\"@type\":\"BreadcrumbList\",\"@id\":\"https:\/\/permbledhja.com\/sq\/osmani-asociacionin-e-bejme-sipas-drafit-te-be-se-nese-skrijon-nivel-shtese-qeverisjeje-dhe-ska-rrezik-per-srpska-te-dyte\/#breadcrumb\",\"itemListElement\":[{\"@type\":\"ListItem\",\"position\":1,\"name\":\"Ballina\",\"item\":\"https:\/\/permbledhja.com\/sq\/\"},{\"@type\":\"ListItem\",\"position\":2,\"name\":\"Osmani: Asociacionin e b\u00ebjm\u00eb sipas Drafit t\u00eb BE-s\u00eb n\u00ebse s\u2019krijon nivel shtes\u00eb qeverisjeje dhe s\u2019ka rrezik p\u00ebr \u201cSrpska\u201d t\u00eb dyt\u00eb\"}]},{\"@type\":\"WebSite\",\"@id\":\"https:\/\/permbledhja.com\/#website\",\"url\":\"https:\/\/permbledhja.com\/\",\"name\":\"Ve\u00e7 artikuj p\u00ebrmbledh\u00ebs\",\"description\":\"\",\"publisher\":{\"@id\":\"https:\/\/permbledhja.com\/#organization\"},\"potentialAction\":[{\"@type\":\"SearchAction\",\"target\":{\"@type\":\"EntryPoint\",\"urlTemplate\":\"https:\/\/permbledhja.com\/?s={search_term_string}\"},\"query-input\":\"required name=search_term_string\"}],\"inLanguage\":\"sq\"},{\"@type\":\"Organization\",\"@id\":\"https:\/\/permbledhja.com\/#organization\",\"name\":\"MK Media & Pr\",\"url\":\"https:\/\/permbledhja.com\/\",\"logo\":{\"@type\":\"ImageObject\",\"inLanguage\":\"sq\",\"@id\":\"https:\/\/permbledhja.com\/#\/schema\/logo\/image\/\",\"url\":\"https:\/\/permbledhja.com\/wp-content\/uploads\/2021\/12\/07-Press-Logo.jpg\",\"contentUrl\":\"https:\/\/permbledhja.com\/wp-content\/uploads\/2021\/12\/07-Press-Logo.jpg\",\"width\":512,\"height\":512,\"caption\":\"MK Media & Pr\"},\"image\":{\"@id\":\"https:\/\/permbledhja.com\/#\/schema\/logo\/image\/\"},\"sameAs\":[\"https:\/\/www.facebook.com\/press07\/\"]},{\"@type\":\"Person\",\"@id\":\"https:\/\/permbledhja.com\/#\/schema\/person\/0d064377258d3221e50693947b9eb4fe\",\"name\":\"P\u00ebrmbledhja\",\"image\":{\"@type\":\"ImageObject\",\"inLanguage\":\"sq\",\"@id\":\"https:\/\/permbledhja.com\/#\/schema\/person\/image\/\",\"url\":\"https:\/\/permbledhja.com\/wp-content\/uploads\/2026\/01\/452004717_1040944174702970_8932037511805513407_n-96x96.jpg\",\"contentUrl\":\"https:\/\/permbledhja.com\/wp-content\/uploads\/2026\/01\/452004717_1040944174702970_8932037511805513407_n-96x96.jpg\",\"caption\":\"P\u00ebrmbledhja\"},\"sameAs\":[\"https:\/\/www.facebook.com\/kafexhiu.muharrem\/\",\"https:\/\/www.instagram.com\/muharrem_kafexhiu\/\"],\"url\":\"https:\/\/permbledhja.com\/sq\/author\/admin\/\"}]}<\/script>\n<!-- \/ Yoast SEO plugin. -->","yoast_head_json":{"title":"Osmani: Asociacionin e b\u00ebjm\u00eb sipas Drafit t\u00eb BE-s\u00eb n\u00ebse s\u2019krijon nivel shtes\u00eb qeverisjeje dhe s\u2019ka rrezik p\u00ebr \u201cSrpska\u201d t\u00eb dyt\u00eb","robots":{"index":"index","follow":"follow","max-snippet":"max-snippet:-1","max-image-preview":"max-image-preview:large","max-video-preview":"max-video-preview:-1"},"canonical":"https:\/\/permbledhja.com\/sq\/osmani-asociacionin-e-bejme-sipas-drafit-te-be-se-nese-skrijon-nivel-shtese-qeverisjeje-dhe-ska-rrezik-per-srpska-te-dyte\/","og_locale":"sq_AL","og_type":"article","og_title":"Osmani: Asociacionin e b\u00ebjm\u00eb sipas Drafit t\u00eb BE-s\u00eb n\u00ebse s\u2019krijon nivel shtes\u00eb qeverisjeje dhe s\u2019ka rrezik p\u00ebr \u201cSrpska\u201d t\u00eb dyt\u00eb","og_description":"Presidentja e Republik\u00ebs s\u00eb Kosov\u00ebs, Vjosa Osmani, n\u00eb paraqitjen para gazetar\u00ebve n\u00eb Bruksel \u00ebsht\u00eb pyetur edhe p\u00ebr \u00e7\u00ebshtjen e themelimit t\u00eb Asociacionit. Osmani ka th\u00ebn\u00eb se emisar\u00ebt m\u00eb 21 tetor e kan\u00eb propozuar nj\u00eb Draft p\u00ebr komunat me shumic\u00eb serbe dhe se ai draft duhet t\u00eb shkoj\u00eb p\u00ebr verifikim n\u00eb Gjykat\u00eb Kushtetuese. Osmani ka th\u00ebn\u00eb [&hellip;]","og_url":"https:\/\/permbledhja.com\/sq\/osmani-asociacionin-e-bejme-sipas-drafit-te-be-se-nese-skrijon-nivel-shtese-qeverisjeje-dhe-ska-rrezik-per-srpska-te-dyte\/","og_site_name":"Ve\u00e7 artikuj p\u00ebrmbledh\u00ebs","article_publisher":"https:\/\/www.facebook.com\/press07\/","article_author":"https:\/\/www.facebook.com\/kafexhiu.muharrem\/","article_published_time":"2023-12-13T17:57:34+00:00","og_image":[{"width":878,"height":579,"url":"https:\/\/permbledhja.com\/wp-content\/uploads\/2023\/11\/Vjosa-Osmani-7.jpg","type":"image\/jpeg"}],"author":"P\u00ebrmbledhja","twitter_card":"summary_large_image","twitter_misc":{"Written by":"P\u00ebrmbledhja","Est. reading time":"2 minuta"},"schema":{"@context":"https:\/\/schema.org","@graph":[{"@type":"Article","@id":"https:\/\/permbledhja.com\/sq\/osmani-asociacionin-e-bejme-sipas-drafit-te-be-se-nese-skrijon-nivel-shtese-qeverisjeje-dhe-ska-rrezik-per-srpska-te-dyte\/#article","isPartOf":{"@id":"https:\/\/permbledhja.com\/sq\/osmani-asociacionin-e-bejme-sipas-drafit-te-be-se-nese-skrijon-nivel-shtese-qeverisjeje-dhe-ska-rrezik-per-srpska-te-dyte\/"},"author":{"name":"P\u00ebrmbledhja","@id":"https:\/\/permbledhja.com\/#\/schema\/person\/0d064377258d3221e50693947b9eb4fe"},"headline":"Osmani: Asociacionin e b\u00ebjm\u00eb sipas Drafit t\u00eb BE-s\u00eb n\u00ebse s\u2019krijon nivel shtes\u00eb qeverisjeje dhe s\u2019ka rrezik p\u00ebr \u201cSrpska\u201d t\u00eb dyt\u00eb","datePublished":"2023-12-13T17:57:34+00:00","dateModified":"2023-12-13T17:57:34+00:00","mainEntityOfPage":{"@id":"https:\/\/permbledhja.com\/sq\/osmani-asociacionin-e-bejme-sipas-drafit-te-be-se-nese-skrijon-nivel-shtese-qeverisjeje-dhe-ska-rrezik-per-srpska-te-dyte\/"},"wordCount":276,"publisher":{"@id":"https:\/\/permbledhja.com\/#organization"},"keywords":["Vjosa Osmani"],"articleSection":["Kryesoret"],"inLanguage":"sq"},{"@type":"WebPage","@id":"https:\/\/permbledhja.com\/sq\/osmani-asociacionin-e-bejme-sipas-drafit-te-be-se-nese-skrijon-nivel-shtese-qeverisjeje-dhe-ska-rrezik-per-srpska-te-dyte\/","url":"https:\/\/permbledhja.com\/sq\/osmani-asociacionin-e-bejme-sipas-drafit-te-be-se-nese-skrijon-nivel-shtese-qeverisjeje-dhe-ska-rrezik-per-srpska-te-dyte\/","name":"Osmani: Asociacionin e b\u00ebjm\u00eb sipas Drafit t\u00eb BE-s\u00eb n\u00ebse s\u2019krijon nivel shtes\u00eb qeverisjeje dhe s\u2019ka rrezik p\u00ebr \u201cSrpska\u201d t\u00eb dyt\u00eb","isPartOf":{"@id":"https:\/\/permbledhja.com\/#website"},"datePublished":"2023-12-13T17:57:34+00:00","dateModified":"2023-12-13T17:57:34+00:00","breadcrumb":{"@id":"https:\/\/permbledhja.com\/sq\/osmani-asociacionin-e-bejme-sipas-drafit-te-be-se-nese-skrijon-nivel-shtese-qeverisjeje-dhe-ska-rrezik-per-srpska-te-dyte\/#breadcrumb"},"inLanguage":"sq","potentialAction":[{"@type":"ReadAction","target":["https:\/\/permbledhja.com\/sq\/osmani-asociacionin-e-bejme-sipas-drafit-te-be-se-nese-skrijon-nivel-shtese-qeverisjeje-dhe-ska-rrezik-per-srpska-te-dyte\/"]}]},{"@type":"BreadcrumbList","@id":"https:\/\/permbledhja.com\/sq\/osmani-asociacionin-e-bejme-sipas-drafit-te-be-se-nese-skrijon-nivel-shtese-qeverisjeje-dhe-ska-rrezik-per-srpska-te-dyte\/#breadcrumb","itemListElement":[{"@type":"ListItem","position":1,"name":"Ballina","item":"https:\/\/permbledhja.com\/sq\/"},{"@type":"ListItem","position":2,"name":"Osmani: Asociacionin e b\u00ebjm\u00eb sipas Drafit t\u00eb BE-s\u00eb n\u00ebse s\u2019krijon nivel shtes\u00eb qeverisjeje dhe s\u2019ka rrezik p\u00ebr \u201cSrpska\u201d t\u00eb dyt\u00eb"}]},{"@type":"WebSite","@id":"https:\/\/permbledhja.com\/#website","url":"https:\/\/permbledhja.com\/","name":"Ve\u00e7 artikuj p\u00ebrmbledh\u00ebs","description":"","publisher":{"@id":"https:\/\/permbledhja.com\/#organization"},"potentialAction":[{"@type":"SearchAction","target":{"@type":"EntryPoint","urlTemplate":"https:\/\/permbledhja.com\/?s={search_term_string}"},"query-input":"required name=search_term_string"}],"inLanguage":"sq"},{"@type":"Organization","@id":"https:\/\/permbledhja.com\/#organization","name":"MK Media & Pr","url":"https:\/\/permbledhja.com\/","logo":{"@type":"ImageObject","inLanguage":"sq","@id":"https:\/\/permbledhja.com\/#\/schema\/logo\/image\/","url":"https:\/\/permbledhja.com\/wp-content\/uploads\/2021\/12\/07-Press-Logo.jpg","contentUrl":"https:\/\/permbledhja.com\/wp-content\/uploads\/2021\/12\/07-Press-Logo.jpg","width":512,"height":512,"caption":"MK Media & Pr"},"image":{"@id":"https:\/\/permbledhja.com\/#\/schema\/logo\/image\/"},"sameAs":["https:\/\/www.facebook.com\/press07\/"]},{"@type":"Person","@id":"https:\/\/permbledhja.com\/#\/schema\/person\/0d064377258d3221e50693947b9eb4fe","name":"P\u00ebrmbledhja","image":{"@type":"ImageObject","inLanguage":"sq","@id":"https:\/\/permbledhja.com\/#\/schema\/person\/image\/","url":"https:\/\/permbledhja.com\/wp-content\/uploads\/2026\/01\/452004717_1040944174702970_8932037511805513407_n-96x96.jpg","contentUrl":"https:\/\/permbledhja.com\/wp-content\/uploads\/2026\/01\/452004717_1040944174702970_8932037511805513407_n-96x96.jpg","caption":"P\u00ebrmbledhja"},"sameAs":["https:\/\/www.facebook.com\/kafexhiu.muharrem\/","https:\/\/www.instagram.com\/muharrem_kafexhiu\/"],"url":"https:\/\/permbledhja.com\/sq\/author\/admin\/"}]}},"_links":{"self":[{"href":"https:\/\/permbledhja.com\/sq\/wp-json\/wp\/v2\/posts\/39572"}],"collection":[{"href":"https:\/\/permbledhja.com\/sq\/wp-json\/wp\/v2\/posts"}],"about":[{"href":"https:\/\/permbledhja.com\/sq\/wp-json\/wp\/v2\/types\/post"}],"author":[{"embeddable":true,"href":"https:\/\/permbledhja.com\/sq\/wp-json\/wp\/v2\/users\/1"}],"replies":[{"embeddable":true,"href":"https:\/\/permbledhja.com\/sq\/wp-json\/wp\/v2\/comments?post=39572"}],"version-history":[{"count":1,"href":"https:\/\/permbledhja.com\/sq\/wp-json\/wp\/v2\/posts\/39572\/revisions"}],"predecessor-version":[{"id":39573,"href":"https:\/\/permbledhja.com\/sq\/wp-json\/wp\/v2\/posts\/39572\/revisions\/39573"}],"wp:featuredmedia":[{"embeddable":true,"href":"https:\/\/permbledhja.com\/sq\/wp-json\/wp\/v2\/media\/37059"}],"wp:attachment":[{"href":"https:\/\/permbledhja.com\/sq\/wp-json\/wp\/v2\/media?parent=39572"}],"wp:term":[{"taxonomy":"category","embeddable":true,"href":"https:\/\/permbledhja.com\/sq\/wp-json\/wp\/v2\/categories?post=39572"},{"taxonomy":"post_tag","embeddable":true,"href":"https:\/\/permbledhja.com\/sq\/wp-json\/wp\/v2\/tags?post=39572"}],"curies":[{"name":"wp","href":"https:\/\/api.w.org\/{rel}","templated":true}]}}