{"id":39567,"date":"2023-12-13T16:29:09","date_gmt":"2023-12-13T16:29:09","guid":{"rendered":"https:\/\/permbledhja.com\/?p=39567"},"modified":"2023-12-13T16:29:09","modified_gmt":"2023-12-13T16:29:09","slug":"prokuroria-speciale-ngreh-aktakuze-per-terrorizem-ndaj-ish-policit-dejan-pantiq-dhe-tre-te-tjereve","status":"publish","type":"post","link":"https:\/\/permbledhja.com\/sq\/prokuroria-speciale-ngreh-aktakuze-per-terrorizem-ndaj-ish-policit-dejan-pantiq-dhe-tre-te-tjereve\/","title":{"rendered":"Prokuroria Speciale ngreh aktakuz\u00eb p\u00ebr terroriz\u00ebm ndaj ish-policit Dejan Pantiq dhe tre t\u00eb tjer\u00ebve"},"content":{"rendered":"<h3>Prokuroria Speciale ka ngritur aktakuz\u00eb ndaj ish-policit Dejan Pantiq, i cili s\u00eb bashku me tre t\u00eb tjer\u00eb, po akuzohen p\u00ebr vepr\u00ebn \u201cKryerja e vepr\u00ebs terrorise\u201d.<\/h3>\n<p>Sipas njoftimit nga PSRK, N\u00eb aktakuz\u00eb thuhet se n\u00eb zyrat e Komisionit Komunal Zgjedhor\u00eb n\u00eb Mitrovic\u00ebn e Veriut n\u00eb rrug\u00ebn \u201cKollashinska\u201d, me q\u00ebllim t\u00eb frik\u00ebsimit serioz t\u00eb popullat\u00ebs, t\u00eb detyrimit t\u00eb padrejt\u00eb t\u00eb nj\u00eb organi publik n\u00eb k\u00ebt\u00eb rast <b>KQZ-s\u00eb<\/b>, <b>p\u00ebr t\u00eb pamund\u00ebsuar zgjedhjet lokale<\/b> si dhe me q\u00ebllim q\u00eb t\u00eb destabilizojn\u00eb ose shkat\u00ebrrojn\u00eb strukturat themelore politike dhe <b>kushtetuese t\u00eb Republik\u00ebs<\/b> s\u00eb Kosov\u00ebs, p\u00ebr derisa zyrtar\u00ebt e KQZ-s\u00eb, s\u00eb bashku me zyrtar\u00eb policor\u00eb kan\u00eb shkuar p\u00ebr t\u00eb hap\u00eb zyr\u00ebn, k\u00ebta t\u00eb pandehur me persona t\u00eb tjer\u00eb ende t\u00eb pa identifikuar kan\u00eb kryer sulm terrorist duke hedhur dy granata dore si dhe dy shok bomba n\u00eb drejtim t\u00eb zyr\u00ebs s\u00eb lart\u00eb p\u00ebrmendur me \u00e7\u2019 rast nj\u00ebra granat\u00eb dhe dy shok bombat kan\u00eb shp\u00ebrthyer ku si rezultat i k\u00ebsaj jan\u00eb <b>shkaktuar d\u00ebme t\u00eb konsiderueshme materiale si dhe \u00ebsht\u00eb rrezikuar seriozisht jeta e zyrtar\u00ebve t\u00eb KQZ-s\u00eb, dhe zyrtar\u00ebve policor\u00eb<\/b>.<\/p>\n<p>Me k\u00ebto veprime sipas Prokuroris\u00eb Speciale n\u00eb bashk\u00ebkryerje t\u00eb pandehurit M.M, A.V, D.P dhe M.V., kan\u00eb kryer vepr\u00ebn penale \u2018<b>\u2019Kryerja e vepr\u00ebs terroriste<\/b>\u2019\u2019 nga neni 129 paragrafi 1 lidhur me nenin 128 paragrafi 1 n\u00ebn paragrafi 1.7 lidhur me nenin 31 t\u00eb KPRK-s\u00eb.<\/p>\n<p><b>Pantiq, para pak muaj\u00ebve u lirua nga arresti sht\u00ebpiak<\/b><\/p>\n<p>Ish-polici i Policis\u00eb s\u00eb Kosov\u00ebs, <b>Dejan Pantiq,<\/b> i cili dyshohet se ka organizuar sulm terrorist ndaj zyrave t\u00eb <b>Komisionit Qendror t\u00eb Zgjedhjeve <\/b>n\u00eb veri t\u00eb Kosov\u00ebs m\u00eb <b>6 dhjetor, <\/b>ishte liruar nga arresti sht\u00ebpiak.<\/p>\n<p>Pantiq u lirua nga arresti sht\u00ebpiak pas deponimit t\u00eb dor\u00ebzanis\u00eb n\u00eb shum\u00eb prej 30 mij\u00eb euro.<\/p>\n<p>Lajmin e ka b\u00ebre t\u00eb dituar z\u00ebdh\u00ebn\u00ebsja e Gjykat\u00ebs Themelore t\u00eb Prishtin\u00ebs, Mirlinda Gashi.<\/p>\n<p><i>\u201cMe dat\u00ebn 05.09.2023 gjykata nga Prokurori i Shtetit nga PSRK ka pranuar parashtres\u00ebn-p\u00eblqimin me t\u00eb cil\u00ebn ka propozuar q\u00eb masa e arrestit sht\u00ebpiak kund\u00ebr t\u00eb pandehurit D.P t\u00eb z\u00ebvend\u00ebsohet me mas\u00ebn e dor\u00ebzanis\u00eb sipas nenit 177 paragrafi 1 n\u00ebn paragrafi 1.1 dhe 1.2 t\u00eb KPP-s\u00eb, pas deponimit t\u00eb shum\u00ebs prej 30.000.00 Euro\u201d<\/i>&#8211; ka deklaruar Gashi.<\/p>\n<p>Sipas Gashit, lirimi i tij vije pas k\u00ebrkes\u00ebs s\u00eb pal\u00ebs mbrojt\u00ebse p\u00ebr t\u00eb z\u00ebvend\u00ebsuar arrestin sht\u00ebpiak me mas\u00ebn e dor\u00ebzanis\u00eb.<\/p>\n<p><i>\u201cGjykata Themelore Prishtin\u00eb \u2013 Departamenti Special, me aktvendimin num\u00ebr PPPS.nr.63\/22, me dat\u00eb 06.09.2023 ndaj t\u00eb pandehurit D.P ka aprovuar k\u00ebrkes\u00ebn e mbrojt\u00ebsit, ashtu q\u00eb ka z\u00ebvend\u00ebsuar mas\u00ebn e arrestit sht\u00ebpiak me mas\u00ebn e dor\u00ebzanis\u00eb, duke caktuar dor\u00ebzanin\u00eb ndaj t\u00eb pandehurit D.P, n\u00eb shum\u00ebn prej 30.000.00 Euro\u201d-<\/i>ka th\u00ebn\u00eb ajo.<\/p>\n<p>Ndryshe arrestimi i Dejan Pantiq, kishte \u201ctrazuar\u201d veriun e vendit. Pas arrestimit t\u00eb tij, nis\u00ebn edhe protesta e barrikadime n\u00eb k\u00ebt\u00eb pjes\u00eb t\u00eb vendit. Procesi i pas arrestimit t\u00eb tij gjithashtu u shoq\u00ebrua m\u00eb shum\u00eb kund\u00ebrth\u00ebnje.<\/p>\n<p>Pas lirimit nga paraburgimi, zyrtar\u00eb t\u00eb shtetit kishin akuzuar gjykat\u00ebsit e prokuror\u00ebt p\u00ebr joprofesionaliz\u00eb.<\/p>\n","protected":false},"excerpt":{"rendered":"<p>Prokuroria Speciale ka ngritur aktakuz\u00eb ndaj ish-policit Dejan Pantiq, i cili s\u00eb bashku me tre t\u00eb tjer\u00eb, po akuzohen p\u00ebr vepr\u00ebn \u201cKryerja e vepr\u00ebs terrorise\u201d. Sipas njoftimit nga PSRK, N\u00eb aktakuz\u00eb thuhet se n\u00eb zyrat e Komisionit Komunal Zgjedhor\u00eb n\u00eb Mitrovic\u00ebn e Veriut n\u00eb rrug\u00ebn \u201cKollashinska\u201d, me q\u00ebllim t\u00eb frik\u00ebsimit serioz t\u00eb popullat\u00ebs, t\u00eb detyrimit [&hellip;]<\/p>\n","protected":false},"author":1,"featured_media":39568,"comment_status":"closed","ping_status":"closed","sticky":false,"template":"","format":"standard","meta":{"_monsterinsights_skip_tracking":false,"_monsterinsights_sitenote_active":false,"_monsterinsights_sitenote_note":"","_monsterinsights_sitenote_category":0,"_uf_show_specific_survey":0,"_uf_disable_surveys":false,"footnotes":""},"categories":[1146],"tags":[2769],"yoast_head":"<!-- This site is optimized with the Yoast SEO plugin v21.5 - https:\/\/yoast.com\/wordpress\/plugins\/seo\/ -->\n<title>Prokuroria Speciale ngreh aktakuz\u00eb p\u00ebr terroriz\u00ebm ndaj ish-policit Dejan Pantiq dhe tre t\u00eb tjer\u00ebve<\/title>\n<meta name=\"robots\" content=\"index, follow, max-snippet:-1, max-image-preview:large, max-video-preview:-1\" \/>\n<link rel=\"canonical\" href=\"https:\/\/permbledhja.com\/sq\/prokuroria-speciale-ngreh-aktakuze-per-terrorizem-ndaj-ish-policit-dejan-pantiq-dhe-tre-te-tjereve\/\" \/>\n<meta property=\"og:locale\" content=\"sq_AL\" \/>\n<meta property=\"og:type\" content=\"article\" \/>\n<meta property=\"og:title\" content=\"Prokuroria Speciale ngreh aktakuz\u00eb p\u00ebr terroriz\u00ebm ndaj ish-policit Dejan Pantiq dhe tre t\u00eb tjer\u00ebve\" \/>\n<meta property=\"og:description\" content=\"Prokuroria Speciale ka ngritur aktakuz\u00eb ndaj ish-policit Dejan Pantiq, i cili s\u00eb bashku me tre t\u00eb tjer\u00eb, po akuzohen p\u00ebr vepr\u00ebn \u201cKryerja e vepr\u00ebs terrorise\u201d. Sipas njoftimit nga PSRK, N\u00eb aktakuz\u00eb thuhet se n\u00eb zyrat e Komisionit Komunal Zgjedhor\u00eb n\u00eb Mitrovic\u00ebn e Veriut n\u00eb rrug\u00ebn \u201cKollashinska\u201d, me q\u00ebllim t\u00eb frik\u00ebsimit serioz t\u00eb popullat\u00ebs, t\u00eb detyrimit [&hellip;]\" \/>\n<meta property=\"og:url\" content=\"https:\/\/permbledhja.com\/sq\/prokuroria-speciale-ngreh-aktakuze-per-terrorizem-ndaj-ish-policit-dejan-pantiq-dhe-tre-te-tjereve\/\" \/>\n<meta property=\"og:site_name\" content=\"Ve\u00e7 artikuj p\u00ebrmbledh\u00ebs\" \/>\n<meta property=\"article:publisher\" content=\"https:\/\/www.facebook.com\/press07\/\" \/>\n<meta property=\"article:author\" content=\"https:\/\/www.facebook.com\/kafexhiu.muharrem\/\" \/>\n<meta property=\"article:published_time\" content=\"2023-12-13T16:29:09+00:00\" \/>\n<meta property=\"og:image\" content=\"https:\/\/permbledhja.com\/wp-content\/uploads\/2023\/12\/695A5916-B23C-4E3D-A11A-7CCEBD13E1BE.jpeg\" \/>\n\t<meta property=\"og:image:width\" content=\"1154\" \/>\n\t<meta property=\"og:image:height\" content=\"825\" \/>\n\t<meta property=\"og:image:type\" content=\"image\/jpeg\" \/>\n<meta name=\"author\" content=\"P\u00ebrmbledhja\" \/>\n<meta name=\"twitter:card\" content=\"summary_large_image\" \/>\n<meta name=\"twitter:label1\" content=\"Written by\" \/>\n\t<meta name=\"twitter:data1\" content=\"P\u00ebrmbledhja\" \/>\n\t<meta name=\"twitter:label2\" content=\"Est. reading time\" \/>\n\t<meta name=\"twitter:data2\" content=\"3 minuta\" \/>\n<script type=\"application\/ld+json\" class=\"yoast-schema-graph\">{\"@context\":\"https:\/\/schema.org\",\"@graph\":[{\"@type\":\"Article\",\"@id\":\"https:\/\/permbledhja.com\/prokuroria-speciale-ngreh-aktakuze-per-terrorizem-ndaj-ish-policit-dejan-pantiq-dhe-tre-te-tjereve\/#article\",\"isPartOf\":{\"@id\":\"https:\/\/permbledhja.com\/prokuroria-speciale-ngreh-aktakuze-per-terrorizem-ndaj-ish-policit-dejan-pantiq-dhe-tre-te-tjereve\/\"},\"author\":{\"name\":\"P\u00ebrmbledhja\",\"@id\":\"https:\/\/permbledhja.com\/#\/schema\/person\/0d064377258d3221e50693947b9eb4fe\"},\"headline\":\"Prokuroria Speciale ngreh aktakuz\u00eb p\u00ebr terroriz\u00ebm ndaj ish-policit Dejan Pantiq dhe tre t\u00eb tjer\u00ebve\",\"datePublished\":\"2023-12-13T16:29:09+00:00\",\"dateModified\":\"2023-12-13T16:29:09+00:00\",\"mainEntityOfPage\":{\"@id\":\"https:\/\/permbledhja.com\/prokuroria-speciale-ngreh-aktakuze-per-terrorizem-ndaj-ish-policit-dejan-pantiq-dhe-tre-te-tjereve\/\"},\"wordCount\":558,\"publisher\":{\"@id\":\"https:\/\/permbledhja.com\/#organization\"},\"keywords\":[\"Prokuroria Speciale\"],\"articleSection\":[\"Kryesoret\"],\"inLanguage\":\"sq\"},{\"@type\":\"WebPage\",\"@id\":\"https:\/\/permbledhja.com\/prokuroria-speciale-ngreh-aktakuze-per-terrorizem-ndaj-ish-policit-dejan-pantiq-dhe-tre-te-tjereve\/\",\"url\":\"https:\/\/permbledhja.com\/prokuroria-speciale-ngreh-aktakuze-per-terrorizem-ndaj-ish-policit-dejan-pantiq-dhe-tre-te-tjereve\/\",\"name\":\"Prokuroria Speciale ngreh aktakuz\u00eb p\u00ebr terroriz\u00ebm ndaj ish-policit Dejan Pantiq dhe tre t\u00eb tjer\u00ebve\",\"isPartOf\":{\"@id\":\"https:\/\/permbledhja.com\/#website\"},\"datePublished\":\"2023-12-13T16:29:09+00:00\",\"dateModified\":\"2023-12-13T16:29:09+00:00\",\"breadcrumb\":{\"@id\":\"https:\/\/permbledhja.com\/prokuroria-speciale-ngreh-aktakuze-per-terrorizem-ndaj-ish-policit-dejan-pantiq-dhe-tre-te-tjereve\/#breadcrumb\"},\"inLanguage\":\"sq\",\"potentialAction\":[{\"@type\":\"ReadAction\",\"target\":[\"https:\/\/permbledhja.com\/prokuroria-speciale-ngreh-aktakuze-per-terrorizem-ndaj-ish-policit-dejan-pantiq-dhe-tre-te-tjereve\/\"]}]},{\"@type\":\"BreadcrumbList\",\"@id\":\"https:\/\/permbledhja.com\/prokuroria-speciale-ngreh-aktakuze-per-terrorizem-ndaj-ish-policit-dejan-pantiq-dhe-tre-te-tjereve\/#breadcrumb\",\"itemListElement\":[{\"@type\":\"ListItem\",\"position\":1,\"name\":\"Ballina\",\"item\":\"https:\/\/permbledhja.com\/sq\/\"},{\"@type\":\"ListItem\",\"position\":2,\"name\":\"Prokuroria Speciale ngreh aktakuz\u00eb p\u00ebr terroriz\u00ebm ndaj ish-policit Dejan Pantiq dhe tre t\u00eb tjer\u00ebve\"}]},{\"@type\":\"WebSite\",\"@id\":\"https:\/\/permbledhja.com\/#website\",\"url\":\"https:\/\/permbledhja.com\/\",\"name\":\"Ve\u00e7 artikuj p\u00ebrmbledh\u00ebs\",\"description\":\"\",\"publisher\":{\"@id\":\"https:\/\/permbledhja.com\/#organization\"},\"potentialAction\":[{\"@type\":\"SearchAction\",\"target\":{\"@type\":\"EntryPoint\",\"urlTemplate\":\"https:\/\/permbledhja.com\/?s={search_term_string}\"},\"query-input\":\"required name=search_term_string\"}],\"inLanguage\":\"sq\"},{\"@type\":\"Organization\",\"@id\":\"https:\/\/permbledhja.com\/#organization\",\"name\":\"MK Media & Pr\",\"url\":\"https:\/\/permbledhja.com\/\",\"logo\":{\"@type\":\"ImageObject\",\"inLanguage\":\"sq\",\"@id\":\"https:\/\/permbledhja.com\/#\/schema\/logo\/image\/\",\"url\":\"https:\/\/permbledhja.com\/wp-content\/uploads\/2021\/12\/07-Press-Logo.jpg\",\"contentUrl\":\"https:\/\/permbledhja.com\/wp-content\/uploads\/2021\/12\/07-Press-Logo.jpg\",\"width\":512,\"height\":512,\"caption\":\"MK Media & Pr\"},\"image\":{\"@id\":\"https:\/\/permbledhja.com\/#\/schema\/logo\/image\/\"},\"sameAs\":[\"https:\/\/www.facebook.com\/press07\/\"]},{\"@type\":\"Person\",\"@id\":\"https:\/\/permbledhja.com\/#\/schema\/person\/0d064377258d3221e50693947b9eb4fe\",\"name\":\"P\u00ebrmbledhja\",\"image\":{\"@type\":\"ImageObject\",\"inLanguage\":\"sq\",\"@id\":\"https:\/\/permbledhja.com\/#\/schema\/person\/image\/\",\"url\":\"https:\/\/permbledhja.com\/wp-content\/uploads\/2026\/01\/452004717_1040944174702970_8932037511805513407_n-96x96.jpg\",\"contentUrl\":\"https:\/\/permbledhja.com\/wp-content\/uploads\/2026\/01\/452004717_1040944174702970_8932037511805513407_n-96x96.jpg\",\"caption\":\"P\u00ebrmbledhja\"},\"sameAs\":[\"https:\/\/www.facebook.com\/kafexhiu.muharrem\/\",\"https:\/\/www.instagram.com\/muharrem_kafexhiu\/\"],\"url\":\"https:\/\/permbledhja.com\/sq\/author\/admin\/\"}]}<\/script>\n<!-- \/ Yoast SEO plugin. -->","yoast_head_json":{"title":"Prokuroria Speciale ngreh aktakuz\u00eb p\u00ebr terroriz\u00ebm ndaj ish-policit Dejan Pantiq dhe tre t\u00eb tjer\u00ebve","robots":{"index":"index","follow":"follow","max-snippet":"max-snippet:-1","max-image-preview":"max-image-preview:large","max-video-preview":"max-video-preview:-1"},"canonical":"https:\/\/permbledhja.com\/sq\/prokuroria-speciale-ngreh-aktakuze-per-terrorizem-ndaj-ish-policit-dejan-pantiq-dhe-tre-te-tjereve\/","og_locale":"sq_AL","og_type":"article","og_title":"Prokuroria Speciale ngreh aktakuz\u00eb p\u00ebr terroriz\u00ebm ndaj ish-policit Dejan Pantiq dhe tre t\u00eb tjer\u00ebve","og_description":"Prokuroria Speciale ka ngritur aktakuz\u00eb ndaj ish-policit Dejan Pantiq, i cili s\u00eb bashku me tre t\u00eb tjer\u00eb, po akuzohen p\u00ebr vepr\u00ebn \u201cKryerja e vepr\u00ebs terrorise\u201d. Sipas njoftimit nga PSRK, N\u00eb aktakuz\u00eb thuhet se n\u00eb zyrat e Komisionit Komunal Zgjedhor\u00eb n\u00eb Mitrovic\u00ebn e Veriut n\u00eb rrug\u00ebn \u201cKollashinska\u201d, me q\u00ebllim t\u00eb frik\u00ebsimit serioz t\u00eb popullat\u00ebs, t\u00eb detyrimit [&hellip;]","og_url":"https:\/\/permbledhja.com\/sq\/prokuroria-speciale-ngreh-aktakuze-per-terrorizem-ndaj-ish-policit-dejan-pantiq-dhe-tre-te-tjereve\/","og_site_name":"Ve\u00e7 artikuj p\u00ebrmbledh\u00ebs","article_publisher":"https:\/\/www.facebook.com\/press07\/","article_author":"https:\/\/www.facebook.com\/kafexhiu.muharrem\/","article_published_time":"2023-12-13T16:29:09+00:00","og_image":[{"width":1154,"height":825,"url":"https:\/\/permbledhja.com\/wp-content\/uploads\/2023\/12\/695A5916-B23C-4E3D-A11A-7CCEBD13E1BE.jpeg","type":"image\/jpeg"}],"author":"P\u00ebrmbledhja","twitter_card":"summary_large_image","twitter_misc":{"Written by":"P\u00ebrmbledhja","Est. reading time":"3 minuta"},"schema":{"@context":"https:\/\/schema.org","@graph":[{"@type":"Article","@id":"https:\/\/permbledhja.com\/prokuroria-speciale-ngreh-aktakuze-per-terrorizem-ndaj-ish-policit-dejan-pantiq-dhe-tre-te-tjereve\/#article","isPartOf":{"@id":"https:\/\/permbledhja.com\/prokuroria-speciale-ngreh-aktakuze-per-terrorizem-ndaj-ish-policit-dejan-pantiq-dhe-tre-te-tjereve\/"},"author":{"name":"P\u00ebrmbledhja","@id":"https:\/\/permbledhja.com\/#\/schema\/person\/0d064377258d3221e50693947b9eb4fe"},"headline":"Prokuroria Speciale ngreh aktakuz\u00eb p\u00ebr terroriz\u00ebm ndaj ish-policit Dejan Pantiq dhe tre t\u00eb tjer\u00ebve","datePublished":"2023-12-13T16:29:09+00:00","dateModified":"2023-12-13T16:29:09+00:00","mainEntityOfPage":{"@id":"https:\/\/permbledhja.com\/prokuroria-speciale-ngreh-aktakuze-per-terrorizem-ndaj-ish-policit-dejan-pantiq-dhe-tre-te-tjereve\/"},"wordCount":558,"publisher":{"@id":"https:\/\/permbledhja.com\/#organization"},"keywords":["Prokuroria Speciale"],"articleSection":["Kryesoret"],"inLanguage":"sq"},{"@type":"WebPage","@id":"https:\/\/permbledhja.com\/prokuroria-speciale-ngreh-aktakuze-per-terrorizem-ndaj-ish-policit-dejan-pantiq-dhe-tre-te-tjereve\/","url":"https:\/\/permbledhja.com\/prokuroria-speciale-ngreh-aktakuze-per-terrorizem-ndaj-ish-policit-dejan-pantiq-dhe-tre-te-tjereve\/","name":"Prokuroria Speciale ngreh aktakuz\u00eb p\u00ebr terroriz\u00ebm ndaj ish-policit Dejan Pantiq dhe tre t\u00eb tjer\u00ebve","isPartOf":{"@id":"https:\/\/permbledhja.com\/#website"},"datePublished":"2023-12-13T16:29:09+00:00","dateModified":"2023-12-13T16:29:09+00:00","breadcrumb":{"@id":"https:\/\/permbledhja.com\/prokuroria-speciale-ngreh-aktakuze-per-terrorizem-ndaj-ish-policit-dejan-pantiq-dhe-tre-te-tjereve\/#breadcrumb"},"inLanguage":"sq","potentialAction":[{"@type":"ReadAction","target":["https:\/\/permbledhja.com\/prokuroria-speciale-ngreh-aktakuze-per-terrorizem-ndaj-ish-policit-dejan-pantiq-dhe-tre-te-tjereve\/"]}]},{"@type":"BreadcrumbList","@id":"https:\/\/permbledhja.com\/prokuroria-speciale-ngreh-aktakuze-per-terrorizem-ndaj-ish-policit-dejan-pantiq-dhe-tre-te-tjereve\/#breadcrumb","itemListElement":[{"@type":"ListItem","position":1,"name":"Ballina","item":"https:\/\/permbledhja.com\/sq\/"},{"@type":"ListItem","position":2,"name":"Prokuroria Speciale ngreh aktakuz\u00eb p\u00ebr terroriz\u00ebm ndaj ish-policit Dejan Pantiq dhe tre t\u00eb tjer\u00ebve"}]},{"@type":"WebSite","@id":"https:\/\/permbledhja.com\/#website","url":"https:\/\/permbledhja.com\/","name":"Ve\u00e7 artikuj p\u00ebrmbledh\u00ebs","description":"","publisher":{"@id":"https:\/\/permbledhja.com\/#organization"},"potentialAction":[{"@type":"SearchAction","target":{"@type":"EntryPoint","urlTemplate":"https:\/\/permbledhja.com\/?s={search_term_string}"},"query-input":"required name=search_term_string"}],"inLanguage":"sq"},{"@type":"Organization","@id":"https:\/\/permbledhja.com\/#organization","name":"MK Media & Pr","url":"https:\/\/permbledhja.com\/","logo":{"@type":"ImageObject","inLanguage":"sq","@id":"https:\/\/permbledhja.com\/#\/schema\/logo\/image\/","url":"https:\/\/permbledhja.com\/wp-content\/uploads\/2021\/12\/07-Press-Logo.jpg","contentUrl":"https:\/\/permbledhja.com\/wp-content\/uploads\/2021\/12\/07-Press-Logo.jpg","width":512,"height":512,"caption":"MK Media & Pr"},"image":{"@id":"https:\/\/permbledhja.com\/#\/schema\/logo\/image\/"},"sameAs":["https:\/\/www.facebook.com\/press07\/"]},{"@type":"Person","@id":"https:\/\/permbledhja.com\/#\/schema\/person\/0d064377258d3221e50693947b9eb4fe","name":"P\u00ebrmbledhja","image":{"@type":"ImageObject","inLanguage":"sq","@id":"https:\/\/permbledhja.com\/#\/schema\/person\/image\/","url":"https:\/\/permbledhja.com\/wp-content\/uploads\/2026\/01\/452004717_1040944174702970_8932037511805513407_n-96x96.jpg","contentUrl":"https:\/\/permbledhja.com\/wp-content\/uploads\/2026\/01\/452004717_1040944174702970_8932037511805513407_n-96x96.jpg","caption":"P\u00ebrmbledhja"},"sameAs":["https:\/\/www.facebook.com\/kafexhiu.muharrem\/","https:\/\/www.instagram.com\/muharrem_kafexhiu\/"],"url":"https:\/\/permbledhja.com\/sq\/author\/admin\/"}]}},"_links":{"self":[{"href":"https:\/\/permbledhja.com\/sq\/wp-json\/wp\/v2\/posts\/39567"}],"collection":[{"href":"https:\/\/permbledhja.com\/sq\/wp-json\/wp\/v2\/posts"}],"about":[{"href":"https:\/\/permbledhja.com\/sq\/wp-json\/wp\/v2\/types\/post"}],"author":[{"embeddable":true,"href":"https:\/\/permbledhja.com\/sq\/wp-json\/wp\/v2\/users\/1"}],"replies":[{"embeddable":true,"href":"https:\/\/permbledhja.com\/sq\/wp-json\/wp\/v2\/comments?post=39567"}],"version-history":[{"count":1,"href":"https:\/\/permbledhja.com\/sq\/wp-json\/wp\/v2\/posts\/39567\/revisions"}],"predecessor-version":[{"id":39569,"href":"https:\/\/permbledhja.com\/sq\/wp-json\/wp\/v2\/posts\/39567\/revisions\/39569"}],"wp:featuredmedia":[{"embeddable":true,"href":"https:\/\/permbledhja.com\/sq\/wp-json\/wp\/v2\/media\/39568"}],"wp:attachment":[{"href":"https:\/\/permbledhja.com\/sq\/wp-json\/wp\/v2\/media?parent=39567"}],"wp:term":[{"taxonomy":"category","embeddable":true,"href":"https:\/\/permbledhja.com\/sq\/wp-json\/wp\/v2\/categories?post=39567"},{"taxonomy":"post_tag","embeddable":true,"href":"https:\/\/permbledhja.com\/sq\/wp-json\/wp\/v2\/tags?post=39567"}],"curies":[{"name":"wp","href":"https:\/\/api.w.org\/{rel}","templated":true}]}}