{"id":39564,"date":"2023-12-13T15:43:20","date_gmt":"2023-12-13T15:43:20","guid":{"rendered":"https:\/\/permbledhja.com\/?p=39564"},"modified":"2023-12-13T15:43:20","modified_gmt":"2023-12-13T15:43:20","slug":"ky-eshte-38-vjecari-qe-tmerroi-tri-gra-duke-i-sulmuar-ne-mes-te-rruges-ne-rahovec-ndalohet-per-48-ore","status":"publish","type":"post","link":"https:\/\/permbledhja.com\/sq\/ky-eshte-38-vjecari-qe-tmerroi-tri-gra-duke-i-sulmuar-ne-mes-te-rruges-ne-rahovec-ndalohet-per-48-ore\/","title":{"rendered":"Ky \u00ebsht\u00eb 38-vje\u00e7ari q\u00eb tmerroi tri gra duke i sulmuar n\u00eb mes t\u00eb rrug\u00ebs n\u00eb Rahovec, ndalohet p\u00ebr 48 or\u00eb"},"content":{"rendered":"<h3>Gazeta raportoi t\u00eb mart\u00ebn p\u00ebr arrestimin e nj\u00eb personi n\u00eb rrug\u00ebn \u2018Xhelal Hajda\u2019 n\u00eb Rahovec, pasi i nj\u00ebjti dyshohet se ka sulmuar fizikisht tri gra, p\u00ebr motive akoma t\u00eb panjohura.<\/h3>\n<p>K\u00ebto incidente kan\u00eb ndodhur n\u00eb periudha kohore t\u00eb ndryshme, derisa tek dje Policia arriti ta kap t\u00eb dyshuarin.<\/p>\n<p>Burimet e Sinjalit brenda Prokuroris\u00eb kan\u00eb b\u00ebr\u00eb me dije se personi q\u00eb po dyshohet p\u00ebr k\u00ebt\u00eb rast \u00ebsht\u00eb <strong><em>V.Rexha, 38-vje\u00e7ar. <\/em><\/strong><\/p>\n<p>I nj\u00ebjti po dyshohet se ka sulmuar viktimat, duke b\u00ebr\u00eb k\u00ebshtu q\u00eb t\u00eb nd\u00ebrhyjn\u00eb edhe kalimtar\u00ebt e rastit t\u00eb cil\u00ebt u kan\u00eb dal\u00eb n\u00eb ndihm\u00eb grave.<\/p>\n<p>Si rezultat i denoncimit, i dyshuari \u00ebsht\u00eb arrestuar dhe \u00ebsht\u00eb shoq\u00ebruar n\u00eb stacion policor, ku \u00ebsht\u00eb intervistuar nga organet e hetuesis\u00eb.<\/p>\n<p>Pas p\u00ebrfundimit t\u00eb procedurave policore, Prokurori i Shtetit ka nxjerr\u00eb aktvendim q\u00eb t\u00eb dyshuarit t\u2019i caktohet masa e ndalimit policor n\u00ebn dyshimet p\u00ebr kryerjen e vepr\u00ebs penale \u2018Sulm\u2019.<\/p>\n<p><strong>Sh\u00ebnim: Personi i apostrofuar n\u00eb k\u00ebt\u00eb artikull prezumohet i pafajsh\u00ebm derisa faj\u00ebsia e tij t\u00eb mos provohet me vendim t\u00eb form\u00ebs s\u00eb prer\u00eb nga gjykata.<\/strong><\/p>\n","protected":false},"excerpt":{"rendered":"<p>Gazeta raportoi t\u00eb mart\u00ebn p\u00ebr arrestimin e nj\u00eb personi n\u00eb rrug\u00ebn \u2018Xhelal Hajda\u2019 n\u00eb Rahovec, pasi i nj\u00ebjti dyshohet se ka sulmuar fizikisht tri gra, p\u00ebr motive akoma t\u00eb panjohura. K\u00ebto incidente kan\u00eb ndodhur n\u00eb periudha kohore t\u00eb ndryshme, derisa tek dje Policia arriti ta kap t\u00eb dyshuarin. Burimet e Sinjalit brenda Prokuroris\u00eb kan\u00eb b\u00ebr\u00eb [&hellip;]<\/p>\n","protected":false},"author":1,"featured_media":39565,"comment_status":"closed","ping_status":"closed","sticky":false,"template":"","format":"standard","meta":{"_monsterinsights_skip_tracking":false,"_monsterinsights_sitenote_active":false,"_monsterinsights_sitenote_note":"","_monsterinsights_sitenote_category":0,"_uf_show_specific_survey":0,"_uf_disable_surveys":false,"footnotes":""},"categories":[15],"tags":[142],"yoast_head":"<!-- This site is optimized with the Yoast SEO plugin v21.5 - https:\/\/yoast.com\/wordpress\/plugins\/seo\/ -->\n<title>Ky \u00ebsht\u00eb 38-vje\u00e7ari q\u00eb tmerroi tri gra duke i sulmuar n\u00eb mes t\u00eb rrug\u00ebs n\u00eb Rahovec, ndalohet p\u00ebr 48 or\u00eb<\/title>\n<meta name=\"robots\" content=\"index, follow, max-snippet:-1, max-image-preview:large, max-video-preview:-1\" \/>\n<link rel=\"canonical\" href=\"https:\/\/permbledhja.com\/sq\/ky-eshte-38-vjecari-qe-tmerroi-tri-gra-duke-i-sulmuar-ne-mes-te-rruges-ne-rahovec-ndalohet-per-48-ore\/\" \/>\n<meta property=\"og:locale\" content=\"sq_AL\" \/>\n<meta property=\"og:type\" content=\"article\" \/>\n<meta property=\"og:title\" content=\"Ky \u00ebsht\u00eb 38-vje\u00e7ari q\u00eb tmerroi tri gra duke i sulmuar n\u00eb mes t\u00eb rrug\u00ebs n\u00eb Rahovec, ndalohet p\u00ebr 48 or\u00eb\" \/>\n<meta property=\"og:description\" content=\"Gazeta raportoi t\u00eb mart\u00ebn p\u00ebr arrestimin e nj\u00eb personi n\u00eb rrug\u00ebn \u2018Xhelal Hajda\u2019 n\u00eb Rahovec, pasi i nj\u00ebjti dyshohet se ka sulmuar fizikisht tri gra, p\u00ebr motive akoma t\u00eb panjohura. K\u00ebto incidente kan\u00eb ndodhur n\u00eb periudha kohore t\u00eb ndryshme, derisa tek dje Policia arriti ta kap t\u00eb dyshuarin. Burimet e Sinjalit brenda Prokuroris\u00eb kan\u00eb b\u00ebr\u00eb [&hellip;]\" \/>\n<meta property=\"og:url\" content=\"https:\/\/permbledhja.com\/sq\/ky-eshte-38-vjecari-qe-tmerroi-tri-gra-duke-i-sulmuar-ne-mes-te-rruges-ne-rahovec-ndalohet-per-48-ore\/\" \/>\n<meta property=\"og:site_name\" content=\"Ve\u00e7 artikuj p\u00ebrmbledh\u00ebs\" \/>\n<meta property=\"article:publisher\" content=\"https:\/\/www.facebook.com\/press07\/\" \/>\n<meta property=\"article:author\" content=\"https:\/\/www.facebook.com\/kafexhiu.muharrem\/\" \/>\n<meta property=\"article:published_time\" content=\"2023-12-13T15:43:20+00:00\" \/>\n<meta property=\"og:image\" content=\"https:\/\/permbledhja.com\/wp-content\/uploads\/2023\/12\/A0CFC6AC-3333-43C3-828A-DAB20569B832.jpeg\" \/>\n\t<meta property=\"og:image:width\" content=\"2048\" \/>\n\t<meta property=\"og:image:height\" content=\"1536\" \/>\n\t<meta property=\"og:image:type\" content=\"image\/jpeg\" \/>\n<meta name=\"author\" content=\"P\u00ebrmbledhja\" \/>\n<meta name=\"twitter:card\" content=\"summary_large_image\" \/>\n<meta name=\"twitter:label1\" content=\"Written by\" \/>\n\t<meta name=\"twitter:data1\" content=\"P\u00ebrmbledhja\" \/>\n\t<meta name=\"twitter:label2\" content=\"Est. reading time\" \/>\n\t<meta name=\"twitter:data2\" content=\"1 minut\u00eb\" \/>\n<script type=\"application\/ld+json\" class=\"yoast-schema-graph\">{\"@context\":\"https:\/\/schema.org\",\"@graph\":[{\"@type\":\"Article\",\"@id\":\"https:\/\/permbledhja.com\/sq\/ky-eshte-38-vjecari-qe-tmerroi-tri-gra-duke-i-sulmuar-ne-mes-te-rruges-ne-rahovec-ndalohet-per-48-ore\/#article\",\"isPartOf\":{\"@id\":\"https:\/\/permbledhja.com\/sq\/ky-eshte-38-vjecari-qe-tmerroi-tri-gra-duke-i-sulmuar-ne-mes-te-rruges-ne-rahovec-ndalohet-per-48-ore\/\"},\"author\":{\"name\":\"P\u00ebrmbledhja\",\"@id\":\"https:\/\/permbledhja.com\/#\/schema\/person\/0d064377258d3221e50693947b9eb4fe\"},\"headline\":\"Ky \u00ebsht\u00eb 38-vje\u00e7ari q\u00eb tmerroi tri gra duke i sulmuar n\u00eb mes t\u00eb rrug\u00ebs n\u00eb Rahovec, ndalohet p\u00ebr 48 or\u00eb\",\"datePublished\":\"2023-12-13T15:43:20+00:00\",\"dateModified\":\"2023-12-13T15:43:20+00:00\",\"mainEntityOfPage\":{\"@id\":\"https:\/\/permbledhja.com\/sq\/ky-eshte-38-vjecari-qe-tmerroi-tri-gra-duke-i-sulmuar-ne-mes-te-rruges-ne-rahovec-ndalohet-per-48-ore\/\"},\"wordCount\":218,\"publisher\":{\"@id\":\"https:\/\/permbledhja.com\/#organization\"},\"keywords\":[\"Rahovec\"],\"articleSection\":[\"Lajme\"],\"inLanguage\":\"sq\"},{\"@type\":\"WebPage\",\"@id\":\"https:\/\/permbledhja.com\/sq\/ky-eshte-38-vjecari-qe-tmerroi-tri-gra-duke-i-sulmuar-ne-mes-te-rruges-ne-rahovec-ndalohet-per-48-ore\/\",\"url\":\"https:\/\/permbledhja.com\/sq\/ky-eshte-38-vjecari-qe-tmerroi-tri-gra-duke-i-sulmuar-ne-mes-te-rruges-ne-rahovec-ndalohet-per-48-ore\/\",\"name\":\"Ky \u00ebsht\u00eb 38-vje\u00e7ari q\u00eb tmerroi tri gra duke i sulmuar n\u00eb mes t\u00eb rrug\u00ebs n\u00eb Rahovec, ndalohet p\u00ebr 48 or\u00eb\",\"isPartOf\":{\"@id\":\"https:\/\/permbledhja.com\/#website\"},\"datePublished\":\"2023-12-13T15:43:20+00:00\",\"dateModified\":\"2023-12-13T15:43:20+00:00\",\"breadcrumb\":{\"@id\":\"https:\/\/permbledhja.com\/sq\/ky-eshte-38-vjecari-qe-tmerroi-tri-gra-duke-i-sulmuar-ne-mes-te-rruges-ne-rahovec-ndalohet-per-48-ore\/#breadcrumb\"},\"inLanguage\":\"sq\",\"potentialAction\":[{\"@type\":\"ReadAction\",\"target\":[\"https:\/\/permbledhja.com\/sq\/ky-eshte-38-vjecari-qe-tmerroi-tri-gra-duke-i-sulmuar-ne-mes-te-rruges-ne-rahovec-ndalohet-per-48-ore\/\"]}]},{\"@type\":\"BreadcrumbList\",\"@id\":\"https:\/\/permbledhja.com\/sq\/ky-eshte-38-vjecari-qe-tmerroi-tri-gra-duke-i-sulmuar-ne-mes-te-rruges-ne-rahovec-ndalohet-per-48-ore\/#breadcrumb\",\"itemListElement\":[{\"@type\":\"ListItem\",\"position\":1,\"name\":\"Ballina\",\"item\":\"https:\/\/permbledhja.com\/sq\/\"},{\"@type\":\"ListItem\",\"position\":2,\"name\":\"Ky \u00ebsht\u00eb 38-vje\u00e7ari q\u00eb tmerroi tri gra duke i sulmuar n\u00eb mes t\u00eb rrug\u00ebs n\u00eb Rahovec, ndalohet p\u00ebr 48 or\u00eb\"}]},{\"@type\":\"WebSite\",\"@id\":\"https:\/\/permbledhja.com\/#website\",\"url\":\"https:\/\/permbledhja.com\/\",\"name\":\"Ve\u00e7 artikuj p\u00ebrmbledh\u00ebs\",\"description\":\"\",\"publisher\":{\"@id\":\"https:\/\/permbledhja.com\/#organization\"},\"potentialAction\":[{\"@type\":\"SearchAction\",\"target\":{\"@type\":\"EntryPoint\",\"urlTemplate\":\"https:\/\/permbledhja.com\/?s={search_term_string}\"},\"query-input\":\"required name=search_term_string\"}],\"inLanguage\":\"sq\"},{\"@type\":\"Organization\",\"@id\":\"https:\/\/permbledhja.com\/#organization\",\"name\":\"MK Media & Pr\",\"url\":\"https:\/\/permbledhja.com\/\",\"logo\":{\"@type\":\"ImageObject\",\"inLanguage\":\"sq\",\"@id\":\"https:\/\/permbledhja.com\/#\/schema\/logo\/image\/\",\"url\":\"https:\/\/permbledhja.com\/wp-content\/uploads\/2021\/12\/07-Press-Logo.jpg\",\"contentUrl\":\"https:\/\/permbledhja.com\/wp-content\/uploads\/2021\/12\/07-Press-Logo.jpg\",\"width\":512,\"height\":512,\"caption\":\"MK Media & Pr\"},\"image\":{\"@id\":\"https:\/\/permbledhja.com\/#\/schema\/logo\/image\/\"},\"sameAs\":[\"https:\/\/www.facebook.com\/press07\/\"]},{\"@type\":\"Person\",\"@id\":\"https:\/\/permbledhja.com\/#\/schema\/person\/0d064377258d3221e50693947b9eb4fe\",\"name\":\"P\u00ebrmbledhja\",\"image\":{\"@type\":\"ImageObject\",\"inLanguage\":\"sq\",\"@id\":\"https:\/\/permbledhja.com\/#\/schema\/person\/image\/\",\"url\":\"https:\/\/permbledhja.com\/wp-content\/uploads\/2026\/01\/452004717_1040944174702970_8932037511805513407_n-96x96.jpg\",\"contentUrl\":\"https:\/\/permbledhja.com\/wp-content\/uploads\/2026\/01\/452004717_1040944174702970_8932037511805513407_n-96x96.jpg\",\"caption\":\"P\u00ebrmbledhja\"},\"sameAs\":[\"https:\/\/www.facebook.com\/kafexhiu.muharrem\/\",\"https:\/\/www.instagram.com\/muharrem_kafexhiu\/\"],\"url\":\"https:\/\/permbledhja.com\/sq\/author\/admin\/\"}]}<\/script>\n<!-- \/ Yoast SEO plugin. -->","yoast_head_json":{"title":"Ky \u00ebsht\u00eb 38-vje\u00e7ari q\u00eb tmerroi tri gra duke i sulmuar n\u00eb mes t\u00eb rrug\u00ebs n\u00eb Rahovec, ndalohet p\u00ebr 48 or\u00eb","robots":{"index":"index","follow":"follow","max-snippet":"max-snippet:-1","max-image-preview":"max-image-preview:large","max-video-preview":"max-video-preview:-1"},"canonical":"https:\/\/permbledhja.com\/sq\/ky-eshte-38-vjecari-qe-tmerroi-tri-gra-duke-i-sulmuar-ne-mes-te-rruges-ne-rahovec-ndalohet-per-48-ore\/","og_locale":"sq_AL","og_type":"article","og_title":"Ky \u00ebsht\u00eb 38-vje\u00e7ari q\u00eb tmerroi tri gra duke i sulmuar n\u00eb mes t\u00eb rrug\u00ebs n\u00eb Rahovec, ndalohet p\u00ebr 48 or\u00eb","og_description":"Gazeta raportoi t\u00eb mart\u00ebn p\u00ebr arrestimin e nj\u00eb personi n\u00eb rrug\u00ebn \u2018Xhelal Hajda\u2019 n\u00eb Rahovec, pasi i nj\u00ebjti dyshohet se ka sulmuar fizikisht tri gra, p\u00ebr motive akoma t\u00eb panjohura. K\u00ebto incidente kan\u00eb ndodhur n\u00eb periudha kohore t\u00eb ndryshme, derisa tek dje Policia arriti ta kap t\u00eb dyshuarin. Burimet e Sinjalit brenda Prokuroris\u00eb kan\u00eb b\u00ebr\u00eb [&hellip;]","og_url":"https:\/\/permbledhja.com\/sq\/ky-eshte-38-vjecari-qe-tmerroi-tri-gra-duke-i-sulmuar-ne-mes-te-rruges-ne-rahovec-ndalohet-per-48-ore\/","og_site_name":"Ve\u00e7 artikuj p\u00ebrmbledh\u00ebs","article_publisher":"https:\/\/www.facebook.com\/press07\/","article_author":"https:\/\/www.facebook.com\/kafexhiu.muharrem\/","article_published_time":"2023-12-13T15:43:20+00:00","og_image":[{"width":2048,"height":1536,"url":"https:\/\/permbledhja.com\/wp-content\/uploads\/2023\/12\/A0CFC6AC-3333-43C3-828A-DAB20569B832.jpeg","type":"image\/jpeg"}],"author":"P\u00ebrmbledhja","twitter_card":"summary_large_image","twitter_misc":{"Written by":"P\u00ebrmbledhja","Est. reading time":"1 minut\u00eb"},"schema":{"@context":"https:\/\/schema.org","@graph":[{"@type":"Article","@id":"https:\/\/permbledhja.com\/sq\/ky-eshte-38-vjecari-qe-tmerroi-tri-gra-duke-i-sulmuar-ne-mes-te-rruges-ne-rahovec-ndalohet-per-48-ore\/#article","isPartOf":{"@id":"https:\/\/permbledhja.com\/sq\/ky-eshte-38-vjecari-qe-tmerroi-tri-gra-duke-i-sulmuar-ne-mes-te-rruges-ne-rahovec-ndalohet-per-48-ore\/"},"author":{"name":"P\u00ebrmbledhja","@id":"https:\/\/permbledhja.com\/#\/schema\/person\/0d064377258d3221e50693947b9eb4fe"},"headline":"Ky \u00ebsht\u00eb 38-vje\u00e7ari q\u00eb tmerroi tri gra duke i sulmuar n\u00eb mes t\u00eb rrug\u00ebs n\u00eb Rahovec, ndalohet p\u00ebr 48 or\u00eb","datePublished":"2023-12-13T15:43:20+00:00","dateModified":"2023-12-13T15:43:20+00:00","mainEntityOfPage":{"@id":"https:\/\/permbledhja.com\/sq\/ky-eshte-38-vjecari-qe-tmerroi-tri-gra-duke-i-sulmuar-ne-mes-te-rruges-ne-rahovec-ndalohet-per-48-ore\/"},"wordCount":218,"publisher":{"@id":"https:\/\/permbledhja.com\/#organization"},"keywords":["Rahovec"],"articleSection":["Lajme"],"inLanguage":"sq"},{"@type":"WebPage","@id":"https:\/\/permbledhja.com\/sq\/ky-eshte-38-vjecari-qe-tmerroi-tri-gra-duke-i-sulmuar-ne-mes-te-rruges-ne-rahovec-ndalohet-per-48-ore\/","url":"https:\/\/permbledhja.com\/sq\/ky-eshte-38-vjecari-qe-tmerroi-tri-gra-duke-i-sulmuar-ne-mes-te-rruges-ne-rahovec-ndalohet-per-48-ore\/","name":"Ky \u00ebsht\u00eb 38-vje\u00e7ari q\u00eb tmerroi tri gra duke i sulmuar n\u00eb mes t\u00eb rrug\u00ebs n\u00eb Rahovec, ndalohet p\u00ebr 48 or\u00eb","isPartOf":{"@id":"https:\/\/permbledhja.com\/#website"},"datePublished":"2023-12-13T15:43:20+00:00","dateModified":"2023-12-13T15:43:20+00:00","breadcrumb":{"@id":"https:\/\/permbledhja.com\/sq\/ky-eshte-38-vjecari-qe-tmerroi-tri-gra-duke-i-sulmuar-ne-mes-te-rruges-ne-rahovec-ndalohet-per-48-ore\/#breadcrumb"},"inLanguage":"sq","potentialAction":[{"@type":"ReadAction","target":["https:\/\/permbledhja.com\/sq\/ky-eshte-38-vjecari-qe-tmerroi-tri-gra-duke-i-sulmuar-ne-mes-te-rruges-ne-rahovec-ndalohet-per-48-ore\/"]}]},{"@type":"BreadcrumbList","@id":"https:\/\/permbledhja.com\/sq\/ky-eshte-38-vjecari-qe-tmerroi-tri-gra-duke-i-sulmuar-ne-mes-te-rruges-ne-rahovec-ndalohet-per-48-ore\/#breadcrumb","itemListElement":[{"@type":"ListItem","position":1,"name":"Ballina","item":"https:\/\/permbledhja.com\/sq\/"},{"@type":"ListItem","position":2,"name":"Ky \u00ebsht\u00eb 38-vje\u00e7ari q\u00eb tmerroi tri gra duke i sulmuar n\u00eb mes t\u00eb rrug\u00ebs n\u00eb Rahovec, ndalohet p\u00ebr 48 or\u00eb"}]},{"@type":"WebSite","@id":"https:\/\/permbledhja.com\/#website","url":"https:\/\/permbledhja.com\/","name":"Ve\u00e7 artikuj p\u00ebrmbledh\u00ebs","description":"","publisher":{"@id":"https:\/\/permbledhja.com\/#organization"},"potentialAction":[{"@type":"SearchAction","target":{"@type":"EntryPoint","urlTemplate":"https:\/\/permbledhja.com\/?s={search_term_string}"},"query-input":"required name=search_term_string"}],"inLanguage":"sq"},{"@type":"Organization","@id":"https:\/\/permbledhja.com\/#organization","name":"MK Media & Pr","url":"https:\/\/permbledhja.com\/","logo":{"@type":"ImageObject","inLanguage":"sq","@id":"https:\/\/permbledhja.com\/#\/schema\/logo\/image\/","url":"https:\/\/permbledhja.com\/wp-content\/uploads\/2021\/12\/07-Press-Logo.jpg","contentUrl":"https:\/\/permbledhja.com\/wp-content\/uploads\/2021\/12\/07-Press-Logo.jpg","width":512,"height":512,"caption":"MK Media & Pr"},"image":{"@id":"https:\/\/permbledhja.com\/#\/schema\/logo\/image\/"},"sameAs":["https:\/\/www.facebook.com\/press07\/"]},{"@type":"Person","@id":"https:\/\/permbledhja.com\/#\/schema\/person\/0d064377258d3221e50693947b9eb4fe","name":"P\u00ebrmbledhja","image":{"@type":"ImageObject","inLanguage":"sq","@id":"https:\/\/permbledhja.com\/#\/schema\/person\/image\/","url":"https:\/\/permbledhja.com\/wp-content\/uploads\/2026\/01\/452004717_1040944174702970_8932037511805513407_n-96x96.jpg","contentUrl":"https:\/\/permbledhja.com\/wp-content\/uploads\/2026\/01\/452004717_1040944174702970_8932037511805513407_n-96x96.jpg","caption":"P\u00ebrmbledhja"},"sameAs":["https:\/\/www.facebook.com\/kafexhiu.muharrem\/","https:\/\/www.instagram.com\/muharrem_kafexhiu\/"],"url":"https:\/\/permbledhja.com\/sq\/author\/admin\/"}]}},"_links":{"self":[{"href":"https:\/\/permbledhja.com\/sq\/wp-json\/wp\/v2\/posts\/39564"}],"collection":[{"href":"https:\/\/permbledhja.com\/sq\/wp-json\/wp\/v2\/posts"}],"about":[{"href":"https:\/\/permbledhja.com\/sq\/wp-json\/wp\/v2\/types\/post"}],"author":[{"embeddable":true,"href":"https:\/\/permbledhja.com\/sq\/wp-json\/wp\/v2\/users\/1"}],"replies":[{"embeddable":true,"href":"https:\/\/permbledhja.com\/sq\/wp-json\/wp\/v2\/comments?post=39564"}],"version-history":[{"count":1,"href":"https:\/\/permbledhja.com\/sq\/wp-json\/wp\/v2\/posts\/39564\/revisions"}],"predecessor-version":[{"id":39566,"href":"https:\/\/permbledhja.com\/sq\/wp-json\/wp\/v2\/posts\/39564\/revisions\/39566"}],"wp:featuredmedia":[{"embeddable":true,"href":"https:\/\/permbledhja.com\/sq\/wp-json\/wp\/v2\/media\/39565"}],"wp:attachment":[{"href":"https:\/\/permbledhja.com\/sq\/wp-json\/wp\/v2\/media?parent=39564"}],"wp:term":[{"taxonomy":"category","embeddable":true,"href":"https:\/\/permbledhja.com\/sq\/wp-json\/wp\/v2\/categories?post=39564"},{"taxonomy":"post_tag","embeddable":true,"href":"https:\/\/permbledhja.com\/sq\/wp-json\/wp\/v2\/tags?post=39564"}],"curies":[{"name":"wp","href":"https:\/\/api.w.org\/{rel}","templated":true}]}}