{"id":39470,"date":"2023-12-13T07:46:16","date_gmt":"2023-12-13T07:46:16","guid":{"rendered":"https:\/\/permbledhja.com\/?p=39470"},"modified":"2023-12-13T07:46:16","modified_gmt":"2023-12-13T07:46:16","slug":"nje-burre-nga-kosova-vdes-ne-nje-aksident-ne-france","status":"publish","type":"post","link":"https:\/\/permbledhja.com\/sq\/nje-burre-nga-kosova-vdes-ne-nje-aksident-ne-france\/","title":{"rendered":"Nj\u00eb burr\u00eb nga Kosova vdes n\u00eb nj\u00eb aksident n\u00eb Franc\u00eb"},"content":{"rendered":"<h3>Nj\u00eb burr\u00eb nga Kosova raportohet se ka vdekur n\u00eb Franc\u00eb.<\/h3>\n<p>Dyshohet se deri tek ngjarja tragjike ka ardhur si pasoj\u00eb e nj\u00eb aksidenti.<\/p>\n<p>Sipas faqes, Shoqata Vraniqi, b\u00ebhet fjal\u00eb p\u00ebr Zymer Kolgecin.<\/p>\n<p>Njoftimin p\u00ebr vdekjen e kan\u00eb b\u00ebr\u00eb edhe disa familjar\u00eb.<\/p>\n<p>Ende nuk dihet se si ka ardhur deri tek ky aksident.<\/p>\n<p>Po ashtu nuk \u00ebsht\u00eb b\u00ebr\u00eb e ditur p\u00ebr koh\u00ebn dhe vendin e varrimit t\u00eb viktim\u00ebs, transmeton Klankosova.tv<\/p>\n<p><iframe loading=\"lazy\" style=\"border: none; overflow: hidden;\" src=\"https:\/\/www.facebook.com\/plugins\/post.php?href=https%3A%2F%2Fwww.facebook.com%2Fshoqatavraniqi%2Fposts%2Fpfbid02s6UcScZN5Hr4sZqAHErQgEUyJVRsKuWKKbruXWXwzjndQQKNqgNbHDAjF42mFJn6l&amp;show_text=true&amp;width=500\" width=\"500\" height=\"666\" frameborder=\"0\" scrolling=\"no\" allowfullscreen=\"allowfullscreen\"><\/iframe><\/p>\n","protected":false},"excerpt":{"rendered":"<p>Nj\u00eb burr\u00eb nga Kosova raportohet se ka vdekur n\u00eb Franc\u00eb. Dyshohet se deri tek ngjarja tragjike ka ardhur si pasoj\u00eb e nj\u00eb aksidenti. Sipas faqes, Shoqata Vraniqi, b\u00ebhet fjal\u00eb p\u00ebr Zymer Kolgecin. Njoftimin p\u00ebr vdekjen e kan\u00eb b\u00ebr\u00eb edhe disa familjar\u00eb. Ende nuk dihet se si ka ardhur deri tek ky aksident. Po ashtu nuk [&hellip;]<\/p>\n","protected":false},"author":2,"featured_media":39471,"comment_status":"closed","ping_status":"closed","sticky":false,"template":"","format":"standard","meta":{"_monsterinsights_skip_tracking":false,"_monsterinsights_sitenote_active":false,"_monsterinsights_sitenote_note":"","_monsterinsights_sitenote_category":0,"_uf_show_specific_survey":0,"_uf_disable_surveys":false,"footnotes":""},"categories":[15],"tags":[43],"yoast_head":"<!-- This site is optimized with the Yoast SEO plugin v21.5 - https:\/\/yoast.com\/wordpress\/plugins\/seo\/ -->\n<title>Nj\u00eb burr\u00eb nga Kosova vdes n\u00eb nj\u00eb aksident n\u00eb Franc\u00eb<\/title>\n<meta name=\"robots\" content=\"index, follow, max-snippet:-1, max-image-preview:large, max-video-preview:-1\" \/>\n<link rel=\"canonical\" href=\"https:\/\/permbledhja.com\/sq\/nje-burre-nga-kosova-vdes-ne-nje-aksident-ne-france\/\" \/>\n<meta property=\"og:locale\" content=\"sq_AL\" \/>\n<meta property=\"og:type\" content=\"article\" \/>\n<meta property=\"og:title\" content=\"Nj\u00eb burr\u00eb nga Kosova vdes n\u00eb nj\u00eb aksident n\u00eb Franc\u00eb\" \/>\n<meta property=\"og:description\" content=\"Nj\u00eb burr\u00eb nga Kosova raportohet se ka vdekur n\u00eb Franc\u00eb. Dyshohet se deri tek ngjarja tragjike ka ardhur si pasoj\u00eb e nj\u00eb aksidenti. Sipas faqes, Shoqata Vraniqi, b\u00ebhet fjal\u00eb p\u00ebr Zymer Kolgecin. Njoftimin p\u00ebr vdekjen e kan\u00eb b\u00ebr\u00eb edhe disa familjar\u00eb. Ende nuk dihet se si ka ardhur deri tek ky aksident. Po ashtu nuk [&hellip;]\" \/>\n<meta property=\"og:url\" content=\"https:\/\/permbledhja.com\/sq\/nje-burre-nga-kosova-vdes-ne-nje-aksident-ne-france\/\" \/>\n<meta property=\"og:site_name\" content=\"Ve\u00e7 artikuj p\u00ebrmbledh\u00ebs\" \/>\n<meta property=\"article:publisher\" content=\"https:\/\/www.facebook.com\/press07\/\" \/>\n<meta property=\"article:published_time\" content=\"2023-12-13T07:46:16+00:00\" \/>\n<meta property=\"og:image\" content=\"https:\/\/permbledhja.com\/wp-content\/uploads\/2023\/12\/Aksident-trafiku.jpg\" \/>\n\t<meta property=\"og:image:width\" content=\"1024\" \/>\n\t<meta property=\"og:image:height\" content=\"576\" \/>\n\t<meta property=\"og:image:type\" content=\"image\/jpeg\" \/>\n<meta name=\"author\" content=\"M M\" \/>\n<meta name=\"twitter:card\" content=\"summary_large_image\" \/>\n<meta name=\"twitter:label1\" content=\"Written by\" \/>\n\t<meta name=\"twitter:data1\" content=\"M M\" \/>\n\t<meta name=\"twitter:label2\" content=\"Est. reading time\" \/>\n\t<meta name=\"twitter:data2\" content=\"1 minut\u00eb\" \/>\n<script type=\"application\/ld+json\" class=\"yoast-schema-graph\">{\"@context\":\"https:\/\/schema.org\",\"@graph\":[{\"@type\":\"Article\",\"@id\":\"https:\/\/permbledhja.com\/nje-burre-nga-kosova-vdes-ne-nje-aksident-ne-france\/#article\",\"isPartOf\":{\"@id\":\"https:\/\/permbledhja.com\/nje-burre-nga-kosova-vdes-ne-nje-aksident-ne-france\/\"},\"author\":{\"name\":\"M M\",\"@id\":\"https:\/\/permbledhja.com\/#\/schema\/person\/d23f13f59b5722643933d6780783acf3\"},\"headline\":\"Nj\u00eb burr\u00eb nga Kosova vdes n\u00eb nj\u00eb aksident n\u00eb Franc\u00eb\",\"datePublished\":\"2023-12-13T07:46:16+00:00\",\"dateModified\":\"2023-12-13T07:46:16+00:00\",\"mainEntityOfPage\":{\"@id\":\"https:\/\/permbledhja.com\/nje-burre-nga-kosova-vdes-ne-nje-aksident-ne-france\/\"},\"wordCount\":88,\"publisher\":{\"@id\":\"https:\/\/permbledhja.com\/#organization\"},\"keywords\":[\"Vdekje\"],\"articleSection\":[\"Lajme\"],\"inLanguage\":\"sq\"},{\"@type\":\"WebPage\",\"@id\":\"https:\/\/permbledhja.com\/nje-burre-nga-kosova-vdes-ne-nje-aksident-ne-france\/\",\"url\":\"https:\/\/permbledhja.com\/nje-burre-nga-kosova-vdes-ne-nje-aksident-ne-france\/\",\"name\":\"Nj\u00eb burr\u00eb nga Kosova vdes n\u00eb nj\u00eb aksident n\u00eb Franc\u00eb\",\"isPartOf\":{\"@id\":\"https:\/\/permbledhja.com\/#website\"},\"datePublished\":\"2023-12-13T07:46:16+00:00\",\"dateModified\":\"2023-12-13T07:46:16+00:00\",\"breadcrumb\":{\"@id\":\"https:\/\/permbledhja.com\/nje-burre-nga-kosova-vdes-ne-nje-aksident-ne-france\/#breadcrumb\"},\"inLanguage\":\"sq\",\"potentialAction\":[{\"@type\":\"ReadAction\",\"target\":[\"https:\/\/permbledhja.com\/nje-burre-nga-kosova-vdes-ne-nje-aksident-ne-france\/\"]}]},{\"@type\":\"BreadcrumbList\",\"@id\":\"https:\/\/permbledhja.com\/nje-burre-nga-kosova-vdes-ne-nje-aksident-ne-france\/#breadcrumb\",\"itemListElement\":[{\"@type\":\"ListItem\",\"position\":1,\"name\":\"Ballina\",\"item\":\"https:\/\/permbledhja.com\/sq\/\"},{\"@type\":\"ListItem\",\"position\":2,\"name\":\"Nj\u00eb burr\u00eb nga Kosova vdes n\u00eb nj\u00eb aksident n\u00eb Franc\u00eb\"}]},{\"@type\":\"WebSite\",\"@id\":\"https:\/\/permbledhja.com\/#website\",\"url\":\"https:\/\/permbledhja.com\/\",\"name\":\"Ve\u00e7 artikuj p\u00ebrmbledh\u00ebs\",\"description\":\"\",\"publisher\":{\"@id\":\"https:\/\/permbledhja.com\/#organization\"},\"potentialAction\":[{\"@type\":\"SearchAction\",\"target\":{\"@type\":\"EntryPoint\",\"urlTemplate\":\"https:\/\/permbledhja.com\/?s={search_term_string}\"},\"query-input\":\"required name=search_term_string\"}],\"inLanguage\":\"sq\"},{\"@type\":\"Organization\",\"@id\":\"https:\/\/permbledhja.com\/#organization\",\"name\":\"MK Media & Pr\",\"url\":\"https:\/\/permbledhja.com\/\",\"logo\":{\"@type\":\"ImageObject\",\"inLanguage\":\"sq\",\"@id\":\"https:\/\/permbledhja.com\/#\/schema\/logo\/image\/\",\"url\":\"https:\/\/permbledhja.com\/wp-content\/uploads\/2021\/12\/07-Press-Logo.jpg\",\"contentUrl\":\"https:\/\/permbledhja.com\/wp-content\/uploads\/2021\/12\/07-Press-Logo.jpg\",\"width\":512,\"height\":512,\"caption\":\"MK Media & Pr\"},\"image\":{\"@id\":\"https:\/\/permbledhja.com\/#\/schema\/logo\/image\/\"},\"sameAs\":[\"https:\/\/www.facebook.com\/press07\/\"]},{\"@type\":\"Person\",\"@id\":\"https:\/\/permbledhja.com\/#\/schema\/person\/d23f13f59b5722643933d6780783acf3\",\"name\":\"M M\",\"image\":{\"@type\":\"ImageObject\",\"inLanguage\":\"sq\",\"@id\":\"https:\/\/permbledhja.com\/#\/schema\/person\/image\/\",\"url\":\"https:\/\/secure.gravatar.com\/avatar\/e2835a76ca7c31a2416b2d51c4ec9a8f?s=96&d=mm&r=g\",\"contentUrl\":\"https:\/\/secure.gravatar.com\/avatar\/e2835a76ca7c31a2416b2d51c4ec9a8f?s=96&d=mm&r=g\",\"caption\":\"M M\"},\"sameAs\":[\"http:\/\/MM\"],\"url\":\"https:\/\/permbledhja.com\/sq\/author\/muhamet\/\"}]}<\/script>\n<!-- \/ Yoast SEO plugin. -->","yoast_head_json":{"title":"Nj\u00eb burr\u00eb nga Kosova vdes n\u00eb nj\u00eb aksident n\u00eb Franc\u00eb","robots":{"index":"index","follow":"follow","max-snippet":"max-snippet:-1","max-image-preview":"max-image-preview:large","max-video-preview":"max-video-preview:-1"},"canonical":"https:\/\/permbledhja.com\/sq\/nje-burre-nga-kosova-vdes-ne-nje-aksident-ne-france\/","og_locale":"sq_AL","og_type":"article","og_title":"Nj\u00eb burr\u00eb nga Kosova vdes n\u00eb nj\u00eb aksident n\u00eb Franc\u00eb","og_description":"Nj\u00eb burr\u00eb nga Kosova raportohet se ka vdekur n\u00eb Franc\u00eb. Dyshohet se deri tek ngjarja tragjike ka ardhur si pasoj\u00eb e nj\u00eb aksidenti. Sipas faqes, Shoqata Vraniqi, b\u00ebhet fjal\u00eb p\u00ebr Zymer Kolgecin. Njoftimin p\u00ebr vdekjen e kan\u00eb b\u00ebr\u00eb edhe disa familjar\u00eb. Ende nuk dihet se si ka ardhur deri tek ky aksident. Po ashtu nuk [&hellip;]","og_url":"https:\/\/permbledhja.com\/sq\/nje-burre-nga-kosova-vdes-ne-nje-aksident-ne-france\/","og_site_name":"Ve\u00e7 artikuj p\u00ebrmbledh\u00ebs","article_publisher":"https:\/\/www.facebook.com\/press07\/","article_published_time":"2023-12-13T07:46:16+00:00","og_image":[{"width":1024,"height":576,"url":"https:\/\/permbledhja.com\/wp-content\/uploads\/2023\/12\/Aksident-trafiku.jpg","type":"image\/jpeg"}],"author":"M M","twitter_card":"summary_large_image","twitter_misc":{"Written by":"M M","Est. reading time":"1 minut\u00eb"},"schema":{"@context":"https:\/\/schema.org","@graph":[{"@type":"Article","@id":"https:\/\/permbledhja.com\/nje-burre-nga-kosova-vdes-ne-nje-aksident-ne-france\/#article","isPartOf":{"@id":"https:\/\/permbledhja.com\/nje-burre-nga-kosova-vdes-ne-nje-aksident-ne-france\/"},"author":{"name":"M M","@id":"https:\/\/permbledhja.com\/#\/schema\/person\/d23f13f59b5722643933d6780783acf3"},"headline":"Nj\u00eb burr\u00eb nga Kosova vdes n\u00eb nj\u00eb aksident n\u00eb Franc\u00eb","datePublished":"2023-12-13T07:46:16+00:00","dateModified":"2023-12-13T07:46:16+00:00","mainEntityOfPage":{"@id":"https:\/\/permbledhja.com\/nje-burre-nga-kosova-vdes-ne-nje-aksident-ne-france\/"},"wordCount":88,"publisher":{"@id":"https:\/\/permbledhja.com\/#organization"},"keywords":["Vdekje"],"articleSection":["Lajme"],"inLanguage":"sq"},{"@type":"WebPage","@id":"https:\/\/permbledhja.com\/nje-burre-nga-kosova-vdes-ne-nje-aksident-ne-france\/","url":"https:\/\/permbledhja.com\/nje-burre-nga-kosova-vdes-ne-nje-aksident-ne-france\/","name":"Nj\u00eb burr\u00eb nga Kosova vdes n\u00eb nj\u00eb aksident n\u00eb Franc\u00eb","isPartOf":{"@id":"https:\/\/permbledhja.com\/#website"},"datePublished":"2023-12-13T07:46:16+00:00","dateModified":"2023-12-13T07:46:16+00:00","breadcrumb":{"@id":"https:\/\/permbledhja.com\/nje-burre-nga-kosova-vdes-ne-nje-aksident-ne-france\/#breadcrumb"},"inLanguage":"sq","potentialAction":[{"@type":"ReadAction","target":["https:\/\/permbledhja.com\/nje-burre-nga-kosova-vdes-ne-nje-aksident-ne-france\/"]}]},{"@type":"BreadcrumbList","@id":"https:\/\/permbledhja.com\/nje-burre-nga-kosova-vdes-ne-nje-aksident-ne-france\/#breadcrumb","itemListElement":[{"@type":"ListItem","position":1,"name":"Ballina","item":"https:\/\/permbledhja.com\/sq\/"},{"@type":"ListItem","position":2,"name":"Nj\u00eb burr\u00eb nga Kosova vdes n\u00eb nj\u00eb aksident n\u00eb Franc\u00eb"}]},{"@type":"WebSite","@id":"https:\/\/permbledhja.com\/#website","url":"https:\/\/permbledhja.com\/","name":"Ve\u00e7 artikuj p\u00ebrmbledh\u00ebs","description":"","publisher":{"@id":"https:\/\/permbledhja.com\/#organization"},"potentialAction":[{"@type":"SearchAction","target":{"@type":"EntryPoint","urlTemplate":"https:\/\/permbledhja.com\/?s={search_term_string}"},"query-input":"required name=search_term_string"}],"inLanguage":"sq"},{"@type":"Organization","@id":"https:\/\/permbledhja.com\/#organization","name":"MK Media & Pr","url":"https:\/\/permbledhja.com\/","logo":{"@type":"ImageObject","inLanguage":"sq","@id":"https:\/\/permbledhja.com\/#\/schema\/logo\/image\/","url":"https:\/\/permbledhja.com\/wp-content\/uploads\/2021\/12\/07-Press-Logo.jpg","contentUrl":"https:\/\/permbledhja.com\/wp-content\/uploads\/2021\/12\/07-Press-Logo.jpg","width":512,"height":512,"caption":"MK Media & Pr"},"image":{"@id":"https:\/\/permbledhja.com\/#\/schema\/logo\/image\/"},"sameAs":["https:\/\/www.facebook.com\/press07\/"]},{"@type":"Person","@id":"https:\/\/permbledhja.com\/#\/schema\/person\/d23f13f59b5722643933d6780783acf3","name":"M M","image":{"@type":"ImageObject","inLanguage":"sq","@id":"https:\/\/permbledhja.com\/#\/schema\/person\/image\/","url":"https:\/\/secure.gravatar.com\/avatar\/e2835a76ca7c31a2416b2d51c4ec9a8f?s=96&d=mm&r=g","contentUrl":"https:\/\/secure.gravatar.com\/avatar\/e2835a76ca7c31a2416b2d51c4ec9a8f?s=96&d=mm&r=g","caption":"M M"},"sameAs":["http:\/\/MM"],"url":"https:\/\/permbledhja.com\/sq\/author\/muhamet\/"}]}},"_links":{"self":[{"href":"https:\/\/permbledhja.com\/sq\/wp-json\/wp\/v2\/posts\/39470"}],"collection":[{"href":"https:\/\/permbledhja.com\/sq\/wp-json\/wp\/v2\/posts"}],"about":[{"href":"https:\/\/permbledhja.com\/sq\/wp-json\/wp\/v2\/types\/post"}],"author":[{"embeddable":true,"href":"https:\/\/permbledhja.com\/sq\/wp-json\/wp\/v2\/users\/2"}],"replies":[{"embeddable":true,"href":"https:\/\/permbledhja.com\/sq\/wp-json\/wp\/v2\/comments?post=39470"}],"version-history":[{"count":1,"href":"https:\/\/permbledhja.com\/sq\/wp-json\/wp\/v2\/posts\/39470\/revisions"}],"predecessor-version":[{"id":39472,"href":"https:\/\/permbledhja.com\/sq\/wp-json\/wp\/v2\/posts\/39470\/revisions\/39472"}],"wp:featuredmedia":[{"embeddable":true,"href":"https:\/\/permbledhja.com\/sq\/wp-json\/wp\/v2\/media\/39471"}],"wp:attachment":[{"href":"https:\/\/permbledhja.com\/sq\/wp-json\/wp\/v2\/media?parent=39470"}],"wp:term":[{"taxonomy":"category","embeddable":true,"href":"https:\/\/permbledhja.com\/sq\/wp-json\/wp\/v2\/categories?post=39470"},{"taxonomy":"post_tag","embeddable":true,"href":"https:\/\/permbledhja.com\/sq\/wp-json\/wp\/v2\/tags?post=39470"}],"curies":[{"name":"wp","href":"https:\/\/api.w.org\/{rel}","templated":true}]}}